{"id":4276,"date":"2026-09-01T17:41:47","date_gmt":"2026-09-01T23:41:47","guid":{"rendered":"https:\/\/www.racsa.go.cr\/blog\/?p=4276"},"modified":"2026-09-01T17:44:49","modified_gmt":"2026-09-01T23:44:49","slug":"actualizacion-de-software-plataforma-de-transporte-local-3","status":"publish","type":"post","link":"https:\/\/www.racsa.go.cr\/blog\/actualizacion-de-software-plataforma-de-transporte-local-3\/","title":{"rendered":"Actualizaci\u00f3n de software Plataforma de Transporte local"},"content":{"rendered":"\n<p class=\"wp-block-paragraph\">Le informamos que bajo la gesti\u00f3n de cambio RFC P2026070015, se realizar\u00e1 la ventana de mantenimiento por motivo de actualizaci\u00f3n de software de los equipos de transporte local. Por esta raz\u00f3n los servicios de Conectividad (Internet Empresarial, VPN e Internet Fijo 5G) experimentar\u00e1n una suspensi\u00f3n total durante la fecha y hora indicadas.<\/p>\n\n\n\n<p class=\"has-vivid-cyan-blue-color has-text-color has-link-color wp-elements-1 wp-block-paragraph\"><strong>Fecha de inicio: s\u00e1bado 5 de septiembre 2026.<\/strong><\/p>\n\n\n\n<p class=\"wp-block-paragraph\">Hora de inicio: 00:00:00 horas.<\/p>\n\n\n\n<p class=\"has-vivid-cyan-blue-color has-text-color has-link-color wp-elements-2 wp-block-paragraph\"><strong>Fecha de fin: s\u00e1bado 5 septiembre del 2026.<\/strong><\/p>\n\n\n\n<p class=\"wp-block-paragraph\">Hora de fin: 06:00:00 horas.<\/p>\n\n\n\n<p class=\"wp-block-paragraph\">Tiempo total de la ventana: 06:00:00\u202fhoras.<\/p>\n\n\n\n<p class=\"wp-block-paragraph\">Tiempo efectivo de la ventana: 02:00:00 horas. <\/p>\n\n\n\n<p class=\"has-text-align-center has-white-color has-vivid-cyan-blue-to-vivid-purple-gradient-background has-text-color has-background has-link-color wp-elements-3 wp-block-paragraph\"><strong>Zonas de afectaci\u00f3n para el servicio de Internet Fijo 5G<\/strong><\/p>\n\n\n\n<p class=\"wp-block-paragraph\">1. Provincia de Alajuela<\/p>\n\n\n\n<ul class=\"wp-block-list\">\n<li>Distrito Garita de Alajuela\n<ul class=\"wp-block-list\">\n<li>&nbsp;Coyol<\/li>\n<\/ul>\n<\/li>\n<\/ul>\n\n\n\n<p class=\"wp-block-paragraph\">2.Provincia de Heredia<\/p>\n\n\n\n<ul class=\"wp-block-list\">\n<li>Heredia&nbsp;(Cant\u00f3n central)\n<ul class=\"wp-block-list\">\n<li>Heredia:&nbsp;Heredia Sur, Heredia Centro, Rancho Chico (Mercedes Norte)<\/li>\n\n\n\n<li>Ulloa:&nbsp;Barreal Heredia, Cariari de Heredia, La Valencia Heredia, Zona Franca Metro, Dekra &nbsp;\/ Barreal Heredia<\/li>\n<\/ul>\n<\/li>\n\n\n\n<li>San Pablo\n<ul class=\"wp-block-list\">\n<li>Rinc\u00f3n de Sabanilla:&nbsp;Mall Paseo Las Flores<\/li>\n\n\n\n<li>San Pablo (Heredia):&nbsp;San Pablo Centro, San Pablo Heredia, San Pablo Mas X Menos<\/li>\n<\/ul>\n<\/li>\n\n\n\n<li>Santa B\u00e1rbara\n<ul class=\"wp-block-list\">\n<li>Centro de Santa B\u00e1rbara<\/li>\n<\/ul>\n<\/li>\n\n\n\n<li>Santo Domingo\n<ul class=\"wp-block-list\">\n<li>San Vicente<\/li>\n\n\n\n<li>Santo Domingo<\/li>\n\n\n\n<li>Santa Rosa \/&nbsp;La Valencia Heredia<\/li>\n\n\n\n<li>Santo Tom\u00e1s:&nbsp;Barrio San Mart\u00edn-Santo Domingo, Calle Ronda Santo Domingo<\/li>\n<\/ul>\n<\/li>\n<\/ul>\n\n\n\n<p class=\"wp-block-paragraph\">3.Provincia de San Jos\u00e9<\/p>\n\n\n\n<ul class=\"wp-block-list\">\n<li>Distrito de San Sebasti\u00e1n \/ Paso Ancho &nbsp;<\/li>\n<\/ul>\n\n\n\n<p class=\"wp-block-paragraph\"><\/p>\n\n\n\n<p class=\"wp-block-paragraph\">En caso de que su servicio no restablezca la conectividad de manera autom\u00e1tica, luego de la ventana de mantenimiento, le sugerimos reiniciar su equipo terminal para asegurar la actualizaci\u00f3n de la conexi\u00f3n a la red 5G.<\/p>\n\n\n\n<p class=\"wp-block-paragraph\">Para consultas puede escribir al correo electr\u00f3nico&nbsp;<a href=\"mailto:cgoracsa@racsa.go.cr\"><strong>cgoracsa@racsa.go.c<\/strong>r<\/a>, o bien, comunicarse al n\u00famero&nbsp;<strong>800-NEGOCIO (800-6346246).<\/strong><\/p>\n\n\n\n<p class=\"wp-block-paragraph\">Se agradece su comprensi\u00f3n ante los procesos de mejora continua en las plataformas que soportan los servicios de RACSA.<\/p>\n\n\n\n<p class=\"wp-block-paragraph\">Departamento Gesti\u00f3n de Recursos y Servicios<\/p>\n\n\n\n<p class=\"wp-block-paragraph\">Direcci\u00f3n de Operaciones<\/p>\n","protected":false},"excerpt":{"rendered":"<p>Le informamos que bajo la gesti\u00f3n de cambio RFC P2026070015, se realizar\u00e1 la ventana de&#8230;<\/p>\n","protected":false},"author":2,"featured_media":4277,"comment_status":"closed","ping_status":"closed","sticky":false,"template":"","format":"standard","meta":{"footnotes":""},"categories":[1],"tags":[],"class_list":["post-4276","post","type-post","status-publish","format-standard","has-post-thumbnail","hentry","category-internet-para-empresas-costa-rica"],"yoast_head":"<!-- This site is optimized with the Yoast SEO plugin v28.4 - https:\/\/yoast.com\/product\/yoast-seo-wordpress\/ -->\n<title>Actualizaci\u00f3n de software Plataforma de Transporte local - Blog de RACSA<\/title>\n<meta name=\"robots\" content=\"index, follow, max-snippet:-1, max-image-preview:large, max-video-preview:-1\" \/>\n<link rel=\"canonical\" href=\"https:\/\/www.racsa.go.cr\/blog\/actualizacion-de-software-plataforma-de-transporte-local-3\/\" \/>\n<meta property=\"og:locale\" content=\"es_ES\" \/>\n<meta property=\"og:type\" content=\"article\" \/>\n<meta property=\"og:title\" content=\"Actualizaci\u00f3n de software Plataforma de Transporte local - Blog de RACSA\" \/>\n<meta property=\"og:description\" content=\"Le informamos que bajo la gesti\u00f3n de cambio RFC P2026070015, se realizar\u00e1 la ventana de...\" \/>\n<meta property=\"og:url\" content=\"https:\/\/www.racsa.go.cr\/blog\/actualizacion-de-software-plataforma-de-transporte-local-3\/\" \/>\n<meta property=\"og:site_name\" content=\"Blog de RACSA\" \/>\n<meta property=\"article:publisher\" content=\"https:\/\/m.facebook.com\/RACSACR\/\" \/>\n<meta property=\"article:published_time\" content=\"2026-09-01T23:41:47+00:00\" \/>\n<meta property=\"article:modified_time\" content=\"2026-09-01T23:44:49+00:00\" \/>\n<meta property=\"og:image\" content=\"https:\/\/www.racsa.go.cr\/blog\/wp-content\/uploads\/2026\/09\/Mantenimiento-02-scaled.jpg\" \/>\n\t<meta property=\"og:image:width\" content=\"2560\" \/>\n\t<meta property=\"og:image:height\" content=\"1439\" \/>\n\t<meta property=\"og:image:type\" content=\"image\/jpeg\" \/>\n<meta name=\"author\" content=\"Mercadeo RACSA\" \/>\n<meta name=\"twitter:card\" content=\"summary_large_image\" \/>\n<meta name=\"twitter:creator\" content=\"@RACSA_CR\" \/>\n<meta name=\"twitter:site\" content=\"@RACSA_CR\" \/>\n<meta name=\"twitter:label1\" content=\"Written by\" \/>\n\t<meta name=\"twitter:data1\" content=\"Mercadeo RACSA\" \/>\n\t<meta name=\"twitter:label2\" content=\"Est. reading time\" \/>\n\t<meta name=\"twitter:data2\" content=\"2 minutos\" \/>\n<script type=\"application\/ld+json\" class=\"yoast-schema-graph\">{\"@context\":\"https:\\\/\\\/schema.org\",\"@graph\":[{\"@type\":\"Article\",\"@id\":\"https:\\\/\\\/www.racsa.go.cr\\\/blog\\\/actualizacion-de-software-plataforma-de-transporte-local-3\\\/#article\",\"isPartOf\":{\"@id\":\"https:\\\/\\\/www.racsa.go.cr\\\/blog\\\/actualizacion-de-software-plataforma-de-transporte-local-3\\\/\"},\"author\":{\"name\":\"Mercadeo RACSA\",\"@id\":\"https:\\\/\\\/www.racsa.go.cr\\\/blog\\\/#\\\/schema\\\/person\\\/ec79d31370d6dc9aaa4365492bc04f4e\"},\"headline\":\"Actualizaci\u00f3n de software Plataforma de Transporte local\",\"datePublished\":\"2026-09-01T23:41:47+00:00\",\"dateModified\":\"2026-09-01T23:44:49+00:00\",\"mainEntityOfPage\":{\"@id\":\"https:\\\/\\\/www.racsa.go.cr\\\/blog\\\/actualizacion-de-software-plataforma-de-transporte-local-3\\\/\"},\"wordCount\":317,\"publisher\":{\"@id\":\"https:\\\/\\\/www.racsa.go.cr\\\/blog\\\/#organization\"},\"image\":{\"@id\":\"https:\\\/\\\/www.racsa.go.cr\\\/blog\\\/actualizacion-de-software-plataforma-de-transporte-local-3\\\/#primaryimage\"},\"thumbnailUrl\":\"https:\\\/\\\/www.racsa.go.cr\\\/blog\\\/wp-content\\\/uploads\\\/2026\\\/09\\\/Mantenimiento-02-scaled.jpg\",\"articleSection\":[\"INTERNET PARA EMPRESAS COSTA RICA\"],\"inLanguage\":\"es-CR\"},{\"@type\":\"WebPage\",\"@id\":\"https:\\\/\\\/www.racsa.go.cr\\\/blog\\\/actualizacion-de-software-plataforma-de-transporte-local-3\\\/\",\"url\":\"https:\\\/\\\/www.racsa.go.cr\\\/blog\\\/actualizacion-de-software-plataforma-de-transporte-local-3\\\/\",\"name\":\"Actualizaci\u00f3n de software Plataforma de Transporte local - Blog de RACSA\",\"isPartOf\":{\"@id\":\"https:\\\/\\\/www.racsa.go.cr\\\/blog\\\/#website\"},\"primaryImageOfPage\":{\"@id\":\"https:\\\/\\\/www.racsa.go.cr\\\/blog\\\/actualizacion-de-software-plataforma-de-transporte-local-3\\\/#primaryimage\"},\"image\":{\"@id\":\"https:\\\/\\\/www.racsa.go.cr\\\/blog\\\/actualizacion-de-software-plataforma-de-transporte-local-3\\\/#primaryimage\"},\"thumbnailUrl\":\"https:\\\/\\\/www.racsa.go.cr\\\/blog\\\/wp-content\\\/uploads\\\/2026\\\/09\\\/Mantenimiento-02-scaled.jpg\",\"datePublished\":\"2026-09-01T23:41:47+00:00\",\"dateModified\":\"2026-09-01T23:44:49+00:00\",\"breadcrumb\":{\"@id\":\"https:\\\/\\\/www.racsa.go.cr\\\/blog\\\/actualizacion-de-software-plataforma-de-transporte-local-3\\\/#breadcrumb\"},\"inLanguage\":\"es-CR\",\"potentialAction\":[{\"@type\":\"ReadAction\",\"target\":[\"https:\\\/\\\/www.racsa.go.cr\\\/blog\\\/actualizacion-de-software-plataforma-de-transporte-local-3\\\/\"]}]},{\"@type\":\"ImageObject\",\"inLanguage\":\"es-CR\",\"@id\":\"https:\\\/\\\/www.racsa.go.cr\\\/blog\\\/actualizacion-de-software-plataforma-de-transporte-local-3\\\/#primaryimage\",\"url\":\"https:\\\/\\\/www.racsa.go.cr\\\/blog\\\/wp-content\\\/uploads\\\/2026\\\/09\\\/Mantenimiento-02-scaled.jpg\",\"contentUrl\":\"https:\\\/\\\/www.racsa.go.cr\\\/blog\\\/wp-content\\\/uploads\\\/2026\\\/09\\\/Mantenimiento-02-scaled.jpg\",\"width\":2560,\"height\":1439,\"caption\":\"Actualizaci\u00f3n de software Plataforma de Transporte local\"},{\"@type\":\"BreadcrumbList\",\"@id\":\"https:\\\/\\\/www.racsa.go.cr\\\/blog\\\/actualizacion-de-software-plataforma-de-transporte-local-3\\\/#breadcrumb\",\"itemListElement\":[{\"@type\":\"ListItem\",\"position\":1,\"name\":\"Portada\",\"item\":\"https:\\\/\\\/www.racsa.go.cr\\\/blog\\\/\"},{\"@type\":\"ListItem\",\"position\":2,\"name\":\"Actualizaci\u00f3n de software Plataforma de Transporte local\"}]},{\"@type\":\"WebSite\",\"@id\":\"https:\\\/\\\/www.racsa.go.cr\\\/blog\\\/#website\",\"url\":\"https:\\\/\\\/www.racsa.go.cr\\\/blog\\\/\",\"name\":\"Blog de RACSA\",\"description\":\"Noticias y comunicados de inter\u00e9s\",\"publisher\":{\"@id\":\"https:\\\/\\\/www.racsa.go.cr\\\/blog\\\/#organization\"},\"potentialAction\":[{\"@type\":\"SearchAction\",\"target\":{\"@type\":\"EntryPoint\",\"urlTemplate\":\"https:\\\/\\\/www.racsa.go.cr\\\/blog\\\/?s={search_term_string}\"},\"query-input\":{\"@type\":\"PropertyValueSpecification\",\"valueRequired\":true,\"valueName\":\"search_term_string\"}}],\"inLanguage\":\"es-CR\"},{\"@type\":\"Organization\",\"@id\":\"https:\\\/\\\/www.racsa.go.cr\\\/blog\\\/#organization\",\"name\":\"RACSA\",\"url\":\"https:\\\/\\\/www.racsa.go.cr\\\/blog\\\/\",\"logo\":{\"@type\":\"ImageObject\",\"inLanguage\":\"es-CR\",\"@id\":\"https:\\\/\\\/www.racsa.go.cr\\\/blog\\\/#\\\/schema\\\/logo\\\/image\\\/\",\"url\":\"https:\\\/\\\/www.racsa.go.cr\\\/blog\\\/wp-content\\\/uploads\\\/2020\\\/06\\\/logo-racsa-blog_Mesa-de-trabajo-1.png\",\"contentUrl\":\"https:\\\/\\\/www.racsa.go.cr\\\/blog\\\/wp-content\\\/uploads\\\/2020\\\/06\\\/logo-racsa-blog_Mesa-de-trabajo-1.png\",\"width\":77,\"height\":50,\"caption\":\"RACSA\"},\"image\":{\"@id\":\"https:\\\/\\\/www.racsa.go.cr\\\/blog\\\/#\\\/schema\\\/logo\\\/image\\\/\"},\"sameAs\":[\"https:\\\/\\\/m.facebook.com\\\/RACSACR\\\/\",\"https:\\\/\\\/x.com\\\/RACSA_CR\",\"https:\\\/\\\/instagram.com\\\/racsa_cr?igshid=1xty3rwhqjj6p\",\"https:\\\/\\\/www.linkedin.com\\\/authwall?trk=gf&amp;amp;amp;amp;amp;amp;amp;trkInfo=AQGkHPl9RaoQ9AAAAXXizZAgZzcQwi0sdfDTg7AF4I5Q6B_NrjW5R7wFovOzBkS8ur94lJpFmlv2bomYKC3GZOFcSqkgLKm5wKGh61DyjTqr6c_1E_AFOwxMWF5kjSLpCvbYX9o=&amp;amp;amp;amp;amp;amp;amp;originalReferer&amp;amp;amp;amp;amp;amp;amp;sessionRedirect=https:\\\/\\\/es.linkedin.com\\\/company\\\/racsa_cr\",\"https:\\\/\\\/www.youtube.com\\\/user\\\/RACSACOSTARICA\"]},{\"@type\":\"Person\",\"@id\":\"https:\\\/\\\/www.racsa.go.cr\\\/blog\\\/#\\\/schema\\\/person\\\/ec79d31370d6dc9aaa4365492bc04f4e\",\"name\":\"Mercadeo RACSA\",\"image\":{\"@type\":\"ImageObject\",\"inLanguage\":\"es-CR\",\"@id\":\"https:\\\/\\\/secure.gravatar.com\\\/avatar\\\/7b464a0e344d5a5f82f8b9ceb49dae1d41b1141998fb14d2046814a158d02734?s=96&d=mm&r=g\",\"url\":\"https:\\\/\\\/secure.gravatar.com\\\/avatar\\\/7b464a0e344d5a5f82f8b9ceb49dae1d41b1141998fb14d2046814a158d02734?s=96&d=mm&r=g\",\"contentUrl\":\"https:\\\/\\\/secure.gravatar.com\\\/avatar\\\/7b464a0e344d5a5f82f8b9ceb49dae1d41b1141998fb14d2046814a158d02734?s=96&d=mm&r=g\",\"caption\":\"Mercadeo RACSA\"}}]}<\/script>\n<!-- \/ Yoast SEO plugin. -->","yoast_head_json":{"title":"Actualizaci\u00f3n de software Plataforma de Transporte local - Blog de RACSA","robots":{"index":"index","follow":"follow","max-snippet":"max-snippet:-1","max-image-preview":"max-image-preview:large","max-video-preview":"max-video-preview:-1"},"canonical":"https:\/\/www.racsa.go.cr\/blog\/actualizacion-de-software-plataforma-de-transporte-local-3\/","og_locale":"es_ES","og_type":"article","og_title":"Actualizaci\u00f3n de software Plataforma de Transporte local - Blog de RACSA","og_description":"Le informamos que bajo la gesti\u00f3n de cambio RFC P2026070015, se realizar\u00e1 la ventana de...","og_url":"https:\/\/www.racsa.go.cr\/blog\/actualizacion-de-software-plataforma-de-transporte-local-3\/","og_site_name":"Blog de RACSA","article_publisher":"https:\/\/m.facebook.com\/RACSACR\/","article_published_time":"2026-09-01T23:41:47+00:00","article_modified_time":"2026-09-01T23:44:49+00:00","og_image":[{"width":2560,"height":1439,"url":"https:\/\/www.racsa.go.cr\/blog\/wp-content\/uploads\/2026\/09\/Mantenimiento-02-scaled.jpg","type":"image\/jpeg"}],"author":"Mercadeo RACSA","twitter_card":"summary_large_image","twitter_creator":"@RACSA_CR","twitter_site":"@RACSA_CR","twitter_misc":{"Written by":"Mercadeo RACSA","Est. reading time":"2 minutos"},"schema":{"@context":"https:\/\/schema.org","@graph":[{"@type":"Article","@id":"https:\/\/www.racsa.go.cr\/blog\/actualizacion-de-software-plataforma-de-transporte-local-3\/#article","isPartOf":{"@id":"https:\/\/www.racsa.go.cr\/blog\/actualizacion-de-software-plataforma-de-transporte-local-3\/"},"author":{"name":"Mercadeo RACSA","@id":"https:\/\/www.racsa.go.cr\/blog\/#\/schema\/person\/ec79d31370d6dc9aaa4365492bc04f4e"},"headline":"Actualizaci\u00f3n de software Plataforma de Transporte local","datePublished":"2026-09-01T23:41:47+00:00","dateModified":"2026-09-01T23:44:49+00:00","mainEntityOfPage":{"@id":"https:\/\/www.racsa.go.cr\/blog\/actualizacion-de-software-plataforma-de-transporte-local-3\/"},"wordCount":317,"publisher":{"@id":"https:\/\/www.racsa.go.cr\/blog\/#organization"},"image":{"@id":"https:\/\/www.racsa.go.cr\/blog\/actualizacion-de-software-plataforma-de-transporte-local-3\/#primaryimage"},"thumbnailUrl":"https:\/\/www.racsa.go.cr\/blog\/wp-content\/uploads\/2026\/09\/Mantenimiento-02-scaled.jpg","articleSection":["INTERNET PARA EMPRESAS COSTA RICA"],"inLanguage":"es-CR"},{"@type":"WebPage","@id":"https:\/\/www.racsa.go.cr\/blog\/actualizacion-de-software-plataforma-de-transporte-local-3\/","url":"https:\/\/www.racsa.go.cr\/blog\/actualizacion-de-software-plataforma-de-transporte-local-3\/","name":"Actualizaci\u00f3n de software Plataforma de Transporte local - Blog de RACSA","isPartOf":{"@id":"https:\/\/www.racsa.go.cr\/blog\/#website"},"primaryImageOfPage":{"@id":"https:\/\/www.racsa.go.cr\/blog\/actualizacion-de-software-plataforma-de-transporte-local-3\/#primaryimage"},"image":{"@id":"https:\/\/www.racsa.go.cr\/blog\/actualizacion-de-software-plataforma-de-transporte-local-3\/#primaryimage"},"thumbnailUrl":"https:\/\/www.racsa.go.cr\/blog\/wp-content\/uploads\/2026\/09\/Mantenimiento-02-scaled.jpg","datePublished":"2026-09-01T23:41:47+00:00","dateModified":"2026-09-01T23:44:49+00:00","breadcrumb":{"@id":"https:\/\/www.racsa.go.cr\/blog\/actualizacion-de-software-plataforma-de-transporte-local-3\/#breadcrumb"},"inLanguage":"es-CR","potentialAction":[{"@type":"ReadAction","target":["https:\/\/www.racsa.go.cr\/blog\/actualizacion-de-software-plataforma-de-transporte-local-3\/"]}]},{"@type":"ImageObject","inLanguage":"es-CR","@id":"https:\/\/www.racsa.go.cr\/blog\/actualizacion-de-software-plataforma-de-transporte-local-3\/#primaryimage","url":"https:\/\/www.racsa.go.cr\/blog\/wp-content\/uploads\/2026\/09\/Mantenimiento-02-scaled.jpg","contentUrl":"https:\/\/www.racsa.go.cr\/blog\/wp-content\/uploads\/2026\/09\/Mantenimiento-02-scaled.jpg","width":2560,"height":1439,"caption":"Actualizaci\u00f3n de software Plataforma de Transporte local"},{"@type":"BreadcrumbList","@id":"https:\/\/www.racsa.go.cr\/blog\/actualizacion-de-software-plataforma-de-transporte-local-3\/#breadcrumb","itemListElement":[{"@type":"ListItem","position":1,"name":"Portada","item":"https:\/\/www.racsa.go.cr\/blog\/"},{"@type":"ListItem","position":2,"name":"Actualizaci\u00f3n de software Plataforma de Transporte local"}]},{"@type":"WebSite","@id":"https:\/\/www.racsa.go.cr\/blog\/#website","url":"https:\/\/www.racsa.go.cr\/blog\/","name":"Blog de RACSA","description":"Noticias y comunicados de inter\u00e9s","publisher":{"@id":"https:\/\/www.racsa.go.cr\/blog\/#organization"},"potentialAction":[{"@type":"SearchAction","target":{"@type":"EntryPoint","urlTemplate":"https:\/\/www.racsa.go.cr\/blog\/?s={search_term_string}"},"query-input":{"@type":"PropertyValueSpecification","valueRequired":true,"valueName":"search_term_string"}}],"inLanguage":"es-CR"},{"@type":"Organization","@id":"https:\/\/www.racsa.go.cr\/blog\/#organization","name":"RACSA","url":"https:\/\/www.racsa.go.cr\/blog\/","logo":{"@type":"ImageObject","inLanguage":"es-CR","@id":"https:\/\/www.racsa.go.cr\/blog\/#\/schema\/logo\/image\/","url":"https:\/\/www.racsa.go.cr\/blog\/wp-content\/uploads\/2020\/06\/logo-racsa-blog_Mesa-de-trabajo-1.png","contentUrl":"https:\/\/www.racsa.go.cr\/blog\/wp-content\/uploads\/2020\/06\/logo-racsa-blog_Mesa-de-trabajo-1.png","width":77,"height":50,"caption":"RACSA"},"image":{"@id":"https:\/\/www.racsa.go.cr\/blog\/#\/schema\/logo\/image\/"},"sameAs":["https:\/\/m.facebook.com\/RACSACR\/","https:\/\/x.com\/RACSA_CR","https:\/\/instagram.com\/racsa_cr?igshid=1xty3rwhqjj6p","https:\/\/www.linkedin.com\/authwall?trk=gf&amp;amp;amp;amp;amp;amp;amp;trkInfo=AQGkHPl9RaoQ9AAAAXXizZAgZzcQwi0sdfDTg7AF4I5Q6B_NrjW5R7wFovOzBkS8ur94lJpFmlv2bomYKC3GZOFcSqkgLKm5wKGh61DyjTqr6c_1E_AFOwxMWF5kjSLpCvbYX9o=&amp;amp;amp;amp;amp;amp;amp;originalReferer&amp;amp;amp;amp;amp;amp;amp;sessionRedirect=https:\/\/es.linkedin.com\/company\/racsa_cr","https:\/\/www.youtube.com\/user\/RACSACOSTARICA"]},{"@type":"Person","@id":"https:\/\/www.racsa.go.cr\/blog\/#\/schema\/person\/ec79d31370d6dc9aaa4365492bc04f4e","name":"Mercadeo RACSA","image":{"@type":"ImageObject","inLanguage":"es-CR","@id":"https:\/\/secure.gravatar.com\/avatar\/7b464a0e344d5a5f82f8b9ceb49dae1d41b1141998fb14d2046814a158d02734?s=96&d=mm&r=g","url":"https:\/\/secure.gravatar.com\/avatar\/7b464a0e344d5a5f82f8b9ceb49dae1d41b1141998fb14d2046814a158d02734?s=96&d=mm&r=g","contentUrl":"https:\/\/secure.gravatar.com\/avatar\/7b464a0e344d5a5f82f8b9ceb49dae1d41b1141998fb14d2046814a158d02734?s=96&d=mm&r=g","caption":"Mercadeo RACSA"}}]}},"_links":{"self":[{"href":"https:\/\/www.racsa.go.cr\/blog\/wp-json\/wp\/v2\/posts\/4276","targetHints":{"allow":["GET"]}}],"collection":[{"href":"https:\/\/www.racsa.go.cr\/blog\/wp-json\/wp\/v2\/posts"}],"about":[{"href":"https:\/\/www.racsa.go.cr\/blog\/wp-json\/wp\/v2\/types\/post"}],"author":[{"embeddable":true,"href":"https:\/\/www.racsa.go.cr\/blog\/wp-json\/wp\/v2\/users\/2"}],"replies":[{"embeddable":true,"href":"https:\/\/www.racsa.go.cr\/blog\/wp-json\/wp\/v2\/comments?post=4276"}],"version-history":[{"count":2,"href":"https:\/\/www.racsa.go.cr\/blog\/wp-json\/wp\/v2\/posts\/4276\/revisions"}],"predecessor-version":[{"id":4279,"href":"https:\/\/www.racsa.go.cr\/blog\/wp-json\/wp\/v2\/posts\/4276\/revisions\/4279"}],"wp:featuredmedia":[{"embeddable":true,"href":"https:\/\/www.racsa.go.cr\/blog\/wp-json\/wp\/v2\/media\/4277"}],"wp:attachment":[{"href":"https:\/\/www.racsa.go.cr\/blog\/wp-json\/wp\/v2\/media?parent=4276"}],"wp:term":[{"taxonomy":"category","embeddable":true,"href":"https:\/\/www.racsa.go.cr\/blog\/wp-json\/wp\/v2\/categories?post=4276"},{"taxonomy":"post_tag","embeddable":true,"href":"https:\/\/www.racsa.go.cr\/blog\/wp-json\/wp\/v2\/tags?post=4276"}],"curies":[{"name":"wp","href":"https:\/\/api.w.org\/{rel}","templated":true}]}}