{"id":4270,"date":"2026-08-28T13:18:25","date_gmt":"2026-08-28T19:18:25","guid":{"rendered":"https:\/\/www.racsa.go.cr\/blog\/?p=4270"},"modified":"2026-08-28T13:36:06","modified_gmt":"2026-08-28T19:36:06","slug":"impulsando-el-futuro-digital-y-sostenible-de-costa-rica-%f0%9f%87%a8%f0%9f%87%b7","status":"publish","type":"post","link":"https:\/\/www.racsa.go.cr\/blog\/impulsando-el-futuro-digital-y-sostenible-de-costa-rica-%f0%9f%87%a8%f0%9f%87%b7\/","title":{"rendered":"\u00a1Impulsando el futuro digital y sostenible de Costa Rica!\u00a0\ud83c\udde8\ud83c\uddf7"},"content":{"rendered":"\n<p class=\"wp-block-paragraph\">En el marco de la presentaci\u00f3n del&nbsp;Reporte de Sostenibilidad 2025 del Grupo ICE, en RACSA reafirmamos nuestro compromiso con la modernizaci\u00f3n de la conectividad, transformaci\u00f3n digital, la inclusi\u00f3n, eficiencia y el desarrollo sostenible del pa\u00eds.<\/p>\n\n\n\n<p class=\"wp-block-paragraph\">Aportamos activamente a la dimensi\u00f3n econ\u00f3mica y tecnol\u00f3gica a trav\u00e9s de proyectos clave como:<\/p>\n\n\n\n<p class=\"wp-block-paragraph\">\u2705Implementaci\u00f3n y puesta en operaci\u00f3n de la primera red 5G Stand Alone a nivel nacional.<\/p>\n\n\n\n<p class=\"wp-block-paragraph\">\u2705Modernizaci\u00f3n de redes con soluciones avanzadas en nube y ciberseguridad al servicio de instituciones, empresas y personas.<\/p>\n\n\n\n<p class=\"wp-block-paragraph\">\u2705Innovaci\u00f3n en servicios ciudadanos mediante plataformas como&nbsp;SICOP, la&nbsp;l\u00ednea 1311, las&nbsp;Ventanillas Electr\u00f3nicas de Servicios (VES),&nbsp;tecnolog\u00eda biom\u00e9trica&nbsp;e&nbsp;Identidad Digital, garantizando tr\u00e1mites transparentes, \u00e1giles y seguros.<\/p>\n\n\n\n<p class=\"wp-block-paragraph\">Este impacto se extiende a nuestro equipo mediante capacitaci\u00f3n especializada y un modelo de teletrabajo sostenible certificado por&nbsp;SIRESOL. Una gesti\u00f3n descentralizada que genera empleo de calidad fuera del GAM, dinamiza las econom\u00edas locales y reduce la huella de carbono.<\/p>\n\n\n\n<p class=\"wp-block-paragraph\">Destacamos nuestro reconocimiento en el sistema sociolaboral y de Salud Ocupacional, sumado a la reciente acreditaci\u00f3n de la norma\u00a0ISO 9001:2015\u00a0\u2014respaldada por la red global\u00a0IQNET\u00a0(Suiza)\u2014, un hito hist\u00f3rico de a\u00f1os de profunda transformaci\u00f3n interna.<\/p>\n\n\n\n<p class=\"wp-block-paragraph\">Hoy, RACSA se posiciona como el aliado estrat\u00e9gico ideal para la transformaci\u00f3n digital del pa\u00eds, con enfoque en eficiencia, seguridad, inclusi\u00f3n y valor p\u00fablico.<\/p>\n\n\n\n<p class=\"wp-block-paragraph\">\u00a1En RACSA, innovamos para conectar vidas y construir un pa\u00eds m\u00e1s pr\u00f3spero!\u00a0<\/p>\n\n\n\n<p class=\"wp-block-paragraph\">Consulte el Informe de Sostenibilidad del Grupo ICE: <\/p>\n\n\n\n<p class=\"wp-block-paragraph\"><a href=\"https:\/\/www.grupoice.com\/wps\/wcm\/connect\/433a3bd3-16ed-44aa-af68-a2950659e7d6\/Reporte_Sostenibilidad_web.pdf?MOD=AJPERES\">https:\/\/www.grupoice.com\/wps\/wcm\/connect\/433a3bd3-16ed-44aa-af68-a2950659e7d6\/Reporte_Sostenibilidad_web.pdf?MOD=AJPERES<\/a><\/p>\n","protected":false},"excerpt":{"rendered":"<p>En el marco de la presentaci\u00f3n del&nbsp;Reporte de Sostenibilidad 2025 del Grupo ICE, en RACSA&#8230;<\/p>\n","protected":false},"author":2,"featured_media":4271,"comment_status":"closed","ping_status":"closed","sticky":false,"template":"","format":"standard","meta":{"footnotes":""},"categories":[284,176,52],"tags":[],"class_list":["post-4270","post","type-post","status-publish","format-standard","has-post-thumbnail","hentry","category-internet-fijo-5g","category-racsa","category-tramites-con-racsa"],"yoast_head":"<!-- This site is optimized with the Yoast SEO plugin v28.3 - https:\/\/yoast.com\/product\/yoast-seo-wordpress\/ -->\n<title>\u00a1Impulsando el futuro digital y sostenible de Costa Rica!\u00a0\ud83c\udde8\ud83c\uddf7 - Blog de RACSA<\/title>\n<meta name=\"robots\" content=\"index, follow, max-snippet:-1, max-image-preview:large, max-video-preview:-1\" \/>\n<link rel=\"canonical\" href=\"https:\/\/www.racsa.go.cr\/blog\/impulsando-el-futuro-digital-y-sostenible-de-costa-rica-\ud83c\udde8\ud83c\uddf7\/\" \/>\n<meta property=\"og:locale\" content=\"es_ES\" \/>\n<meta property=\"og:type\" content=\"article\" \/>\n<meta property=\"og:title\" content=\"\u00a1Impulsando el futuro digital y sostenible de Costa Rica!\u00a0\ud83c\udde8\ud83c\uddf7 - Blog de RACSA\" \/>\n<meta property=\"og:description\" content=\"En el marco de la presentaci\u00f3n del&nbsp;Reporte de Sostenibilidad 2025 del Grupo ICE, en RACSA...\" \/>\n<meta property=\"og:url\" content=\"https:\/\/www.racsa.go.cr\/blog\/impulsando-el-futuro-digital-y-sostenible-de-costa-rica-\ud83c\udde8\ud83c\uddf7\/\" \/>\n<meta property=\"og:site_name\" content=\"Blog de RACSA\" \/>\n<meta property=\"article:publisher\" content=\"https:\/\/m.facebook.com\/RACSACR\/\" \/>\n<meta property=\"article:published_time\" content=\"2026-08-28T19:18:25+00:00\" \/>\n<meta property=\"article:modified_time\" content=\"2026-08-28T19:36:06+00:00\" \/>\n<meta property=\"og:image\" content=\"https:\/\/www.racsa.go.cr\/blog\/wp-content\/uploads\/2026\/08\/BLOG-sostebilidad-scaled.jpg\" \/>\n\t<meta property=\"og:image:width\" content=\"2560\" \/>\n\t<meta property=\"og:image:height\" content=\"1439\" \/>\n\t<meta property=\"og:image:type\" content=\"image\/jpeg\" \/>\n<meta name=\"author\" content=\"Mercadeo RACSA\" \/>\n<meta name=\"twitter:card\" content=\"summary_large_image\" \/>\n<meta name=\"twitter:creator\" content=\"@RACSA_CR\" \/>\n<meta name=\"twitter:site\" content=\"@RACSA_CR\" \/>\n<meta name=\"twitter:label1\" content=\"Written by\" \/>\n\t<meta name=\"twitter:data1\" content=\"Mercadeo RACSA\" \/>\n\t<meta name=\"twitter:label2\" content=\"Est. reading time\" \/>\n\t<meta name=\"twitter:data2\" content=\"2 minutos\" \/>\n<script type=\"application\/ld+json\" class=\"yoast-schema-graph\">{\"@context\":\"https:\\\/\\\/schema.org\",\"@graph\":[{\"@type\":\"Article\",\"@id\":\"https:\\\/\\\/www.racsa.go.cr\\\/blog\\\/impulsando-el-futuro-digital-y-sostenible-de-costa-rica-%f0%9f%87%a8%f0%9f%87%b7\\\/#article\",\"isPartOf\":{\"@id\":\"https:\\\/\\\/www.racsa.go.cr\\\/blog\\\/impulsando-el-futuro-digital-y-sostenible-de-costa-rica-%f0%9f%87%a8%f0%9f%87%b7\\\/\"},\"author\":{\"name\":\"Mercadeo RACSA\",\"@id\":\"https:\\\/\\\/www.racsa.go.cr\\\/blog\\\/#\\\/schema\\\/person\\\/ec79d31370d6dc9aaa4365492bc04f4e\"},\"headline\":\"\u00a1Impulsando el futuro digital y sostenible de Costa Rica!\u00a0\ud83c\udde8\ud83c\uddf7\",\"datePublished\":\"2026-08-28T19:18:25+00:00\",\"dateModified\":\"2026-08-28T19:36:06+00:00\",\"mainEntityOfPage\":{\"@id\":\"https:\\\/\\\/www.racsa.go.cr\\\/blog\\\/impulsando-el-futuro-digital-y-sostenible-de-costa-rica-%f0%9f%87%a8%f0%9f%87%b7\\\/\"},\"wordCount\":299,\"publisher\":{\"@id\":\"https:\\\/\\\/www.racsa.go.cr\\\/blog\\\/#organization\"},\"image\":{\"@id\":\"https:\\\/\\\/www.racsa.go.cr\\\/blog\\\/impulsando-el-futuro-digital-y-sostenible-de-costa-rica-%f0%9f%87%a8%f0%9f%87%b7\\\/#primaryimage\"},\"thumbnailUrl\":\"https:\\\/\\\/www.racsa.go.cr\\\/blog\\\/wp-content\\\/uploads\\\/2026\\\/08\\\/BLOG-sostebilidad-scaled.jpg\",\"articleSection\":[\"INTERNET 5G\",\"RACSA\",\"TR\u00c1MITES CON RACSA\"],\"inLanguage\":\"es-CR\"},{\"@type\":\"WebPage\",\"@id\":\"https:\\\/\\\/www.racsa.go.cr\\\/blog\\\/impulsando-el-futuro-digital-y-sostenible-de-costa-rica-%f0%9f%87%a8%f0%9f%87%b7\\\/\",\"url\":\"https:\\\/\\\/www.racsa.go.cr\\\/blog\\\/impulsando-el-futuro-digital-y-sostenible-de-costa-rica-%f0%9f%87%a8%f0%9f%87%b7\\\/\",\"name\":\"\u00a1Impulsando el futuro digital y sostenible de Costa Rica!\u00a0\ud83c\udde8\ud83c\uddf7 - Blog de RACSA\",\"isPartOf\":{\"@id\":\"https:\\\/\\\/www.racsa.go.cr\\\/blog\\\/#website\"},\"primaryImageOfPage\":{\"@id\":\"https:\\\/\\\/www.racsa.go.cr\\\/blog\\\/impulsando-el-futuro-digital-y-sostenible-de-costa-rica-%f0%9f%87%a8%f0%9f%87%b7\\\/#primaryimage\"},\"image\":{\"@id\":\"https:\\\/\\\/www.racsa.go.cr\\\/blog\\\/impulsando-el-futuro-digital-y-sostenible-de-costa-rica-%f0%9f%87%a8%f0%9f%87%b7\\\/#primaryimage\"},\"thumbnailUrl\":\"https:\\\/\\\/www.racsa.go.cr\\\/blog\\\/wp-content\\\/uploads\\\/2026\\\/08\\\/BLOG-sostebilidad-scaled.jpg\",\"datePublished\":\"2026-08-28T19:18:25+00:00\",\"dateModified\":\"2026-08-28T19:36:06+00:00\",\"breadcrumb\":{\"@id\":\"https:\\\/\\\/www.racsa.go.cr\\\/blog\\\/impulsando-el-futuro-digital-y-sostenible-de-costa-rica-%f0%9f%87%a8%f0%9f%87%b7\\\/#breadcrumb\"},\"inLanguage\":\"es-CR\",\"potentialAction\":[{\"@type\":\"ReadAction\",\"target\":[\"https:\\\/\\\/www.racsa.go.cr\\\/blog\\\/impulsando-el-futuro-digital-y-sostenible-de-costa-rica-%f0%9f%87%a8%f0%9f%87%b7\\\/\"]}]},{\"@type\":\"ImageObject\",\"inLanguage\":\"es-CR\",\"@id\":\"https:\\\/\\\/www.racsa.go.cr\\\/blog\\\/impulsando-el-futuro-digital-y-sostenible-de-costa-rica-%f0%9f%87%a8%f0%9f%87%b7\\\/#primaryimage\",\"url\":\"https:\\\/\\\/www.racsa.go.cr\\\/blog\\\/wp-content\\\/uploads\\\/2026\\\/08\\\/BLOG-sostebilidad-scaled.jpg\",\"contentUrl\":\"https:\\\/\\\/www.racsa.go.cr\\\/blog\\\/wp-content\\\/uploads\\\/2026\\\/08\\\/BLOG-sostebilidad-scaled.jpg\",\"width\":2560,\"height\":1439},{\"@type\":\"BreadcrumbList\",\"@id\":\"https:\\\/\\\/www.racsa.go.cr\\\/blog\\\/impulsando-el-futuro-digital-y-sostenible-de-costa-rica-%f0%9f%87%a8%f0%9f%87%b7\\\/#breadcrumb\",\"itemListElement\":[{\"@type\":\"ListItem\",\"position\":1,\"name\":\"Portada\",\"item\":\"https:\\\/\\\/www.racsa.go.cr\\\/blog\\\/\"},{\"@type\":\"ListItem\",\"position\":2,\"name\":\"\u00a1Impulsando el futuro digital y sostenible de Costa Rica!\u00a0\ud83c\udde8\ud83c\uddf7\"}]},{\"@type\":\"WebSite\",\"@id\":\"https:\\\/\\\/www.racsa.go.cr\\\/blog\\\/#website\",\"url\":\"https:\\\/\\\/www.racsa.go.cr\\\/blog\\\/\",\"name\":\"Blog de RACSA\",\"description\":\"Noticias y comunicados de inter\u00e9s\",\"publisher\":{\"@id\":\"https:\\\/\\\/www.racsa.go.cr\\\/blog\\\/#organization\"},\"potentialAction\":[{\"@type\":\"SearchAction\",\"target\":{\"@type\":\"EntryPoint\",\"urlTemplate\":\"https:\\\/\\\/www.racsa.go.cr\\\/blog\\\/?s={search_term_string}\"},\"query-input\":{\"@type\":\"PropertyValueSpecification\",\"valueRequired\":true,\"valueName\":\"search_term_string\"}}],\"inLanguage\":\"es-CR\"},{\"@type\":\"Organization\",\"@id\":\"https:\\\/\\\/www.racsa.go.cr\\\/blog\\\/#organization\",\"name\":\"RACSA\",\"url\":\"https:\\\/\\\/www.racsa.go.cr\\\/blog\\\/\",\"logo\":{\"@type\":\"ImageObject\",\"inLanguage\":\"es-CR\",\"@id\":\"https:\\\/\\\/www.racsa.go.cr\\\/blog\\\/#\\\/schema\\\/logo\\\/image\\\/\",\"url\":\"https:\\\/\\\/www.racsa.go.cr\\\/blog\\\/wp-content\\\/uploads\\\/2020\\\/06\\\/logo-racsa-blog_Mesa-de-trabajo-1.png\",\"contentUrl\":\"https:\\\/\\\/www.racsa.go.cr\\\/blog\\\/wp-content\\\/uploads\\\/2020\\\/06\\\/logo-racsa-blog_Mesa-de-trabajo-1.png\",\"width\":77,\"height\":50,\"caption\":\"RACSA\"},\"image\":{\"@id\":\"https:\\\/\\\/www.racsa.go.cr\\\/blog\\\/#\\\/schema\\\/logo\\\/image\\\/\"},\"sameAs\":[\"https:\\\/\\\/m.facebook.com\\\/RACSACR\\\/\",\"https:\\\/\\\/x.com\\\/RACSA_CR\",\"https:\\\/\\\/instagram.com\\\/racsa_cr?igshid=1xty3rwhqjj6p\",\"https:\\\/\\\/www.linkedin.com\\\/authwall?trk=gf&amp;amp;amp;amp;amp;amp;amp;trkInfo=AQGkHPl9RaoQ9AAAAXXizZAgZzcQwi0sdfDTg7AF4I5Q6B_NrjW5R7wFovOzBkS8ur94lJpFmlv2bomYKC3GZOFcSqkgLKm5wKGh61DyjTqr6c_1E_AFOwxMWF5kjSLpCvbYX9o=&amp;amp;amp;amp;amp;amp;amp;originalReferer&amp;amp;amp;amp;amp;amp;amp;sessionRedirect=https:\\\/\\\/es.linkedin.com\\\/company\\\/racsa_cr\",\"https:\\\/\\\/www.youtube.com\\\/user\\\/RACSACOSTARICA\"]},{\"@type\":\"Person\",\"@id\":\"https:\\\/\\\/www.racsa.go.cr\\\/blog\\\/#\\\/schema\\\/person\\\/ec79d31370d6dc9aaa4365492bc04f4e\",\"name\":\"Mercadeo RACSA\",\"image\":{\"@type\":\"ImageObject\",\"inLanguage\":\"es-CR\",\"@id\":\"https:\\\/\\\/secure.gravatar.com\\\/avatar\\\/7b464a0e344d5a5f82f8b9ceb49dae1d41b1141998fb14d2046814a158d02734?s=96&d=mm&r=g\",\"url\":\"https:\\\/\\\/secure.gravatar.com\\\/avatar\\\/7b464a0e344d5a5f82f8b9ceb49dae1d41b1141998fb14d2046814a158d02734?s=96&d=mm&r=g\",\"contentUrl\":\"https:\\\/\\\/secure.gravatar.com\\\/avatar\\\/7b464a0e344d5a5f82f8b9ceb49dae1d41b1141998fb14d2046814a158d02734?s=96&d=mm&r=g\",\"caption\":\"Mercadeo RACSA\"}}]}<\/script>\n<!-- \/ Yoast SEO plugin. -->","yoast_head_json":{"title":"\u00a1Impulsando el futuro digital y sostenible de Costa Rica!\u00a0\ud83c\udde8\ud83c\uddf7 - Blog de RACSA","robots":{"index":"index","follow":"follow","max-snippet":"max-snippet:-1","max-image-preview":"max-image-preview:large","max-video-preview":"max-video-preview:-1"},"canonical":"https:\/\/www.racsa.go.cr\/blog\/impulsando-el-futuro-digital-y-sostenible-de-costa-rica-\ud83c\udde8\ud83c\uddf7\/","og_locale":"es_ES","og_type":"article","og_title":"\u00a1Impulsando el futuro digital y sostenible de Costa Rica!\u00a0\ud83c\udde8\ud83c\uddf7 - Blog de RACSA","og_description":"En el marco de la presentaci\u00f3n del&nbsp;Reporte de Sostenibilidad 2025 del Grupo ICE, en RACSA...","og_url":"https:\/\/www.racsa.go.cr\/blog\/impulsando-el-futuro-digital-y-sostenible-de-costa-rica-\ud83c\udde8\ud83c\uddf7\/","og_site_name":"Blog de RACSA","article_publisher":"https:\/\/m.facebook.com\/RACSACR\/","article_published_time":"2026-08-28T19:18:25+00:00","article_modified_time":"2026-08-28T19:36:06+00:00","og_image":[{"width":2560,"height":1439,"url":"https:\/\/www.racsa.go.cr\/blog\/wp-content\/uploads\/2026\/08\/BLOG-sostebilidad-scaled.jpg","type":"image\/jpeg"}],"author":"Mercadeo RACSA","twitter_card":"summary_large_image","twitter_creator":"@RACSA_CR","twitter_site":"@RACSA_CR","twitter_misc":{"Written by":"Mercadeo RACSA","Est. reading time":"2 minutos"},"schema":{"@context":"https:\/\/schema.org","@graph":[{"@type":"Article","@id":"https:\/\/www.racsa.go.cr\/blog\/impulsando-el-futuro-digital-y-sostenible-de-costa-rica-%f0%9f%87%a8%f0%9f%87%b7\/#article","isPartOf":{"@id":"https:\/\/www.racsa.go.cr\/blog\/impulsando-el-futuro-digital-y-sostenible-de-costa-rica-%f0%9f%87%a8%f0%9f%87%b7\/"},"author":{"name":"Mercadeo RACSA","@id":"https:\/\/www.racsa.go.cr\/blog\/#\/schema\/person\/ec79d31370d6dc9aaa4365492bc04f4e"},"headline":"\u00a1Impulsando el futuro digital y sostenible de Costa Rica!\u00a0\ud83c\udde8\ud83c\uddf7","datePublished":"2026-08-28T19:18:25+00:00","dateModified":"2026-08-28T19:36:06+00:00","mainEntityOfPage":{"@id":"https:\/\/www.racsa.go.cr\/blog\/impulsando-el-futuro-digital-y-sostenible-de-costa-rica-%f0%9f%87%a8%f0%9f%87%b7\/"},"wordCount":299,"publisher":{"@id":"https:\/\/www.racsa.go.cr\/blog\/#organization"},"image":{"@id":"https:\/\/www.racsa.go.cr\/blog\/impulsando-el-futuro-digital-y-sostenible-de-costa-rica-%f0%9f%87%a8%f0%9f%87%b7\/#primaryimage"},"thumbnailUrl":"https:\/\/www.racsa.go.cr\/blog\/wp-content\/uploads\/2026\/08\/BLOG-sostebilidad-scaled.jpg","articleSection":["INTERNET 5G","RACSA","TR\u00c1MITES CON RACSA"],"inLanguage":"es-CR"},{"@type":"WebPage","@id":"https:\/\/www.racsa.go.cr\/blog\/impulsando-el-futuro-digital-y-sostenible-de-costa-rica-%f0%9f%87%a8%f0%9f%87%b7\/","url":"https:\/\/www.racsa.go.cr\/blog\/impulsando-el-futuro-digital-y-sostenible-de-costa-rica-%f0%9f%87%a8%f0%9f%87%b7\/","name":"\u00a1Impulsando el futuro digital y sostenible de Costa Rica!\u00a0\ud83c\udde8\ud83c\uddf7 - Blog de RACSA","isPartOf":{"@id":"https:\/\/www.racsa.go.cr\/blog\/#website"},"primaryImageOfPage":{"@id":"https:\/\/www.racsa.go.cr\/blog\/impulsando-el-futuro-digital-y-sostenible-de-costa-rica-%f0%9f%87%a8%f0%9f%87%b7\/#primaryimage"},"image":{"@id":"https:\/\/www.racsa.go.cr\/blog\/impulsando-el-futuro-digital-y-sostenible-de-costa-rica-%f0%9f%87%a8%f0%9f%87%b7\/#primaryimage"},"thumbnailUrl":"https:\/\/www.racsa.go.cr\/blog\/wp-content\/uploads\/2026\/08\/BLOG-sostebilidad-scaled.jpg","datePublished":"2026-08-28T19:18:25+00:00","dateModified":"2026-08-28T19:36:06+00:00","breadcrumb":{"@id":"https:\/\/www.racsa.go.cr\/blog\/impulsando-el-futuro-digital-y-sostenible-de-costa-rica-%f0%9f%87%a8%f0%9f%87%b7\/#breadcrumb"},"inLanguage":"es-CR","potentialAction":[{"@type":"ReadAction","target":["https:\/\/www.racsa.go.cr\/blog\/impulsando-el-futuro-digital-y-sostenible-de-costa-rica-%f0%9f%87%a8%f0%9f%87%b7\/"]}]},{"@type":"ImageObject","inLanguage":"es-CR","@id":"https:\/\/www.racsa.go.cr\/blog\/impulsando-el-futuro-digital-y-sostenible-de-costa-rica-%f0%9f%87%a8%f0%9f%87%b7\/#primaryimage","url":"https:\/\/www.racsa.go.cr\/blog\/wp-content\/uploads\/2026\/08\/BLOG-sostebilidad-scaled.jpg","contentUrl":"https:\/\/www.racsa.go.cr\/blog\/wp-content\/uploads\/2026\/08\/BLOG-sostebilidad-scaled.jpg","width":2560,"height":1439},{"@type":"BreadcrumbList","@id":"https:\/\/www.racsa.go.cr\/blog\/impulsando-el-futuro-digital-y-sostenible-de-costa-rica-%f0%9f%87%a8%f0%9f%87%b7\/#breadcrumb","itemListElement":[{"@type":"ListItem","position":1,"name":"Portada","item":"https:\/\/www.racsa.go.cr\/blog\/"},{"@type":"ListItem","position":2,"name":"\u00a1Impulsando el futuro digital y sostenible de Costa Rica!\u00a0\ud83c\udde8\ud83c\uddf7"}]},{"@type":"WebSite","@id":"https:\/\/www.racsa.go.cr\/blog\/#website","url":"https:\/\/www.racsa.go.cr\/blog\/","name":"Blog de RACSA","description":"Noticias y comunicados de inter\u00e9s","publisher":{"@id":"https:\/\/www.racsa.go.cr\/blog\/#organization"},"potentialAction":[{"@type":"SearchAction","target":{"@type":"EntryPoint","urlTemplate":"https:\/\/www.racsa.go.cr\/blog\/?s={search_term_string}"},"query-input":{"@type":"PropertyValueSpecification","valueRequired":true,"valueName":"search_term_string"}}],"inLanguage":"es-CR"},{"@type":"Organization","@id":"https:\/\/www.racsa.go.cr\/blog\/#organization","name":"RACSA","url":"https:\/\/www.racsa.go.cr\/blog\/","logo":{"@type":"ImageObject","inLanguage":"es-CR","@id":"https:\/\/www.racsa.go.cr\/blog\/#\/schema\/logo\/image\/","url":"https:\/\/www.racsa.go.cr\/blog\/wp-content\/uploads\/2020\/06\/logo-racsa-blog_Mesa-de-trabajo-1.png","contentUrl":"https:\/\/www.racsa.go.cr\/blog\/wp-content\/uploads\/2020\/06\/logo-racsa-blog_Mesa-de-trabajo-1.png","width":77,"height":50,"caption":"RACSA"},"image":{"@id":"https:\/\/www.racsa.go.cr\/blog\/#\/schema\/logo\/image\/"},"sameAs":["https:\/\/m.facebook.com\/RACSACR\/","https:\/\/x.com\/RACSA_CR","https:\/\/instagram.com\/racsa_cr?igshid=1xty3rwhqjj6p","https:\/\/www.linkedin.com\/authwall?trk=gf&amp;amp;amp;amp;amp;amp;amp;trkInfo=AQGkHPl9RaoQ9AAAAXXizZAgZzcQwi0sdfDTg7AF4I5Q6B_NrjW5R7wFovOzBkS8ur94lJpFmlv2bomYKC3GZOFcSqkgLKm5wKGh61DyjTqr6c_1E_AFOwxMWF5kjSLpCvbYX9o=&amp;amp;amp;amp;amp;amp;amp;originalReferer&amp;amp;amp;amp;amp;amp;amp;sessionRedirect=https:\/\/es.linkedin.com\/company\/racsa_cr","https:\/\/www.youtube.com\/user\/RACSACOSTARICA"]},{"@type":"Person","@id":"https:\/\/www.racsa.go.cr\/blog\/#\/schema\/person\/ec79d31370d6dc9aaa4365492bc04f4e","name":"Mercadeo RACSA","image":{"@type":"ImageObject","inLanguage":"es-CR","@id":"https:\/\/secure.gravatar.com\/avatar\/7b464a0e344d5a5f82f8b9ceb49dae1d41b1141998fb14d2046814a158d02734?s=96&d=mm&r=g","url":"https:\/\/secure.gravatar.com\/avatar\/7b464a0e344d5a5f82f8b9ceb49dae1d41b1141998fb14d2046814a158d02734?s=96&d=mm&r=g","contentUrl":"https:\/\/secure.gravatar.com\/avatar\/7b464a0e344d5a5f82f8b9ceb49dae1d41b1141998fb14d2046814a158d02734?s=96&d=mm&r=g","caption":"Mercadeo RACSA"}}]}},"_links":{"self":[{"href":"https:\/\/www.racsa.go.cr\/blog\/wp-json\/wp\/v2\/posts\/4270","targetHints":{"allow":["GET"]}}],"collection":[{"href":"https:\/\/www.racsa.go.cr\/blog\/wp-json\/wp\/v2\/posts"}],"about":[{"href":"https:\/\/www.racsa.go.cr\/blog\/wp-json\/wp\/v2\/types\/post"}],"author":[{"embeddable":true,"href":"https:\/\/www.racsa.go.cr\/blog\/wp-json\/wp\/v2\/users\/2"}],"replies":[{"embeddable":true,"href":"https:\/\/www.racsa.go.cr\/blog\/wp-json\/wp\/v2\/comments?post=4270"}],"version-history":[{"count":3,"href":"https:\/\/www.racsa.go.cr\/blog\/wp-json\/wp\/v2\/posts\/4270\/revisions"}],"predecessor-version":[{"id":4275,"href":"https:\/\/www.racsa.go.cr\/blog\/wp-json\/wp\/v2\/posts\/4270\/revisions\/4275"}],"wp:featuredmedia":[{"embeddable":true,"href":"https:\/\/www.racsa.go.cr\/blog\/wp-json\/wp\/v2\/media\/4271"}],"wp:attachment":[{"href":"https:\/\/www.racsa.go.cr\/blog\/wp-json\/wp\/v2\/media?parent=4270"}],"wp:term":[{"taxonomy":"category","embeddable":true,"href":"https:\/\/www.racsa.go.cr\/blog\/wp-json\/wp\/v2\/categories?post=4270"},{"taxonomy":"post_tag","embeddable":true,"href":"https:\/\/www.racsa.go.cr\/blog\/wp-json\/wp\/v2\/tags?post=4270"}],"curies":[{"name":"wp","href":"https:\/\/api.w.org\/{rel}","templated":true}]}}