{"id":3857,"date":"2025-09-08T13:39:15","date_gmt":"2025-09-08T19:39:15","guid":{"rendered":"https:\/\/www.racsa.go.cr\/blog\/?p=3857"},"modified":"2025-09-08T13:46:04","modified_gmt":"2025-09-08T19:46:04","slug":"red-5g-de-racsa-cumple-un-ano-en-costa-rica-y-potencia-la-inclusion-digital-en-todo-el-pais","status":"publish","type":"post","link":"https:\/\/www.racsa.go.cr\/blog\/red-5g-de-racsa-cumple-un-ano-en-costa-rica-y-potencia-la-inclusion-digital-en-todo-el-pais\/","title":{"rendered":"Red 5G de RACSA cumple un a\u00f1o en Costa Rica y potencia la inclusi\u00f3n digital en todo el pa\u00eds"},"content":{"rendered":"\n<p>Despliegue alcanza a comunidades en las siete provincias<\/p>\n\n\n\n<p>Tecnolog\u00eda de quinta generaci\u00f3n proyecta un impacto de hasta $925 millones al PIB nacional hacia 2035<\/p>\n\n\n\n<p>Costa Rica celebra el primer aniversario de su&nbsp;<strong><a href=\"https:\/\/www.larepublica.net\/noticia\/costa-rica-estrena-la-red-5g-mas-avanzada-de-la-region-en-parque-empresarial-del-este\/\">red 5G nativa (Stand Alone)<\/a><\/strong>, un proyecto pionero en Centroam\u00e9rica que ha comenzado a transformar la conectividad en el pa\u00eds.<\/p>\n\n\n\n<p>La infraestructura tecnol\u00f3gica, liderada por Radiogr\u00e1fica Costarricense (<strong><a href=\"https:\/\/www.larepublica.net\/noticia\/racsa-celebra-un-ano-de-la-primera-red-comercial-de-internet-5g-en-costa-rica\/\">RACSA<\/a><\/strong>) no solo ampl\u00eda la cobertura de telecomunicaciones, sino que tambi\u00e9n busca reducir brechas digitales en territorios hist\u00f3ricamente rezagados.<\/p>\n\n\n\n<p>Durante los \u00faltimos 12 meses, el&nbsp;<strong>despliegue<\/strong>&nbsp;alcanz\u00f3 comunidades en las siete provincias, incluyendo localidades fuera de la Gran \u00c1rea Metropolitana como Lim\u00f3n, Cahuita, Mo\u00edn, Ciudad Quesada, La Fortuna, San Isidro del General, Grecia, San Ram\u00f3n, Santa Cruz de Guanacaste, Puntarenas y Quepos.<\/p>\n\n\n\n<p>Este avance responde al objetivo de llevar servicios de alta tecnolog\u00eda tanto a zonas urbanas como a regiones con desventajas sociales y geogr\u00e1ficas.<\/p>\n\n\n\n<p>\u201cUn aspecto central ha sido el esfuerzo por acercar la tecnolog\u00eda a todo el pa\u00eds. RACSA apoya los esfuerzos nacionales por democratizar la conectividad, impulsando la participaci\u00f3n de actores locales y favoreciendo el desarrollo de econom\u00edas regionales\u201d, dijo Grettel Babbar, jefe de Mercadeo de la compa\u00f1\u00eda.<\/p>\n\n\n\n<p>Gracias a acuerdos con instituciones p\u00fablicas y privadas, como la CNFL y empresas distribuidoras, se ha ampliado la disponibilidad del servicio, garantizando que m\u00e1s personas puedan acceder a los beneficios de la tecnolog\u00eda de quinta generaci\u00f3n.<\/p>\n\n\n\n<p>\u201c5G no significa \u00fanicamente mayor velocidad. Representa resiliencia y capacidad de respuesta. Este primer a\u00f1o demostr\u00f3 que la conectividad puede sostener servicios esenciales y abrir nuevas oportunidades de desarrollo\u201d, agreg\u00f3 Babbar.<\/p>\n\n\n\n<p>La adopci\u00f3n masiva de esta tecnolog\u00eda podr\u00eda contribuir hasta con&nbsp;<strong>$925 millones<\/strong>&nbsp;al Producto Interno Bruto hacia 2035, seg\u00fan estimaciones del Ministerio de Ciencia, Innovaci\u00f3n, Tecnolog\u00eda y Telecomunicaciones (MICITT).<\/p>\n\n\n\n<p>Estas cifras se alinean con proyecciones globales, que calculan un aporte de&nbsp;<strong>$1,3 billones<\/strong>&nbsp;al PIB mundial para 2030 gracias al despliegue de 5G.<\/p>\n\n\n\n<p>Entre los beneficios destacados de esta tecnolog\u00eda se incluyen la seguridad y continuidad de sistemas cr\u00edticos, la inteligencia ubicua mediante sensores conectados de forma autom\u00e1tica, y la sostenibilidad, al optimizar recursos y habilitar soluciones para ciudades m\u00e1s inteligentes y responsables con el ambiente.<\/p>\n\n\n\n<p>Su implementaci\u00f3n abre la puerta a innovaciones en sectores estrat\u00e9gicos como salud, transporte, educaci\u00f3n y seguridad p\u00fablica, en los que se prev\u00e9 la creaci\u00f3n de plataformas de expedientes m\u00e9dicos en tiempo real, sistemas de monitoreo de tr\u00e1nsito con an\u00e1lisis avanzado, atenci\u00f3n de emergencias mediante drones y sensores, y experiencias educativas inmersivas en distintas regiones.<\/p>\n\n\n\n<p>Con estos avances, Costa Rica se posiciona en la regi\u00f3n como un referente en conectividad de \u00faltima generaci\u00f3n.<\/p>\n\n\n\n<p>En este sentido, la red de RACSA representa un instrumento de inclusi\u00f3n digital y competitividad nacional, capaz de reducir brechas hist\u00f3ricas y fortalecer la infraestructura tecnol\u00f3gica del pa\u00eds.<\/p>\n\n\n\n<p>\u201cEl pa\u00eds se prepara para una d\u00e9cada en la que los servicios cr\u00edticos, la innovaci\u00f3n productiva y la calidad de vida de la ciudadan\u00eda estar\u00e1n respaldados por una conectividad robusta y de clase mundial\u201d, concluy\u00f3 Babbar.<\/p>\n\n\n\n<p>En un escenario global cada vez m\u00e1s digital, Costa Rica muestra que la conectividad no es solo un lujo, sino un factor estrat\u00e9gico para la competitividad y el bienestar ciudadano.<\/p>\n\n\n\n<p><strong>M\u00e1s informaci\u00f3n<br><\/strong>RACSA ofrece el servicio Internet Inal\u00e1mbrico Fijo 5G y Redes Empresariales 5G.<br>Las personas y empresas interesadas pueden consultar la cobertura <strong><a href=\"https:\/\/www.racsa.go.cr\/servicios\/soluciones-5g\/internet-inalambrico-de-racsa-5g\/\" target=\"_blank\" rel=\"noreferrer noopener\">aqu\u00ed<\/a><\/strong><\/p>\n\n\n\n<figure class=\"wp-block-embed is-type-video is-provider-youtube wp-block-embed-youtube wp-embed-aspect-16-9 wp-has-aspect-ratio\"><div class=\"wp-block-embed__wrapper\">\n<iframe loading=\"lazy\" title=\"Primera red 5G Stand Alone de Costa Rica\" width=\"640\" height=\"360\" src=\"https:\/\/www.youtube.com\/embed\/62Ko9NA8x80?feature=oembed\" frameborder=\"0\" allow=\"accelerometer; autoplay; clipboard-write; encrypted-media; gyroscope; picture-in-picture; web-share\" referrerpolicy=\"strict-origin-when-cross-origin\" allowfullscreen><\/iframe>\n<\/div><\/figure>\n","protected":false},"excerpt":{"rendered":"<p>Despliegue alcanza a comunidades en las siete provincias Tecnolog\u00eda de quinta generaci\u00f3n proyecta un impacto&#8230;<\/p>\n","protected":false},"author":2,"featured_media":3858,"comment_status":"closed","ping_status":"closed","sticky":false,"template":"","format":"standard","meta":{"footnotes":""},"categories":[1],"tags":[],"class_list":["post-3857","post","type-post","status-publish","format-standard","has-post-thumbnail","hentry","category-internet-para-empresas-costa-rica"],"yoast_head":"<!-- This site is optimized with the Yoast SEO plugin v27.4 - https:\/\/yoast.com\/product\/yoast-seo-wordpress\/ -->\n<title>Red 5G de RACSA cumple un a\u00f1o en Costa Rica y potencia la inclusi\u00f3n digital en todo el pa\u00eds - Blog de RACSA<\/title>\n<meta name=\"robots\" content=\"index, follow, max-snippet:-1, max-image-preview:large, max-video-preview:-1\" \/>\n<link rel=\"canonical\" href=\"https:\/\/www.racsa.go.cr\/blog\/red-5g-de-racsa-cumple-un-ano-en-costa-rica-y-potencia-la-inclusion-digital-en-todo-el-pais\/\" \/>\n<meta property=\"og:locale\" content=\"es_ES\" \/>\n<meta property=\"og:type\" content=\"article\" \/>\n<meta property=\"og:title\" content=\"Red 5G de RACSA cumple un a\u00f1o en Costa Rica y potencia la inclusi\u00f3n digital en todo el pa\u00eds - Blog de RACSA\" \/>\n<meta property=\"og:description\" content=\"Despliegue alcanza a comunidades en las siete provincias Tecnolog\u00eda de quinta generaci\u00f3n proyecta un impacto...\" \/>\n<meta property=\"og:url\" content=\"https:\/\/www.racsa.go.cr\/blog\/red-5g-de-racsa-cumple-un-ano-en-costa-rica-y-potencia-la-inclusion-digital-en-todo-el-pais\/\" \/>\n<meta property=\"og:site_name\" content=\"Blog de RACSA\" \/>\n<meta property=\"article:publisher\" content=\"https:\/\/m.facebook.com\/RACSACR\/\" \/>\n<meta property=\"article:published_time\" content=\"2025-09-08T19:39:15+00:00\" \/>\n<meta property=\"article:modified_time\" content=\"2025-09-08T19:46:04+00:00\" \/>\n<meta property=\"og:image\" content=\"https:\/\/www.racsa.go.cr\/blog\/wp-content\/uploads\/2025\/09\/racsa-2-1024x536.jpg.webp\" \/>\n\t<meta property=\"og:image:width\" content=\"1024\" \/>\n\t<meta property=\"og:image:height\" content=\"536\" \/>\n\t<meta property=\"og:image:type\" content=\"image\/webp\" \/>\n<meta name=\"author\" content=\"Mercadeo RACSA\" \/>\n<meta name=\"twitter:card\" content=\"summary_large_image\" \/>\n<meta name=\"twitter:creator\" content=\"@RACSA_CR\" \/>\n<meta name=\"twitter:site\" content=\"@RACSA_CR\" \/>\n<meta name=\"twitter:label1\" content=\"Written by\" \/>\n\t<meta name=\"twitter:data1\" content=\"Mercadeo RACSA\" \/>\n\t<meta name=\"twitter:label2\" content=\"Est. reading time\" \/>\n\t<meta name=\"twitter:data2\" content=\"3 minutos\" \/>\n<script type=\"application\/ld+json\" class=\"yoast-schema-graph\">{\"@context\":\"https:\\\/\\\/schema.org\",\"@graph\":[{\"@type\":\"Article\",\"@id\":\"https:\\\/\\\/www.racsa.go.cr\\\/blog\\\/red-5g-de-racsa-cumple-un-ano-en-costa-rica-y-potencia-la-inclusion-digital-en-todo-el-pais\\\/#article\",\"isPartOf\":{\"@id\":\"https:\\\/\\\/www.racsa.go.cr\\\/blog\\\/red-5g-de-racsa-cumple-un-ano-en-costa-rica-y-potencia-la-inclusion-digital-en-todo-el-pais\\\/\"},\"author\":{\"name\":\"Mercadeo RACSA\",\"@id\":\"https:\\\/\\\/www.racsa.go.cr\\\/blog\\\/#\\\/schema\\\/person\\\/ec79d31370d6dc9aaa4365492bc04f4e\"},\"headline\":\"Red 5G de RACSA cumple un a\u00f1o en Costa Rica y potencia la inclusi\u00f3n digital en todo el pa\u00eds\",\"datePublished\":\"2025-09-08T19:39:15+00:00\",\"dateModified\":\"2025-09-08T19:46:04+00:00\",\"mainEntityOfPage\":{\"@id\":\"https:\\\/\\\/www.racsa.go.cr\\\/blog\\\/red-5g-de-racsa-cumple-un-ano-en-costa-rica-y-potencia-la-inclusion-digital-en-todo-el-pais\\\/\"},\"wordCount\":634,\"publisher\":{\"@id\":\"https:\\\/\\\/www.racsa.go.cr\\\/blog\\\/#organization\"},\"image\":{\"@id\":\"https:\\\/\\\/www.racsa.go.cr\\\/blog\\\/red-5g-de-racsa-cumple-un-ano-en-costa-rica-y-potencia-la-inclusion-digital-en-todo-el-pais\\\/#primaryimage\"},\"thumbnailUrl\":\"https:\\\/\\\/www.racsa.go.cr\\\/blog\\\/wp-content\\\/uploads\\\/2025\\\/09\\\/racsa-2-1024x536.jpg.webp\",\"articleSection\":[\"INTERNET PARA EMPRESAS COSTA RICA\"],\"inLanguage\":\"es-CR\"},{\"@type\":\"WebPage\",\"@id\":\"https:\\\/\\\/www.racsa.go.cr\\\/blog\\\/red-5g-de-racsa-cumple-un-ano-en-costa-rica-y-potencia-la-inclusion-digital-en-todo-el-pais\\\/\",\"url\":\"https:\\\/\\\/www.racsa.go.cr\\\/blog\\\/red-5g-de-racsa-cumple-un-ano-en-costa-rica-y-potencia-la-inclusion-digital-en-todo-el-pais\\\/\",\"name\":\"Red 5G de RACSA cumple un a\u00f1o en Costa Rica y potencia la inclusi\u00f3n digital en todo el pa\u00eds - Blog de RACSA\",\"isPartOf\":{\"@id\":\"https:\\\/\\\/www.racsa.go.cr\\\/blog\\\/#website\"},\"primaryImageOfPage\":{\"@id\":\"https:\\\/\\\/www.racsa.go.cr\\\/blog\\\/red-5g-de-racsa-cumple-un-ano-en-costa-rica-y-potencia-la-inclusion-digital-en-todo-el-pais\\\/#primaryimage\"},\"image\":{\"@id\":\"https:\\\/\\\/www.racsa.go.cr\\\/blog\\\/red-5g-de-racsa-cumple-un-ano-en-costa-rica-y-potencia-la-inclusion-digital-en-todo-el-pais\\\/#primaryimage\"},\"thumbnailUrl\":\"https:\\\/\\\/www.racsa.go.cr\\\/blog\\\/wp-content\\\/uploads\\\/2025\\\/09\\\/racsa-2-1024x536.jpg.webp\",\"datePublished\":\"2025-09-08T19:39:15+00:00\",\"dateModified\":\"2025-09-08T19:46:04+00:00\",\"breadcrumb\":{\"@id\":\"https:\\\/\\\/www.racsa.go.cr\\\/blog\\\/red-5g-de-racsa-cumple-un-ano-en-costa-rica-y-potencia-la-inclusion-digital-en-todo-el-pais\\\/#breadcrumb\"},\"inLanguage\":\"es-CR\",\"potentialAction\":[{\"@type\":\"ReadAction\",\"target\":[\"https:\\\/\\\/www.racsa.go.cr\\\/blog\\\/red-5g-de-racsa-cumple-un-ano-en-costa-rica-y-potencia-la-inclusion-digital-en-todo-el-pais\\\/\"]}]},{\"@type\":\"ImageObject\",\"inLanguage\":\"es-CR\",\"@id\":\"https:\\\/\\\/www.racsa.go.cr\\\/blog\\\/red-5g-de-racsa-cumple-un-ano-en-costa-rica-y-potencia-la-inclusion-digital-en-todo-el-pais\\\/#primaryimage\",\"url\":\"https:\\\/\\\/www.racsa.go.cr\\\/blog\\\/wp-content\\\/uploads\\\/2025\\\/09\\\/racsa-2-1024x536.jpg.webp\",\"contentUrl\":\"https:\\\/\\\/www.racsa.go.cr\\\/blog\\\/wp-content\\\/uploads\\\/2025\\\/09\\\/racsa-2-1024x536.jpg.webp\",\"width\":1024,\"height\":536,\"caption\":\"Despliegue alcanza a comunidades en las siete provincias\"},{\"@type\":\"BreadcrumbList\",\"@id\":\"https:\\\/\\\/www.racsa.go.cr\\\/blog\\\/red-5g-de-racsa-cumple-un-ano-en-costa-rica-y-potencia-la-inclusion-digital-en-todo-el-pais\\\/#breadcrumb\",\"itemListElement\":[{\"@type\":\"ListItem\",\"position\":1,\"name\":\"Portada\",\"item\":\"https:\\\/\\\/www.racsa.go.cr\\\/blog\\\/\"},{\"@type\":\"ListItem\",\"position\":2,\"name\":\"Red 5G de RACSA cumple un a\u00f1o en Costa Rica y potencia la inclusi\u00f3n digital en todo el pa\u00eds\"}]},{\"@type\":\"WebSite\",\"@id\":\"https:\\\/\\\/www.racsa.go.cr\\\/blog\\\/#website\",\"url\":\"https:\\\/\\\/www.racsa.go.cr\\\/blog\\\/\",\"name\":\"Blog de RACSA\",\"description\":\"Noticias y comunicados de inter\u00e9s\",\"publisher\":{\"@id\":\"https:\\\/\\\/www.racsa.go.cr\\\/blog\\\/#organization\"},\"potentialAction\":[{\"@type\":\"SearchAction\",\"target\":{\"@type\":\"EntryPoint\",\"urlTemplate\":\"https:\\\/\\\/www.racsa.go.cr\\\/blog\\\/?s={search_term_string}\"},\"query-input\":{\"@type\":\"PropertyValueSpecification\",\"valueRequired\":true,\"valueName\":\"search_term_string\"}}],\"inLanguage\":\"es-CR\"},{\"@type\":\"Organization\",\"@id\":\"https:\\\/\\\/www.racsa.go.cr\\\/blog\\\/#organization\",\"name\":\"RACSA\",\"url\":\"https:\\\/\\\/www.racsa.go.cr\\\/blog\\\/\",\"logo\":{\"@type\":\"ImageObject\",\"inLanguage\":\"es-CR\",\"@id\":\"https:\\\/\\\/www.racsa.go.cr\\\/blog\\\/#\\\/schema\\\/logo\\\/image\\\/\",\"url\":\"https:\\\/\\\/www.racsa.go.cr\\\/blog\\\/wp-content\\\/uploads\\\/2020\\\/06\\\/logo-racsa-blog_Mesa-de-trabajo-1.png\",\"contentUrl\":\"https:\\\/\\\/www.racsa.go.cr\\\/blog\\\/wp-content\\\/uploads\\\/2020\\\/06\\\/logo-racsa-blog_Mesa-de-trabajo-1.png\",\"width\":77,\"height\":50,\"caption\":\"RACSA\"},\"image\":{\"@id\":\"https:\\\/\\\/www.racsa.go.cr\\\/blog\\\/#\\\/schema\\\/logo\\\/image\\\/\"},\"sameAs\":[\"https:\\\/\\\/m.facebook.com\\\/RACSACR\\\/\",\"https:\\\/\\\/x.com\\\/RACSA_CR\",\"https:\\\/\\\/instagram.com\\\/racsa_cr?igshid=1xty3rwhqjj6p\",\"https:\\\/\\\/www.linkedin.com\\\/authwall?trk=gf&amp;amp;amp;amp;amp;amp;amp;trkInfo=AQGkHPl9RaoQ9AAAAXXizZAgZzcQwi0sdfDTg7AF4I5Q6B_NrjW5R7wFovOzBkS8ur94lJpFmlv2bomYKC3GZOFcSqkgLKm5wKGh61DyjTqr6c_1E_AFOwxMWF5kjSLpCvbYX9o=&amp;amp;amp;amp;amp;amp;amp;originalReferer&amp;amp;amp;amp;amp;amp;amp;sessionRedirect=https:\\\/\\\/es.linkedin.com\\\/company\\\/racsa_cr\",\"https:\\\/\\\/www.youtube.com\\\/user\\\/RACSACOSTARICA\"]},{\"@type\":\"Person\",\"@id\":\"https:\\\/\\\/www.racsa.go.cr\\\/blog\\\/#\\\/schema\\\/person\\\/ec79d31370d6dc9aaa4365492bc04f4e\",\"name\":\"Mercadeo RACSA\",\"image\":{\"@type\":\"ImageObject\",\"inLanguage\":\"es-CR\",\"@id\":\"https:\\\/\\\/secure.gravatar.com\\\/avatar\\\/7b464a0e344d5a5f82f8b9ceb49dae1d41b1141998fb14d2046814a158d02734?s=96&d=mm&r=g\",\"url\":\"https:\\\/\\\/secure.gravatar.com\\\/avatar\\\/7b464a0e344d5a5f82f8b9ceb49dae1d41b1141998fb14d2046814a158d02734?s=96&d=mm&r=g\",\"contentUrl\":\"https:\\\/\\\/secure.gravatar.com\\\/avatar\\\/7b464a0e344d5a5f82f8b9ceb49dae1d41b1141998fb14d2046814a158d02734?s=96&d=mm&r=g\",\"caption\":\"Mercadeo RACSA\"}}]}<\/script>\n<!-- \/ Yoast SEO plugin. -->","yoast_head_json":{"title":"Red 5G de RACSA cumple un a\u00f1o en Costa Rica y potencia la inclusi\u00f3n digital en todo el pa\u00eds - Blog de RACSA","robots":{"index":"index","follow":"follow","max-snippet":"max-snippet:-1","max-image-preview":"max-image-preview:large","max-video-preview":"max-video-preview:-1"},"canonical":"https:\/\/www.racsa.go.cr\/blog\/red-5g-de-racsa-cumple-un-ano-en-costa-rica-y-potencia-la-inclusion-digital-en-todo-el-pais\/","og_locale":"es_ES","og_type":"article","og_title":"Red 5G de RACSA cumple un a\u00f1o en Costa Rica y potencia la inclusi\u00f3n digital en todo el pa\u00eds - Blog de RACSA","og_description":"Despliegue alcanza a comunidades en las siete provincias Tecnolog\u00eda de quinta generaci\u00f3n proyecta un impacto...","og_url":"https:\/\/www.racsa.go.cr\/blog\/red-5g-de-racsa-cumple-un-ano-en-costa-rica-y-potencia-la-inclusion-digital-en-todo-el-pais\/","og_site_name":"Blog de RACSA","article_publisher":"https:\/\/m.facebook.com\/RACSACR\/","article_published_time":"2025-09-08T19:39:15+00:00","article_modified_time":"2025-09-08T19:46:04+00:00","og_image":[{"width":1024,"height":536,"url":"https:\/\/www.racsa.go.cr\/blog\/wp-content\/uploads\/2025\/09\/racsa-2-1024x536.jpg.webp","type":"image\/webp"}],"author":"Mercadeo RACSA","twitter_card":"summary_large_image","twitter_creator":"@RACSA_CR","twitter_site":"@RACSA_CR","twitter_misc":{"Written by":"Mercadeo RACSA","Est. reading time":"3 minutos"},"schema":{"@context":"https:\/\/schema.org","@graph":[{"@type":"Article","@id":"https:\/\/www.racsa.go.cr\/blog\/red-5g-de-racsa-cumple-un-ano-en-costa-rica-y-potencia-la-inclusion-digital-en-todo-el-pais\/#article","isPartOf":{"@id":"https:\/\/www.racsa.go.cr\/blog\/red-5g-de-racsa-cumple-un-ano-en-costa-rica-y-potencia-la-inclusion-digital-en-todo-el-pais\/"},"author":{"name":"Mercadeo RACSA","@id":"https:\/\/www.racsa.go.cr\/blog\/#\/schema\/person\/ec79d31370d6dc9aaa4365492bc04f4e"},"headline":"Red 5G de RACSA cumple un a\u00f1o en Costa Rica y potencia la inclusi\u00f3n digital en todo el pa\u00eds","datePublished":"2025-09-08T19:39:15+00:00","dateModified":"2025-09-08T19:46:04+00:00","mainEntityOfPage":{"@id":"https:\/\/www.racsa.go.cr\/blog\/red-5g-de-racsa-cumple-un-ano-en-costa-rica-y-potencia-la-inclusion-digital-en-todo-el-pais\/"},"wordCount":634,"publisher":{"@id":"https:\/\/www.racsa.go.cr\/blog\/#organization"},"image":{"@id":"https:\/\/www.racsa.go.cr\/blog\/red-5g-de-racsa-cumple-un-ano-en-costa-rica-y-potencia-la-inclusion-digital-en-todo-el-pais\/#primaryimage"},"thumbnailUrl":"https:\/\/www.racsa.go.cr\/blog\/wp-content\/uploads\/2025\/09\/racsa-2-1024x536.jpg.webp","articleSection":["INTERNET PARA EMPRESAS COSTA RICA"],"inLanguage":"es-CR"},{"@type":"WebPage","@id":"https:\/\/www.racsa.go.cr\/blog\/red-5g-de-racsa-cumple-un-ano-en-costa-rica-y-potencia-la-inclusion-digital-en-todo-el-pais\/","url":"https:\/\/www.racsa.go.cr\/blog\/red-5g-de-racsa-cumple-un-ano-en-costa-rica-y-potencia-la-inclusion-digital-en-todo-el-pais\/","name":"Red 5G de RACSA cumple un a\u00f1o en Costa Rica y potencia la inclusi\u00f3n digital en todo el pa\u00eds - Blog de RACSA","isPartOf":{"@id":"https:\/\/www.racsa.go.cr\/blog\/#website"},"primaryImageOfPage":{"@id":"https:\/\/www.racsa.go.cr\/blog\/red-5g-de-racsa-cumple-un-ano-en-costa-rica-y-potencia-la-inclusion-digital-en-todo-el-pais\/#primaryimage"},"image":{"@id":"https:\/\/www.racsa.go.cr\/blog\/red-5g-de-racsa-cumple-un-ano-en-costa-rica-y-potencia-la-inclusion-digital-en-todo-el-pais\/#primaryimage"},"thumbnailUrl":"https:\/\/www.racsa.go.cr\/blog\/wp-content\/uploads\/2025\/09\/racsa-2-1024x536.jpg.webp","datePublished":"2025-09-08T19:39:15+00:00","dateModified":"2025-09-08T19:46:04+00:00","breadcrumb":{"@id":"https:\/\/www.racsa.go.cr\/blog\/red-5g-de-racsa-cumple-un-ano-en-costa-rica-y-potencia-la-inclusion-digital-en-todo-el-pais\/#breadcrumb"},"inLanguage":"es-CR","potentialAction":[{"@type":"ReadAction","target":["https:\/\/www.racsa.go.cr\/blog\/red-5g-de-racsa-cumple-un-ano-en-costa-rica-y-potencia-la-inclusion-digital-en-todo-el-pais\/"]}]},{"@type":"ImageObject","inLanguage":"es-CR","@id":"https:\/\/www.racsa.go.cr\/blog\/red-5g-de-racsa-cumple-un-ano-en-costa-rica-y-potencia-la-inclusion-digital-en-todo-el-pais\/#primaryimage","url":"https:\/\/www.racsa.go.cr\/blog\/wp-content\/uploads\/2025\/09\/racsa-2-1024x536.jpg.webp","contentUrl":"https:\/\/www.racsa.go.cr\/blog\/wp-content\/uploads\/2025\/09\/racsa-2-1024x536.jpg.webp","width":1024,"height":536,"caption":"Despliegue alcanza a comunidades en las siete provincias"},{"@type":"BreadcrumbList","@id":"https:\/\/www.racsa.go.cr\/blog\/red-5g-de-racsa-cumple-un-ano-en-costa-rica-y-potencia-la-inclusion-digital-en-todo-el-pais\/#breadcrumb","itemListElement":[{"@type":"ListItem","position":1,"name":"Portada","item":"https:\/\/www.racsa.go.cr\/blog\/"},{"@type":"ListItem","position":2,"name":"Red 5G de RACSA cumple un a\u00f1o en Costa Rica y potencia la inclusi\u00f3n digital en todo el pa\u00eds"}]},{"@type":"WebSite","@id":"https:\/\/www.racsa.go.cr\/blog\/#website","url":"https:\/\/www.racsa.go.cr\/blog\/","name":"Blog de RACSA","description":"Noticias y comunicados de inter\u00e9s","publisher":{"@id":"https:\/\/www.racsa.go.cr\/blog\/#organization"},"potentialAction":[{"@type":"SearchAction","target":{"@type":"EntryPoint","urlTemplate":"https:\/\/www.racsa.go.cr\/blog\/?s={search_term_string}"},"query-input":{"@type":"PropertyValueSpecification","valueRequired":true,"valueName":"search_term_string"}}],"inLanguage":"es-CR"},{"@type":"Organization","@id":"https:\/\/www.racsa.go.cr\/blog\/#organization","name":"RACSA","url":"https:\/\/www.racsa.go.cr\/blog\/","logo":{"@type":"ImageObject","inLanguage":"es-CR","@id":"https:\/\/www.racsa.go.cr\/blog\/#\/schema\/logo\/image\/","url":"https:\/\/www.racsa.go.cr\/blog\/wp-content\/uploads\/2020\/06\/logo-racsa-blog_Mesa-de-trabajo-1.png","contentUrl":"https:\/\/www.racsa.go.cr\/blog\/wp-content\/uploads\/2020\/06\/logo-racsa-blog_Mesa-de-trabajo-1.png","width":77,"height":50,"caption":"RACSA"},"image":{"@id":"https:\/\/www.racsa.go.cr\/blog\/#\/schema\/logo\/image\/"},"sameAs":["https:\/\/m.facebook.com\/RACSACR\/","https:\/\/x.com\/RACSA_CR","https:\/\/instagram.com\/racsa_cr?igshid=1xty3rwhqjj6p","https:\/\/www.linkedin.com\/authwall?trk=gf&amp;amp;amp;amp;amp;amp;amp;trkInfo=AQGkHPl9RaoQ9AAAAXXizZAgZzcQwi0sdfDTg7AF4I5Q6B_NrjW5R7wFovOzBkS8ur94lJpFmlv2bomYKC3GZOFcSqkgLKm5wKGh61DyjTqr6c_1E_AFOwxMWF5kjSLpCvbYX9o=&amp;amp;amp;amp;amp;amp;amp;originalReferer&amp;amp;amp;amp;amp;amp;amp;sessionRedirect=https:\/\/es.linkedin.com\/company\/racsa_cr","https:\/\/www.youtube.com\/user\/RACSACOSTARICA"]},{"@type":"Person","@id":"https:\/\/www.racsa.go.cr\/blog\/#\/schema\/person\/ec79d31370d6dc9aaa4365492bc04f4e","name":"Mercadeo RACSA","image":{"@type":"ImageObject","inLanguage":"es-CR","@id":"https:\/\/secure.gravatar.com\/avatar\/7b464a0e344d5a5f82f8b9ceb49dae1d41b1141998fb14d2046814a158d02734?s=96&d=mm&r=g","url":"https:\/\/secure.gravatar.com\/avatar\/7b464a0e344d5a5f82f8b9ceb49dae1d41b1141998fb14d2046814a158d02734?s=96&d=mm&r=g","contentUrl":"https:\/\/secure.gravatar.com\/avatar\/7b464a0e344d5a5f82f8b9ceb49dae1d41b1141998fb14d2046814a158d02734?s=96&d=mm&r=g","caption":"Mercadeo RACSA"}}]}},"_links":{"self":[{"href":"https:\/\/www.racsa.go.cr\/blog\/wp-json\/wp\/v2\/posts\/3857","targetHints":{"allow":["GET"]}}],"collection":[{"href":"https:\/\/www.racsa.go.cr\/blog\/wp-json\/wp\/v2\/posts"}],"about":[{"href":"https:\/\/www.racsa.go.cr\/blog\/wp-json\/wp\/v2\/types\/post"}],"author":[{"embeddable":true,"href":"https:\/\/www.racsa.go.cr\/blog\/wp-json\/wp\/v2\/users\/2"}],"replies":[{"embeddable":true,"href":"https:\/\/www.racsa.go.cr\/blog\/wp-json\/wp\/v2\/comments?post=3857"}],"version-history":[{"count":0,"href":"https:\/\/www.racsa.go.cr\/blog\/wp-json\/wp\/v2\/posts\/3857\/revisions"}],"wp:featuredmedia":[{"embeddable":true,"href":"https:\/\/www.racsa.go.cr\/blog\/wp-json\/wp\/v2\/media\/3858"}],"wp:attachment":[{"href":"https:\/\/www.racsa.go.cr\/blog\/wp-json\/wp\/v2\/media?parent=3857"}],"wp:term":[{"taxonomy":"category","embeddable":true,"href":"https:\/\/www.racsa.go.cr\/blog\/wp-json\/wp\/v2\/categories?post=3857"},{"taxonomy":"post_tag","embeddable":true,"href":"https:\/\/www.racsa.go.cr\/blog\/wp-json\/wp\/v2\/tags?post=3857"}],"curies":[{"name":"wp","href":"https:\/\/api.w.org\/{rel}","templated":true}]}}