{"id":3843,"date":"2025-08-29T08:26:11","date_gmt":"2025-08-29T14:26:11","guid":{"rendered":"https:\/\/www.racsa.go.cr\/blog\/?p=3843"},"modified":"2025-08-29T08:29:21","modified_gmt":"2025-08-29T14:29:21","slug":"empresas-en-costa-rica-podran-usar-la-nube-de-amazon-con-respaldo-de-racsa","status":"publish","type":"post","link":"https:\/\/www.racsa.go.cr\/blog\/empresas-en-costa-rica-podran-usar-la-nube-de-amazon-con-respaldo-de-racsa\/","title":{"rendered":"Empresas en Costa Rica podr\u00e1n usar la nube de Amazon con respaldo de RACSA"},"content":{"rendered":"\n<p class=\"has-vivid-cyan-blue-color has-text-color has-link-color wp-elements-299539045bad8c2a207f21aaa05be8f9\"><em>Alianza permite a compa\u00f1\u00edas nacionales acceder a AWS Elastic Compute Cloud con soporte t\u00e9cnico en espa\u00f1ol, facturaci\u00f3n local y atenci\u00f3n especializada desde el pa\u00eds<\/em><\/p>\n\n\n\n<p>La transformaci\u00f3n digital en Costa Rica da un nuevo paso con impacto directo en el sector productivo.<\/p>\n\n\n\n<p>Y es que gracias a una alianza entre&nbsp;<strong><a href=\"https:\/\/www.larepublica.net\/noticia\/racsa-celebra-un-ano-de-la-primera-red-comercial-de-internet-5g-en-costa-rica\/\">RACSA<\/a><\/strong>&nbsp;y&nbsp;<strong>Amazon Web Services<\/strong>&nbsp;(AWS), empresas costarricenses podr\u00e1n acceder a Amazon Elastic Compute Cloud (<strong><a href=\"https:\/\/www.racsa.go.cr\/servicios\/solucion-de-infraestructura-y-nube\/amazon-aws\/aws-elastic-compute-cloud-amazon-ec2\/\">EC2<\/a><\/strong>), una soluci\u00f3n de clase mundial que ofrece una alternativa flexible, escalable y de menor costo para ejecutar servidores en la nube.<\/p>\n\n\n\n<p>Con este respaldo, los negocios nacionales no solo obtendr\u00e1n tecnolog\u00eda de \u00faltima generaci\u00f3n, sino tambi\u00e9n un acompa\u00f1amiento diferenciado: soporte t\u00e9cnico en espa\u00f1ol, facturaci\u00f3n nacional y atenci\u00f3n directa desde Costa Rica.<\/p>\n\n\n\n<p>Estos factores que reducen las barreras que hasta ahora frenaban la adopci\u00f3n de servicios de nube en el pa\u00eds.<\/p>\n\n\n\n<p><strong>Beneficios para las empresas<\/strong><strong><\/strong><\/p>\n\n\n\n<p>Amazon EC2, uno de los servicios insignia de AWS, se ha consolidado a nivel global como una soluci\u00f3n para que empresas ejecuten servidores virtuales de forma segura y eficiente.<\/p>\n\n\n\n<p>Esto elimina el gasto en centros de datos f\u00edsicos, reduciendo significativamente los costos operativos.<\/p>\n\n\n\n<p>Adem\u00e1s, ofrece escalabilidad bajo demanda, personalizaci\u00f3n avanzada de recursos inform\u00e1ticos y modelos de pago flexibles, que la convierten en una herramienta clave para empresas que buscan eficiencia y agilidad.<\/p>\n\n\n\n<p>Amazon EC2 no solo permite migrar sitios web y aplicaciones, sino que tambi\u00e9n soporta cargas de trabajo complejas como inteligencia artificial, anal\u00edtica de datos, sistemas ERP y plataformas SAP.<\/p>\n\n\n\n<p>Entre sus principales beneficios destacan:<\/p>\n\n\n\n<p><strong>\u2022Escalabilidad instant\u00e1nea:<\/strong><strong>&nbsp;<\/strong>Ideal para campa\u00f1as digitales, aperturas de matr\u00edcula, ecommerce y eventos de alta demanda.<\/p>\n\n\n\n<p><strong>\u2022Reducci\u00f3n de costos:<\/strong><strong>&nbsp;<\/strong>Se elimina la inversi\u00f3n en hardware y licencias locales.<\/p>\n\n\n\n<p><strong>\u2022Alta disponibilidad:<\/strong><strong>&nbsp;<\/strong>Garantiza continuidad operativa ante eventos inesperados.<\/p>\n\n\n\n<p><strong>\u2022Alto rendimiento:<\/strong><strong>&nbsp;<\/strong>Con capacidades de red de hasta 400 Gbps y procesadores de \u00faltima generaci\u00f3n.<\/p>\n\n\n\n<p><strong>RACSA como puente tecnol\u00f3gico<\/strong><\/p>\n\n\n\n<p>Esta alianza refuerza el papel de RACSA como catalizador de la transformaci\u00f3n digital nacional.<\/p>\n\n\n\n<p>La empresa estatal, que desde hace d\u00e9cadas forma parte del ecosistema tecnol\u00f3gico del pa\u00eds, ha buscado evolucionar de manera constante para responder a las nuevas exigencias de un entorno global cada vez m\u00e1s digitalizado.<\/p>\n\n\n\n<p>Con esta colaboraci\u00f3n, RACSA no solo act\u00faa como proveedor tecnol\u00f3gico, sino que asume el rol de asesor estrat\u00e9gico para las compa\u00f1\u00edas locales.<\/p>\n\n\n\n<p>Su oferta incluye asesor\u00eda t\u00e9cnica, migraci\u00f3n segura, personalizaci\u00f3n de infraestructura y soporte continuo, con un equipo que entiende tanto los est\u00e1ndares internacionales como las particularidades del mercado costarricense.<\/p>\n\n\n\n<p>Este acompa\u00f1amiento es clave para empresas que todav\u00eda enfrentan barreras de entrada, como la complejidad t\u00e9cnica de la migraci\u00f3n, las dudas sobre la seguridad de los datos o la necesidad de cumplir regulaciones locales.<\/p>\n\n\n\n<p><strong>M\u00e1s informaci\u00f3n<\/strong><strong><\/strong><\/p>\n\n\n\n<p>Para asesor\u00eda especializada puede comunicarse a l\u00ednea gratuita 800-NEGOCIO (800-6346246), correo electr\u00f3nico:\u00a0\u00a0<a href=\"mailto:comercial@racsa.go.cr\">comercial@racsa.go.cr<\/a> Para conocer m\u00e1s sobre c\u00f3mo incrementar el almacenamiento digital de su empresa, puede ingresar aqu\u00ed:<\/p>\n\n\n\n<p><a href=\"https:\/\/www.racsa.go.cr\/servicios\/solucion-de-infraestructura-y-nube\/amazon-aws\/aws-compute-cloud\/\">https:\/\/www.racsa.go.cr\/servicios\/solucion-de-infraestructura-y-nube\/amazon-aws\/aws-compute-cloud\/<\/a><\/p>\n","protected":false},"excerpt":{"rendered":"<p>Alianza permite a compa\u00f1\u00edas nacionales acceder a AWS Elastic Compute Cloud con soporte t\u00e9cnico en&#8230;<\/p>\n","protected":false},"author":2,"featured_media":3844,"comment_status":"closed","ping_status":"closed","sticky":false,"template":"","format":"standard","meta":{"footnotes":""},"categories":[1],"tags":[],"class_list":["post-3843","post","type-post","status-publish","format-standard","has-post-thumbnail","hentry","category-internet-para-empresas-costa-rica"],"yoast_head":"<!-- This site is optimized with the Yoast SEO plugin v27.4 - https:\/\/yoast.com\/product\/yoast-seo-wordpress\/ -->\n<title>Empresas en Costa Rica podr\u00e1n usar la nube de Amazon con respaldo de RACSA - Blog de RACSA<\/title>\n<meta name=\"robots\" content=\"index, follow, max-snippet:-1, max-image-preview:large, max-video-preview:-1\" \/>\n<link rel=\"canonical\" href=\"https:\/\/www.racsa.go.cr\/blog\/empresas-en-costa-rica-podran-usar-la-nube-de-amazon-con-respaldo-de-racsa\/\" \/>\n<meta property=\"og:locale\" content=\"es_ES\" \/>\n<meta property=\"og:type\" content=\"article\" \/>\n<meta property=\"og:title\" content=\"Empresas en Costa Rica podr\u00e1n usar la nube de Amazon con respaldo de RACSA - Blog de RACSA\" \/>\n<meta property=\"og:description\" content=\"Alianza permite a compa\u00f1\u00edas nacionales acceder a AWS Elastic Compute Cloud con soporte t\u00e9cnico en...\" \/>\n<meta property=\"og:url\" content=\"https:\/\/www.racsa.go.cr\/blog\/empresas-en-costa-rica-podran-usar-la-nube-de-amazon-con-respaldo-de-racsa\/\" \/>\n<meta property=\"og:site_name\" content=\"Blog de RACSA\" \/>\n<meta property=\"article:publisher\" content=\"https:\/\/m.facebook.com\/RACSACR\/\" \/>\n<meta property=\"article:published_time\" content=\"2025-08-29T14:26:11+00:00\" \/>\n<meta property=\"article:modified_time\" content=\"2025-08-29T14:29:21+00:00\" \/>\n<meta property=\"og:image\" content=\"https:\/\/www.racsa.go.cr\/blog\/wp-content\/uploads\/2025\/08\/publireportajes-01.png\" \/>\n\t<meta property=\"og:image:width\" content=\"1200\" \/>\n\t<meta property=\"og:image:height\" content=\"628\" \/>\n\t<meta property=\"og:image:type\" content=\"image\/png\" \/>\n<meta name=\"author\" content=\"Mercadeo RACSA\" \/>\n<meta name=\"twitter:card\" content=\"summary_large_image\" \/>\n<meta name=\"twitter:creator\" content=\"@RACSA_CR\" \/>\n<meta name=\"twitter:site\" content=\"@RACSA_CR\" \/>\n<meta name=\"twitter:label1\" content=\"Written by\" \/>\n\t<meta name=\"twitter:data1\" content=\"Mercadeo RACSA\" \/>\n\t<meta name=\"twitter:label2\" content=\"Est. reading time\" \/>\n\t<meta name=\"twitter:data2\" content=\"3 minutos\" \/>\n<script type=\"application\/ld+json\" class=\"yoast-schema-graph\">{\"@context\":\"https:\\\/\\\/schema.org\",\"@graph\":[{\"@type\":\"Article\",\"@id\":\"https:\\\/\\\/www.racsa.go.cr\\\/blog\\\/empresas-en-costa-rica-podran-usar-la-nube-de-amazon-con-respaldo-de-racsa\\\/#article\",\"isPartOf\":{\"@id\":\"https:\\\/\\\/www.racsa.go.cr\\\/blog\\\/empresas-en-costa-rica-podran-usar-la-nube-de-amazon-con-respaldo-de-racsa\\\/\"},\"author\":{\"name\":\"Mercadeo RACSA\",\"@id\":\"https:\\\/\\\/www.racsa.go.cr\\\/blog\\\/#\\\/schema\\\/person\\\/ec79d31370d6dc9aaa4365492bc04f4e\"},\"headline\":\"Empresas en Costa Rica podr\u00e1n usar la nube de Amazon con respaldo de RACSA\",\"datePublished\":\"2025-08-29T14:26:11+00:00\",\"dateModified\":\"2025-08-29T14:29:21+00:00\",\"mainEntityOfPage\":{\"@id\":\"https:\\\/\\\/www.racsa.go.cr\\\/blog\\\/empresas-en-costa-rica-podran-usar-la-nube-de-amazon-con-respaldo-de-racsa\\\/\"},\"wordCount\":555,\"publisher\":{\"@id\":\"https:\\\/\\\/www.racsa.go.cr\\\/blog\\\/#organization\"},\"image\":{\"@id\":\"https:\\\/\\\/www.racsa.go.cr\\\/blog\\\/empresas-en-costa-rica-podran-usar-la-nube-de-amazon-con-respaldo-de-racsa\\\/#primaryimage\"},\"thumbnailUrl\":\"https:\\\/\\\/www.racsa.go.cr\\\/blog\\\/wp-content\\\/uploads\\\/2025\\\/08\\\/publireportajes-01.png\",\"articleSection\":[\"INTERNET PARA EMPRESAS COSTA RICA\"],\"inLanguage\":\"es-CR\"},{\"@type\":\"WebPage\",\"@id\":\"https:\\\/\\\/www.racsa.go.cr\\\/blog\\\/empresas-en-costa-rica-podran-usar-la-nube-de-amazon-con-respaldo-de-racsa\\\/\",\"url\":\"https:\\\/\\\/www.racsa.go.cr\\\/blog\\\/empresas-en-costa-rica-podran-usar-la-nube-de-amazon-con-respaldo-de-racsa\\\/\",\"name\":\"Empresas en Costa Rica podr\u00e1n usar la nube de Amazon con respaldo de RACSA - Blog de RACSA\",\"isPartOf\":{\"@id\":\"https:\\\/\\\/www.racsa.go.cr\\\/blog\\\/#website\"},\"primaryImageOfPage\":{\"@id\":\"https:\\\/\\\/www.racsa.go.cr\\\/blog\\\/empresas-en-costa-rica-podran-usar-la-nube-de-amazon-con-respaldo-de-racsa\\\/#primaryimage\"},\"image\":{\"@id\":\"https:\\\/\\\/www.racsa.go.cr\\\/blog\\\/empresas-en-costa-rica-podran-usar-la-nube-de-amazon-con-respaldo-de-racsa\\\/#primaryimage\"},\"thumbnailUrl\":\"https:\\\/\\\/www.racsa.go.cr\\\/blog\\\/wp-content\\\/uploads\\\/2025\\\/08\\\/publireportajes-01.png\",\"datePublished\":\"2025-08-29T14:26:11+00:00\",\"dateModified\":\"2025-08-29T14:29:21+00:00\",\"breadcrumb\":{\"@id\":\"https:\\\/\\\/www.racsa.go.cr\\\/blog\\\/empresas-en-costa-rica-podran-usar-la-nube-de-amazon-con-respaldo-de-racsa\\\/#breadcrumb\"},\"inLanguage\":\"es-CR\",\"potentialAction\":[{\"@type\":\"ReadAction\",\"target\":[\"https:\\\/\\\/www.racsa.go.cr\\\/blog\\\/empresas-en-costa-rica-podran-usar-la-nube-de-amazon-con-respaldo-de-racsa\\\/\"]}]},{\"@type\":\"ImageObject\",\"inLanguage\":\"es-CR\",\"@id\":\"https:\\\/\\\/www.racsa.go.cr\\\/blog\\\/empresas-en-costa-rica-podran-usar-la-nube-de-amazon-con-respaldo-de-racsa\\\/#primaryimage\",\"url\":\"https:\\\/\\\/www.racsa.go.cr\\\/blog\\\/wp-content\\\/uploads\\\/2025\\\/08\\\/publireportajes-01.png\",\"contentUrl\":\"https:\\\/\\\/www.racsa.go.cr\\\/blog\\\/wp-content\\\/uploads\\\/2025\\\/08\\\/publireportajes-01.png\",\"width\":1200,\"height\":628},{\"@type\":\"BreadcrumbList\",\"@id\":\"https:\\\/\\\/www.racsa.go.cr\\\/blog\\\/empresas-en-costa-rica-podran-usar-la-nube-de-amazon-con-respaldo-de-racsa\\\/#breadcrumb\",\"itemListElement\":[{\"@type\":\"ListItem\",\"position\":1,\"name\":\"Portada\",\"item\":\"https:\\\/\\\/www.racsa.go.cr\\\/blog\\\/\"},{\"@type\":\"ListItem\",\"position\":2,\"name\":\"Empresas en Costa Rica podr\u00e1n usar la nube de Amazon con respaldo de RACSA\"}]},{\"@type\":\"WebSite\",\"@id\":\"https:\\\/\\\/www.racsa.go.cr\\\/blog\\\/#website\",\"url\":\"https:\\\/\\\/www.racsa.go.cr\\\/blog\\\/\",\"name\":\"Blog de RACSA\",\"description\":\"Noticias y comunicados de inter\u00e9s\",\"publisher\":{\"@id\":\"https:\\\/\\\/www.racsa.go.cr\\\/blog\\\/#organization\"},\"potentialAction\":[{\"@type\":\"SearchAction\",\"target\":{\"@type\":\"EntryPoint\",\"urlTemplate\":\"https:\\\/\\\/www.racsa.go.cr\\\/blog\\\/?s={search_term_string}\"},\"query-input\":{\"@type\":\"PropertyValueSpecification\",\"valueRequired\":true,\"valueName\":\"search_term_string\"}}],\"inLanguage\":\"es-CR\"},{\"@type\":\"Organization\",\"@id\":\"https:\\\/\\\/www.racsa.go.cr\\\/blog\\\/#organization\",\"name\":\"RACSA\",\"url\":\"https:\\\/\\\/www.racsa.go.cr\\\/blog\\\/\",\"logo\":{\"@type\":\"ImageObject\",\"inLanguage\":\"es-CR\",\"@id\":\"https:\\\/\\\/www.racsa.go.cr\\\/blog\\\/#\\\/schema\\\/logo\\\/image\\\/\",\"url\":\"https:\\\/\\\/www.racsa.go.cr\\\/blog\\\/wp-content\\\/uploads\\\/2020\\\/06\\\/logo-racsa-blog_Mesa-de-trabajo-1.png\",\"contentUrl\":\"https:\\\/\\\/www.racsa.go.cr\\\/blog\\\/wp-content\\\/uploads\\\/2020\\\/06\\\/logo-racsa-blog_Mesa-de-trabajo-1.png\",\"width\":77,\"height\":50,\"caption\":\"RACSA\"},\"image\":{\"@id\":\"https:\\\/\\\/www.racsa.go.cr\\\/blog\\\/#\\\/schema\\\/logo\\\/image\\\/\"},\"sameAs\":[\"https:\\\/\\\/m.facebook.com\\\/RACSACR\\\/\",\"https:\\\/\\\/x.com\\\/RACSA_CR\",\"https:\\\/\\\/instagram.com\\\/racsa_cr?igshid=1xty3rwhqjj6p\",\"https:\\\/\\\/www.linkedin.com\\\/authwall?trk=gf&amp;amp;amp;amp;amp;amp;amp;trkInfo=AQGkHPl9RaoQ9AAAAXXizZAgZzcQwi0sdfDTg7AF4I5Q6B_NrjW5R7wFovOzBkS8ur94lJpFmlv2bomYKC3GZOFcSqkgLKm5wKGh61DyjTqr6c_1E_AFOwxMWF5kjSLpCvbYX9o=&amp;amp;amp;amp;amp;amp;amp;originalReferer&amp;amp;amp;amp;amp;amp;amp;sessionRedirect=https:\\\/\\\/es.linkedin.com\\\/company\\\/racsa_cr\",\"https:\\\/\\\/www.youtube.com\\\/user\\\/RACSACOSTARICA\"]},{\"@type\":\"Person\",\"@id\":\"https:\\\/\\\/www.racsa.go.cr\\\/blog\\\/#\\\/schema\\\/person\\\/ec79d31370d6dc9aaa4365492bc04f4e\",\"name\":\"Mercadeo RACSA\",\"image\":{\"@type\":\"ImageObject\",\"inLanguage\":\"es-CR\",\"@id\":\"https:\\\/\\\/secure.gravatar.com\\\/avatar\\\/7b464a0e344d5a5f82f8b9ceb49dae1d41b1141998fb14d2046814a158d02734?s=96&d=mm&r=g\",\"url\":\"https:\\\/\\\/secure.gravatar.com\\\/avatar\\\/7b464a0e344d5a5f82f8b9ceb49dae1d41b1141998fb14d2046814a158d02734?s=96&d=mm&r=g\",\"contentUrl\":\"https:\\\/\\\/secure.gravatar.com\\\/avatar\\\/7b464a0e344d5a5f82f8b9ceb49dae1d41b1141998fb14d2046814a158d02734?s=96&d=mm&r=g\",\"caption\":\"Mercadeo RACSA\"}}]}<\/script>\n<!-- \/ Yoast SEO plugin. -->","yoast_head_json":{"title":"Empresas en Costa Rica podr\u00e1n usar la nube de Amazon con respaldo de RACSA - Blog de RACSA","robots":{"index":"index","follow":"follow","max-snippet":"max-snippet:-1","max-image-preview":"max-image-preview:large","max-video-preview":"max-video-preview:-1"},"canonical":"https:\/\/www.racsa.go.cr\/blog\/empresas-en-costa-rica-podran-usar-la-nube-de-amazon-con-respaldo-de-racsa\/","og_locale":"es_ES","og_type":"article","og_title":"Empresas en Costa Rica podr\u00e1n usar la nube de Amazon con respaldo de RACSA - Blog de RACSA","og_description":"Alianza permite a compa\u00f1\u00edas nacionales acceder a AWS Elastic Compute Cloud con soporte t\u00e9cnico en...","og_url":"https:\/\/www.racsa.go.cr\/blog\/empresas-en-costa-rica-podran-usar-la-nube-de-amazon-con-respaldo-de-racsa\/","og_site_name":"Blog de RACSA","article_publisher":"https:\/\/m.facebook.com\/RACSACR\/","article_published_time":"2025-08-29T14:26:11+00:00","article_modified_time":"2025-08-29T14:29:21+00:00","og_image":[{"width":1200,"height":628,"url":"https:\/\/www.racsa.go.cr\/blog\/wp-content\/uploads\/2025\/08\/publireportajes-01.png","type":"image\/png"}],"author":"Mercadeo RACSA","twitter_card":"summary_large_image","twitter_creator":"@RACSA_CR","twitter_site":"@RACSA_CR","twitter_misc":{"Written by":"Mercadeo RACSA","Est. reading time":"3 minutos"},"schema":{"@context":"https:\/\/schema.org","@graph":[{"@type":"Article","@id":"https:\/\/www.racsa.go.cr\/blog\/empresas-en-costa-rica-podran-usar-la-nube-de-amazon-con-respaldo-de-racsa\/#article","isPartOf":{"@id":"https:\/\/www.racsa.go.cr\/blog\/empresas-en-costa-rica-podran-usar-la-nube-de-amazon-con-respaldo-de-racsa\/"},"author":{"name":"Mercadeo RACSA","@id":"https:\/\/www.racsa.go.cr\/blog\/#\/schema\/person\/ec79d31370d6dc9aaa4365492bc04f4e"},"headline":"Empresas en Costa Rica podr\u00e1n usar la nube de Amazon con respaldo de RACSA","datePublished":"2025-08-29T14:26:11+00:00","dateModified":"2025-08-29T14:29:21+00:00","mainEntityOfPage":{"@id":"https:\/\/www.racsa.go.cr\/blog\/empresas-en-costa-rica-podran-usar-la-nube-de-amazon-con-respaldo-de-racsa\/"},"wordCount":555,"publisher":{"@id":"https:\/\/www.racsa.go.cr\/blog\/#organization"},"image":{"@id":"https:\/\/www.racsa.go.cr\/blog\/empresas-en-costa-rica-podran-usar-la-nube-de-amazon-con-respaldo-de-racsa\/#primaryimage"},"thumbnailUrl":"https:\/\/www.racsa.go.cr\/blog\/wp-content\/uploads\/2025\/08\/publireportajes-01.png","articleSection":["INTERNET PARA EMPRESAS COSTA RICA"],"inLanguage":"es-CR"},{"@type":"WebPage","@id":"https:\/\/www.racsa.go.cr\/blog\/empresas-en-costa-rica-podran-usar-la-nube-de-amazon-con-respaldo-de-racsa\/","url":"https:\/\/www.racsa.go.cr\/blog\/empresas-en-costa-rica-podran-usar-la-nube-de-amazon-con-respaldo-de-racsa\/","name":"Empresas en Costa Rica podr\u00e1n usar la nube de Amazon con respaldo de RACSA - Blog de RACSA","isPartOf":{"@id":"https:\/\/www.racsa.go.cr\/blog\/#website"},"primaryImageOfPage":{"@id":"https:\/\/www.racsa.go.cr\/blog\/empresas-en-costa-rica-podran-usar-la-nube-de-amazon-con-respaldo-de-racsa\/#primaryimage"},"image":{"@id":"https:\/\/www.racsa.go.cr\/blog\/empresas-en-costa-rica-podran-usar-la-nube-de-amazon-con-respaldo-de-racsa\/#primaryimage"},"thumbnailUrl":"https:\/\/www.racsa.go.cr\/blog\/wp-content\/uploads\/2025\/08\/publireportajes-01.png","datePublished":"2025-08-29T14:26:11+00:00","dateModified":"2025-08-29T14:29:21+00:00","breadcrumb":{"@id":"https:\/\/www.racsa.go.cr\/blog\/empresas-en-costa-rica-podran-usar-la-nube-de-amazon-con-respaldo-de-racsa\/#breadcrumb"},"inLanguage":"es-CR","potentialAction":[{"@type":"ReadAction","target":["https:\/\/www.racsa.go.cr\/blog\/empresas-en-costa-rica-podran-usar-la-nube-de-amazon-con-respaldo-de-racsa\/"]}]},{"@type":"ImageObject","inLanguage":"es-CR","@id":"https:\/\/www.racsa.go.cr\/blog\/empresas-en-costa-rica-podran-usar-la-nube-de-amazon-con-respaldo-de-racsa\/#primaryimage","url":"https:\/\/www.racsa.go.cr\/blog\/wp-content\/uploads\/2025\/08\/publireportajes-01.png","contentUrl":"https:\/\/www.racsa.go.cr\/blog\/wp-content\/uploads\/2025\/08\/publireportajes-01.png","width":1200,"height":628},{"@type":"BreadcrumbList","@id":"https:\/\/www.racsa.go.cr\/blog\/empresas-en-costa-rica-podran-usar-la-nube-de-amazon-con-respaldo-de-racsa\/#breadcrumb","itemListElement":[{"@type":"ListItem","position":1,"name":"Portada","item":"https:\/\/www.racsa.go.cr\/blog\/"},{"@type":"ListItem","position":2,"name":"Empresas en Costa Rica podr\u00e1n usar la nube de Amazon con respaldo de RACSA"}]},{"@type":"WebSite","@id":"https:\/\/www.racsa.go.cr\/blog\/#website","url":"https:\/\/www.racsa.go.cr\/blog\/","name":"Blog de RACSA","description":"Noticias y comunicados de inter\u00e9s","publisher":{"@id":"https:\/\/www.racsa.go.cr\/blog\/#organization"},"potentialAction":[{"@type":"SearchAction","target":{"@type":"EntryPoint","urlTemplate":"https:\/\/www.racsa.go.cr\/blog\/?s={search_term_string}"},"query-input":{"@type":"PropertyValueSpecification","valueRequired":true,"valueName":"search_term_string"}}],"inLanguage":"es-CR"},{"@type":"Organization","@id":"https:\/\/www.racsa.go.cr\/blog\/#organization","name":"RACSA","url":"https:\/\/www.racsa.go.cr\/blog\/","logo":{"@type":"ImageObject","inLanguage":"es-CR","@id":"https:\/\/www.racsa.go.cr\/blog\/#\/schema\/logo\/image\/","url":"https:\/\/www.racsa.go.cr\/blog\/wp-content\/uploads\/2020\/06\/logo-racsa-blog_Mesa-de-trabajo-1.png","contentUrl":"https:\/\/www.racsa.go.cr\/blog\/wp-content\/uploads\/2020\/06\/logo-racsa-blog_Mesa-de-trabajo-1.png","width":77,"height":50,"caption":"RACSA"},"image":{"@id":"https:\/\/www.racsa.go.cr\/blog\/#\/schema\/logo\/image\/"},"sameAs":["https:\/\/m.facebook.com\/RACSACR\/","https:\/\/x.com\/RACSA_CR","https:\/\/instagram.com\/racsa_cr?igshid=1xty3rwhqjj6p","https:\/\/www.linkedin.com\/authwall?trk=gf&amp;amp;amp;amp;amp;amp;amp;trkInfo=AQGkHPl9RaoQ9AAAAXXizZAgZzcQwi0sdfDTg7AF4I5Q6B_NrjW5R7wFovOzBkS8ur94lJpFmlv2bomYKC3GZOFcSqkgLKm5wKGh61DyjTqr6c_1E_AFOwxMWF5kjSLpCvbYX9o=&amp;amp;amp;amp;amp;amp;amp;originalReferer&amp;amp;amp;amp;amp;amp;amp;sessionRedirect=https:\/\/es.linkedin.com\/company\/racsa_cr","https:\/\/www.youtube.com\/user\/RACSACOSTARICA"]},{"@type":"Person","@id":"https:\/\/www.racsa.go.cr\/blog\/#\/schema\/person\/ec79d31370d6dc9aaa4365492bc04f4e","name":"Mercadeo RACSA","image":{"@type":"ImageObject","inLanguage":"es-CR","@id":"https:\/\/secure.gravatar.com\/avatar\/7b464a0e344d5a5f82f8b9ceb49dae1d41b1141998fb14d2046814a158d02734?s=96&d=mm&r=g","url":"https:\/\/secure.gravatar.com\/avatar\/7b464a0e344d5a5f82f8b9ceb49dae1d41b1141998fb14d2046814a158d02734?s=96&d=mm&r=g","contentUrl":"https:\/\/secure.gravatar.com\/avatar\/7b464a0e344d5a5f82f8b9ceb49dae1d41b1141998fb14d2046814a158d02734?s=96&d=mm&r=g","caption":"Mercadeo RACSA"}}]}},"_links":{"self":[{"href":"https:\/\/www.racsa.go.cr\/blog\/wp-json\/wp\/v2\/posts\/3843","targetHints":{"allow":["GET"]}}],"collection":[{"href":"https:\/\/www.racsa.go.cr\/blog\/wp-json\/wp\/v2\/posts"}],"about":[{"href":"https:\/\/www.racsa.go.cr\/blog\/wp-json\/wp\/v2\/types\/post"}],"author":[{"embeddable":true,"href":"https:\/\/www.racsa.go.cr\/blog\/wp-json\/wp\/v2\/users\/2"}],"replies":[{"embeddable":true,"href":"https:\/\/www.racsa.go.cr\/blog\/wp-json\/wp\/v2\/comments?post=3843"}],"version-history":[{"count":0,"href":"https:\/\/www.racsa.go.cr\/blog\/wp-json\/wp\/v2\/posts\/3843\/revisions"}],"wp:featuredmedia":[{"embeddable":true,"href":"https:\/\/www.racsa.go.cr\/blog\/wp-json\/wp\/v2\/media\/3844"}],"wp:attachment":[{"href":"https:\/\/www.racsa.go.cr\/blog\/wp-json\/wp\/v2\/media?parent=3843"}],"wp:term":[{"taxonomy":"category","embeddable":true,"href":"https:\/\/www.racsa.go.cr\/blog\/wp-json\/wp\/v2\/categories?post=3843"},{"taxonomy":"post_tag","embeddable":true,"href":"https:\/\/www.racsa.go.cr\/blog\/wp-json\/wp\/v2\/tags?post=3843"}],"curies":[{"name":"wp","href":"https:\/\/api.w.org\/{rel}","templated":true}]}}