{"id":3827,"date":"2025-07-24T07:44:54","date_gmt":"2025-07-24T13:44:54","guid":{"rendered":"https:\/\/www.racsa.go.cr\/blog\/?p=3827"},"modified":"2025-07-24T07:45:52","modified_gmt":"2025-07-24T13:45:52","slug":"racsa-celebra-un-ano-de-operaciones-de-la-red-5g-stand-alone-un-hito-tecnologico-en-costa-rica","status":"publish","type":"post","link":"https:\/\/www.racsa.go.cr\/blog\/racsa-celebra-un-ano-de-operaciones-de-la-red-5g-stand-alone-un-hito-tecnologico-en-costa-rica\/","title":{"rendered":"RACSA celebra un a\u00f1o de operaciones de la red 5G stand alone, un hito tecnol\u00f3gico en Costa Rica"},"content":{"rendered":"\n<p>Hace un a\u00f1o, RACSA redefini\u00f3 el panorama de las telecomunicaciones en Costa Rica al poner en marcha la<strong> primera red comercial de Internet 5G NR bajo una arquitectura Stand Alone (SA) en la regi\u00f3n<\/strong>. Este acontecimiento representa un salto tecnol\u00f3gico sin precedentes, al estar dise\u00f1ada desde cero para aprovechar al m\u00e1ximo los beneficios de la quinta generaci\u00f3n de tecnolog\u00eda m\u00f3vil. Esta tecnolog\u00eda de vanguardia no solo transforma la conectividad de hogares y empresas, sino que tambi\u00e9n ha sentado las bases para una nueva era de innovaci\u00f3n, productividad y desarrollo digital en el pa\u00eds.<\/p>\n\n\n\n<p>A diferencia de las soluciones h\u00edbridas que dependen de redes anteriores, esta implementaci\u00f3n opera de forma independiente, lo que permite una latencia ultra baja, tiempos de descarga acelerados y una mayor densidad de dispositivos conectados simult\u00e1neamente. Todo esto con una calidad de servicio superior.<\/p>\n\n\n\n<p>RACSA impulsa su tecnolog\u00eda 5G de la mano de <strong>Nokia<\/strong>, l\u00edder mundial en infraestructura de red y transformaci\u00f3n de las industrias mediante esta tecnolog\u00eda. Esta colaboraci\u00f3n estrat\u00e9gica permite a Costa Rica beneficiarse de las capacidades 5G m\u00e1s avanzadas, aprovechando la vasta experiencia y las soluciones de vanguardia de Nokia para construir una red robusta y de alto rendimiento.<\/p>\n\n\n\n<p><strong>Soluciones personalizadas para sectores estrat\u00e9gicos<\/strong><\/p>\n\n\n\n<p>Gracias a su arquitectura basada en <strong>Network Slicing<\/strong>, RACSA ofrece soluciones personalizadas para industrias clave como: manufactura, salud, educaci\u00f3n, movilidad y zonas francas; garantizando un rendimiento \u00f3ptimo y diferenciado para cada caso de uso, atendiendo las necesidades particulares de cada sector, con servicios como Redes Empresariales Privadas e Internet Inal\u00e1mbrico Fijo (FWA), siendo unas de las primeras soluciones habilitadas del potencial de 5G inmersas con otras tecnolog\u00edas emergentes.<\/p>\n\n\n\n<p>La infraestructura 5G (SA) de RACSA est\u00e1 dise\u00f1ada para maximizar la seguridad, eficiencia y escalabilidad, trabajando de forma complementaria con tecnolog\u00edas clave como Edge Computing, Inteligencia Artificial y Automatizaci\u00f3n Avanzada. Esto impulsa la transformaci\u00f3n digital del pa\u00eds, al tiempo que abre nuevas oportunidades para empresas e instituciones p\u00fablicas que requieren de una conectividad confiable y de alto desempe\u00f1o para sus operaciones m\u00e1s cr\u00edticas.<\/p>\n\n\n\n<p>Desde octubre del 2024, RACSA mantiene conectados, con tecnolog\u00eda 5G, a diferentes hogares y negocios dentro y fuera del Gran \u00c1rea Metropolitana, fortaleciendo y transformando as\u00ed la experiencia digital de sus clientes.<\/p>\n\n\n\n<p>De esta forma, RACSA reafirma su liderazgo y compromiso constante en el continuo desarrollo del ecosistema digital de Costa Rica, impulsando con solidez una sociedad m\u00e1s conectada, inteligente y productiva.<\/p>\n\n\n\n<p>La <strong>red 5G de RACSA<\/strong> contin\u00faa despleg\u00e1ndose en \u00e1reas de alta densidad de hogares y empresas, y seguir\u00e1 expandi\u00e9ndose gradualmente para fortalecer la conectividad y el ecosistema de servicios variados en todo el pa\u00eds.\u00a0\u00a0<\/p>\n\n\n\n<p>Esta tecnolog\u00eda est\u00e1 transformando la manera en que operan las organizaciones del pa\u00eds, para optimizar procesos, impulsar la innovaci\u00f3n y fortalecer la competitividad en todos los sectores.<\/p>\n\n\n\n<p>RACSA extiende la invitaci\u00f3n a vivir de cerca esta nueva era de conectividad, explorando soluciones 5G dise\u00f1adas para responder a las necesidades de hoy y anticiparse a los desaf\u00edos del ma\u00f1ana.<\/p>\n\n\n\n<p>Ingrese a&nbsp;<a href=\"http:\/\/www.racsa.go.cr\/\">www.racsa.go.cr<\/a>&nbsp;para conocer m\u00e1s sobre zonas de cobertura y detalles t\u00e9cnicos. Si desea asesor\u00eda personalizada, cont\u00e1ctenos a la l\u00ednea gratuita&nbsp;800-NEGOCIO (800-6346246), por WhatsApp al&nbsp;8888-8097&nbsp;o escriba al correo:&nbsp;ventas5G@racsa.go.cr.<\/p>\n\n\n\n<figure class=\"wp-block-embed is-type-video is-provider-youtube wp-block-embed-youtube wp-embed-aspect-16-9 wp-has-aspect-ratio\"><div class=\"wp-block-embed__wrapper\">\n<iframe loading=\"lazy\" title=\"5G en Costa Rica\" width=\"640\" height=\"360\" src=\"https:\/\/www.youtube.com\/embed\/RtpEKK3wE7w?feature=oembed\" frameborder=\"0\" allow=\"accelerometer; autoplay; clipboard-write; encrypted-media; gyroscope; picture-in-picture; web-share\" referrerpolicy=\"strict-origin-when-cross-origin\" allowfullscreen><\/iframe>\n<\/div><\/figure>\n","protected":false},"excerpt":{"rendered":"<p>Hace un a\u00f1o, RACSA redefini\u00f3 el panorama de las telecomunicaciones en Costa Rica al poner&#8230;<\/p>\n","protected":false},"author":2,"featured_media":3828,"comment_status":"closed","ping_status":"closed","sticky":false,"template":"","format":"standard","meta":{"footnotes":""},"categories":[246,224,249,5],"tags":[],"class_list":["post-3827","post","type-post","status-publish","format-standard","has-post-thumbnail","hentry","category-5g","category-comunicado-racsa","category-internet-inalambrico-fijo-5g","category-tecnologias-inalambricas"],"yoast_head":"<!-- This site is optimized with the Yoast SEO plugin v27.5 - https:\/\/yoast.com\/product\/yoast-seo-wordpress\/ -->\n<title>RACSA celebra un a\u00f1o de operaciones de la red 5G stand alone, un hito tecnol\u00f3gico en Costa Rica - Blog de RACSA<\/title>\n<meta name=\"robots\" content=\"index, follow, max-snippet:-1, max-image-preview:large, max-video-preview:-1\" \/>\n<link rel=\"canonical\" href=\"https:\/\/www.racsa.go.cr\/blog\/racsa-celebra-un-ano-de-operaciones-de-la-red-5g-stand-alone-un-hito-tecnologico-en-costa-rica\/\" \/>\n<meta property=\"og:locale\" content=\"es_ES\" \/>\n<meta property=\"og:type\" content=\"article\" \/>\n<meta property=\"og:title\" content=\"RACSA celebra un a\u00f1o de operaciones de la red 5G stand alone, un hito tecnol\u00f3gico en Costa Rica - Blog de RACSA\" \/>\n<meta property=\"og:description\" content=\"Hace un a\u00f1o, RACSA redefini\u00f3 el panorama de las telecomunicaciones en Costa Rica al poner...\" \/>\n<meta property=\"og:url\" content=\"https:\/\/www.racsa.go.cr\/blog\/racsa-celebra-un-ano-de-operaciones-de-la-red-5g-stand-alone-un-hito-tecnologico-en-costa-rica\/\" \/>\n<meta property=\"og:site_name\" content=\"Blog de RACSA\" \/>\n<meta property=\"article:publisher\" content=\"https:\/\/m.facebook.com\/RACSACR\/\" \/>\n<meta property=\"article:published_time\" content=\"2025-07-24T13:44:54+00:00\" \/>\n<meta property=\"article:modified_time\" content=\"2025-07-24T13:45:52+00:00\" \/>\n<meta property=\"og:image\" content=\"https:\/\/www.racsa.go.cr\/blog\/wp-content\/uploads\/2025\/07\/blog-scaled.jpg\" \/>\n\t<meta property=\"og:image:width\" content=\"2560\" \/>\n\t<meta property=\"og:image:height\" content=\"1440\" \/>\n\t<meta property=\"og:image:type\" content=\"image\/jpeg\" \/>\n<meta name=\"author\" content=\"Mercadeo RACSA\" \/>\n<meta name=\"twitter:card\" content=\"summary_large_image\" \/>\n<meta name=\"twitter:creator\" content=\"@RACSA_CR\" \/>\n<meta name=\"twitter:site\" content=\"@RACSA_CR\" \/>\n<meta name=\"twitter:label1\" content=\"Written by\" \/>\n\t<meta name=\"twitter:data1\" content=\"Mercadeo RACSA\" \/>\n\t<meta name=\"twitter:label2\" content=\"Est. reading time\" \/>\n\t<meta name=\"twitter:data2\" content=\"3 minutos\" \/>\n<script type=\"application\/ld+json\" class=\"yoast-schema-graph\">{\"@context\":\"https:\\\/\\\/schema.org\",\"@graph\":[{\"@type\":\"Article\",\"@id\":\"https:\\\/\\\/www.racsa.go.cr\\\/blog\\\/racsa-celebra-un-ano-de-operaciones-de-la-red-5g-stand-alone-un-hito-tecnologico-en-costa-rica\\\/#article\",\"isPartOf\":{\"@id\":\"https:\\\/\\\/www.racsa.go.cr\\\/blog\\\/racsa-celebra-un-ano-de-operaciones-de-la-red-5g-stand-alone-un-hito-tecnologico-en-costa-rica\\\/\"},\"author\":{\"name\":\"Mercadeo RACSA\",\"@id\":\"https:\\\/\\\/www.racsa.go.cr\\\/blog\\\/#\\\/schema\\\/person\\\/ec79d31370d6dc9aaa4365492bc04f4e\"},\"headline\":\"RACSA celebra un a\u00f1o de operaciones de la red 5G stand alone, un hito tecnol\u00f3gico en Costa Rica\",\"datePublished\":\"2025-07-24T13:44:54+00:00\",\"dateModified\":\"2025-07-24T13:45:52+00:00\",\"mainEntityOfPage\":{\"@id\":\"https:\\\/\\\/www.racsa.go.cr\\\/blog\\\/racsa-celebra-un-ano-de-operaciones-de-la-red-5g-stand-alone-un-hito-tecnologico-en-costa-rica\\\/\"},\"wordCount\":614,\"publisher\":{\"@id\":\"https:\\\/\\\/www.racsa.go.cr\\\/blog\\\/#organization\"},\"image\":{\"@id\":\"https:\\\/\\\/www.racsa.go.cr\\\/blog\\\/racsa-celebra-un-ano-de-operaciones-de-la-red-5g-stand-alone-un-hito-tecnologico-en-costa-rica\\\/#primaryimage\"},\"thumbnailUrl\":\"https:\\\/\\\/www.racsa.go.cr\\\/blog\\\/wp-content\\\/uploads\\\/2025\\\/07\\\/blog-scaled.jpg\",\"articleSection\":[\"5G\",\"COMUNICADO RACSA\",\"INTERNET INAL\u00c1MBRICO FIJO 5G\",\"Tecnolog\u00edas Inal\u00e1mbricas\"],\"inLanguage\":\"es-CR\"},{\"@type\":\"WebPage\",\"@id\":\"https:\\\/\\\/www.racsa.go.cr\\\/blog\\\/racsa-celebra-un-ano-de-operaciones-de-la-red-5g-stand-alone-un-hito-tecnologico-en-costa-rica\\\/\",\"url\":\"https:\\\/\\\/www.racsa.go.cr\\\/blog\\\/racsa-celebra-un-ano-de-operaciones-de-la-red-5g-stand-alone-un-hito-tecnologico-en-costa-rica\\\/\",\"name\":\"RACSA celebra un a\u00f1o de operaciones de la red 5G stand alone, un hito tecnol\u00f3gico en Costa Rica - Blog de RACSA\",\"isPartOf\":{\"@id\":\"https:\\\/\\\/www.racsa.go.cr\\\/blog\\\/#website\"},\"primaryImageOfPage\":{\"@id\":\"https:\\\/\\\/www.racsa.go.cr\\\/blog\\\/racsa-celebra-un-ano-de-operaciones-de-la-red-5g-stand-alone-un-hito-tecnologico-en-costa-rica\\\/#primaryimage\"},\"image\":{\"@id\":\"https:\\\/\\\/www.racsa.go.cr\\\/blog\\\/racsa-celebra-un-ano-de-operaciones-de-la-red-5g-stand-alone-un-hito-tecnologico-en-costa-rica\\\/#primaryimage\"},\"thumbnailUrl\":\"https:\\\/\\\/www.racsa.go.cr\\\/blog\\\/wp-content\\\/uploads\\\/2025\\\/07\\\/blog-scaled.jpg\",\"datePublished\":\"2025-07-24T13:44:54+00:00\",\"dateModified\":\"2025-07-24T13:45:52+00:00\",\"breadcrumb\":{\"@id\":\"https:\\\/\\\/www.racsa.go.cr\\\/blog\\\/racsa-celebra-un-ano-de-operaciones-de-la-red-5g-stand-alone-un-hito-tecnologico-en-costa-rica\\\/#breadcrumb\"},\"inLanguage\":\"es-CR\",\"potentialAction\":[{\"@type\":\"ReadAction\",\"target\":[\"https:\\\/\\\/www.racsa.go.cr\\\/blog\\\/racsa-celebra-un-ano-de-operaciones-de-la-red-5g-stand-alone-un-hito-tecnologico-en-costa-rica\\\/\"]}]},{\"@type\":\"ImageObject\",\"inLanguage\":\"es-CR\",\"@id\":\"https:\\\/\\\/www.racsa.go.cr\\\/blog\\\/racsa-celebra-un-ano-de-operaciones-de-la-red-5g-stand-alone-un-hito-tecnologico-en-costa-rica\\\/#primaryimage\",\"url\":\"https:\\\/\\\/www.racsa.go.cr\\\/blog\\\/wp-content\\\/uploads\\\/2025\\\/07\\\/blog-scaled.jpg\",\"contentUrl\":\"https:\\\/\\\/www.racsa.go.cr\\\/blog\\\/wp-content\\\/uploads\\\/2025\\\/07\\\/blog-scaled.jpg\",\"width\":2560,\"height\":1440},{\"@type\":\"BreadcrumbList\",\"@id\":\"https:\\\/\\\/www.racsa.go.cr\\\/blog\\\/racsa-celebra-un-ano-de-operaciones-de-la-red-5g-stand-alone-un-hito-tecnologico-en-costa-rica\\\/#breadcrumb\",\"itemListElement\":[{\"@type\":\"ListItem\",\"position\":1,\"name\":\"Portada\",\"item\":\"https:\\\/\\\/www.racsa.go.cr\\\/blog\\\/\"},{\"@type\":\"ListItem\",\"position\":2,\"name\":\"RACSA celebra un a\u00f1o de operaciones de la red 5G stand alone, un hito tecnol\u00f3gico en Costa Rica\"}]},{\"@type\":\"WebSite\",\"@id\":\"https:\\\/\\\/www.racsa.go.cr\\\/blog\\\/#website\",\"url\":\"https:\\\/\\\/www.racsa.go.cr\\\/blog\\\/\",\"name\":\"Blog de RACSA\",\"description\":\"Noticias y comunicados de inter\u00e9s\",\"publisher\":{\"@id\":\"https:\\\/\\\/www.racsa.go.cr\\\/blog\\\/#organization\"},\"potentialAction\":[{\"@type\":\"SearchAction\",\"target\":{\"@type\":\"EntryPoint\",\"urlTemplate\":\"https:\\\/\\\/www.racsa.go.cr\\\/blog\\\/?s={search_term_string}\"},\"query-input\":{\"@type\":\"PropertyValueSpecification\",\"valueRequired\":true,\"valueName\":\"search_term_string\"}}],\"inLanguage\":\"es-CR\"},{\"@type\":\"Organization\",\"@id\":\"https:\\\/\\\/www.racsa.go.cr\\\/blog\\\/#organization\",\"name\":\"RACSA\",\"url\":\"https:\\\/\\\/www.racsa.go.cr\\\/blog\\\/\",\"logo\":{\"@type\":\"ImageObject\",\"inLanguage\":\"es-CR\",\"@id\":\"https:\\\/\\\/www.racsa.go.cr\\\/blog\\\/#\\\/schema\\\/logo\\\/image\\\/\",\"url\":\"https:\\\/\\\/www.racsa.go.cr\\\/blog\\\/wp-content\\\/uploads\\\/2020\\\/06\\\/logo-racsa-blog_Mesa-de-trabajo-1.png\",\"contentUrl\":\"https:\\\/\\\/www.racsa.go.cr\\\/blog\\\/wp-content\\\/uploads\\\/2020\\\/06\\\/logo-racsa-blog_Mesa-de-trabajo-1.png\",\"width\":77,\"height\":50,\"caption\":\"RACSA\"},\"image\":{\"@id\":\"https:\\\/\\\/www.racsa.go.cr\\\/blog\\\/#\\\/schema\\\/logo\\\/image\\\/\"},\"sameAs\":[\"https:\\\/\\\/m.facebook.com\\\/RACSACR\\\/\",\"https:\\\/\\\/x.com\\\/RACSA_CR\",\"https:\\\/\\\/instagram.com\\\/racsa_cr?igshid=1xty3rwhqjj6p\",\"https:\\\/\\\/www.linkedin.com\\\/authwall?trk=gf&amp;amp;amp;amp;amp;amp;amp;trkInfo=AQGkHPl9RaoQ9AAAAXXizZAgZzcQwi0sdfDTg7AF4I5Q6B_NrjW5R7wFovOzBkS8ur94lJpFmlv2bomYKC3GZOFcSqkgLKm5wKGh61DyjTqr6c_1E_AFOwxMWF5kjSLpCvbYX9o=&amp;amp;amp;amp;amp;amp;amp;originalReferer&amp;amp;amp;amp;amp;amp;amp;sessionRedirect=https:\\\/\\\/es.linkedin.com\\\/company\\\/racsa_cr\",\"https:\\\/\\\/www.youtube.com\\\/user\\\/RACSACOSTARICA\"]},{\"@type\":\"Person\",\"@id\":\"https:\\\/\\\/www.racsa.go.cr\\\/blog\\\/#\\\/schema\\\/person\\\/ec79d31370d6dc9aaa4365492bc04f4e\",\"name\":\"Mercadeo RACSA\",\"image\":{\"@type\":\"ImageObject\",\"inLanguage\":\"es-CR\",\"@id\":\"https:\\\/\\\/secure.gravatar.com\\\/avatar\\\/7b464a0e344d5a5f82f8b9ceb49dae1d41b1141998fb14d2046814a158d02734?s=96&d=mm&r=g\",\"url\":\"https:\\\/\\\/secure.gravatar.com\\\/avatar\\\/7b464a0e344d5a5f82f8b9ceb49dae1d41b1141998fb14d2046814a158d02734?s=96&d=mm&r=g\",\"contentUrl\":\"https:\\\/\\\/secure.gravatar.com\\\/avatar\\\/7b464a0e344d5a5f82f8b9ceb49dae1d41b1141998fb14d2046814a158d02734?s=96&d=mm&r=g\",\"caption\":\"Mercadeo RACSA\"}}]}<\/script>\n<!-- \/ Yoast SEO plugin. -->","yoast_head_json":{"title":"RACSA celebra un a\u00f1o de operaciones de la red 5G stand alone, un hito tecnol\u00f3gico en Costa Rica - Blog de RACSA","robots":{"index":"index","follow":"follow","max-snippet":"max-snippet:-1","max-image-preview":"max-image-preview:large","max-video-preview":"max-video-preview:-1"},"canonical":"https:\/\/www.racsa.go.cr\/blog\/racsa-celebra-un-ano-de-operaciones-de-la-red-5g-stand-alone-un-hito-tecnologico-en-costa-rica\/","og_locale":"es_ES","og_type":"article","og_title":"RACSA celebra un a\u00f1o de operaciones de la red 5G stand alone, un hito tecnol\u00f3gico en Costa Rica - Blog de RACSA","og_description":"Hace un a\u00f1o, RACSA redefini\u00f3 el panorama de las telecomunicaciones en Costa Rica al poner...","og_url":"https:\/\/www.racsa.go.cr\/blog\/racsa-celebra-un-ano-de-operaciones-de-la-red-5g-stand-alone-un-hito-tecnologico-en-costa-rica\/","og_site_name":"Blog de RACSA","article_publisher":"https:\/\/m.facebook.com\/RACSACR\/","article_published_time":"2025-07-24T13:44:54+00:00","article_modified_time":"2025-07-24T13:45:52+00:00","og_image":[{"width":2560,"height":1440,"url":"https:\/\/www.racsa.go.cr\/blog\/wp-content\/uploads\/2025\/07\/blog-scaled.jpg","type":"image\/jpeg"}],"author":"Mercadeo RACSA","twitter_card":"summary_large_image","twitter_creator":"@RACSA_CR","twitter_site":"@RACSA_CR","twitter_misc":{"Written by":"Mercadeo RACSA","Est. reading time":"3 minutos"},"schema":{"@context":"https:\/\/schema.org","@graph":[{"@type":"Article","@id":"https:\/\/www.racsa.go.cr\/blog\/racsa-celebra-un-ano-de-operaciones-de-la-red-5g-stand-alone-un-hito-tecnologico-en-costa-rica\/#article","isPartOf":{"@id":"https:\/\/www.racsa.go.cr\/blog\/racsa-celebra-un-ano-de-operaciones-de-la-red-5g-stand-alone-un-hito-tecnologico-en-costa-rica\/"},"author":{"name":"Mercadeo RACSA","@id":"https:\/\/www.racsa.go.cr\/blog\/#\/schema\/person\/ec79d31370d6dc9aaa4365492bc04f4e"},"headline":"RACSA celebra un a\u00f1o de operaciones de la red 5G stand alone, un hito tecnol\u00f3gico en Costa Rica","datePublished":"2025-07-24T13:44:54+00:00","dateModified":"2025-07-24T13:45:52+00:00","mainEntityOfPage":{"@id":"https:\/\/www.racsa.go.cr\/blog\/racsa-celebra-un-ano-de-operaciones-de-la-red-5g-stand-alone-un-hito-tecnologico-en-costa-rica\/"},"wordCount":614,"publisher":{"@id":"https:\/\/www.racsa.go.cr\/blog\/#organization"},"image":{"@id":"https:\/\/www.racsa.go.cr\/blog\/racsa-celebra-un-ano-de-operaciones-de-la-red-5g-stand-alone-un-hito-tecnologico-en-costa-rica\/#primaryimage"},"thumbnailUrl":"https:\/\/www.racsa.go.cr\/blog\/wp-content\/uploads\/2025\/07\/blog-scaled.jpg","articleSection":["5G","COMUNICADO RACSA","INTERNET INAL\u00c1MBRICO FIJO 5G","Tecnolog\u00edas Inal\u00e1mbricas"],"inLanguage":"es-CR"},{"@type":"WebPage","@id":"https:\/\/www.racsa.go.cr\/blog\/racsa-celebra-un-ano-de-operaciones-de-la-red-5g-stand-alone-un-hito-tecnologico-en-costa-rica\/","url":"https:\/\/www.racsa.go.cr\/blog\/racsa-celebra-un-ano-de-operaciones-de-la-red-5g-stand-alone-un-hito-tecnologico-en-costa-rica\/","name":"RACSA celebra un a\u00f1o de operaciones de la red 5G stand alone, un hito tecnol\u00f3gico en Costa Rica - Blog de RACSA","isPartOf":{"@id":"https:\/\/www.racsa.go.cr\/blog\/#website"},"primaryImageOfPage":{"@id":"https:\/\/www.racsa.go.cr\/blog\/racsa-celebra-un-ano-de-operaciones-de-la-red-5g-stand-alone-un-hito-tecnologico-en-costa-rica\/#primaryimage"},"image":{"@id":"https:\/\/www.racsa.go.cr\/blog\/racsa-celebra-un-ano-de-operaciones-de-la-red-5g-stand-alone-un-hito-tecnologico-en-costa-rica\/#primaryimage"},"thumbnailUrl":"https:\/\/www.racsa.go.cr\/blog\/wp-content\/uploads\/2025\/07\/blog-scaled.jpg","datePublished":"2025-07-24T13:44:54+00:00","dateModified":"2025-07-24T13:45:52+00:00","breadcrumb":{"@id":"https:\/\/www.racsa.go.cr\/blog\/racsa-celebra-un-ano-de-operaciones-de-la-red-5g-stand-alone-un-hito-tecnologico-en-costa-rica\/#breadcrumb"},"inLanguage":"es-CR","potentialAction":[{"@type":"ReadAction","target":["https:\/\/www.racsa.go.cr\/blog\/racsa-celebra-un-ano-de-operaciones-de-la-red-5g-stand-alone-un-hito-tecnologico-en-costa-rica\/"]}]},{"@type":"ImageObject","inLanguage":"es-CR","@id":"https:\/\/www.racsa.go.cr\/blog\/racsa-celebra-un-ano-de-operaciones-de-la-red-5g-stand-alone-un-hito-tecnologico-en-costa-rica\/#primaryimage","url":"https:\/\/www.racsa.go.cr\/blog\/wp-content\/uploads\/2025\/07\/blog-scaled.jpg","contentUrl":"https:\/\/www.racsa.go.cr\/blog\/wp-content\/uploads\/2025\/07\/blog-scaled.jpg","width":2560,"height":1440},{"@type":"BreadcrumbList","@id":"https:\/\/www.racsa.go.cr\/blog\/racsa-celebra-un-ano-de-operaciones-de-la-red-5g-stand-alone-un-hito-tecnologico-en-costa-rica\/#breadcrumb","itemListElement":[{"@type":"ListItem","position":1,"name":"Portada","item":"https:\/\/www.racsa.go.cr\/blog\/"},{"@type":"ListItem","position":2,"name":"RACSA celebra un a\u00f1o de operaciones de la red 5G stand alone, un hito tecnol\u00f3gico en Costa Rica"}]},{"@type":"WebSite","@id":"https:\/\/www.racsa.go.cr\/blog\/#website","url":"https:\/\/www.racsa.go.cr\/blog\/","name":"Blog de RACSA","description":"Noticias y comunicados de inter\u00e9s","publisher":{"@id":"https:\/\/www.racsa.go.cr\/blog\/#organization"},"potentialAction":[{"@type":"SearchAction","target":{"@type":"EntryPoint","urlTemplate":"https:\/\/www.racsa.go.cr\/blog\/?s={search_term_string}"},"query-input":{"@type":"PropertyValueSpecification","valueRequired":true,"valueName":"search_term_string"}}],"inLanguage":"es-CR"},{"@type":"Organization","@id":"https:\/\/www.racsa.go.cr\/blog\/#organization","name":"RACSA","url":"https:\/\/www.racsa.go.cr\/blog\/","logo":{"@type":"ImageObject","inLanguage":"es-CR","@id":"https:\/\/www.racsa.go.cr\/blog\/#\/schema\/logo\/image\/","url":"https:\/\/www.racsa.go.cr\/blog\/wp-content\/uploads\/2020\/06\/logo-racsa-blog_Mesa-de-trabajo-1.png","contentUrl":"https:\/\/www.racsa.go.cr\/blog\/wp-content\/uploads\/2020\/06\/logo-racsa-blog_Mesa-de-trabajo-1.png","width":77,"height":50,"caption":"RACSA"},"image":{"@id":"https:\/\/www.racsa.go.cr\/blog\/#\/schema\/logo\/image\/"},"sameAs":["https:\/\/m.facebook.com\/RACSACR\/","https:\/\/x.com\/RACSA_CR","https:\/\/instagram.com\/racsa_cr?igshid=1xty3rwhqjj6p","https:\/\/www.linkedin.com\/authwall?trk=gf&amp;amp;amp;amp;amp;amp;amp;trkInfo=AQGkHPl9RaoQ9AAAAXXizZAgZzcQwi0sdfDTg7AF4I5Q6B_NrjW5R7wFovOzBkS8ur94lJpFmlv2bomYKC3GZOFcSqkgLKm5wKGh61DyjTqr6c_1E_AFOwxMWF5kjSLpCvbYX9o=&amp;amp;amp;amp;amp;amp;amp;originalReferer&amp;amp;amp;amp;amp;amp;amp;sessionRedirect=https:\/\/es.linkedin.com\/company\/racsa_cr","https:\/\/www.youtube.com\/user\/RACSACOSTARICA"]},{"@type":"Person","@id":"https:\/\/www.racsa.go.cr\/blog\/#\/schema\/person\/ec79d31370d6dc9aaa4365492bc04f4e","name":"Mercadeo RACSA","image":{"@type":"ImageObject","inLanguage":"es-CR","@id":"https:\/\/secure.gravatar.com\/avatar\/7b464a0e344d5a5f82f8b9ceb49dae1d41b1141998fb14d2046814a158d02734?s=96&d=mm&r=g","url":"https:\/\/secure.gravatar.com\/avatar\/7b464a0e344d5a5f82f8b9ceb49dae1d41b1141998fb14d2046814a158d02734?s=96&d=mm&r=g","contentUrl":"https:\/\/secure.gravatar.com\/avatar\/7b464a0e344d5a5f82f8b9ceb49dae1d41b1141998fb14d2046814a158d02734?s=96&d=mm&r=g","caption":"Mercadeo RACSA"}}]}},"_links":{"self":[{"href":"https:\/\/www.racsa.go.cr\/blog\/wp-json\/wp\/v2\/posts\/3827","targetHints":{"allow":["GET"]}}],"collection":[{"href":"https:\/\/www.racsa.go.cr\/blog\/wp-json\/wp\/v2\/posts"}],"about":[{"href":"https:\/\/www.racsa.go.cr\/blog\/wp-json\/wp\/v2\/types\/post"}],"author":[{"embeddable":true,"href":"https:\/\/www.racsa.go.cr\/blog\/wp-json\/wp\/v2\/users\/2"}],"replies":[{"embeddable":true,"href":"https:\/\/www.racsa.go.cr\/blog\/wp-json\/wp\/v2\/comments?post=3827"}],"version-history":[{"count":0,"href":"https:\/\/www.racsa.go.cr\/blog\/wp-json\/wp\/v2\/posts\/3827\/revisions"}],"wp:featuredmedia":[{"embeddable":true,"href":"https:\/\/www.racsa.go.cr\/blog\/wp-json\/wp\/v2\/media\/3828"}],"wp:attachment":[{"href":"https:\/\/www.racsa.go.cr\/blog\/wp-json\/wp\/v2\/media?parent=3827"}],"wp:term":[{"taxonomy":"category","embeddable":true,"href":"https:\/\/www.racsa.go.cr\/blog\/wp-json\/wp\/v2\/categories?post=3827"},{"taxonomy":"post_tag","embeddable":true,"href":"https:\/\/www.racsa.go.cr\/blog\/wp-json\/wp\/v2\/tags?post=3827"}],"curies":[{"name":"wp","href":"https:\/\/api.w.org\/{rel}","templated":true}]}}