{"id":3823,"date":"2025-07-21T09:53:44","date_gmt":"2025-07-21T15:53:44","guid":{"rendered":"https:\/\/www.racsa.go.cr\/blog\/?p=3823"},"modified":"2025-07-21T09:53:49","modified_gmt":"2025-07-21T15:53:49","slug":"internet-fijo-5g","status":"publish","type":"post","link":"https:\/\/www.racsa.go.cr\/blog\/internet-fijo-5g\/","title":{"rendered":"Internet Fijo 5G"},"content":{"rendered":"\n<p><strong>RACSA redefine el acceso a Internet en Costa Rica, con tecnolog\u00eda inal\u00e1mbrica 5G y ahorro garantizado &nbsp;<\/strong><\/p>\n\n\n\n<p>Con el lanzamiento en julio del 2024 del servicio de Internet Fijo 5G, RACSA ofrece una soluci\u00f3n inal\u00e1mbrica con velocidades desde los 50 Mbps, sin instalaciones t\u00e9cnicas complicadas y a un precio promocional a partir de \u00a216,500 mensuales. Se trata de una propuesta dise\u00f1ada para brindar alta velocidad, estabilidad de conexi\u00f3n y libertad de navegaci\u00f3n ilimitada, ideal para hogares, profesionales independientes, emprendedores y pymes que necesitan una conexi\u00f3n robusta, econ\u00f3mica y de f\u00e1cil instalaci\u00f3n.<\/p>\n\n\n\n<p><em>\u201cEn RACSA llevamos al mercado costarricense un servicio revolucionario, dise\u00f1ado para transformar la experiencia digital de hogares y empresas con tecnolog\u00eda de vanguardia y beneficios exclusivos de 5G a precios econ\u00f3micos.\u201d, indic\u00f3 Marco Meza Altamirano, director de Negocios de RACSA.<\/em><\/p>\n\n\n\n<p>Con esta soluci\u00f3n de acceso ilimitado, los usuarios podr\u00e1n disfrutar simult\u00e1neamente sus aplicaciones de streaming favoritas, hacer teletrabajo, videollamadas, jugar en l\u00ednea, marat\u00f3n de series, todo esto y m\u00e1s sin preocuparse del consumo de datos.<\/p>\n\n\n\n<p><strong>Tecnolog\u00eda de vanguardia al alcance de todos<\/strong><\/p>\n\n\n\n<p>El servicio funciona mediante un dispositivo inal\u00e1mbrico de f\u00e1cil auto instalaci\u00f3n. El usuario simplemente lo conecta al conector el\u00e9ctrico, espera unos minutos para que el equipo reconozca la red 5G de RACSA. Posteriormente, el usuario mediante un aplicativo que debe instalar en su smartphone, podr\u00e1 configurar y proteger el acceso de la red en su entorno, ya que el mismo cuenta con tecnolog\u00eda WiFi6 para generar una mayor cobertura del servicio en el sitio.<\/p>\n\n\n\n<p>\u00bfCu\u00e1les son los beneficios del Internet Fijo 5G de RACSA?<\/p>\n\n\n\n<ol class=\"wp-block-list\">\n<li>Auto instalaci\u00f3n: Le enviamos el dispositivo a su casa o negocio y el cliente solamente lo conecta. No requiere que t\u00e9cnicos tengan que realizar instalaciones complicadas.<\/li>\n\n\n\n<li>El equipo permite conectar m\u00faltiples dispositivos de manera simult\u00e1nea, por medio de la tecnolog\u00eda WiFi 6, con un amplio alcance.<\/li>\n\n\n\n<li>Sin restricciones de consumo o de velocidad para explorar y trabajar sin l\u00edmites.<\/li>\n\n\n\n<li>Altas velocidades de navegaci\u00f3n para streaming, gaming, videollamadas y manejo de archivos pesados, asegurando una experiencia fluida y sin interrupciones.<\/li>\n<\/ol>\n\n\n\n<p><strong>Por tiempo limitado los clientes que contraten el servicio podr\u00e1n disfrutar de precios promocionales muy competitivos.<\/strong><\/p>\n\n\n\n<ul class=\"wp-block-list\">\n<li>Plan B\u00e1sico de 50 Mbps: \u00a0\u00a216,500.00 (Precio regular \u00a218,000.00)<\/li>\n\n\n\n<li>Plan Est\u00e1ndar de 150 Mbps: \u00a221,500.00 (precio regular \u00a224,000.00)<\/li>\n\n\n\n<li>Plan Est\u00e1ndar de 200 Mbps: \u00a225,500.00 (precio regular \u00a229,500.00)<\/li>\n<\/ul>\n\n\n\n<p>Los precios finales, incluyen el equipo terminal y todos los impuestos correspondientes. &nbsp;La disponibilidad del servicio depender\u00e1 de la cobertura de la red 5G en cada zona.<\/p>\n\n\n\n<p>La red inal\u00e1mbrica 5G de RACSA, utiliza protocolos de seguridad avanzados para proteger la informaci\u00f3n y la privacidad de los usuarios.<\/p>\n\n\n\n<p>Esta es una invitaci\u00f3n directa a transformar la vida digital de su hogar o negocio con una soluci\u00f3n moderna, segura y accesible. El futuro de la conectividad ya lleg\u00f3 a Costa Rica, y RACSA lo pone al alcance de todos. La revoluci\u00f3n tecnol\u00f3gica ya est\u00e1 en marcha, y quienes decidan dar el paso hoy, lo har\u00e1n con la solidez de una empresa nacional que apuesta por la innovaci\u00f3n con sentido social.<\/p>\n\n\n\n<p>Para obtener informaci\u00f3n adicional y conocer las zonas de cobertura pueden ingresar al sitio web: www.racsa.go.cr Para asesor\u00eda pueden comunicarse a la l\u00ednea gratuita&nbsp;<strong>800-NEGOCIO&nbsp;<\/strong>(800-6346246), WhatsApp&nbsp;<strong>8888-8097<\/strong>&nbsp; o al correo electr\u00f3nico: &nbsp;<strong>ventas5G@racsa.go.cr<\/strong><\/p>\n\n\n\n<p>M\u00e1s informaci\u00f3n del servicio en: <\/p>\n\n\n\n<p><a href=\"https:\/\/www.racsa.go.cr\/servicios\/soluciones-5g\/internet-inalambrico-de-racsa-5g\">https:\/\/www.racsa.go.cr\/servicios\/soluciones-5g\/internet-inalambrico-de-racsa-5g<\/a><\/p>\n","protected":false},"excerpt":{"rendered":"<p>RACSA redefine el acceso a Internet en Costa Rica, con tecnolog\u00eda inal\u00e1mbrica 5G y ahorro&#8230;<\/p>\n","protected":false},"author":2,"featured_media":3824,"comment_status":"closed","ping_status":"closed","sticky":false,"template":"","format":"standard","meta":{"footnotes":""},"categories":[1],"tags":[],"class_list":["post-3823","post","type-post","status-publish","format-standard","has-post-thumbnail","hentry","category-internet-para-empresas-costa-rica"],"yoast_head":"<!-- This site is optimized with the Yoast SEO plugin v27.5 - https:\/\/yoast.com\/product\/yoast-seo-wordpress\/ -->\n<title>Internet Fijo 5G - Blog de RACSA<\/title>\n<meta name=\"robots\" content=\"index, follow, max-snippet:-1, max-image-preview:large, max-video-preview:-1\" \/>\n<link rel=\"canonical\" href=\"https:\/\/www.racsa.go.cr\/blog\/internet-fijo-5g\/\" \/>\n<meta property=\"og:locale\" content=\"es_ES\" \/>\n<meta property=\"og:type\" content=\"article\" \/>\n<meta property=\"og:title\" content=\"Internet Fijo 5G - Blog de RACSA\" \/>\n<meta property=\"og:description\" content=\"RACSA redefine el acceso a Internet en Costa Rica, con tecnolog\u00eda inal\u00e1mbrica 5G y ahorro...\" \/>\n<meta property=\"og:url\" content=\"https:\/\/www.racsa.go.cr\/blog\/internet-fijo-5g\/\" \/>\n<meta property=\"og:site_name\" content=\"Blog de RACSA\" \/>\n<meta property=\"article:publisher\" content=\"https:\/\/m.facebook.com\/RACSACR\/\" \/>\n<meta property=\"article:published_time\" content=\"2025-07-21T15:53:44+00:00\" \/>\n<meta property=\"article:modified_time\" content=\"2025-07-21T15:53:49+00:00\" \/>\n<meta property=\"og:image\" content=\"https:\/\/www.racsa.go.cr\/blog\/wp-content\/uploads\/2025\/07\/blog5g-scaled.jpg\" \/>\n\t<meta property=\"og:image:width\" content=\"2560\" \/>\n\t<meta property=\"og:image:height\" content=\"1440\" \/>\n\t<meta property=\"og:image:type\" content=\"image\/jpeg\" \/>\n<meta name=\"author\" content=\"Mercadeo RACSA\" \/>\n<meta name=\"twitter:card\" content=\"summary_large_image\" \/>\n<meta name=\"twitter:creator\" content=\"@RACSA_CR\" \/>\n<meta name=\"twitter:site\" content=\"@RACSA_CR\" \/>\n<meta name=\"twitter:label1\" content=\"Written by\" \/>\n\t<meta name=\"twitter:data1\" content=\"Mercadeo RACSA\" \/>\n\t<meta name=\"twitter:label2\" content=\"Est. reading time\" \/>\n\t<meta name=\"twitter:data2\" content=\"3 minutos\" \/>\n<script type=\"application\/ld+json\" class=\"yoast-schema-graph\">{\"@context\":\"https:\\\/\\\/schema.org\",\"@graph\":[{\"@type\":\"Article\",\"@id\":\"https:\\\/\\\/www.racsa.go.cr\\\/blog\\\/internet-fijo-5g\\\/#article\",\"isPartOf\":{\"@id\":\"https:\\\/\\\/www.racsa.go.cr\\\/blog\\\/internet-fijo-5g\\\/\"},\"author\":{\"name\":\"Mercadeo RACSA\",\"@id\":\"https:\\\/\\\/www.racsa.go.cr\\\/blog\\\/#\\\/schema\\\/person\\\/ec79d31370d6dc9aaa4365492bc04f4e\"},\"headline\":\"Internet Fijo 5G\",\"datePublished\":\"2025-07-21T15:53:44+00:00\",\"dateModified\":\"2025-07-21T15:53:49+00:00\",\"mainEntityOfPage\":{\"@id\":\"https:\\\/\\\/www.racsa.go.cr\\\/blog\\\/internet-fijo-5g\\\/\"},\"wordCount\":602,\"publisher\":{\"@id\":\"https:\\\/\\\/www.racsa.go.cr\\\/blog\\\/#organization\"},\"image\":{\"@id\":\"https:\\\/\\\/www.racsa.go.cr\\\/blog\\\/internet-fijo-5g\\\/#primaryimage\"},\"thumbnailUrl\":\"https:\\\/\\\/www.racsa.go.cr\\\/blog\\\/wp-content\\\/uploads\\\/2025\\\/07\\\/blog5g-scaled.jpg\",\"articleSection\":[\"INTERNET PARA EMPRESAS COSTA RICA\"],\"inLanguage\":\"es-CR\"},{\"@type\":\"WebPage\",\"@id\":\"https:\\\/\\\/www.racsa.go.cr\\\/blog\\\/internet-fijo-5g\\\/\",\"url\":\"https:\\\/\\\/www.racsa.go.cr\\\/blog\\\/internet-fijo-5g\\\/\",\"name\":\"Internet Fijo 5G - Blog de RACSA\",\"isPartOf\":{\"@id\":\"https:\\\/\\\/www.racsa.go.cr\\\/blog\\\/#website\"},\"primaryImageOfPage\":{\"@id\":\"https:\\\/\\\/www.racsa.go.cr\\\/blog\\\/internet-fijo-5g\\\/#primaryimage\"},\"image\":{\"@id\":\"https:\\\/\\\/www.racsa.go.cr\\\/blog\\\/internet-fijo-5g\\\/#primaryimage\"},\"thumbnailUrl\":\"https:\\\/\\\/www.racsa.go.cr\\\/blog\\\/wp-content\\\/uploads\\\/2025\\\/07\\\/blog5g-scaled.jpg\",\"datePublished\":\"2025-07-21T15:53:44+00:00\",\"dateModified\":\"2025-07-21T15:53:49+00:00\",\"breadcrumb\":{\"@id\":\"https:\\\/\\\/www.racsa.go.cr\\\/blog\\\/internet-fijo-5g\\\/#breadcrumb\"},\"inLanguage\":\"es-CR\",\"potentialAction\":[{\"@type\":\"ReadAction\",\"target\":[\"https:\\\/\\\/www.racsa.go.cr\\\/blog\\\/internet-fijo-5g\\\/\"]}]},{\"@type\":\"ImageObject\",\"inLanguage\":\"es-CR\",\"@id\":\"https:\\\/\\\/www.racsa.go.cr\\\/blog\\\/internet-fijo-5g\\\/#primaryimage\",\"url\":\"https:\\\/\\\/www.racsa.go.cr\\\/blog\\\/wp-content\\\/uploads\\\/2025\\\/07\\\/blog5g-scaled.jpg\",\"contentUrl\":\"https:\\\/\\\/www.racsa.go.cr\\\/blog\\\/wp-content\\\/uploads\\\/2025\\\/07\\\/blog5g-scaled.jpg\",\"width\":2560,\"height\":1440},{\"@type\":\"BreadcrumbList\",\"@id\":\"https:\\\/\\\/www.racsa.go.cr\\\/blog\\\/internet-fijo-5g\\\/#breadcrumb\",\"itemListElement\":[{\"@type\":\"ListItem\",\"position\":1,\"name\":\"Portada\",\"item\":\"https:\\\/\\\/www.racsa.go.cr\\\/blog\\\/\"},{\"@type\":\"ListItem\",\"position\":2,\"name\":\"Internet Fijo 5G\"}]},{\"@type\":\"WebSite\",\"@id\":\"https:\\\/\\\/www.racsa.go.cr\\\/blog\\\/#website\",\"url\":\"https:\\\/\\\/www.racsa.go.cr\\\/blog\\\/\",\"name\":\"Blog de RACSA\",\"description\":\"Noticias y comunicados de inter\u00e9s\",\"publisher\":{\"@id\":\"https:\\\/\\\/www.racsa.go.cr\\\/blog\\\/#organization\"},\"potentialAction\":[{\"@type\":\"SearchAction\",\"target\":{\"@type\":\"EntryPoint\",\"urlTemplate\":\"https:\\\/\\\/www.racsa.go.cr\\\/blog\\\/?s={search_term_string}\"},\"query-input\":{\"@type\":\"PropertyValueSpecification\",\"valueRequired\":true,\"valueName\":\"search_term_string\"}}],\"inLanguage\":\"es-CR\"},{\"@type\":\"Organization\",\"@id\":\"https:\\\/\\\/www.racsa.go.cr\\\/blog\\\/#organization\",\"name\":\"RACSA\",\"url\":\"https:\\\/\\\/www.racsa.go.cr\\\/blog\\\/\",\"logo\":{\"@type\":\"ImageObject\",\"inLanguage\":\"es-CR\",\"@id\":\"https:\\\/\\\/www.racsa.go.cr\\\/blog\\\/#\\\/schema\\\/logo\\\/image\\\/\",\"url\":\"https:\\\/\\\/www.racsa.go.cr\\\/blog\\\/wp-content\\\/uploads\\\/2020\\\/06\\\/logo-racsa-blog_Mesa-de-trabajo-1.png\",\"contentUrl\":\"https:\\\/\\\/www.racsa.go.cr\\\/blog\\\/wp-content\\\/uploads\\\/2020\\\/06\\\/logo-racsa-blog_Mesa-de-trabajo-1.png\",\"width\":77,\"height\":50,\"caption\":\"RACSA\"},\"image\":{\"@id\":\"https:\\\/\\\/www.racsa.go.cr\\\/blog\\\/#\\\/schema\\\/logo\\\/image\\\/\"},\"sameAs\":[\"https:\\\/\\\/m.facebook.com\\\/RACSACR\\\/\",\"https:\\\/\\\/x.com\\\/RACSA_CR\",\"https:\\\/\\\/instagram.com\\\/racsa_cr?igshid=1xty3rwhqjj6p\",\"https:\\\/\\\/www.linkedin.com\\\/authwall?trk=gf&amp;amp;amp;amp;amp;amp;amp;trkInfo=AQGkHPl9RaoQ9AAAAXXizZAgZzcQwi0sdfDTg7AF4I5Q6B_NrjW5R7wFovOzBkS8ur94lJpFmlv2bomYKC3GZOFcSqkgLKm5wKGh61DyjTqr6c_1E_AFOwxMWF5kjSLpCvbYX9o=&amp;amp;amp;amp;amp;amp;amp;originalReferer&amp;amp;amp;amp;amp;amp;amp;sessionRedirect=https:\\\/\\\/es.linkedin.com\\\/company\\\/racsa_cr\",\"https:\\\/\\\/www.youtube.com\\\/user\\\/RACSACOSTARICA\"]},{\"@type\":\"Person\",\"@id\":\"https:\\\/\\\/www.racsa.go.cr\\\/blog\\\/#\\\/schema\\\/person\\\/ec79d31370d6dc9aaa4365492bc04f4e\",\"name\":\"Mercadeo RACSA\",\"image\":{\"@type\":\"ImageObject\",\"inLanguage\":\"es-CR\",\"@id\":\"https:\\\/\\\/secure.gravatar.com\\\/avatar\\\/7b464a0e344d5a5f82f8b9ceb49dae1d41b1141998fb14d2046814a158d02734?s=96&d=mm&r=g\",\"url\":\"https:\\\/\\\/secure.gravatar.com\\\/avatar\\\/7b464a0e344d5a5f82f8b9ceb49dae1d41b1141998fb14d2046814a158d02734?s=96&d=mm&r=g\",\"contentUrl\":\"https:\\\/\\\/secure.gravatar.com\\\/avatar\\\/7b464a0e344d5a5f82f8b9ceb49dae1d41b1141998fb14d2046814a158d02734?s=96&d=mm&r=g\",\"caption\":\"Mercadeo RACSA\"}}]}<\/script>\n<!-- \/ Yoast SEO plugin. -->","yoast_head_json":{"title":"Internet Fijo 5G - Blog de RACSA","robots":{"index":"index","follow":"follow","max-snippet":"max-snippet:-1","max-image-preview":"max-image-preview:large","max-video-preview":"max-video-preview:-1"},"canonical":"https:\/\/www.racsa.go.cr\/blog\/internet-fijo-5g\/","og_locale":"es_ES","og_type":"article","og_title":"Internet Fijo 5G - Blog de RACSA","og_description":"RACSA redefine el acceso a Internet en Costa Rica, con tecnolog\u00eda inal\u00e1mbrica 5G y ahorro...","og_url":"https:\/\/www.racsa.go.cr\/blog\/internet-fijo-5g\/","og_site_name":"Blog de RACSA","article_publisher":"https:\/\/m.facebook.com\/RACSACR\/","article_published_time":"2025-07-21T15:53:44+00:00","article_modified_time":"2025-07-21T15:53:49+00:00","og_image":[{"width":2560,"height":1440,"url":"https:\/\/www.racsa.go.cr\/blog\/wp-content\/uploads\/2025\/07\/blog5g-scaled.jpg","type":"image\/jpeg"}],"author":"Mercadeo RACSA","twitter_card":"summary_large_image","twitter_creator":"@RACSA_CR","twitter_site":"@RACSA_CR","twitter_misc":{"Written by":"Mercadeo RACSA","Est. reading time":"3 minutos"},"schema":{"@context":"https:\/\/schema.org","@graph":[{"@type":"Article","@id":"https:\/\/www.racsa.go.cr\/blog\/internet-fijo-5g\/#article","isPartOf":{"@id":"https:\/\/www.racsa.go.cr\/blog\/internet-fijo-5g\/"},"author":{"name":"Mercadeo RACSA","@id":"https:\/\/www.racsa.go.cr\/blog\/#\/schema\/person\/ec79d31370d6dc9aaa4365492bc04f4e"},"headline":"Internet Fijo 5G","datePublished":"2025-07-21T15:53:44+00:00","dateModified":"2025-07-21T15:53:49+00:00","mainEntityOfPage":{"@id":"https:\/\/www.racsa.go.cr\/blog\/internet-fijo-5g\/"},"wordCount":602,"publisher":{"@id":"https:\/\/www.racsa.go.cr\/blog\/#organization"},"image":{"@id":"https:\/\/www.racsa.go.cr\/blog\/internet-fijo-5g\/#primaryimage"},"thumbnailUrl":"https:\/\/www.racsa.go.cr\/blog\/wp-content\/uploads\/2025\/07\/blog5g-scaled.jpg","articleSection":["INTERNET PARA EMPRESAS COSTA RICA"],"inLanguage":"es-CR"},{"@type":"WebPage","@id":"https:\/\/www.racsa.go.cr\/blog\/internet-fijo-5g\/","url":"https:\/\/www.racsa.go.cr\/blog\/internet-fijo-5g\/","name":"Internet Fijo 5G - Blog de RACSA","isPartOf":{"@id":"https:\/\/www.racsa.go.cr\/blog\/#website"},"primaryImageOfPage":{"@id":"https:\/\/www.racsa.go.cr\/blog\/internet-fijo-5g\/#primaryimage"},"image":{"@id":"https:\/\/www.racsa.go.cr\/blog\/internet-fijo-5g\/#primaryimage"},"thumbnailUrl":"https:\/\/www.racsa.go.cr\/blog\/wp-content\/uploads\/2025\/07\/blog5g-scaled.jpg","datePublished":"2025-07-21T15:53:44+00:00","dateModified":"2025-07-21T15:53:49+00:00","breadcrumb":{"@id":"https:\/\/www.racsa.go.cr\/blog\/internet-fijo-5g\/#breadcrumb"},"inLanguage":"es-CR","potentialAction":[{"@type":"ReadAction","target":["https:\/\/www.racsa.go.cr\/blog\/internet-fijo-5g\/"]}]},{"@type":"ImageObject","inLanguage":"es-CR","@id":"https:\/\/www.racsa.go.cr\/blog\/internet-fijo-5g\/#primaryimage","url":"https:\/\/www.racsa.go.cr\/blog\/wp-content\/uploads\/2025\/07\/blog5g-scaled.jpg","contentUrl":"https:\/\/www.racsa.go.cr\/blog\/wp-content\/uploads\/2025\/07\/blog5g-scaled.jpg","width":2560,"height":1440},{"@type":"BreadcrumbList","@id":"https:\/\/www.racsa.go.cr\/blog\/internet-fijo-5g\/#breadcrumb","itemListElement":[{"@type":"ListItem","position":1,"name":"Portada","item":"https:\/\/www.racsa.go.cr\/blog\/"},{"@type":"ListItem","position":2,"name":"Internet Fijo 5G"}]},{"@type":"WebSite","@id":"https:\/\/www.racsa.go.cr\/blog\/#website","url":"https:\/\/www.racsa.go.cr\/blog\/","name":"Blog de RACSA","description":"Noticias y comunicados de inter\u00e9s","publisher":{"@id":"https:\/\/www.racsa.go.cr\/blog\/#organization"},"potentialAction":[{"@type":"SearchAction","target":{"@type":"EntryPoint","urlTemplate":"https:\/\/www.racsa.go.cr\/blog\/?s={search_term_string}"},"query-input":{"@type":"PropertyValueSpecification","valueRequired":true,"valueName":"search_term_string"}}],"inLanguage":"es-CR"},{"@type":"Organization","@id":"https:\/\/www.racsa.go.cr\/blog\/#organization","name":"RACSA","url":"https:\/\/www.racsa.go.cr\/blog\/","logo":{"@type":"ImageObject","inLanguage":"es-CR","@id":"https:\/\/www.racsa.go.cr\/blog\/#\/schema\/logo\/image\/","url":"https:\/\/www.racsa.go.cr\/blog\/wp-content\/uploads\/2020\/06\/logo-racsa-blog_Mesa-de-trabajo-1.png","contentUrl":"https:\/\/www.racsa.go.cr\/blog\/wp-content\/uploads\/2020\/06\/logo-racsa-blog_Mesa-de-trabajo-1.png","width":77,"height":50,"caption":"RACSA"},"image":{"@id":"https:\/\/www.racsa.go.cr\/blog\/#\/schema\/logo\/image\/"},"sameAs":["https:\/\/m.facebook.com\/RACSACR\/","https:\/\/x.com\/RACSA_CR","https:\/\/instagram.com\/racsa_cr?igshid=1xty3rwhqjj6p","https:\/\/www.linkedin.com\/authwall?trk=gf&amp;amp;amp;amp;amp;amp;amp;trkInfo=AQGkHPl9RaoQ9AAAAXXizZAgZzcQwi0sdfDTg7AF4I5Q6B_NrjW5R7wFovOzBkS8ur94lJpFmlv2bomYKC3GZOFcSqkgLKm5wKGh61DyjTqr6c_1E_AFOwxMWF5kjSLpCvbYX9o=&amp;amp;amp;amp;amp;amp;amp;originalReferer&amp;amp;amp;amp;amp;amp;amp;sessionRedirect=https:\/\/es.linkedin.com\/company\/racsa_cr","https:\/\/www.youtube.com\/user\/RACSACOSTARICA"]},{"@type":"Person","@id":"https:\/\/www.racsa.go.cr\/blog\/#\/schema\/person\/ec79d31370d6dc9aaa4365492bc04f4e","name":"Mercadeo RACSA","image":{"@type":"ImageObject","inLanguage":"es-CR","@id":"https:\/\/secure.gravatar.com\/avatar\/7b464a0e344d5a5f82f8b9ceb49dae1d41b1141998fb14d2046814a158d02734?s=96&d=mm&r=g","url":"https:\/\/secure.gravatar.com\/avatar\/7b464a0e344d5a5f82f8b9ceb49dae1d41b1141998fb14d2046814a158d02734?s=96&d=mm&r=g","contentUrl":"https:\/\/secure.gravatar.com\/avatar\/7b464a0e344d5a5f82f8b9ceb49dae1d41b1141998fb14d2046814a158d02734?s=96&d=mm&r=g","caption":"Mercadeo RACSA"}}]}},"_links":{"self":[{"href":"https:\/\/www.racsa.go.cr\/blog\/wp-json\/wp\/v2\/posts\/3823","targetHints":{"allow":["GET"]}}],"collection":[{"href":"https:\/\/www.racsa.go.cr\/blog\/wp-json\/wp\/v2\/posts"}],"about":[{"href":"https:\/\/www.racsa.go.cr\/blog\/wp-json\/wp\/v2\/types\/post"}],"author":[{"embeddable":true,"href":"https:\/\/www.racsa.go.cr\/blog\/wp-json\/wp\/v2\/users\/2"}],"replies":[{"embeddable":true,"href":"https:\/\/www.racsa.go.cr\/blog\/wp-json\/wp\/v2\/comments?post=3823"}],"version-history":[{"count":0,"href":"https:\/\/www.racsa.go.cr\/blog\/wp-json\/wp\/v2\/posts\/3823\/revisions"}],"wp:featuredmedia":[{"embeddable":true,"href":"https:\/\/www.racsa.go.cr\/blog\/wp-json\/wp\/v2\/media\/3824"}],"wp:attachment":[{"href":"https:\/\/www.racsa.go.cr\/blog\/wp-json\/wp\/v2\/media?parent=3823"}],"wp:term":[{"taxonomy":"category","embeddable":true,"href":"https:\/\/www.racsa.go.cr\/blog\/wp-json\/wp\/v2\/categories?post=3823"},{"taxonomy":"post_tag","embeddable":true,"href":"https:\/\/www.racsa.go.cr\/blog\/wp-json\/wp\/v2\/tags?post=3823"}],"curies":[{"name":"wp","href":"https:\/\/api.w.org\/{rel}","templated":true}]}}