{"id":3782,"date":"2025-06-03T10:24:20","date_gmt":"2025-06-03T16:24:20","guid":{"rendered":"https:\/\/www.racsa.go.cr\/blog\/?p=3782"},"modified":"2025-06-03T10:27:53","modified_gmt":"2025-06-03T16:27:53","slug":"procuraduria-alerta-vacios-legales-en-proyecto-de-cierre-de-racsa","status":"publish","type":"post","link":"https:\/\/www.racsa.go.cr\/blog\/procuraduria-alerta-vacios-legales-en-proyecto-de-cierre-de-racsa\/","title":{"rendered":"Procuradur\u00eda alerta vac\u00edos legales en proyecto de cierre de RACSA"},"content":{"rendered":"\n<p>La Procuradur\u00eda General de la Rep\u00fablica advirti\u00f3 que el proyecto de ley que propone el cierre de RACSA presenta problemas de legalidad y t\u00e9cnica legislativa, as\u00ed como vicios de inconstitucionalidad.<\/p>\n\n\n\n<p>En su criterio jur\u00eddico, la Procuradur\u00eda como abogado del Estado, advierte la existencia de&nbsp;<strong>\u201cserios vac\u00edos normativos en aspectos sustanciales de \u00edndole econ\u00f3mica, laboral, regulatoria y patrimonial\u201d<\/strong>, los cuales impedir\u00edan la aplicaci\u00f3n efectiva de la ley y afectar\u00edan los derechos e intereses leg\u00edtimos, el principio de seguridad jur\u00eddica.<\/p>\n\n\n\n<p>Otro de los problemas que contiene el proyecto de ley es que invade la competencia constitucional exclusiva de la Contralor\u00eda General de la Rep\u00fablica (CGR)&nbsp;en lo relativo al manejo de recursos p\u00fablicos.<\/p>\n\n\n\n<p>El informe tambi\u00e9n advierte sobre la&nbsp;falta de an\u00e1lisis y regulaci\u00f3n en \u00e1reas clave, como la reubicaci\u00f3n del personal, el proceso de liquidaci\u00f3n, los derechos laborales, la gesti\u00f3n de activos y pasivos, la supervisi\u00f3n del cierre, los contratos vigentes y la administraci\u00f3n de las frecuencias del espectro radioel\u00e9ctrico asignadas a RACSA.<\/p>\n\n\n\n<p>RACSA hab\u00eda se\u00f1alado su preocupaci\u00f3n por cuanto el proyecto de Ley 24.105, dictaminado por la Comisi\u00f3n de Modernizaci\u00f3n y Reforma del Estado, se fundamenta en informaci\u00f3n desactualizada y carece de estudios t\u00e9cnicos, financieros y jur\u00eddicos previos en relaci\u00f3n con el eventual traslado de las operaciones de RACSA al ICE.<\/p>\n\n\n\n<p>Ante los vac\u00edos normativos en aspectos sustanciales laborales, econ\u00f3micos, patrimoniales y regulatorios que presenta el proyecto, la Procuradur\u00eda recomienda a la Asamblea Legislativa realizar una&nbsp;revisi\u00f3n exhaustiva del proyecto de ley&nbsp;antes de su eventual aprobaci\u00f3n.<\/p>\n\n\n\n<p><strong>Se adjunta enlace del criterio oficial emitido por la Procuradur\u00eda General de la Rep\u00fablica<\/strong>:<\/p>\n\n\n\n<p><a href=\"https:\/\/pgrweb.go.cr\/scij\/busqueda\/normativa\/pronunciamiento\/pro_ficha.aspx?param1=prd&amp;param6=1&amp;ndictamen=24958&amp;strtipm=t\">https:\/\/pgrweb.go.cr\/scij\/busqueda\/normativa\/pronunciamiento\/pro_ficha.aspx?param1=prd&amp;param6=1&amp;ndictamen=24958&amp;strtipm=t<\/a><\/p>\n","protected":false},"excerpt":{"rendered":"<p>La Procuradur\u00eda General de la Rep\u00fablica advirti\u00f3 que el proyecto de ley que propone el&#8230;<\/p>\n","protected":false},"author":2,"featured_media":3783,"comment_status":"closed","ping_status":"closed","sticky":false,"template":"","format":"standard","meta":{"footnotes":""},"categories":[224,174,176,263,258],"tags":[],"class_list":["post-3782","post","type-post","status-publish","format-standard","has-post-thumbnail","hentry","category-comunicado-racsa","category-grupoice","category-racsa","category-rendicion-de-cuentas","category-transparencia"],"yoast_head":"<!-- This site is optimized with the Yoast SEO plugin v27.4 - https:\/\/yoast.com\/product\/yoast-seo-wordpress\/ -->\n<title>Procuradur\u00eda alerta vac\u00edos legales en proyecto de cierre de RACSA - Blog de RACSA<\/title>\n<meta name=\"robots\" content=\"index, follow, max-snippet:-1, max-image-preview:large, max-video-preview:-1\" \/>\n<link rel=\"canonical\" href=\"https:\/\/www.racsa.go.cr\/blog\/procuraduria-alerta-vacios-legales-en-proyecto-de-cierre-de-racsa\/\" \/>\n<meta property=\"og:locale\" content=\"es_ES\" \/>\n<meta property=\"og:type\" content=\"article\" \/>\n<meta property=\"og:title\" content=\"Procuradur\u00eda alerta vac\u00edos legales en proyecto de cierre de RACSA - Blog de RACSA\" \/>\n<meta property=\"og:description\" content=\"La Procuradur\u00eda General de la Rep\u00fablica advirti\u00f3 que el proyecto de ley que propone el...\" \/>\n<meta property=\"og:url\" content=\"https:\/\/www.racsa.go.cr\/blog\/procuraduria-alerta-vacios-legales-en-proyecto-de-cierre-de-racsa\/\" \/>\n<meta property=\"og:site_name\" content=\"Blog de RACSA\" \/>\n<meta property=\"article:publisher\" content=\"https:\/\/m.facebook.com\/RACSACR\/\" \/>\n<meta property=\"article:published_time\" content=\"2025-06-03T16:24:20+00:00\" \/>\n<meta property=\"article:modified_time\" content=\"2025-06-03T16:27:53+00:00\" \/>\n<meta property=\"og:image\" content=\"https:\/\/www.racsa.go.cr\/blog\/wp-content\/uploads\/2025\/06\/Comunicado-RACSA-Procuraduria-02-scaled.jpg\" \/>\n\t<meta property=\"og:image:width\" content=\"2560\" \/>\n\t<meta property=\"og:image:height\" content=\"1439\" \/>\n\t<meta property=\"og:image:type\" content=\"image\/jpeg\" \/>\n<meta name=\"author\" content=\"Mercadeo RACSA\" \/>\n<meta name=\"twitter:card\" content=\"summary_large_image\" \/>\n<meta name=\"twitter:creator\" content=\"@RACSA_CR\" \/>\n<meta name=\"twitter:site\" content=\"@RACSA_CR\" \/>\n<meta name=\"twitter:label1\" content=\"Written by\" \/>\n\t<meta name=\"twitter:data1\" content=\"Mercadeo RACSA\" \/>\n\t<meta name=\"twitter:label2\" content=\"Est. reading time\" \/>\n\t<meta name=\"twitter:data2\" content=\"2 minutos\" \/>\n<script type=\"application\/ld+json\" class=\"yoast-schema-graph\">{\"@context\":\"https:\\\/\\\/schema.org\",\"@graph\":[{\"@type\":\"Article\",\"@id\":\"https:\\\/\\\/www.racsa.go.cr\\\/blog\\\/procuraduria-alerta-vacios-legales-en-proyecto-de-cierre-de-racsa\\\/#article\",\"isPartOf\":{\"@id\":\"https:\\\/\\\/www.racsa.go.cr\\\/blog\\\/procuraduria-alerta-vacios-legales-en-proyecto-de-cierre-de-racsa\\\/\"},\"author\":{\"name\":\"Mercadeo RACSA\",\"@id\":\"https:\\\/\\\/www.racsa.go.cr\\\/blog\\\/#\\\/schema\\\/person\\\/ec79d31370d6dc9aaa4365492bc04f4e\"},\"headline\":\"Procuradur\u00eda alerta vac\u00edos legales en proyecto de cierre de RACSA\",\"datePublished\":\"2025-06-03T16:24:20+00:00\",\"dateModified\":\"2025-06-03T16:27:53+00:00\",\"mainEntityOfPage\":{\"@id\":\"https:\\\/\\\/www.racsa.go.cr\\\/blog\\\/procuraduria-alerta-vacios-legales-en-proyecto-de-cierre-de-racsa\\\/\"},\"wordCount\":337,\"publisher\":{\"@id\":\"https:\\\/\\\/www.racsa.go.cr\\\/blog\\\/#organization\"},\"image\":{\"@id\":\"https:\\\/\\\/www.racsa.go.cr\\\/blog\\\/procuraduria-alerta-vacios-legales-en-proyecto-de-cierre-de-racsa\\\/#primaryimage\"},\"thumbnailUrl\":\"https:\\\/\\\/www.racsa.go.cr\\\/blog\\\/wp-content\\\/uploads\\\/2025\\\/06\\\/Comunicado-RACSA-Procuraduria-02-scaled.jpg\",\"articleSection\":[\"COMUNICADO RACSA\",\"Grupo ICE\",\"RACSA\",\"Rendici\u00f3n de cuentas\",\"TRANSPARENCIA\"],\"inLanguage\":\"es-CR\"},{\"@type\":\"WebPage\",\"@id\":\"https:\\\/\\\/www.racsa.go.cr\\\/blog\\\/procuraduria-alerta-vacios-legales-en-proyecto-de-cierre-de-racsa\\\/\",\"url\":\"https:\\\/\\\/www.racsa.go.cr\\\/blog\\\/procuraduria-alerta-vacios-legales-en-proyecto-de-cierre-de-racsa\\\/\",\"name\":\"Procuradur\u00eda alerta vac\u00edos legales en proyecto de cierre de RACSA - Blog de RACSA\",\"isPartOf\":{\"@id\":\"https:\\\/\\\/www.racsa.go.cr\\\/blog\\\/#website\"},\"primaryImageOfPage\":{\"@id\":\"https:\\\/\\\/www.racsa.go.cr\\\/blog\\\/procuraduria-alerta-vacios-legales-en-proyecto-de-cierre-de-racsa\\\/#primaryimage\"},\"image\":{\"@id\":\"https:\\\/\\\/www.racsa.go.cr\\\/blog\\\/procuraduria-alerta-vacios-legales-en-proyecto-de-cierre-de-racsa\\\/#primaryimage\"},\"thumbnailUrl\":\"https:\\\/\\\/www.racsa.go.cr\\\/blog\\\/wp-content\\\/uploads\\\/2025\\\/06\\\/Comunicado-RACSA-Procuraduria-02-scaled.jpg\",\"datePublished\":\"2025-06-03T16:24:20+00:00\",\"dateModified\":\"2025-06-03T16:27:53+00:00\",\"breadcrumb\":{\"@id\":\"https:\\\/\\\/www.racsa.go.cr\\\/blog\\\/procuraduria-alerta-vacios-legales-en-proyecto-de-cierre-de-racsa\\\/#breadcrumb\"},\"inLanguage\":\"es-CR\",\"potentialAction\":[{\"@type\":\"ReadAction\",\"target\":[\"https:\\\/\\\/www.racsa.go.cr\\\/blog\\\/procuraduria-alerta-vacios-legales-en-proyecto-de-cierre-de-racsa\\\/\"]}]},{\"@type\":\"ImageObject\",\"inLanguage\":\"es-CR\",\"@id\":\"https:\\\/\\\/www.racsa.go.cr\\\/blog\\\/procuraduria-alerta-vacios-legales-en-proyecto-de-cierre-de-racsa\\\/#primaryimage\",\"url\":\"https:\\\/\\\/www.racsa.go.cr\\\/blog\\\/wp-content\\\/uploads\\\/2025\\\/06\\\/Comunicado-RACSA-Procuraduria-02-scaled.jpg\",\"contentUrl\":\"https:\\\/\\\/www.racsa.go.cr\\\/blog\\\/wp-content\\\/uploads\\\/2025\\\/06\\\/Comunicado-RACSA-Procuraduria-02-scaled.jpg\",\"width\":2560,\"height\":1439},{\"@type\":\"BreadcrumbList\",\"@id\":\"https:\\\/\\\/www.racsa.go.cr\\\/blog\\\/procuraduria-alerta-vacios-legales-en-proyecto-de-cierre-de-racsa\\\/#breadcrumb\",\"itemListElement\":[{\"@type\":\"ListItem\",\"position\":1,\"name\":\"Portada\",\"item\":\"https:\\\/\\\/www.racsa.go.cr\\\/blog\\\/\"},{\"@type\":\"ListItem\",\"position\":2,\"name\":\"Procuradur\u00eda alerta vac\u00edos legales en proyecto de cierre de RACSA\"}]},{\"@type\":\"WebSite\",\"@id\":\"https:\\\/\\\/www.racsa.go.cr\\\/blog\\\/#website\",\"url\":\"https:\\\/\\\/www.racsa.go.cr\\\/blog\\\/\",\"name\":\"Blog de RACSA\",\"description\":\"Noticias y comunicados de inter\u00e9s\",\"publisher\":{\"@id\":\"https:\\\/\\\/www.racsa.go.cr\\\/blog\\\/#organization\"},\"potentialAction\":[{\"@type\":\"SearchAction\",\"target\":{\"@type\":\"EntryPoint\",\"urlTemplate\":\"https:\\\/\\\/www.racsa.go.cr\\\/blog\\\/?s={search_term_string}\"},\"query-input\":{\"@type\":\"PropertyValueSpecification\",\"valueRequired\":true,\"valueName\":\"search_term_string\"}}],\"inLanguage\":\"es-CR\"},{\"@type\":\"Organization\",\"@id\":\"https:\\\/\\\/www.racsa.go.cr\\\/blog\\\/#organization\",\"name\":\"RACSA\",\"url\":\"https:\\\/\\\/www.racsa.go.cr\\\/blog\\\/\",\"logo\":{\"@type\":\"ImageObject\",\"inLanguage\":\"es-CR\",\"@id\":\"https:\\\/\\\/www.racsa.go.cr\\\/blog\\\/#\\\/schema\\\/logo\\\/image\\\/\",\"url\":\"https:\\\/\\\/www.racsa.go.cr\\\/blog\\\/wp-content\\\/uploads\\\/2020\\\/06\\\/logo-racsa-blog_Mesa-de-trabajo-1.png\",\"contentUrl\":\"https:\\\/\\\/www.racsa.go.cr\\\/blog\\\/wp-content\\\/uploads\\\/2020\\\/06\\\/logo-racsa-blog_Mesa-de-trabajo-1.png\",\"width\":77,\"height\":50,\"caption\":\"RACSA\"},\"image\":{\"@id\":\"https:\\\/\\\/www.racsa.go.cr\\\/blog\\\/#\\\/schema\\\/logo\\\/image\\\/\"},\"sameAs\":[\"https:\\\/\\\/m.facebook.com\\\/RACSACR\\\/\",\"https:\\\/\\\/x.com\\\/RACSA_CR\",\"https:\\\/\\\/instagram.com\\\/racsa_cr?igshid=1xty3rwhqjj6p\",\"https:\\\/\\\/www.linkedin.com\\\/authwall?trk=gf&amp;amp;amp;amp;amp;amp;amp;trkInfo=AQGkHPl9RaoQ9AAAAXXizZAgZzcQwi0sdfDTg7AF4I5Q6B_NrjW5R7wFovOzBkS8ur94lJpFmlv2bomYKC3GZOFcSqkgLKm5wKGh61DyjTqr6c_1E_AFOwxMWF5kjSLpCvbYX9o=&amp;amp;amp;amp;amp;amp;amp;originalReferer&amp;amp;amp;amp;amp;amp;amp;sessionRedirect=https:\\\/\\\/es.linkedin.com\\\/company\\\/racsa_cr\",\"https:\\\/\\\/www.youtube.com\\\/user\\\/RACSACOSTARICA\"]},{\"@type\":\"Person\",\"@id\":\"https:\\\/\\\/www.racsa.go.cr\\\/blog\\\/#\\\/schema\\\/person\\\/ec79d31370d6dc9aaa4365492bc04f4e\",\"name\":\"Mercadeo RACSA\",\"image\":{\"@type\":\"ImageObject\",\"inLanguage\":\"es-CR\",\"@id\":\"https:\\\/\\\/secure.gravatar.com\\\/avatar\\\/7b464a0e344d5a5f82f8b9ceb49dae1d41b1141998fb14d2046814a158d02734?s=96&d=mm&r=g\",\"url\":\"https:\\\/\\\/secure.gravatar.com\\\/avatar\\\/7b464a0e344d5a5f82f8b9ceb49dae1d41b1141998fb14d2046814a158d02734?s=96&d=mm&r=g\",\"contentUrl\":\"https:\\\/\\\/secure.gravatar.com\\\/avatar\\\/7b464a0e344d5a5f82f8b9ceb49dae1d41b1141998fb14d2046814a158d02734?s=96&d=mm&r=g\",\"caption\":\"Mercadeo RACSA\"}}]}<\/script>\n<!-- \/ Yoast SEO plugin. -->","yoast_head_json":{"title":"Procuradur\u00eda alerta vac\u00edos legales en proyecto de cierre de RACSA - Blog de RACSA","robots":{"index":"index","follow":"follow","max-snippet":"max-snippet:-1","max-image-preview":"max-image-preview:large","max-video-preview":"max-video-preview:-1"},"canonical":"https:\/\/www.racsa.go.cr\/blog\/procuraduria-alerta-vacios-legales-en-proyecto-de-cierre-de-racsa\/","og_locale":"es_ES","og_type":"article","og_title":"Procuradur\u00eda alerta vac\u00edos legales en proyecto de cierre de RACSA - Blog de RACSA","og_description":"La Procuradur\u00eda General de la Rep\u00fablica advirti\u00f3 que el proyecto de ley que propone el...","og_url":"https:\/\/www.racsa.go.cr\/blog\/procuraduria-alerta-vacios-legales-en-proyecto-de-cierre-de-racsa\/","og_site_name":"Blog de RACSA","article_publisher":"https:\/\/m.facebook.com\/RACSACR\/","article_published_time":"2025-06-03T16:24:20+00:00","article_modified_time":"2025-06-03T16:27:53+00:00","og_image":[{"width":2560,"height":1439,"url":"https:\/\/www.racsa.go.cr\/blog\/wp-content\/uploads\/2025\/06\/Comunicado-RACSA-Procuraduria-02-scaled.jpg","type":"image\/jpeg"}],"author":"Mercadeo RACSA","twitter_card":"summary_large_image","twitter_creator":"@RACSA_CR","twitter_site":"@RACSA_CR","twitter_misc":{"Written by":"Mercadeo RACSA","Est. reading time":"2 minutos"},"schema":{"@context":"https:\/\/schema.org","@graph":[{"@type":"Article","@id":"https:\/\/www.racsa.go.cr\/blog\/procuraduria-alerta-vacios-legales-en-proyecto-de-cierre-de-racsa\/#article","isPartOf":{"@id":"https:\/\/www.racsa.go.cr\/blog\/procuraduria-alerta-vacios-legales-en-proyecto-de-cierre-de-racsa\/"},"author":{"name":"Mercadeo RACSA","@id":"https:\/\/www.racsa.go.cr\/blog\/#\/schema\/person\/ec79d31370d6dc9aaa4365492bc04f4e"},"headline":"Procuradur\u00eda alerta vac\u00edos legales en proyecto de cierre de RACSA","datePublished":"2025-06-03T16:24:20+00:00","dateModified":"2025-06-03T16:27:53+00:00","mainEntityOfPage":{"@id":"https:\/\/www.racsa.go.cr\/blog\/procuraduria-alerta-vacios-legales-en-proyecto-de-cierre-de-racsa\/"},"wordCount":337,"publisher":{"@id":"https:\/\/www.racsa.go.cr\/blog\/#organization"},"image":{"@id":"https:\/\/www.racsa.go.cr\/blog\/procuraduria-alerta-vacios-legales-en-proyecto-de-cierre-de-racsa\/#primaryimage"},"thumbnailUrl":"https:\/\/www.racsa.go.cr\/blog\/wp-content\/uploads\/2025\/06\/Comunicado-RACSA-Procuraduria-02-scaled.jpg","articleSection":["COMUNICADO RACSA","Grupo ICE","RACSA","Rendici\u00f3n de cuentas","TRANSPARENCIA"],"inLanguage":"es-CR"},{"@type":"WebPage","@id":"https:\/\/www.racsa.go.cr\/blog\/procuraduria-alerta-vacios-legales-en-proyecto-de-cierre-de-racsa\/","url":"https:\/\/www.racsa.go.cr\/blog\/procuraduria-alerta-vacios-legales-en-proyecto-de-cierre-de-racsa\/","name":"Procuradur\u00eda alerta vac\u00edos legales en proyecto de cierre de RACSA - Blog de RACSA","isPartOf":{"@id":"https:\/\/www.racsa.go.cr\/blog\/#website"},"primaryImageOfPage":{"@id":"https:\/\/www.racsa.go.cr\/blog\/procuraduria-alerta-vacios-legales-en-proyecto-de-cierre-de-racsa\/#primaryimage"},"image":{"@id":"https:\/\/www.racsa.go.cr\/blog\/procuraduria-alerta-vacios-legales-en-proyecto-de-cierre-de-racsa\/#primaryimage"},"thumbnailUrl":"https:\/\/www.racsa.go.cr\/blog\/wp-content\/uploads\/2025\/06\/Comunicado-RACSA-Procuraduria-02-scaled.jpg","datePublished":"2025-06-03T16:24:20+00:00","dateModified":"2025-06-03T16:27:53+00:00","breadcrumb":{"@id":"https:\/\/www.racsa.go.cr\/blog\/procuraduria-alerta-vacios-legales-en-proyecto-de-cierre-de-racsa\/#breadcrumb"},"inLanguage":"es-CR","potentialAction":[{"@type":"ReadAction","target":["https:\/\/www.racsa.go.cr\/blog\/procuraduria-alerta-vacios-legales-en-proyecto-de-cierre-de-racsa\/"]}]},{"@type":"ImageObject","inLanguage":"es-CR","@id":"https:\/\/www.racsa.go.cr\/blog\/procuraduria-alerta-vacios-legales-en-proyecto-de-cierre-de-racsa\/#primaryimage","url":"https:\/\/www.racsa.go.cr\/blog\/wp-content\/uploads\/2025\/06\/Comunicado-RACSA-Procuraduria-02-scaled.jpg","contentUrl":"https:\/\/www.racsa.go.cr\/blog\/wp-content\/uploads\/2025\/06\/Comunicado-RACSA-Procuraduria-02-scaled.jpg","width":2560,"height":1439},{"@type":"BreadcrumbList","@id":"https:\/\/www.racsa.go.cr\/blog\/procuraduria-alerta-vacios-legales-en-proyecto-de-cierre-de-racsa\/#breadcrumb","itemListElement":[{"@type":"ListItem","position":1,"name":"Portada","item":"https:\/\/www.racsa.go.cr\/blog\/"},{"@type":"ListItem","position":2,"name":"Procuradur\u00eda alerta vac\u00edos legales en proyecto de cierre de RACSA"}]},{"@type":"WebSite","@id":"https:\/\/www.racsa.go.cr\/blog\/#website","url":"https:\/\/www.racsa.go.cr\/blog\/","name":"Blog de RACSA","description":"Noticias y comunicados de inter\u00e9s","publisher":{"@id":"https:\/\/www.racsa.go.cr\/blog\/#organization"},"potentialAction":[{"@type":"SearchAction","target":{"@type":"EntryPoint","urlTemplate":"https:\/\/www.racsa.go.cr\/blog\/?s={search_term_string}"},"query-input":{"@type":"PropertyValueSpecification","valueRequired":true,"valueName":"search_term_string"}}],"inLanguage":"es-CR"},{"@type":"Organization","@id":"https:\/\/www.racsa.go.cr\/blog\/#organization","name":"RACSA","url":"https:\/\/www.racsa.go.cr\/blog\/","logo":{"@type":"ImageObject","inLanguage":"es-CR","@id":"https:\/\/www.racsa.go.cr\/blog\/#\/schema\/logo\/image\/","url":"https:\/\/www.racsa.go.cr\/blog\/wp-content\/uploads\/2020\/06\/logo-racsa-blog_Mesa-de-trabajo-1.png","contentUrl":"https:\/\/www.racsa.go.cr\/blog\/wp-content\/uploads\/2020\/06\/logo-racsa-blog_Mesa-de-trabajo-1.png","width":77,"height":50,"caption":"RACSA"},"image":{"@id":"https:\/\/www.racsa.go.cr\/blog\/#\/schema\/logo\/image\/"},"sameAs":["https:\/\/m.facebook.com\/RACSACR\/","https:\/\/x.com\/RACSA_CR","https:\/\/instagram.com\/racsa_cr?igshid=1xty3rwhqjj6p","https:\/\/www.linkedin.com\/authwall?trk=gf&amp;amp;amp;amp;amp;amp;amp;trkInfo=AQGkHPl9RaoQ9AAAAXXizZAgZzcQwi0sdfDTg7AF4I5Q6B_NrjW5R7wFovOzBkS8ur94lJpFmlv2bomYKC3GZOFcSqkgLKm5wKGh61DyjTqr6c_1E_AFOwxMWF5kjSLpCvbYX9o=&amp;amp;amp;amp;amp;amp;amp;originalReferer&amp;amp;amp;amp;amp;amp;amp;sessionRedirect=https:\/\/es.linkedin.com\/company\/racsa_cr","https:\/\/www.youtube.com\/user\/RACSACOSTARICA"]},{"@type":"Person","@id":"https:\/\/www.racsa.go.cr\/blog\/#\/schema\/person\/ec79d31370d6dc9aaa4365492bc04f4e","name":"Mercadeo RACSA","image":{"@type":"ImageObject","inLanguage":"es-CR","@id":"https:\/\/secure.gravatar.com\/avatar\/7b464a0e344d5a5f82f8b9ceb49dae1d41b1141998fb14d2046814a158d02734?s=96&d=mm&r=g","url":"https:\/\/secure.gravatar.com\/avatar\/7b464a0e344d5a5f82f8b9ceb49dae1d41b1141998fb14d2046814a158d02734?s=96&d=mm&r=g","contentUrl":"https:\/\/secure.gravatar.com\/avatar\/7b464a0e344d5a5f82f8b9ceb49dae1d41b1141998fb14d2046814a158d02734?s=96&d=mm&r=g","caption":"Mercadeo RACSA"}}]}},"_links":{"self":[{"href":"https:\/\/www.racsa.go.cr\/blog\/wp-json\/wp\/v2\/posts\/3782","targetHints":{"allow":["GET"]}}],"collection":[{"href":"https:\/\/www.racsa.go.cr\/blog\/wp-json\/wp\/v2\/posts"}],"about":[{"href":"https:\/\/www.racsa.go.cr\/blog\/wp-json\/wp\/v2\/types\/post"}],"author":[{"embeddable":true,"href":"https:\/\/www.racsa.go.cr\/blog\/wp-json\/wp\/v2\/users\/2"}],"replies":[{"embeddable":true,"href":"https:\/\/www.racsa.go.cr\/blog\/wp-json\/wp\/v2\/comments?post=3782"}],"version-history":[{"count":0,"href":"https:\/\/www.racsa.go.cr\/blog\/wp-json\/wp\/v2\/posts\/3782\/revisions"}],"wp:featuredmedia":[{"embeddable":true,"href":"https:\/\/www.racsa.go.cr\/blog\/wp-json\/wp\/v2\/media\/3783"}],"wp:attachment":[{"href":"https:\/\/www.racsa.go.cr\/blog\/wp-json\/wp\/v2\/media?parent=3782"}],"wp:term":[{"taxonomy":"category","embeddable":true,"href":"https:\/\/www.racsa.go.cr\/blog\/wp-json\/wp\/v2\/categories?post=3782"},{"taxonomy":"post_tag","embeddable":true,"href":"https:\/\/www.racsa.go.cr\/blog\/wp-json\/wp\/v2\/tags?post=3782"}],"curies":[{"name":"wp","href":"https:\/\/api.w.org\/{rel}","templated":true}]}}