{"id":3727,"date":"2025-05-09T16:17:19","date_gmt":"2025-05-09T22:17:19","guid":{"rendered":"https:\/\/www.racsa.go.cr\/blog\/?p=3727"},"modified":"2025-05-09T16:48:14","modified_gmt":"2025-05-09T22:48:14","slug":"racsa-y-correos-de-costa-rica-anuncian-ajuste-en-la-tarifa-de-sus-tramites-de-pasaportes-dimex-y-controlpas","status":"publish","type":"post","link":"https:\/\/www.racsa.go.cr\/blog\/racsa-y-correos-de-costa-rica-anuncian-ajuste-en-la-tarifa-de-sus-tramites-de-pasaportes-dimex-y-controlpas\/","title":{"rendered":"RACSA y Correos de Costa Rica anuncian ajuste en la tarifa de sus tr\u00e1mites de Pasaportes, DIMEX y ControlPas"},"content":{"rendered":"\n<ul class=\"wp-block-list\">\n<li>A partir del 12 de mayo de 2025, el tr\u00e1mite tendr\u00e1 un costo de \u00a28.203,5 + IVA para Pasaportes y DIMEX, y \u00a28.303,5 + $3 + IVA en el caso de ControlPas.<\/li>\n\n\n\n<li>La tarifa se manten\u00eda sin cambios desde el a\u00f1o 2012.<\/li>\n\n\n\n<li>Citas se pueden solicitar en la l\u00ednea 1311.<\/li>\n<\/ul>\n\n\n\n<p><em>San Jos\u00e9, 9 de mayo de 2025<\/em> \u2013 RACSA y Correos de Costa Rica informan que, a partir del lunes 12 de mayo de 2025, la tarifa por el servicio de tr\u00e1mite de<strong> pasaportes y DIMEX&nbsp;<\/strong>ser\u00e1 de <strong>\u00a28.203,5 + IVA,&nbsp;<\/strong>mientras que obtener el ControlPas costar\u00e1<strong> \u00a28.303,5 + $3 + IVA.<\/strong><\/p>\n\n\n\n<p>Este ajuste responde a la necesidad de atender los costos operativos actuales y las inversiones en tecnolog\u00eda que permiten ofrecer un servicio eficiente, seguro y con altos est\u00e1ndares de calidad a la ciudadan\u00eda.<\/p>\n\n\n\n<p>El nuevo monto contempla la participaci\u00f3n econ\u00f3mica por los servicios brindados por ambas instituciones, los gastos de env\u00edo de Correos y el impuesto al valor agregado (IVA). El pago puede realizarse a trav\u00e9s de la Sucursal Virtual o directamente en la ventanilla el d\u00eda de la cita.<\/p>\n\n\n\n<p><em>\u201cCorreos de Costa Rica, con el apoyo tecnol\u00f3gico de RACSA, ofrece el servicio de pasaportes desde el 2012 y ha mantenido desde entonces sus tarifas sin variaci\u00f3n. Este ajuste es, sin duda, necesario para continuar brindando un servicio de calidad con la disponibilidad y rapidez que le caracteriza, siempre agradecidos con nuestros clientes por su preferencia\u201d,<\/em> declar\u00f3 Katherine Pacheco Jim\u00e9nez, gerente Comercial de Correos de Costa Rica.<\/p>\n\n\n\n<p><em>\u201cCon el compromiso de ofrecer un servicio cada vez m\u00e1s eficiente y de la m\u00e1s alta calidad, en nuestra Ventanillas Electr\u00f3nicas de Servicios (VES) se realiz\u00f3 una actualizaci\u00f3n en las tarifas de nuestros servicios. Cabe destacar que estas tarifas se han mantenido sin cambios durante m\u00e1s de diez a\u00f1os, por lo que este ajuste es necesario para continuar invirtiendo en innovaci\u00f3n y garantizar una atenci\u00f3n \u00f3ptima para nuestros usuarios&#8221;<\/em>, destac\u00f3 Marielos Brenes, l\u00edder de servicio en RACSA.<\/p>\n\n\n\n<p><strong>Costos asociados. <\/strong>Toda persona que requiera tramitar su Pasaporte, Dimex o ControlPas, ya sea por primera vez o renovaci\u00f3n, debe efectuar los siguientes pagos:<\/p>\n\n\n\n<p class=\"has-vivid-cyan-blue-color has-text-color has-link-color wp-elements-05632029db11419b895fe2527d27a9af\"><\/p>\n\n\n\n<figure class=\"wp-block-table\"><table class=\"has-white-color has-vivid-cyan-blue-background-color has-text-color has-background has-link-color has-fixed-layout\"><tbody><tr><td>Pasaporte<\/td><\/tr><\/tbody><\/table><\/figure>\n\n\n\n<figure class=\"wp-block-table\"><table class=\"has-fixed-layout\"><tbody><tr><td><strong>Costo del documento<\/strong><br><strong>$75 + \u00a2250<\/strong><\/td><td>Monto establecido por la Direcci\u00f3n General de Migraci\u00f3n y Extranjer\u00eda. Debe cancelarse previamente en el Banco de Costa Rica, directamente a la cuenta del Ministerio de Hacienda establecida para este fin.<\/td><\/tr><tr><td><strong>Costo del tr\u00e1mite<\/strong><br><strong>\u00a28.203,5 + IVA<\/strong><\/td><td>Se cancela desde la Sucursal Virtual o en ventanilla el d\u00eda de la cita en Correos CR.<\/td><\/tr><\/tbody><\/table><\/figure>\n\n\n\n<p class=\"has-vivid-cyan-blue-color has-text-color has-link-color wp-elements-bee5cf33c7d5ddfc3bb9b00be008bd89\"><strong> <\/strong><\/p>\n\n\n\n<figure class=\"wp-block-table\"><table class=\"has-white-color has-vivid-green-cyan-background-color has-text-color has-background has-link-color has-fixed-layout\"><tbody><tr><td>Dimex<\/td><\/tr><\/tbody><\/table><\/figure>\n\n\n\n<figure class=\"wp-block-table\"><table class=\"has-fixed-layout\"><tbody><tr><td><strong>Costo del documento<\/strong><br><strong>Entre $95 y $133<\/strong><\/td><td>Var\u00eda seg\u00fan la categor\u00eda, el monto es establecido por la Direcci\u00f3n General de Migraci\u00f3n y Extranjer\u00eda. Debe cancelarse previamente en el Banco de Costa Rica, directamente a la cuenta del Ministerio de Hacienda establecida para este fin.<\/td><\/tr><tr><td><strong>Costo del tr\u00e1mite<\/strong><br><strong>\u00a28.203,5 + IVA<\/strong><\/td><td>Se cancela en ventanilla el d\u00eda de la cita en Correos CR.<br>&nbsp;<\/td><\/tr><\/tbody><\/table><\/figure>\n\n\n\n<p class=\"has-vivid-cyan-blue-color has-text-color has-link-color wp-elements-05632029db11419b895fe2527d27a9af\"><\/p>\n\n\n\n<figure class=\"wp-block-table\"><table class=\"has-luminous-vivid-amber-background-color has-background has-fixed-layout\"><tbody><tr><td><strong>ControlPas<\/strong><\/td><\/tr><\/tbody><\/table><\/figure>\n\n\n\n<figure class=\"wp-block-table\"><table class=\"has-fixed-layout\"><tbody><tr><td><strong>Costo del tr\u00e1mite<\/strong><br><strong>\u00a28.303,5 + IVA<\/strong><\/td><td><\/td><\/tr><tr><td><strong>Costo del documento<\/strong><br><strong>$3 + IVA<\/strong><\/td><td><br><br><br>Cobro por parte del Ministerio de Seguridad P\u00fablica.<br>Ambos se cancelan en ventanilla el d\u00eda de la cita en Correos CR.<\/td><\/tr><\/tbody><\/table><\/figure>\n\n\n\n<p>RACSA y Correos de Costa Rica cuentan con 25 Ventanillas Electr\u00f3nicas de Servicios distribuidas a lo largo del pa\u00eds, donde se realizan tr\u00e1mites de pasaporte para menores y mayores de edad, tanto por primera vez como renovaci\u00f3n. El costo del tr\u00e1mite incluye la entrega del documento a domicilio o en cualquier sucursal en todo el territorio nacional.<\/p>\n\n\n\n<p>RACSA tiene a disposici\u00f3n, la plataforma telef\u00f3nica de servicios al ciudadano (L\u00ednea 1311) para la solicitud de citas y consultas sobre los servicios mencionados. Para m\u00e1s informaci\u00f3n ingrese a: <a href=\"http:\/\/www.racsa.go.cr\">www.racsa.go.cr<\/a><\/p>\n","protected":false},"excerpt":{"rendered":"<p>San Jos\u00e9, 9 de mayo de 2025 \u2013 RACSA y Correos de Costa Rica informan&#8230;<\/p>\n","protected":false},"author":2,"featured_media":3729,"comment_status":"closed","ping_status":"closed","sticky":false,"template":"","format":"standard","meta":{"footnotes":""},"categories":[224,270,271],"tags":[],"class_list":["post-3727","post","type-post","status-publish","format-standard","has-post-thumbnail","hentry","category-comunicado-racsa","category-racsa-1311","category-ves"],"yoast_head":"<!-- This site is optimized with the Yoast SEO plugin v27.4 - https:\/\/yoast.com\/product\/yoast-seo-wordpress\/ -->\n<title>RACSA y Correos de Costa Rica anuncian ajuste en la tarifa de sus tr\u00e1mites de Pasaportes, DIMEX y ControlPas - Blog de RACSA<\/title>\n<meta name=\"robots\" content=\"index, follow, max-snippet:-1, max-image-preview:large, max-video-preview:-1\" \/>\n<link rel=\"canonical\" href=\"https:\/\/www.racsa.go.cr\/blog\/racsa-y-correos-de-costa-rica-anuncian-ajuste-en-la-tarifa-de-sus-tramites-de-pasaportes-dimex-y-controlpas\/\" \/>\n<meta property=\"og:locale\" content=\"es_ES\" \/>\n<meta property=\"og:type\" content=\"article\" \/>\n<meta property=\"og:title\" content=\"RACSA y Correos de Costa Rica anuncian ajuste en la tarifa de sus tr\u00e1mites de Pasaportes, DIMEX y ControlPas - Blog de RACSA\" \/>\n<meta property=\"og:description\" content=\"San Jos\u00e9, 9 de mayo de 2025 \u2013 RACSA y Correos de Costa Rica informan...\" \/>\n<meta property=\"og:url\" content=\"https:\/\/www.racsa.go.cr\/blog\/racsa-y-correos-de-costa-rica-anuncian-ajuste-en-la-tarifa-de-sus-tramites-de-pasaportes-dimex-y-controlpas\/\" \/>\n<meta property=\"og:site_name\" content=\"Blog de RACSA\" \/>\n<meta property=\"article:publisher\" content=\"https:\/\/m.facebook.com\/RACSACR\/\" \/>\n<meta property=\"article:published_time\" content=\"2025-05-09T22:17:19+00:00\" \/>\n<meta property=\"article:modified_time\" content=\"2025-05-09T22:48:14+00:00\" \/>\n<meta property=\"og:image\" content=\"https:\/\/www.racsa.go.cr\/blog\/wp-content\/uploads\/2025\/05\/Servicios-VES-02-scaled.jpg\" \/>\n\t<meta property=\"og:image:width\" content=\"2560\" \/>\n\t<meta property=\"og:image:height\" content=\"1439\" \/>\n\t<meta property=\"og:image:type\" content=\"image\/jpeg\" \/>\n<meta name=\"author\" content=\"Mercadeo RACSA\" \/>\n<meta name=\"twitter:card\" content=\"summary_large_image\" \/>\n<meta name=\"twitter:creator\" content=\"@RACSA_CR\" \/>\n<meta name=\"twitter:site\" content=\"@RACSA_CR\" \/>\n<meta name=\"twitter:label1\" content=\"Written by\" \/>\n\t<meta name=\"twitter:data1\" content=\"Mercadeo RACSA\" \/>\n\t<meta name=\"twitter:label2\" content=\"Est. reading time\" \/>\n\t<meta name=\"twitter:data2\" content=\"3 minutos\" \/>\n<script type=\"application\/ld+json\" class=\"yoast-schema-graph\">{\"@context\":\"https:\\\/\\\/schema.org\",\"@graph\":[{\"@type\":\"Article\",\"@id\":\"https:\\\/\\\/www.racsa.go.cr\\\/blog\\\/racsa-y-correos-de-costa-rica-anuncian-ajuste-en-la-tarifa-de-sus-tramites-de-pasaportes-dimex-y-controlpas\\\/#article\",\"isPartOf\":{\"@id\":\"https:\\\/\\\/www.racsa.go.cr\\\/blog\\\/racsa-y-correos-de-costa-rica-anuncian-ajuste-en-la-tarifa-de-sus-tramites-de-pasaportes-dimex-y-controlpas\\\/\"},\"author\":{\"name\":\"Mercadeo RACSA\",\"@id\":\"https:\\\/\\\/www.racsa.go.cr\\\/blog\\\/#\\\/schema\\\/person\\\/ec79d31370d6dc9aaa4365492bc04f4e\"},\"headline\":\"RACSA y Correos de Costa Rica anuncian ajuste en la tarifa de sus tr\u00e1mites de Pasaportes, DIMEX y ControlPas\",\"datePublished\":\"2025-05-09T22:17:19+00:00\",\"dateModified\":\"2025-05-09T22:48:14+00:00\",\"mainEntityOfPage\":{\"@id\":\"https:\\\/\\\/www.racsa.go.cr\\\/blog\\\/racsa-y-correos-de-costa-rica-anuncian-ajuste-en-la-tarifa-de-sus-tramites-de-pasaportes-dimex-y-controlpas\\\/\"},\"wordCount\":636,\"publisher\":{\"@id\":\"https:\\\/\\\/www.racsa.go.cr\\\/blog\\\/#organization\"},\"image\":{\"@id\":\"https:\\\/\\\/www.racsa.go.cr\\\/blog\\\/racsa-y-correos-de-costa-rica-anuncian-ajuste-en-la-tarifa-de-sus-tramites-de-pasaportes-dimex-y-controlpas\\\/#primaryimage\"},\"thumbnailUrl\":\"https:\\\/\\\/www.racsa.go.cr\\\/blog\\\/wp-content\\\/uploads\\\/2025\\\/05\\\/Servicios-VES-02-scaled.jpg\",\"articleSection\":[\"COMUNICADO RACSA\",\"RACSA 1311\",\"VES\"],\"inLanguage\":\"es-CR\"},{\"@type\":\"WebPage\",\"@id\":\"https:\\\/\\\/www.racsa.go.cr\\\/blog\\\/racsa-y-correos-de-costa-rica-anuncian-ajuste-en-la-tarifa-de-sus-tramites-de-pasaportes-dimex-y-controlpas\\\/\",\"url\":\"https:\\\/\\\/www.racsa.go.cr\\\/blog\\\/racsa-y-correos-de-costa-rica-anuncian-ajuste-en-la-tarifa-de-sus-tramites-de-pasaportes-dimex-y-controlpas\\\/\",\"name\":\"RACSA y Correos de Costa Rica anuncian ajuste en la tarifa de sus tr\u00e1mites de Pasaportes, DIMEX y ControlPas - Blog de RACSA\",\"isPartOf\":{\"@id\":\"https:\\\/\\\/www.racsa.go.cr\\\/blog\\\/#website\"},\"primaryImageOfPage\":{\"@id\":\"https:\\\/\\\/www.racsa.go.cr\\\/blog\\\/racsa-y-correos-de-costa-rica-anuncian-ajuste-en-la-tarifa-de-sus-tramites-de-pasaportes-dimex-y-controlpas\\\/#primaryimage\"},\"image\":{\"@id\":\"https:\\\/\\\/www.racsa.go.cr\\\/blog\\\/racsa-y-correos-de-costa-rica-anuncian-ajuste-en-la-tarifa-de-sus-tramites-de-pasaportes-dimex-y-controlpas\\\/#primaryimage\"},\"thumbnailUrl\":\"https:\\\/\\\/www.racsa.go.cr\\\/blog\\\/wp-content\\\/uploads\\\/2025\\\/05\\\/Servicios-VES-02-scaled.jpg\",\"datePublished\":\"2025-05-09T22:17:19+00:00\",\"dateModified\":\"2025-05-09T22:48:14+00:00\",\"breadcrumb\":{\"@id\":\"https:\\\/\\\/www.racsa.go.cr\\\/blog\\\/racsa-y-correos-de-costa-rica-anuncian-ajuste-en-la-tarifa-de-sus-tramites-de-pasaportes-dimex-y-controlpas\\\/#breadcrumb\"},\"inLanguage\":\"es-CR\",\"potentialAction\":[{\"@type\":\"ReadAction\",\"target\":[\"https:\\\/\\\/www.racsa.go.cr\\\/blog\\\/racsa-y-correos-de-costa-rica-anuncian-ajuste-en-la-tarifa-de-sus-tramites-de-pasaportes-dimex-y-controlpas\\\/\"]}]},{\"@type\":\"ImageObject\",\"inLanguage\":\"es-CR\",\"@id\":\"https:\\\/\\\/www.racsa.go.cr\\\/blog\\\/racsa-y-correos-de-costa-rica-anuncian-ajuste-en-la-tarifa-de-sus-tramites-de-pasaportes-dimex-y-controlpas\\\/#primaryimage\",\"url\":\"https:\\\/\\\/www.racsa.go.cr\\\/blog\\\/wp-content\\\/uploads\\\/2025\\\/05\\\/Servicios-VES-02-scaled.jpg\",\"contentUrl\":\"https:\\\/\\\/www.racsa.go.cr\\\/blog\\\/wp-content\\\/uploads\\\/2025\\\/05\\\/Servicios-VES-02-scaled.jpg\",\"width\":2560,\"height\":1439},{\"@type\":\"BreadcrumbList\",\"@id\":\"https:\\\/\\\/www.racsa.go.cr\\\/blog\\\/racsa-y-correos-de-costa-rica-anuncian-ajuste-en-la-tarifa-de-sus-tramites-de-pasaportes-dimex-y-controlpas\\\/#breadcrumb\",\"itemListElement\":[{\"@type\":\"ListItem\",\"position\":1,\"name\":\"Portada\",\"item\":\"https:\\\/\\\/www.racsa.go.cr\\\/blog\\\/\"},{\"@type\":\"ListItem\",\"position\":2,\"name\":\"RACSA y Correos de Costa Rica anuncian ajuste en la tarifa de sus tr\u00e1mites de Pasaportes, DIMEX y ControlPas\"}]},{\"@type\":\"WebSite\",\"@id\":\"https:\\\/\\\/www.racsa.go.cr\\\/blog\\\/#website\",\"url\":\"https:\\\/\\\/www.racsa.go.cr\\\/blog\\\/\",\"name\":\"Blog de RACSA\",\"description\":\"Noticias y comunicados de inter\u00e9s\",\"publisher\":{\"@id\":\"https:\\\/\\\/www.racsa.go.cr\\\/blog\\\/#organization\"},\"potentialAction\":[{\"@type\":\"SearchAction\",\"target\":{\"@type\":\"EntryPoint\",\"urlTemplate\":\"https:\\\/\\\/www.racsa.go.cr\\\/blog\\\/?s={search_term_string}\"},\"query-input\":{\"@type\":\"PropertyValueSpecification\",\"valueRequired\":true,\"valueName\":\"search_term_string\"}}],\"inLanguage\":\"es-CR\"},{\"@type\":\"Organization\",\"@id\":\"https:\\\/\\\/www.racsa.go.cr\\\/blog\\\/#organization\",\"name\":\"RACSA\",\"url\":\"https:\\\/\\\/www.racsa.go.cr\\\/blog\\\/\",\"logo\":{\"@type\":\"ImageObject\",\"inLanguage\":\"es-CR\",\"@id\":\"https:\\\/\\\/www.racsa.go.cr\\\/blog\\\/#\\\/schema\\\/logo\\\/image\\\/\",\"url\":\"https:\\\/\\\/www.racsa.go.cr\\\/blog\\\/wp-content\\\/uploads\\\/2020\\\/06\\\/logo-racsa-blog_Mesa-de-trabajo-1.png\",\"contentUrl\":\"https:\\\/\\\/www.racsa.go.cr\\\/blog\\\/wp-content\\\/uploads\\\/2020\\\/06\\\/logo-racsa-blog_Mesa-de-trabajo-1.png\",\"width\":77,\"height\":50,\"caption\":\"RACSA\"},\"image\":{\"@id\":\"https:\\\/\\\/www.racsa.go.cr\\\/blog\\\/#\\\/schema\\\/logo\\\/image\\\/\"},\"sameAs\":[\"https:\\\/\\\/m.facebook.com\\\/RACSACR\\\/\",\"https:\\\/\\\/x.com\\\/RACSA_CR\",\"https:\\\/\\\/instagram.com\\\/racsa_cr?igshid=1xty3rwhqjj6p\",\"https:\\\/\\\/www.linkedin.com\\\/authwall?trk=gf&amp;amp;amp;amp;amp;amp;amp;trkInfo=AQGkHPl9RaoQ9AAAAXXizZAgZzcQwi0sdfDTg7AF4I5Q6B_NrjW5R7wFovOzBkS8ur94lJpFmlv2bomYKC3GZOFcSqkgLKm5wKGh61DyjTqr6c_1E_AFOwxMWF5kjSLpCvbYX9o=&amp;amp;amp;amp;amp;amp;amp;originalReferer&amp;amp;amp;amp;amp;amp;amp;sessionRedirect=https:\\\/\\\/es.linkedin.com\\\/company\\\/racsa_cr\",\"https:\\\/\\\/www.youtube.com\\\/user\\\/RACSACOSTARICA\"]},{\"@type\":\"Person\",\"@id\":\"https:\\\/\\\/www.racsa.go.cr\\\/blog\\\/#\\\/schema\\\/person\\\/ec79d31370d6dc9aaa4365492bc04f4e\",\"name\":\"Mercadeo RACSA\",\"image\":{\"@type\":\"ImageObject\",\"inLanguage\":\"es-CR\",\"@id\":\"https:\\\/\\\/secure.gravatar.com\\\/avatar\\\/7b464a0e344d5a5f82f8b9ceb49dae1d41b1141998fb14d2046814a158d02734?s=96&d=mm&r=g\",\"url\":\"https:\\\/\\\/secure.gravatar.com\\\/avatar\\\/7b464a0e344d5a5f82f8b9ceb49dae1d41b1141998fb14d2046814a158d02734?s=96&d=mm&r=g\",\"contentUrl\":\"https:\\\/\\\/secure.gravatar.com\\\/avatar\\\/7b464a0e344d5a5f82f8b9ceb49dae1d41b1141998fb14d2046814a158d02734?s=96&d=mm&r=g\",\"caption\":\"Mercadeo RACSA\"}}]}<\/script>\n<!-- \/ Yoast SEO plugin. -->","yoast_head_json":{"title":"RACSA y Correos de Costa Rica anuncian ajuste en la tarifa de sus tr\u00e1mites de Pasaportes, DIMEX y ControlPas - Blog de RACSA","robots":{"index":"index","follow":"follow","max-snippet":"max-snippet:-1","max-image-preview":"max-image-preview:large","max-video-preview":"max-video-preview:-1"},"canonical":"https:\/\/www.racsa.go.cr\/blog\/racsa-y-correos-de-costa-rica-anuncian-ajuste-en-la-tarifa-de-sus-tramites-de-pasaportes-dimex-y-controlpas\/","og_locale":"es_ES","og_type":"article","og_title":"RACSA y Correos de Costa Rica anuncian ajuste en la tarifa de sus tr\u00e1mites de Pasaportes, DIMEX y ControlPas - Blog de RACSA","og_description":"San Jos\u00e9, 9 de mayo de 2025 \u2013 RACSA y Correos de Costa Rica informan...","og_url":"https:\/\/www.racsa.go.cr\/blog\/racsa-y-correos-de-costa-rica-anuncian-ajuste-en-la-tarifa-de-sus-tramites-de-pasaportes-dimex-y-controlpas\/","og_site_name":"Blog de RACSA","article_publisher":"https:\/\/m.facebook.com\/RACSACR\/","article_published_time":"2025-05-09T22:17:19+00:00","article_modified_time":"2025-05-09T22:48:14+00:00","og_image":[{"width":2560,"height":1439,"url":"https:\/\/www.racsa.go.cr\/blog\/wp-content\/uploads\/2025\/05\/Servicios-VES-02-scaled.jpg","type":"image\/jpeg"}],"author":"Mercadeo RACSA","twitter_card":"summary_large_image","twitter_creator":"@RACSA_CR","twitter_site":"@RACSA_CR","twitter_misc":{"Written by":"Mercadeo RACSA","Est. reading time":"3 minutos"},"schema":{"@context":"https:\/\/schema.org","@graph":[{"@type":"Article","@id":"https:\/\/www.racsa.go.cr\/blog\/racsa-y-correos-de-costa-rica-anuncian-ajuste-en-la-tarifa-de-sus-tramites-de-pasaportes-dimex-y-controlpas\/#article","isPartOf":{"@id":"https:\/\/www.racsa.go.cr\/blog\/racsa-y-correos-de-costa-rica-anuncian-ajuste-en-la-tarifa-de-sus-tramites-de-pasaportes-dimex-y-controlpas\/"},"author":{"name":"Mercadeo RACSA","@id":"https:\/\/www.racsa.go.cr\/blog\/#\/schema\/person\/ec79d31370d6dc9aaa4365492bc04f4e"},"headline":"RACSA y Correos de Costa Rica anuncian ajuste en la tarifa de sus tr\u00e1mites de Pasaportes, DIMEX y ControlPas","datePublished":"2025-05-09T22:17:19+00:00","dateModified":"2025-05-09T22:48:14+00:00","mainEntityOfPage":{"@id":"https:\/\/www.racsa.go.cr\/blog\/racsa-y-correos-de-costa-rica-anuncian-ajuste-en-la-tarifa-de-sus-tramites-de-pasaportes-dimex-y-controlpas\/"},"wordCount":636,"publisher":{"@id":"https:\/\/www.racsa.go.cr\/blog\/#organization"},"image":{"@id":"https:\/\/www.racsa.go.cr\/blog\/racsa-y-correos-de-costa-rica-anuncian-ajuste-en-la-tarifa-de-sus-tramites-de-pasaportes-dimex-y-controlpas\/#primaryimage"},"thumbnailUrl":"https:\/\/www.racsa.go.cr\/blog\/wp-content\/uploads\/2025\/05\/Servicios-VES-02-scaled.jpg","articleSection":["COMUNICADO RACSA","RACSA 1311","VES"],"inLanguage":"es-CR"},{"@type":"WebPage","@id":"https:\/\/www.racsa.go.cr\/blog\/racsa-y-correos-de-costa-rica-anuncian-ajuste-en-la-tarifa-de-sus-tramites-de-pasaportes-dimex-y-controlpas\/","url":"https:\/\/www.racsa.go.cr\/blog\/racsa-y-correos-de-costa-rica-anuncian-ajuste-en-la-tarifa-de-sus-tramites-de-pasaportes-dimex-y-controlpas\/","name":"RACSA y Correos de Costa Rica anuncian ajuste en la tarifa de sus tr\u00e1mites de Pasaportes, DIMEX y ControlPas - Blog de RACSA","isPartOf":{"@id":"https:\/\/www.racsa.go.cr\/blog\/#website"},"primaryImageOfPage":{"@id":"https:\/\/www.racsa.go.cr\/blog\/racsa-y-correos-de-costa-rica-anuncian-ajuste-en-la-tarifa-de-sus-tramites-de-pasaportes-dimex-y-controlpas\/#primaryimage"},"image":{"@id":"https:\/\/www.racsa.go.cr\/blog\/racsa-y-correos-de-costa-rica-anuncian-ajuste-en-la-tarifa-de-sus-tramites-de-pasaportes-dimex-y-controlpas\/#primaryimage"},"thumbnailUrl":"https:\/\/www.racsa.go.cr\/blog\/wp-content\/uploads\/2025\/05\/Servicios-VES-02-scaled.jpg","datePublished":"2025-05-09T22:17:19+00:00","dateModified":"2025-05-09T22:48:14+00:00","breadcrumb":{"@id":"https:\/\/www.racsa.go.cr\/blog\/racsa-y-correos-de-costa-rica-anuncian-ajuste-en-la-tarifa-de-sus-tramites-de-pasaportes-dimex-y-controlpas\/#breadcrumb"},"inLanguage":"es-CR","potentialAction":[{"@type":"ReadAction","target":["https:\/\/www.racsa.go.cr\/blog\/racsa-y-correos-de-costa-rica-anuncian-ajuste-en-la-tarifa-de-sus-tramites-de-pasaportes-dimex-y-controlpas\/"]}]},{"@type":"ImageObject","inLanguage":"es-CR","@id":"https:\/\/www.racsa.go.cr\/blog\/racsa-y-correos-de-costa-rica-anuncian-ajuste-en-la-tarifa-de-sus-tramites-de-pasaportes-dimex-y-controlpas\/#primaryimage","url":"https:\/\/www.racsa.go.cr\/blog\/wp-content\/uploads\/2025\/05\/Servicios-VES-02-scaled.jpg","contentUrl":"https:\/\/www.racsa.go.cr\/blog\/wp-content\/uploads\/2025\/05\/Servicios-VES-02-scaled.jpg","width":2560,"height":1439},{"@type":"BreadcrumbList","@id":"https:\/\/www.racsa.go.cr\/blog\/racsa-y-correos-de-costa-rica-anuncian-ajuste-en-la-tarifa-de-sus-tramites-de-pasaportes-dimex-y-controlpas\/#breadcrumb","itemListElement":[{"@type":"ListItem","position":1,"name":"Portada","item":"https:\/\/www.racsa.go.cr\/blog\/"},{"@type":"ListItem","position":2,"name":"RACSA y Correos de Costa Rica anuncian ajuste en la tarifa de sus tr\u00e1mites de Pasaportes, DIMEX y ControlPas"}]},{"@type":"WebSite","@id":"https:\/\/www.racsa.go.cr\/blog\/#website","url":"https:\/\/www.racsa.go.cr\/blog\/","name":"Blog de RACSA","description":"Noticias y comunicados de inter\u00e9s","publisher":{"@id":"https:\/\/www.racsa.go.cr\/blog\/#organization"},"potentialAction":[{"@type":"SearchAction","target":{"@type":"EntryPoint","urlTemplate":"https:\/\/www.racsa.go.cr\/blog\/?s={search_term_string}"},"query-input":{"@type":"PropertyValueSpecification","valueRequired":true,"valueName":"search_term_string"}}],"inLanguage":"es-CR"},{"@type":"Organization","@id":"https:\/\/www.racsa.go.cr\/blog\/#organization","name":"RACSA","url":"https:\/\/www.racsa.go.cr\/blog\/","logo":{"@type":"ImageObject","inLanguage":"es-CR","@id":"https:\/\/www.racsa.go.cr\/blog\/#\/schema\/logo\/image\/","url":"https:\/\/www.racsa.go.cr\/blog\/wp-content\/uploads\/2020\/06\/logo-racsa-blog_Mesa-de-trabajo-1.png","contentUrl":"https:\/\/www.racsa.go.cr\/blog\/wp-content\/uploads\/2020\/06\/logo-racsa-blog_Mesa-de-trabajo-1.png","width":77,"height":50,"caption":"RACSA"},"image":{"@id":"https:\/\/www.racsa.go.cr\/blog\/#\/schema\/logo\/image\/"},"sameAs":["https:\/\/m.facebook.com\/RACSACR\/","https:\/\/x.com\/RACSA_CR","https:\/\/instagram.com\/racsa_cr?igshid=1xty3rwhqjj6p","https:\/\/www.linkedin.com\/authwall?trk=gf&amp;amp;amp;amp;amp;amp;amp;trkInfo=AQGkHPl9RaoQ9AAAAXXizZAgZzcQwi0sdfDTg7AF4I5Q6B_NrjW5R7wFovOzBkS8ur94lJpFmlv2bomYKC3GZOFcSqkgLKm5wKGh61DyjTqr6c_1E_AFOwxMWF5kjSLpCvbYX9o=&amp;amp;amp;amp;amp;amp;amp;originalReferer&amp;amp;amp;amp;amp;amp;amp;sessionRedirect=https:\/\/es.linkedin.com\/company\/racsa_cr","https:\/\/www.youtube.com\/user\/RACSACOSTARICA"]},{"@type":"Person","@id":"https:\/\/www.racsa.go.cr\/blog\/#\/schema\/person\/ec79d31370d6dc9aaa4365492bc04f4e","name":"Mercadeo RACSA","image":{"@type":"ImageObject","inLanguage":"es-CR","@id":"https:\/\/secure.gravatar.com\/avatar\/7b464a0e344d5a5f82f8b9ceb49dae1d41b1141998fb14d2046814a158d02734?s=96&d=mm&r=g","url":"https:\/\/secure.gravatar.com\/avatar\/7b464a0e344d5a5f82f8b9ceb49dae1d41b1141998fb14d2046814a158d02734?s=96&d=mm&r=g","contentUrl":"https:\/\/secure.gravatar.com\/avatar\/7b464a0e344d5a5f82f8b9ceb49dae1d41b1141998fb14d2046814a158d02734?s=96&d=mm&r=g","caption":"Mercadeo RACSA"}}]}},"_links":{"self":[{"href":"https:\/\/www.racsa.go.cr\/blog\/wp-json\/wp\/v2\/posts\/3727","targetHints":{"allow":["GET"]}}],"collection":[{"href":"https:\/\/www.racsa.go.cr\/blog\/wp-json\/wp\/v2\/posts"}],"about":[{"href":"https:\/\/www.racsa.go.cr\/blog\/wp-json\/wp\/v2\/types\/post"}],"author":[{"embeddable":true,"href":"https:\/\/www.racsa.go.cr\/blog\/wp-json\/wp\/v2\/users\/2"}],"replies":[{"embeddable":true,"href":"https:\/\/www.racsa.go.cr\/blog\/wp-json\/wp\/v2\/comments?post=3727"}],"version-history":[{"count":0,"href":"https:\/\/www.racsa.go.cr\/blog\/wp-json\/wp\/v2\/posts\/3727\/revisions"}],"wp:featuredmedia":[{"embeddable":true,"href":"https:\/\/www.racsa.go.cr\/blog\/wp-json\/wp\/v2\/media\/3729"}],"wp:attachment":[{"href":"https:\/\/www.racsa.go.cr\/blog\/wp-json\/wp\/v2\/media?parent=3727"}],"wp:term":[{"taxonomy":"category","embeddable":true,"href":"https:\/\/www.racsa.go.cr\/blog\/wp-json\/wp\/v2\/categories?post=3727"},{"taxonomy":"post_tag","embeddable":true,"href":"https:\/\/www.racsa.go.cr\/blog\/wp-json\/wp\/v2\/tags?post=3727"}],"curies":[{"name":"wp","href":"https:\/\/api.w.org\/{rel}","templated":true}]}}