{"id":3576,"date":"2025-01-27T12:37:00","date_gmt":"2025-01-27T18:37:00","guid":{"rendered":"https:\/\/www.racsa.go.cr\/blog\/?p=3576"},"modified":"2025-01-27T13:53:26","modified_gmt":"2025-01-27T19:53:26","slug":"alianza-interinstitucional-potenciara-desarrollo-de-la-innovacion-en-el-pais","status":"publish","type":"post","link":"https:\/\/www.racsa.go.cr\/blog\/alianza-interinstitucional-potenciara-desarrollo-de-la-innovacion-en-el-pais\/","title":{"rendered":"Alianza interinstitucional potenciar\u00e1 desarrollo de la innovaci\u00f3n en el pa\u00eds"},"content":{"rendered":"\n<ul class=\"wp-block-list\">\n<li>Sesiones colaborativas de innovaci\u00f3n iniciaron el 23 de enero.<\/li>\n\n\n\n<li>Proyecto considerar\u00e1 necesidades y capacidades de las comunidades.<\/li>\n<\/ul>\n\n\n\n<p>La <strong>Promotora Costarricense de Innovaci\u00f3n e Investigaci\u00f3n (PCII)<\/strong> y <strong>RACSA <\/strong>iniciaron una serie de mesas de trabajo para establecer un acuerdo de cooperaci\u00f3n que impulsar\u00e1 el desarrollo de iniciativas para atender las principales problem\u00e1ticas en diferentes comunidades del pa\u00eds.<\/p>\n\n\n\n<p>Una de las propuestas espec\u00edficas es la creaci\u00f3n de repositorios de informaci\u00f3n (\u201cdatasets\u201d) para integrar diferentes capas de inteligencia. Estas capas, utilizar\u00e1n tecnolog\u00edas avanzadas, como la inteligencia artificial, para el an\u00e1lisis de las particularidades de las regiones facilitando la actualizaci\u00f3n y la identificaci\u00f3n oportuna de cambios en el entorno.&nbsp;<\/p>\n\n\n\n<p>\u201cEn esta primera fase, se identificar\u00e1n oportunidades de valor mutuo y definir\u00e1 un marco de compromisos que guiar\u00e1 el desarrollo de soluciones personalizadas y efectivas que atiendan los principales desaf\u00edos de las comunidades del pa\u00eds\u201d afirm\u00f3 Patricia Rojas Figueredo, gerente general de la PCII.<\/p>\n\n\n\n<p>Por su parte, Mauricio Barrantes, gerente general de RACSA agradeci\u00f3 la oportunidad de contribuir en este proyecto:<\/p>\n\n\n\n<p>\u201cLa innovaci\u00f3n empodera a las comunidades, mejora la calidad de vida de sus habitantes e incentiva la creaci\u00f3n de oportunidades econ\u00f3micas con un enfoque sostenible, por lo que nos complace profundamente apoyar la implementaci\u00f3n de esquemas de trabajo creativos y centrados en las necesidades del ciudadano, aportando las fortalezas y capacidades de RACSA\u201d.<\/p>\n\n\n\n<p>Esta iniciativa busca ser una semilla, que motive el involucramiento de diferentes actores en el desarrollo de acciones innovadoras con una perspectiva integral y adaptativa que promueva el desarrollo, sentido de pertenencia y empoderamiento de las comunidades.<\/p>\n\n\n<figure class=\"wp-block-image size-large is-resized\"><img loading=\"lazy\" decoding=\"async\" width=\"1024\" height=\"757\" class=\"wp-image-3579 aligncenter\" style=\"width: 504px; height: auto;\" src=\"https:\/\/www.racsa.go.cr\/blog\/wp-content\/uploads\/2025\/01\/alianza-interinstitucional-RACSA-1024x757.jpg\" alt=\"\" align=\"center\" srcset=\"https:\/\/www.racsa.go.cr\/blog\/wp-content\/uploads\/2025\/01\/alianza-interinstitucional-RACSA-1024x757.jpg 1024w, https:\/\/www.racsa.go.cr\/blog\/wp-content\/uploads\/2025\/01\/alianza-interinstitucional-RACSA-300x222.jpg 300w, https:\/\/www.racsa.go.cr\/blog\/wp-content\/uploads\/2025\/01\/alianza-interinstitucional-RACSA-768x567.jpg 768w, https:\/\/www.racsa.go.cr\/blog\/wp-content\/uploads\/2025\/01\/alianza-interinstitucional-RACSA.jpg 1340w\" sizes=\"auto, (max-width: 1024px) 100vw, 1024px\" \/><\/figure>\n\n\n<p><\/p>\n\n\n\n<p><strong>Contacto de prensa<\/strong>:<\/p>\n\n\n\n<p>Alejandra Guti\u00e9rrez Rodr\u00edguez  <a href=\"mailto:algutierrez@racsa.go.cr\">algutierrez@racsa.go.cr<\/a><\/p>\n\n\n\n<p><\/p>\n","protected":false},"excerpt":{"rendered":"<p>La Promotora Costarricense de Innovaci\u00f3n e Investigaci\u00f3n (PCII) y RACSA iniciaron una serie de mesas&#8230;<\/p>\n","protected":false},"author":1,"featured_media":3577,"comment_status":"closed","ping_status":"closed","sticky":false,"template":"","format":"standard","meta":{"footnotes":""},"categories":[1],"tags":[264,265,14],"class_list":["post-3576","post","type-post","status-publish","format-standard","has-post-thumbnail","hentry","category-internet-para-empresas-costa-rica","tag-alianza","tag-promotora-costarricense-de-innovacion-e-investigacion-pcii","tag-racsa"],"yoast_head":"<!-- This site is optimized with the Yoast SEO plugin v27.5 - https:\/\/yoast.com\/product\/yoast-seo-wordpress\/ -->\n<title>Alianza interinstitucional potenciar\u00e1 desarrollo de la innovaci\u00f3n en el pa\u00eds - Blog de RACSA<\/title>\n<meta name=\"robots\" content=\"index, follow, max-snippet:-1, max-image-preview:large, max-video-preview:-1\" \/>\n<link rel=\"canonical\" href=\"https:\/\/www.racsa.go.cr\/blog\/alianza-interinstitucional-potenciara-desarrollo-de-la-innovacion-en-el-pais\/\" \/>\n<meta property=\"og:locale\" content=\"es_ES\" \/>\n<meta property=\"og:type\" content=\"article\" \/>\n<meta property=\"og:title\" content=\"Alianza interinstitucional potenciar\u00e1 desarrollo de la innovaci\u00f3n en el pa\u00eds - Blog de RACSA\" \/>\n<meta property=\"og:description\" content=\"La Promotora Costarricense de Innovaci\u00f3n e Investigaci\u00f3n (PCII) y RACSA iniciaron una serie de mesas...\" \/>\n<meta property=\"og:url\" content=\"https:\/\/www.racsa.go.cr\/blog\/alianza-interinstitucional-potenciara-desarrollo-de-la-innovacion-en-el-pais\/\" \/>\n<meta property=\"og:site_name\" content=\"Blog de RACSA\" \/>\n<meta property=\"article:publisher\" content=\"https:\/\/m.facebook.com\/RACSACR\/\" \/>\n<meta property=\"article:published_time\" content=\"2025-01-27T18:37:00+00:00\" \/>\n<meta property=\"article:modified_time\" content=\"2025-01-27T19:53:26+00:00\" \/>\n<meta property=\"og:image\" content=\"https:\/\/www.racsa.go.cr\/blog\/wp-content\/uploads\/2025\/01\/Alianza-interinstitucional-potenciara-desarrollo-de-la-innovacion-en-el-pais-scaled.jpg\" \/>\n\t<meta property=\"og:image:width\" content=\"2560\" \/>\n\t<meta property=\"og:image:height\" content=\"1440\" \/>\n\t<meta property=\"og:image:type\" content=\"image\/jpeg\" \/>\n<meta name=\"author\" content=\"MERCADEO RACSA\" \/>\n<meta name=\"twitter:card\" content=\"summary_large_image\" \/>\n<meta name=\"twitter:creator\" content=\"@RACSA_CR\" \/>\n<meta name=\"twitter:site\" content=\"@RACSA_CR\" \/>\n<meta name=\"twitter:label1\" content=\"Written by\" \/>\n\t<meta name=\"twitter:data1\" content=\"MERCADEO RACSA\" \/>\n\t<meta name=\"twitter:label2\" content=\"Est. reading time\" \/>\n\t<meta name=\"twitter:data2\" content=\"2 minutos\" \/>\n<script type=\"application\/ld+json\" class=\"yoast-schema-graph\">{\"@context\":\"https:\\\/\\\/schema.org\",\"@graph\":[{\"@type\":\"Article\",\"@id\":\"https:\\\/\\\/www.racsa.go.cr\\\/blog\\\/alianza-interinstitucional-potenciara-desarrollo-de-la-innovacion-en-el-pais\\\/#article\",\"isPartOf\":{\"@id\":\"https:\\\/\\\/www.racsa.go.cr\\\/blog\\\/alianza-interinstitucional-potenciara-desarrollo-de-la-innovacion-en-el-pais\\\/\"},\"author\":{\"name\":\"MERCADEO RACSA\",\"@id\":\"https:\\\/\\\/www.racsa.go.cr\\\/blog\\\/#\\\/schema\\\/person\\\/a35c6c3089664ec6a7641fa9127e2d6c\"},\"headline\":\"Alianza interinstitucional potenciar\u00e1 desarrollo de la innovaci\u00f3n en el pa\u00eds\",\"datePublished\":\"2025-01-27T18:37:00+00:00\",\"dateModified\":\"2025-01-27T19:53:26+00:00\",\"mainEntityOfPage\":{\"@id\":\"https:\\\/\\\/www.racsa.go.cr\\\/blog\\\/alianza-interinstitucional-potenciara-desarrollo-de-la-innovacion-en-el-pais\\\/\"},\"wordCount\":301,\"publisher\":{\"@id\":\"https:\\\/\\\/www.racsa.go.cr\\\/blog\\\/#organization\"},\"image\":{\"@id\":\"https:\\\/\\\/www.racsa.go.cr\\\/blog\\\/alianza-interinstitucional-potenciara-desarrollo-de-la-innovacion-en-el-pais\\\/#primaryimage\"},\"thumbnailUrl\":\"https:\\\/\\\/www.racsa.go.cr\\\/blog\\\/wp-content\\\/uploads\\\/2025\\\/01\\\/Alianza-interinstitucional-potenciara-desarrollo-de-la-innovacion-en-el-pais-scaled.jpg\",\"keywords\":[\"ALIANZA\",\"Promotora Costarricense de Innovaci\u00f3n e Investigaci\u00f3n (PCII)\",\"RACSA\"],\"articleSection\":[\"INTERNET PARA EMPRESAS COSTA RICA\"],\"inLanguage\":\"es-CR\"},{\"@type\":\"WebPage\",\"@id\":\"https:\\\/\\\/www.racsa.go.cr\\\/blog\\\/alianza-interinstitucional-potenciara-desarrollo-de-la-innovacion-en-el-pais\\\/\",\"url\":\"https:\\\/\\\/www.racsa.go.cr\\\/blog\\\/alianza-interinstitucional-potenciara-desarrollo-de-la-innovacion-en-el-pais\\\/\",\"name\":\"Alianza interinstitucional potenciar\u00e1 desarrollo de la innovaci\u00f3n en el pa\u00eds - Blog de RACSA\",\"isPartOf\":{\"@id\":\"https:\\\/\\\/www.racsa.go.cr\\\/blog\\\/#website\"},\"primaryImageOfPage\":{\"@id\":\"https:\\\/\\\/www.racsa.go.cr\\\/blog\\\/alianza-interinstitucional-potenciara-desarrollo-de-la-innovacion-en-el-pais\\\/#primaryimage\"},\"image\":{\"@id\":\"https:\\\/\\\/www.racsa.go.cr\\\/blog\\\/alianza-interinstitucional-potenciara-desarrollo-de-la-innovacion-en-el-pais\\\/#primaryimage\"},\"thumbnailUrl\":\"https:\\\/\\\/www.racsa.go.cr\\\/blog\\\/wp-content\\\/uploads\\\/2025\\\/01\\\/Alianza-interinstitucional-potenciara-desarrollo-de-la-innovacion-en-el-pais-scaled.jpg\",\"datePublished\":\"2025-01-27T18:37:00+00:00\",\"dateModified\":\"2025-01-27T19:53:26+00:00\",\"breadcrumb\":{\"@id\":\"https:\\\/\\\/www.racsa.go.cr\\\/blog\\\/alianza-interinstitucional-potenciara-desarrollo-de-la-innovacion-en-el-pais\\\/#breadcrumb\"},\"inLanguage\":\"es-CR\",\"potentialAction\":[{\"@type\":\"ReadAction\",\"target\":[\"https:\\\/\\\/www.racsa.go.cr\\\/blog\\\/alianza-interinstitucional-potenciara-desarrollo-de-la-innovacion-en-el-pais\\\/\"]}]},{\"@type\":\"ImageObject\",\"inLanguage\":\"es-CR\",\"@id\":\"https:\\\/\\\/www.racsa.go.cr\\\/blog\\\/alianza-interinstitucional-potenciara-desarrollo-de-la-innovacion-en-el-pais\\\/#primaryimage\",\"url\":\"https:\\\/\\\/www.racsa.go.cr\\\/blog\\\/wp-content\\\/uploads\\\/2025\\\/01\\\/Alianza-interinstitucional-potenciara-desarrollo-de-la-innovacion-en-el-pais-scaled.jpg\",\"contentUrl\":\"https:\\\/\\\/www.racsa.go.cr\\\/blog\\\/wp-content\\\/uploads\\\/2025\\\/01\\\/Alianza-interinstitucional-potenciara-desarrollo-de-la-innovacion-en-el-pais-scaled.jpg\",\"width\":2560,\"height\":1440},{\"@type\":\"BreadcrumbList\",\"@id\":\"https:\\\/\\\/www.racsa.go.cr\\\/blog\\\/alianza-interinstitucional-potenciara-desarrollo-de-la-innovacion-en-el-pais\\\/#breadcrumb\",\"itemListElement\":[{\"@type\":\"ListItem\",\"position\":1,\"name\":\"Portada\",\"item\":\"https:\\\/\\\/www.racsa.go.cr\\\/blog\\\/\"},{\"@type\":\"ListItem\",\"position\":2,\"name\":\"Alianza interinstitucional potenciar\u00e1 desarrollo de la innovaci\u00f3n en el pa\u00eds\"}]},{\"@type\":\"WebSite\",\"@id\":\"https:\\\/\\\/www.racsa.go.cr\\\/blog\\\/#website\",\"url\":\"https:\\\/\\\/www.racsa.go.cr\\\/blog\\\/\",\"name\":\"Blog de RACSA\",\"description\":\"Noticias y comunicados de inter\u00e9s\",\"publisher\":{\"@id\":\"https:\\\/\\\/www.racsa.go.cr\\\/blog\\\/#organization\"},\"potentialAction\":[{\"@type\":\"SearchAction\",\"target\":{\"@type\":\"EntryPoint\",\"urlTemplate\":\"https:\\\/\\\/www.racsa.go.cr\\\/blog\\\/?s={search_term_string}\"},\"query-input\":{\"@type\":\"PropertyValueSpecification\",\"valueRequired\":true,\"valueName\":\"search_term_string\"}}],\"inLanguage\":\"es-CR\"},{\"@type\":\"Organization\",\"@id\":\"https:\\\/\\\/www.racsa.go.cr\\\/blog\\\/#organization\",\"name\":\"RACSA\",\"url\":\"https:\\\/\\\/www.racsa.go.cr\\\/blog\\\/\",\"logo\":{\"@type\":\"ImageObject\",\"inLanguage\":\"es-CR\",\"@id\":\"https:\\\/\\\/www.racsa.go.cr\\\/blog\\\/#\\\/schema\\\/logo\\\/image\\\/\",\"url\":\"https:\\\/\\\/www.racsa.go.cr\\\/blog\\\/wp-content\\\/uploads\\\/2020\\\/06\\\/logo-racsa-blog_Mesa-de-trabajo-1.png\",\"contentUrl\":\"https:\\\/\\\/www.racsa.go.cr\\\/blog\\\/wp-content\\\/uploads\\\/2020\\\/06\\\/logo-racsa-blog_Mesa-de-trabajo-1.png\",\"width\":77,\"height\":50,\"caption\":\"RACSA\"},\"image\":{\"@id\":\"https:\\\/\\\/www.racsa.go.cr\\\/blog\\\/#\\\/schema\\\/logo\\\/image\\\/\"},\"sameAs\":[\"https:\\\/\\\/m.facebook.com\\\/RACSACR\\\/\",\"https:\\\/\\\/x.com\\\/RACSA_CR\",\"https:\\\/\\\/instagram.com\\\/racsa_cr?igshid=1xty3rwhqjj6p\",\"https:\\\/\\\/www.linkedin.com\\\/authwall?trk=gf&amp;amp;amp;amp;amp;amp;amp;trkInfo=AQGkHPl9RaoQ9AAAAXXizZAgZzcQwi0sdfDTg7AF4I5Q6B_NrjW5R7wFovOzBkS8ur94lJpFmlv2bomYKC3GZOFcSqkgLKm5wKGh61DyjTqr6c_1E_AFOwxMWF5kjSLpCvbYX9o=&amp;amp;amp;amp;amp;amp;amp;originalReferer&amp;amp;amp;amp;amp;amp;amp;sessionRedirect=https:\\\/\\\/es.linkedin.com\\\/company\\\/racsa_cr\",\"https:\\\/\\\/www.youtube.com\\\/user\\\/RACSACOSTARICA\"]},{\"@type\":\"Person\",\"@id\":\"https:\\\/\\\/www.racsa.go.cr\\\/blog\\\/#\\\/schema\\\/person\\\/a35c6c3089664ec6a7641fa9127e2d6c\",\"name\":\"MERCADEO RACSA\",\"image\":{\"@type\":\"ImageObject\",\"inLanguage\":\"es-CR\",\"@id\":\"https:\\\/\\\/secure.gravatar.com\\\/avatar\\\/665094004b506980d1406911413ba148aae5e87b04a6e666590112ec7103fbae?s=96&d=mm&r=g\",\"url\":\"https:\\\/\\\/secure.gravatar.com\\\/avatar\\\/665094004b506980d1406911413ba148aae5e87b04a6e666590112ec7103fbae?s=96&d=mm&r=g\",\"contentUrl\":\"https:\\\/\\\/secure.gravatar.com\\\/avatar\\\/665094004b506980d1406911413ba148aae5e87b04a6e666590112ec7103fbae?s=96&d=mm&r=g\",\"caption\":\"MERCADEO RACSA\"}}]}<\/script>\n<!-- \/ Yoast SEO plugin. -->","yoast_head_json":{"title":"Alianza interinstitucional potenciar\u00e1 desarrollo de la innovaci\u00f3n en el pa\u00eds - Blog de RACSA","robots":{"index":"index","follow":"follow","max-snippet":"max-snippet:-1","max-image-preview":"max-image-preview:large","max-video-preview":"max-video-preview:-1"},"canonical":"https:\/\/www.racsa.go.cr\/blog\/alianza-interinstitucional-potenciara-desarrollo-de-la-innovacion-en-el-pais\/","og_locale":"es_ES","og_type":"article","og_title":"Alianza interinstitucional potenciar\u00e1 desarrollo de la innovaci\u00f3n en el pa\u00eds - Blog de RACSA","og_description":"La Promotora Costarricense de Innovaci\u00f3n e Investigaci\u00f3n (PCII) y RACSA iniciaron una serie de mesas...","og_url":"https:\/\/www.racsa.go.cr\/blog\/alianza-interinstitucional-potenciara-desarrollo-de-la-innovacion-en-el-pais\/","og_site_name":"Blog de RACSA","article_publisher":"https:\/\/m.facebook.com\/RACSACR\/","article_published_time":"2025-01-27T18:37:00+00:00","article_modified_time":"2025-01-27T19:53:26+00:00","og_image":[{"width":2560,"height":1440,"url":"https:\/\/www.racsa.go.cr\/blog\/wp-content\/uploads\/2025\/01\/Alianza-interinstitucional-potenciara-desarrollo-de-la-innovacion-en-el-pais-scaled.jpg","type":"image\/jpeg"}],"author":"MERCADEO RACSA","twitter_card":"summary_large_image","twitter_creator":"@RACSA_CR","twitter_site":"@RACSA_CR","twitter_misc":{"Written by":"MERCADEO RACSA","Est. reading time":"2 minutos"},"schema":{"@context":"https:\/\/schema.org","@graph":[{"@type":"Article","@id":"https:\/\/www.racsa.go.cr\/blog\/alianza-interinstitucional-potenciara-desarrollo-de-la-innovacion-en-el-pais\/#article","isPartOf":{"@id":"https:\/\/www.racsa.go.cr\/blog\/alianza-interinstitucional-potenciara-desarrollo-de-la-innovacion-en-el-pais\/"},"author":{"name":"MERCADEO RACSA","@id":"https:\/\/www.racsa.go.cr\/blog\/#\/schema\/person\/a35c6c3089664ec6a7641fa9127e2d6c"},"headline":"Alianza interinstitucional potenciar\u00e1 desarrollo de la innovaci\u00f3n en el pa\u00eds","datePublished":"2025-01-27T18:37:00+00:00","dateModified":"2025-01-27T19:53:26+00:00","mainEntityOfPage":{"@id":"https:\/\/www.racsa.go.cr\/blog\/alianza-interinstitucional-potenciara-desarrollo-de-la-innovacion-en-el-pais\/"},"wordCount":301,"publisher":{"@id":"https:\/\/www.racsa.go.cr\/blog\/#organization"},"image":{"@id":"https:\/\/www.racsa.go.cr\/blog\/alianza-interinstitucional-potenciara-desarrollo-de-la-innovacion-en-el-pais\/#primaryimage"},"thumbnailUrl":"https:\/\/www.racsa.go.cr\/blog\/wp-content\/uploads\/2025\/01\/Alianza-interinstitucional-potenciara-desarrollo-de-la-innovacion-en-el-pais-scaled.jpg","keywords":["ALIANZA","Promotora Costarricense de Innovaci\u00f3n e Investigaci\u00f3n (PCII)","RACSA"],"articleSection":["INTERNET PARA EMPRESAS COSTA RICA"],"inLanguage":"es-CR"},{"@type":"WebPage","@id":"https:\/\/www.racsa.go.cr\/blog\/alianza-interinstitucional-potenciara-desarrollo-de-la-innovacion-en-el-pais\/","url":"https:\/\/www.racsa.go.cr\/blog\/alianza-interinstitucional-potenciara-desarrollo-de-la-innovacion-en-el-pais\/","name":"Alianza interinstitucional potenciar\u00e1 desarrollo de la innovaci\u00f3n en el pa\u00eds - Blog de RACSA","isPartOf":{"@id":"https:\/\/www.racsa.go.cr\/blog\/#website"},"primaryImageOfPage":{"@id":"https:\/\/www.racsa.go.cr\/blog\/alianza-interinstitucional-potenciara-desarrollo-de-la-innovacion-en-el-pais\/#primaryimage"},"image":{"@id":"https:\/\/www.racsa.go.cr\/blog\/alianza-interinstitucional-potenciara-desarrollo-de-la-innovacion-en-el-pais\/#primaryimage"},"thumbnailUrl":"https:\/\/www.racsa.go.cr\/blog\/wp-content\/uploads\/2025\/01\/Alianza-interinstitucional-potenciara-desarrollo-de-la-innovacion-en-el-pais-scaled.jpg","datePublished":"2025-01-27T18:37:00+00:00","dateModified":"2025-01-27T19:53:26+00:00","breadcrumb":{"@id":"https:\/\/www.racsa.go.cr\/blog\/alianza-interinstitucional-potenciara-desarrollo-de-la-innovacion-en-el-pais\/#breadcrumb"},"inLanguage":"es-CR","potentialAction":[{"@type":"ReadAction","target":["https:\/\/www.racsa.go.cr\/blog\/alianza-interinstitucional-potenciara-desarrollo-de-la-innovacion-en-el-pais\/"]}]},{"@type":"ImageObject","inLanguage":"es-CR","@id":"https:\/\/www.racsa.go.cr\/blog\/alianza-interinstitucional-potenciara-desarrollo-de-la-innovacion-en-el-pais\/#primaryimage","url":"https:\/\/www.racsa.go.cr\/blog\/wp-content\/uploads\/2025\/01\/Alianza-interinstitucional-potenciara-desarrollo-de-la-innovacion-en-el-pais-scaled.jpg","contentUrl":"https:\/\/www.racsa.go.cr\/blog\/wp-content\/uploads\/2025\/01\/Alianza-interinstitucional-potenciara-desarrollo-de-la-innovacion-en-el-pais-scaled.jpg","width":2560,"height":1440},{"@type":"BreadcrumbList","@id":"https:\/\/www.racsa.go.cr\/blog\/alianza-interinstitucional-potenciara-desarrollo-de-la-innovacion-en-el-pais\/#breadcrumb","itemListElement":[{"@type":"ListItem","position":1,"name":"Portada","item":"https:\/\/www.racsa.go.cr\/blog\/"},{"@type":"ListItem","position":2,"name":"Alianza interinstitucional potenciar\u00e1 desarrollo de la innovaci\u00f3n en el pa\u00eds"}]},{"@type":"WebSite","@id":"https:\/\/www.racsa.go.cr\/blog\/#website","url":"https:\/\/www.racsa.go.cr\/blog\/","name":"Blog de RACSA","description":"Noticias y comunicados de inter\u00e9s","publisher":{"@id":"https:\/\/www.racsa.go.cr\/blog\/#organization"},"potentialAction":[{"@type":"SearchAction","target":{"@type":"EntryPoint","urlTemplate":"https:\/\/www.racsa.go.cr\/blog\/?s={search_term_string}"},"query-input":{"@type":"PropertyValueSpecification","valueRequired":true,"valueName":"search_term_string"}}],"inLanguage":"es-CR"},{"@type":"Organization","@id":"https:\/\/www.racsa.go.cr\/blog\/#organization","name":"RACSA","url":"https:\/\/www.racsa.go.cr\/blog\/","logo":{"@type":"ImageObject","inLanguage":"es-CR","@id":"https:\/\/www.racsa.go.cr\/blog\/#\/schema\/logo\/image\/","url":"https:\/\/www.racsa.go.cr\/blog\/wp-content\/uploads\/2020\/06\/logo-racsa-blog_Mesa-de-trabajo-1.png","contentUrl":"https:\/\/www.racsa.go.cr\/blog\/wp-content\/uploads\/2020\/06\/logo-racsa-blog_Mesa-de-trabajo-1.png","width":77,"height":50,"caption":"RACSA"},"image":{"@id":"https:\/\/www.racsa.go.cr\/blog\/#\/schema\/logo\/image\/"},"sameAs":["https:\/\/m.facebook.com\/RACSACR\/","https:\/\/x.com\/RACSA_CR","https:\/\/instagram.com\/racsa_cr?igshid=1xty3rwhqjj6p","https:\/\/www.linkedin.com\/authwall?trk=gf&amp;amp;amp;amp;amp;amp;amp;trkInfo=AQGkHPl9RaoQ9AAAAXXizZAgZzcQwi0sdfDTg7AF4I5Q6B_NrjW5R7wFovOzBkS8ur94lJpFmlv2bomYKC3GZOFcSqkgLKm5wKGh61DyjTqr6c_1E_AFOwxMWF5kjSLpCvbYX9o=&amp;amp;amp;amp;amp;amp;amp;originalReferer&amp;amp;amp;amp;amp;amp;amp;sessionRedirect=https:\/\/es.linkedin.com\/company\/racsa_cr","https:\/\/www.youtube.com\/user\/RACSACOSTARICA"]},{"@type":"Person","@id":"https:\/\/www.racsa.go.cr\/blog\/#\/schema\/person\/a35c6c3089664ec6a7641fa9127e2d6c","name":"MERCADEO RACSA","image":{"@type":"ImageObject","inLanguage":"es-CR","@id":"https:\/\/secure.gravatar.com\/avatar\/665094004b506980d1406911413ba148aae5e87b04a6e666590112ec7103fbae?s=96&d=mm&r=g","url":"https:\/\/secure.gravatar.com\/avatar\/665094004b506980d1406911413ba148aae5e87b04a6e666590112ec7103fbae?s=96&d=mm&r=g","contentUrl":"https:\/\/secure.gravatar.com\/avatar\/665094004b506980d1406911413ba148aae5e87b04a6e666590112ec7103fbae?s=96&d=mm&r=g","caption":"MERCADEO RACSA"}}]}},"_links":{"self":[{"href":"https:\/\/www.racsa.go.cr\/blog\/wp-json\/wp\/v2\/posts\/3576","targetHints":{"allow":["GET"]}}],"collection":[{"href":"https:\/\/www.racsa.go.cr\/blog\/wp-json\/wp\/v2\/posts"}],"about":[{"href":"https:\/\/www.racsa.go.cr\/blog\/wp-json\/wp\/v2\/types\/post"}],"author":[{"embeddable":true,"href":"https:\/\/www.racsa.go.cr\/blog\/wp-json\/wp\/v2\/users\/1"}],"replies":[{"embeddable":true,"href":"https:\/\/www.racsa.go.cr\/blog\/wp-json\/wp\/v2\/comments?post=3576"}],"version-history":[{"count":0,"href":"https:\/\/www.racsa.go.cr\/blog\/wp-json\/wp\/v2\/posts\/3576\/revisions"}],"wp:featuredmedia":[{"embeddable":true,"href":"https:\/\/www.racsa.go.cr\/blog\/wp-json\/wp\/v2\/media\/3577"}],"wp:attachment":[{"href":"https:\/\/www.racsa.go.cr\/blog\/wp-json\/wp\/v2\/media?parent=3576"}],"wp:term":[{"taxonomy":"category","embeddable":true,"href":"https:\/\/www.racsa.go.cr\/blog\/wp-json\/wp\/v2\/categories?post=3576"},{"taxonomy":"post_tag","embeddable":true,"href":"https:\/\/www.racsa.go.cr\/blog\/wp-json\/wp\/v2\/tags?post=3576"}],"curies":[{"name":"wp","href":"https:\/\/api.w.org\/{rel}","templated":true}]}}