{"id":3569,"date":"2025-01-23T10:21:11","date_gmt":"2025-01-23T16:21:11","guid":{"rendered":"https:\/\/www.racsa.go.cr\/blog\/?p=3569"},"modified":"2025-01-23T16:25:13","modified_gmt":"2025-01-23T22:25:13","slug":"parque-empresarial-del-este-y-racsa-inauguran-la-red-5g-mas-avanzada-en-costa-rica-y-la-region","status":"publish","type":"post","link":"https:\/\/www.racsa.go.cr\/blog\/parque-empresarial-del-este-y-racsa-inauguran-la-red-5g-mas-avanzada-en-costa-rica-y-la-region\/","title":{"rendered":"Parque Empresarial del Este y RACSA inauguran la red 5G m\u00e1s avanzada en Costa Rica y la regi\u00f3n"},"content":{"rendered":"\n<ul class=\"wp-block-list\">\n<li><em>Parque Empresarial del Este es el primer centro corporativo en el pa\u00eds y Centroam\u00e9rica en contar con conectividad 5G Stand Alone de RACSA.<\/em><\/li>\n\n\n\n<li><em>La innovadora red ofrecer\u00e1 mayor velocidad, menor latencia y capacidad de conexi\u00f3n simult\u00e1nea sin necesidad de cableado f\u00edsico a los inquilinos del parque ubicado en Calle Blancos.<\/em><\/li>\n<\/ul>\n\n\n\n<p>Parque Empresarial del Este, una empresa de Grupo Montecristo, se convirti\u00f3 en la primera zona franca del pa\u00eds en contar con conectividad 5G para sus inquilinos, marcando un hito en el desarrollo tecnol\u00f3gico de Costa Rica. Gracias a la red de \u00faltima generaci\u00f3n de RACSA, se contar\u00e1 con el servicio de Internet Inal\u00e1mbrico Fijo (FWA, por sus siglas en ingl\u00e9s), que ofrece conexi\u00f3n 5G de alta velocidad a las m\u00e1s de 5 mil personas que actualmente laboran en el parque empresarial.<\/p>\n\n\n\n<p><em>&#8220;En Grupo Montecristo creemos firmemente en la innovaci\u00f3n como un motor clave para el desarrollo del pa\u00eds. <\/em><em>La implementaci\u00f3n de la red 5G en el parque <\/em><em>empresarial representa un paso significativo hacia la transformaci\u00f3n tecnol\u00f3gica en un entorno cada vez m\u00e1s digitalizado<strong>&#8220;<\/strong><\/em><strong>,<\/strong> destac\u00f3 M\u00f3nica Nagel, directora de Asuntos Corporativos de Grupo Montecristo.<\/p>\n\n\n\n<p>La instalaci\u00f3n inicial comprende cinco puntos estrat\u00e9gicos de conexi\u00f3n. Esta infraestructura permite a los usuarios del parque acceder, desde cualquier sitio, a velocidades hasta 10 veces mayores que las actuales redes m\u00f3viles, menor latencia y mayor capacidad para soportar m\u00faltiples conexiones simult\u00e1neas, as\u00ed como transferencia de datos ilimitadas.<\/p>\n\n\n\n<p>&#8220;<em>Nos llena de orgullo ser pioneros en la implementaci\u00f3n de 5G en nuestro parque empresarial. Esto refuerza nuestro compromiso con la innovaci\u00f3n y la excelencia, ofreciendo a nuestros inquilinos las herramientas tecnol\u00f3gicas m\u00e1s avanzadas para transformar su experiencia en conectividad y potenciar su crecimiento<\/em>&#8220;, afirm\u00f3 Elisa Retana, gerente general de Parque Empresarial del Este.<\/p>\n\n\n\n<p>El despliegue de redes 5G impulsar\u00e1 significativamente la competitividad de Costa Rica, facilitando la digitalizaci\u00f3n de negocios, adem\u00e1s de fomentar el crecimiento econ\u00f3mico. De acuerdo con proyecciones del Ministerio de Ciencia, Innovaci\u00f3n, Tecnolog\u00eda y Telecomunicaciones (MICITT), la tecnolog\u00eda 5G podr\u00eda generar un impacto econ\u00f3mico de hasta $3.925 millones en el Producto Interno Bruto (PIB) para el a\u00f1o 2035.<\/p>\n\n\n\n<p>El Parque Empresarial del Este fue seleccionado para ser parte de esta nueva generaci\u00f3n tecnol\u00f3gica, debido a su ubicaci\u00f3n estrat\u00e9gica y a la presencia de diversas empresas que pueden beneficiarse directamente de esta tecnolog\u00eda.<\/p>\n\n\n\n<p>\u201c<em>RACSA lidera la implementaci\u00f3n de la primera red 5G Stand Alone en Costa Rica, con la cual estamos conectando expectativas y necesidades con una tecnolog\u00eda revolucionaria que abre nuevas posibilidades de conectividad e incrementa significativamente la competitividad nacional y regional<\/em>\u201d, indic\u00f3 Mauricio Barrantes, gerente general de RACSA.<\/p>\n\n\n\n<p>La red Stand Alone de RACSA es una red 5G pura que permite soportar una mayor cantidad de dispositivos conectados simult\u00e1neamente y est\u00e1 dise\u00f1ada para aplicaciones cr\u00edticas. Esta iniciativa posiciona al pa\u00eds a la vanguardia de la conectividad del futuro.&nbsp;<\/p>\n\n\n\n<p>El Parque Empresarial del Este prev\u00e9 expandir el uso de la red 5G a servicios adicionales, como sistemas biom\u00e9tricos de acceso y an\u00e1lisis de datos en tiempo real, consolid\u00e1ndose como un l\u00edder tecnol\u00f3gico en la regi\u00f3n y un referente para la atracci\u00f3n de compa\u00f1\u00edas internacionales.<\/p>\n\n\n\n<p><strong>Acerca de Grupo Montecristo<\/strong><\/p>\n\n\n\n<p>El Holding Grupo Montecristo, fue fundado por la familia Durman Esquivel quienes incursionaron en la apertura y el desarrollo de exitosos negocios que pertenecen a sectores como salud, inmobiliarias, comercial, agroindustriales, forestales, financieras y log\u00edsticas.&nbsp; La compa\u00f1\u00eda emplea a m\u00e1s de 2000 personas y cuenta con una cartera que est\u00e1 compuesta por m\u00e1s de 20 empresas. <\/p>\n\n\n\n<p><strong>Acerca de RACSA<\/strong><\/p>\n\n\n\n<p>RACSA, empresa del Grupo ICE, es el primer operador en el pa\u00eds en ofrecer servicios de conectividad sustentados en una red 5G Stand Alone, gracias a su consolidaci\u00f3n como un integrador digital especializado, la empresa ofrece un portafolio robusto de servicios de conectividad de \u00faltima generaci\u00f3n junto con una propuesta de valor orientada a la provisi\u00f3n de soluciones digitales, que procuran incrementar la productividad del sector p\u00fablico y privado, as\u00ed como mejorar la calidad de vida de los ciudadanos.<\/p>\n\n\n\n<p>Conozca las soluciones 5G Empresarial en nuestro sitio web: <a href=\"https:\/\/www.racsa.go.cr\">https:\/\/www.racsa.go.cr<\/a><\/p>\n","protected":false},"excerpt":{"rendered":"<p>Parque Empresarial del Este, una empresa de Grupo Montecristo, se convirti\u00f3 en la primera zona&#8230;<\/p>\n","protected":false},"author":2,"featured_media":3570,"comment_status":"closed","ping_status":"closed","sticky":false,"template":"","format":"standard","meta":{"footnotes":""},"categories":[246,224],"tags":[],"class_list":["post-3569","post","type-post","status-publish","format-standard","has-post-thumbnail","hentry","category-5g","category-comunicado-racsa"],"yoast_head":"<!-- This site is optimized with the Yoast SEO plugin v27.5 - https:\/\/yoast.com\/product\/yoast-seo-wordpress\/ -->\n<title>Parque Empresarial del Este y RACSA inauguran la red 5G m\u00e1s avanzada en Costa Rica y la regi\u00f3n - Blog de RACSA<\/title>\n<meta name=\"robots\" content=\"index, follow, max-snippet:-1, max-image-preview:large, max-video-preview:-1\" \/>\n<link rel=\"canonical\" href=\"https:\/\/www.racsa.go.cr\/blog\/parque-empresarial-del-este-y-racsa-inauguran-la-red-5g-mas-avanzada-en-costa-rica-y-la-region\/\" \/>\n<meta property=\"og:locale\" content=\"es_ES\" \/>\n<meta property=\"og:type\" content=\"article\" \/>\n<meta property=\"og:title\" content=\"Parque Empresarial del Este y RACSA inauguran la red 5G m\u00e1s avanzada en Costa Rica y la regi\u00f3n - Blog de RACSA\" \/>\n<meta property=\"og:description\" content=\"Parque Empresarial del Este, una empresa de Grupo Montecristo, se convirti\u00f3 en la primera zona...\" \/>\n<meta property=\"og:url\" content=\"https:\/\/www.racsa.go.cr\/blog\/parque-empresarial-del-este-y-racsa-inauguran-la-red-5g-mas-avanzada-en-costa-rica-y-la-region\/\" \/>\n<meta property=\"og:site_name\" content=\"Blog de RACSA\" \/>\n<meta property=\"article:publisher\" content=\"https:\/\/m.facebook.com\/RACSACR\/\" \/>\n<meta property=\"article:published_time\" content=\"2025-01-23T16:21:11+00:00\" \/>\n<meta property=\"article:modified_time\" content=\"2025-01-23T22:25:13+00:00\" \/>\n<meta property=\"og:image\" content=\"https:\/\/www.racsa.go.cr\/blog\/wp-content\/uploads\/2025\/01\/Parque-Empresarial-del-Este-5G_Mesa-de-trabajo-1-scaled.jpg\" \/>\n\t<meta property=\"og:image:width\" content=\"2560\" \/>\n\t<meta property=\"og:image:height\" content=\"1439\" \/>\n\t<meta property=\"og:image:type\" content=\"image\/jpeg\" \/>\n<meta name=\"author\" content=\"Mercadeo RACSA\" \/>\n<meta name=\"twitter:card\" content=\"summary_large_image\" \/>\n<meta name=\"twitter:creator\" content=\"@RACSA_CR\" \/>\n<meta name=\"twitter:site\" content=\"@RACSA_CR\" \/>\n<meta name=\"twitter:label1\" content=\"Written by\" \/>\n\t<meta name=\"twitter:data1\" content=\"Mercadeo RACSA\" \/>\n\t<meta name=\"twitter:label2\" content=\"Est. reading time\" \/>\n\t<meta name=\"twitter:data2\" content=\"4 minutos\" \/>\n<script type=\"application\/ld+json\" class=\"yoast-schema-graph\">{\"@context\":\"https:\\\/\\\/schema.org\",\"@graph\":[{\"@type\":\"Article\",\"@id\":\"https:\\\/\\\/www.racsa.go.cr\\\/blog\\\/parque-empresarial-del-este-y-racsa-inauguran-la-red-5g-mas-avanzada-en-costa-rica-y-la-region\\\/#article\",\"isPartOf\":{\"@id\":\"https:\\\/\\\/www.racsa.go.cr\\\/blog\\\/parque-empresarial-del-este-y-racsa-inauguran-la-red-5g-mas-avanzada-en-costa-rica-y-la-region\\\/\"},\"author\":{\"name\":\"Mercadeo RACSA\",\"@id\":\"https:\\\/\\\/www.racsa.go.cr\\\/blog\\\/#\\\/schema\\\/person\\\/ec79d31370d6dc9aaa4365492bc04f4e\"},\"headline\":\"Parque Empresarial del Este y RACSA inauguran la red 5G m\u00e1s avanzada en Costa Rica y la regi\u00f3n\",\"datePublished\":\"2025-01-23T16:21:11+00:00\",\"dateModified\":\"2025-01-23T22:25:13+00:00\",\"mainEntityOfPage\":{\"@id\":\"https:\\\/\\\/www.racsa.go.cr\\\/blog\\\/parque-empresarial-del-este-y-racsa-inauguran-la-red-5g-mas-avanzada-en-costa-rica-y-la-region\\\/\"},\"wordCount\":747,\"publisher\":{\"@id\":\"https:\\\/\\\/www.racsa.go.cr\\\/blog\\\/#organization\"},\"image\":{\"@id\":\"https:\\\/\\\/www.racsa.go.cr\\\/blog\\\/parque-empresarial-del-este-y-racsa-inauguran-la-red-5g-mas-avanzada-en-costa-rica-y-la-region\\\/#primaryimage\"},\"thumbnailUrl\":\"https:\\\/\\\/www.racsa.go.cr\\\/blog\\\/wp-content\\\/uploads\\\/2025\\\/01\\\/Parque-Empresarial-del-Este-5G_Mesa-de-trabajo-1-scaled.jpg\",\"articleSection\":[\"5G\",\"COMUNICADO RACSA\"],\"inLanguage\":\"es-CR\"},{\"@type\":\"WebPage\",\"@id\":\"https:\\\/\\\/www.racsa.go.cr\\\/blog\\\/parque-empresarial-del-este-y-racsa-inauguran-la-red-5g-mas-avanzada-en-costa-rica-y-la-region\\\/\",\"url\":\"https:\\\/\\\/www.racsa.go.cr\\\/blog\\\/parque-empresarial-del-este-y-racsa-inauguran-la-red-5g-mas-avanzada-en-costa-rica-y-la-region\\\/\",\"name\":\"Parque Empresarial del Este y RACSA inauguran la red 5G m\u00e1s avanzada en Costa Rica y la regi\u00f3n - Blog de RACSA\",\"isPartOf\":{\"@id\":\"https:\\\/\\\/www.racsa.go.cr\\\/blog\\\/#website\"},\"primaryImageOfPage\":{\"@id\":\"https:\\\/\\\/www.racsa.go.cr\\\/blog\\\/parque-empresarial-del-este-y-racsa-inauguran-la-red-5g-mas-avanzada-en-costa-rica-y-la-region\\\/#primaryimage\"},\"image\":{\"@id\":\"https:\\\/\\\/www.racsa.go.cr\\\/blog\\\/parque-empresarial-del-este-y-racsa-inauguran-la-red-5g-mas-avanzada-en-costa-rica-y-la-region\\\/#primaryimage\"},\"thumbnailUrl\":\"https:\\\/\\\/www.racsa.go.cr\\\/blog\\\/wp-content\\\/uploads\\\/2025\\\/01\\\/Parque-Empresarial-del-Este-5G_Mesa-de-trabajo-1-scaled.jpg\",\"datePublished\":\"2025-01-23T16:21:11+00:00\",\"dateModified\":\"2025-01-23T22:25:13+00:00\",\"breadcrumb\":{\"@id\":\"https:\\\/\\\/www.racsa.go.cr\\\/blog\\\/parque-empresarial-del-este-y-racsa-inauguran-la-red-5g-mas-avanzada-en-costa-rica-y-la-region\\\/#breadcrumb\"},\"inLanguage\":\"es-CR\",\"potentialAction\":[{\"@type\":\"ReadAction\",\"target\":[\"https:\\\/\\\/www.racsa.go.cr\\\/blog\\\/parque-empresarial-del-este-y-racsa-inauguran-la-red-5g-mas-avanzada-en-costa-rica-y-la-region\\\/\"]}]},{\"@type\":\"ImageObject\",\"inLanguage\":\"es-CR\",\"@id\":\"https:\\\/\\\/www.racsa.go.cr\\\/blog\\\/parque-empresarial-del-este-y-racsa-inauguran-la-red-5g-mas-avanzada-en-costa-rica-y-la-region\\\/#primaryimage\",\"url\":\"https:\\\/\\\/www.racsa.go.cr\\\/blog\\\/wp-content\\\/uploads\\\/2025\\\/01\\\/Parque-Empresarial-del-Este-5G_Mesa-de-trabajo-1-scaled.jpg\",\"contentUrl\":\"https:\\\/\\\/www.racsa.go.cr\\\/blog\\\/wp-content\\\/uploads\\\/2025\\\/01\\\/Parque-Empresarial-del-Este-5G_Mesa-de-trabajo-1-scaled.jpg\",\"width\":2560,\"height\":1439,\"caption\":\"Parque Empresarial del Este y RACSA inauguran la red 5G m\u00e1s avanzada en Costa Rica y la regi\u00f3n\"},{\"@type\":\"BreadcrumbList\",\"@id\":\"https:\\\/\\\/www.racsa.go.cr\\\/blog\\\/parque-empresarial-del-este-y-racsa-inauguran-la-red-5g-mas-avanzada-en-costa-rica-y-la-region\\\/#breadcrumb\",\"itemListElement\":[{\"@type\":\"ListItem\",\"position\":1,\"name\":\"Portada\",\"item\":\"https:\\\/\\\/www.racsa.go.cr\\\/blog\\\/\"},{\"@type\":\"ListItem\",\"position\":2,\"name\":\"Parque Empresarial del Este y RACSA inauguran la red 5G m\u00e1s avanzada en Costa Rica y la regi\u00f3n\"}]},{\"@type\":\"WebSite\",\"@id\":\"https:\\\/\\\/www.racsa.go.cr\\\/blog\\\/#website\",\"url\":\"https:\\\/\\\/www.racsa.go.cr\\\/blog\\\/\",\"name\":\"Blog de RACSA\",\"description\":\"Noticias y comunicados de inter\u00e9s\",\"publisher\":{\"@id\":\"https:\\\/\\\/www.racsa.go.cr\\\/blog\\\/#organization\"},\"potentialAction\":[{\"@type\":\"SearchAction\",\"target\":{\"@type\":\"EntryPoint\",\"urlTemplate\":\"https:\\\/\\\/www.racsa.go.cr\\\/blog\\\/?s={search_term_string}\"},\"query-input\":{\"@type\":\"PropertyValueSpecification\",\"valueRequired\":true,\"valueName\":\"search_term_string\"}}],\"inLanguage\":\"es-CR\"},{\"@type\":\"Organization\",\"@id\":\"https:\\\/\\\/www.racsa.go.cr\\\/blog\\\/#organization\",\"name\":\"RACSA\",\"url\":\"https:\\\/\\\/www.racsa.go.cr\\\/blog\\\/\",\"logo\":{\"@type\":\"ImageObject\",\"inLanguage\":\"es-CR\",\"@id\":\"https:\\\/\\\/www.racsa.go.cr\\\/blog\\\/#\\\/schema\\\/logo\\\/image\\\/\",\"url\":\"https:\\\/\\\/www.racsa.go.cr\\\/blog\\\/wp-content\\\/uploads\\\/2020\\\/06\\\/logo-racsa-blog_Mesa-de-trabajo-1.png\",\"contentUrl\":\"https:\\\/\\\/www.racsa.go.cr\\\/blog\\\/wp-content\\\/uploads\\\/2020\\\/06\\\/logo-racsa-blog_Mesa-de-trabajo-1.png\",\"width\":77,\"height\":50,\"caption\":\"RACSA\"},\"image\":{\"@id\":\"https:\\\/\\\/www.racsa.go.cr\\\/blog\\\/#\\\/schema\\\/logo\\\/image\\\/\"},\"sameAs\":[\"https:\\\/\\\/m.facebook.com\\\/RACSACR\\\/\",\"https:\\\/\\\/x.com\\\/RACSA_CR\",\"https:\\\/\\\/instagram.com\\\/racsa_cr?igshid=1xty3rwhqjj6p\",\"https:\\\/\\\/www.linkedin.com\\\/authwall?trk=gf&amp;amp;amp;amp;amp;amp;amp;trkInfo=AQGkHPl9RaoQ9AAAAXXizZAgZzcQwi0sdfDTg7AF4I5Q6B_NrjW5R7wFovOzBkS8ur94lJpFmlv2bomYKC3GZOFcSqkgLKm5wKGh61DyjTqr6c_1E_AFOwxMWF5kjSLpCvbYX9o=&amp;amp;amp;amp;amp;amp;amp;originalReferer&amp;amp;amp;amp;amp;amp;amp;sessionRedirect=https:\\\/\\\/es.linkedin.com\\\/company\\\/racsa_cr\",\"https:\\\/\\\/www.youtube.com\\\/user\\\/RACSACOSTARICA\"]},{\"@type\":\"Person\",\"@id\":\"https:\\\/\\\/www.racsa.go.cr\\\/blog\\\/#\\\/schema\\\/person\\\/ec79d31370d6dc9aaa4365492bc04f4e\",\"name\":\"Mercadeo RACSA\",\"image\":{\"@type\":\"ImageObject\",\"inLanguage\":\"es-CR\",\"@id\":\"https:\\\/\\\/secure.gravatar.com\\\/avatar\\\/7b464a0e344d5a5f82f8b9ceb49dae1d41b1141998fb14d2046814a158d02734?s=96&d=mm&r=g\",\"url\":\"https:\\\/\\\/secure.gravatar.com\\\/avatar\\\/7b464a0e344d5a5f82f8b9ceb49dae1d41b1141998fb14d2046814a158d02734?s=96&d=mm&r=g\",\"contentUrl\":\"https:\\\/\\\/secure.gravatar.com\\\/avatar\\\/7b464a0e344d5a5f82f8b9ceb49dae1d41b1141998fb14d2046814a158d02734?s=96&d=mm&r=g\",\"caption\":\"Mercadeo RACSA\"}}]}<\/script>\n<!-- \/ Yoast SEO plugin. -->","yoast_head_json":{"title":"Parque Empresarial del Este y RACSA inauguran la red 5G m\u00e1s avanzada en Costa Rica y la regi\u00f3n - Blog de RACSA","robots":{"index":"index","follow":"follow","max-snippet":"max-snippet:-1","max-image-preview":"max-image-preview:large","max-video-preview":"max-video-preview:-1"},"canonical":"https:\/\/www.racsa.go.cr\/blog\/parque-empresarial-del-este-y-racsa-inauguran-la-red-5g-mas-avanzada-en-costa-rica-y-la-region\/","og_locale":"es_ES","og_type":"article","og_title":"Parque Empresarial del Este y RACSA inauguran la red 5G m\u00e1s avanzada en Costa Rica y la regi\u00f3n - Blog de RACSA","og_description":"Parque Empresarial del Este, una empresa de Grupo Montecristo, se convirti\u00f3 en la primera zona...","og_url":"https:\/\/www.racsa.go.cr\/blog\/parque-empresarial-del-este-y-racsa-inauguran-la-red-5g-mas-avanzada-en-costa-rica-y-la-region\/","og_site_name":"Blog de RACSA","article_publisher":"https:\/\/m.facebook.com\/RACSACR\/","article_published_time":"2025-01-23T16:21:11+00:00","article_modified_time":"2025-01-23T22:25:13+00:00","og_image":[{"width":2560,"height":1439,"url":"https:\/\/www.racsa.go.cr\/blog\/wp-content\/uploads\/2025\/01\/Parque-Empresarial-del-Este-5G_Mesa-de-trabajo-1-scaled.jpg","type":"image\/jpeg"}],"author":"Mercadeo RACSA","twitter_card":"summary_large_image","twitter_creator":"@RACSA_CR","twitter_site":"@RACSA_CR","twitter_misc":{"Written by":"Mercadeo RACSA","Est. reading time":"4 minutos"},"schema":{"@context":"https:\/\/schema.org","@graph":[{"@type":"Article","@id":"https:\/\/www.racsa.go.cr\/blog\/parque-empresarial-del-este-y-racsa-inauguran-la-red-5g-mas-avanzada-en-costa-rica-y-la-region\/#article","isPartOf":{"@id":"https:\/\/www.racsa.go.cr\/blog\/parque-empresarial-del-este-y-racsa-inauguran-la-red-5g-mas-avanzada-en-costa-rica-y-la-region\/"},"author":{"name":"Mercadeo RACSA","@id":"https:\/\/www.racsa.go.cr\/blog\/#\/schema\/person\/ec79d31370d6dc9aaa4365492bc04f4e"},"headline":"Parque Empresarial del Este y RACSA inauguran la red 5G m\u00e1s avanzada en Costa Rica y la regi\u00f3n","datePublished":"2025-01-23T16:21:11+00:00","dateModified":"2025-01-23T22:25:13+00:00","mainEntityOfPage":{"@id":"https:\/\/www.racsa.go.cr\/blog\/parque-empresarial-del-este-y-racsa-inauguran-la-red-5g-mas-avanzada-en-costa-rica-y-la-region\/"},"wordCount":747,"publisher":{"@id":"https:\/\/www.racsa.go.cr\/blog\/#organization"},"image":{"@id":"https:\/\/www.racsa.go.cr\/blog\/parque-empresarial-del-este-y-racsa-inauguran-la-red-5g-mas-avanzada-en-costa-rica-y-la-region\/#primaryimage"},"thumbnailUrl":"https:\/\/www.racsa.go.cr\/blog\/wp-content\/uploads\/2025\/01\/Parque-Empresarial-del-Este-5G_Mesa-de-trabajo-1-scaled.jpg","articleSection":["5G","COMUNICADO RACSA"],"inLanguage":"es-CR"},{"@type":"WebPage","@id":"https:\/\/www.racsa.go.cr\/blog\/parque-empresarial-del-este-y-racsa-inauguran-la-red-5g-mas-avanzada-en-costa-rica-y-la-region\/","url":"https:\/\/www.racsa.go.cr\/blog\/parque-empresarial-del-este-y-racsa-inauguran-la-red-5g-mas-avanzada-en-costa-rica-y-la-region\/","name":"Parque Empresarial del Este y RACSA inauguran la red 5G m\u00e1s avanzada en Costa Rica y la regi\u00f3n - Blog de RACSA","isPartOf":{"@id":"https:\/\/www.racsa.go.cr\/blog\/#website"},"primaryImageOfPage":{"@id":"https:\/\/www.racsa.go.cr\/blog\/parque-empresarial-del-este-y-racsa-inauguran-la-red-5g-mas-avanzada-en-costa-rica-y-la-region\/#primaryimage"},"image":{"@id":"https:\/\/www.racsa.go.cr\/blog\/parque-empresarial-del-este-y-racsa-inauguran-la-red-5g-mas-avanzada-en-costa-rica-y-la-region\/#primaryimage"},"thumbnailUrl":"https:\/\/www.racsa.go.cr\/blog\/wp-content\/uploads\/2025\/01\/Parque-Empresarial-del-Este-5G_Mesa-de-trabajo-1-scaled.jpg","datePublished":"2025-01-23T16:21:11+00:00","dateModified":"2025-01-23T22:25:13+00:00","breadcrumb":{"@id":"https:\/\/www.racsa.go.cr\/blog\/parque-empresarial-del-este-y-racsa-inauguran-la-red-5g-mas-avanzada-en-costa-rica-y-la-region\/#breadcrumb"},"inLanguage":"es-CR","potentialAction":[{"@type":"ReadAction","target":["https:\/\/www.racsa.go.cr\/blog\/parque-empresarial-del-este-y-racsa-inauguran-la-red-5g-mas-avanzada-en-costa-rica-y-la-region\/"]}]},{"@type":"ImageObject","inLanguage":"es-CR","@id":"https:\/\/www.racsa.go.cr\/blog\/parque-empresarial-del-este-y-racsa-inauguran-la-red-5g-mas-avanzada-en-costa-rica-y-la-region\/#primaryimage","url":"https:\/\/www.racsa.go.cr\/blog\/wp-content\/uploads\/2025\/01\/Parque-Empresarial-del-Este-5G_Mesa-de-trabajo-1-scaled.jpg","contentUrl":"https:\/\/www.racsa.go.cr\/blog\/wp-content\/uploads\/2025\/01\/Parque-Empresarial-del-Este-5G_Mesa-de-trabajo-1-scaled.jpg","width":2560,"height":1439,"caption":"Parque Empresarial del Este y RACSA inauguran la red 5G m\u00e1s avanzada en Costa Rica y la regi\u00f3n"},{"@type":"BreadcrumbList","@id":"https:\/\/www.racsa.go.cr\/blog\/parque-empresarial-del-este-y-racsa-inauguran-la-red-5g-mas-avanzada-en-costa-rica-y-la-region\/#breadcrumb","itemListElement":[{"@type":"ListItem","position":1,"name":"Portada","item":"https:\/\/www.racsa.go.cr\/blog\/"},{"@type":"ListItem","position":2,"name":"Parque Empresarial del Este y RACSA inauguran la red 5G m\u00e1s avanzada en Costa Rica y la regi\u00f3n"}]},{"@type":"WebSite","@id":"https:\/\/www.racsa.go.cr\/blog\/#website","url":"https:\/\/www.racsa.go.cr\/blog\/","name":"Blog de RACSA","description":"Noticias y comunicados de inter\u00e9s","publisher":{"@id":"https:\/\/www.racsa.go.cr\/blog\/#organization"},"potentialAction":[{"@type":"SearchAction","target":{"@type":"EntryPoint","urlTemplate":"https:\/\/www.racsa.go.cr\/blog\/?s={search_term_string}"},"query-input":{"@type":"PropertyValueSpecification","valueRequired":true,"valueName":"search_term_string"}}],"inLanguage":"es-CR"},{"@type":"Organization","@id":"https:\/\/www.racsa.go.cr\/blog\/#organization","name":"RACSA","url":"https:\/\/www.racsa.go.cr\/blog\/","logo":{"@type":"ImageObject","inLanguage":"es-CR","@id":"https:\/\/www.racsa.go.cr\/blog\/#\/schema\/logo\/image\/","url":"https:\/\/www.racsa.go.cr\/blog\/wp-content\/uploads\/2020\/06\/logo-racsa-blog_Mesa-de-trabajo-1.png","contentUrl":"https:\/\/www.racsa.go.cr\/blog\/wp-content\/uploads\/2020\/06\/logo-racsa-blog_Mesa-de-trabajo-1.png","width":77,"height":50,"caption":"RACSA"},"image":{"@id":"https:\/\/www.racsa.go.cr\/blog\/#\/schema\/logo\/image\/"},"sameAs":["https:\/\/m.facebook.com\/RACSACR\/","https:\/\/x.com\/RACSA_CR","https:\/\/instagram.com\/racsa_cr?igshid=1xty3rwhqjj6p","https:\/\/www.linkedin.com\/authwall?trk=gf&amp;amp;amp;amp;amp;amp;amp;trkInfo=AQGkHPl9RaoQ9AAAAXXizZAgZzcQwi0sdfDTg7AF4I5Q6B_NrjW5R7wFovOzBkS8ur94lJpFmlv2bomYKC3GZOFcSqkgLKm5wKGh61DyjTqr6c_1E_AFOwxMWF5kjSLpCvbYX9o=&amp;amp;amp;amp;amp;amp;amp;originalReferer&amp;amp;amp;amp;amp;amp;amp;sessionRedirect=https:\/\/es.linkedin.com\/company\/racsa_cr","https:\/\/www.youtube.com\/user\/RACSACOSTARICA"]},{"@type":"Person","@id":"https:\/\/www.racsa.go.cr\/blog\/#\/schema\/person\/ec79d31370d6dc9aaa4365492bc04f4e","name":"Mercadeo RACSA","image":{"@type":"ImageObject","inLanguage":"es-CR","@id":"https:\/\/secure.gravatar.com\/avatar\/7b464a0e344d5a5f82f8b9ceb49dae1d41b1141998fb14d2046814a158d02734?s=96&d=mm&r=g","url":"https:\/\/secure.gravatar.com\/avatar\/7b464a0e344d5a5f82f8b9ceb49dae1d41b1141998fb14d2046814a158d02734?s=96&d=mm&r=g","contentUrl":"https:\/\/secure.gravatar.com\/avatar\/7b464a0e344d5a5f82f8b9ceb49dae1d41b1141998fb14d2046814a158d02734?s=96&d=mm&r=g","caption":"Mercadeo RACSA"}}]}},"_links":{"self":[{"href":"https:\/\/www.racsa.go.cr\/blog\/wp-json\/wp\/v2\/posts\/3569","targetHints":{"allow":["GET"]}}],"collection":[{"href":"https:\/\/www.racsa.go.cr\/blog\/wp-json\/wp\/v2\/posts"}],"about":[{"href":"https:\/\/www.racsa.go.cr\/blog\/wp-json\/wp\/v2\/types\/post"}],"author":[{"embeddable":true,"href":"https:\/\/www.racsa.go.cr\/blog\/wp-json\/wp\/v2\/users\/2"}],"replies":[{"embeddable":true,"href":"https:\/\/www.racsa.go.cr\/blog\/wp-json\/wp\/v2\/comments?post=3569"}],"version-history":[{"count":0,"href":"https:\/\/www.racsa.go.cr\/blog\/wp-json\/wp\/v2\/posts\/3569\/revisions"}],"wp:featuredmedia":[{"embeddable":true,"href":"https:\/\/www.racsa.go.cr\/blog\/wp-json\/wp\/v2\/media\/3570"}],"wp:attachment":[{"href":"https:\/\/www.racsa.go.cr\/blog\/wp-json\/wp\/v2\/media?parent=3569"}],"wp:term":[{"taxonomy":"category","embeddable":true,"href":"https:\/\/www.racsa.go.cr\/blog\/wp-json\/wp\/v2\/categories?post=3569"},{"taxonomy":"post_tag","embeddable":true,"href":"https:\/\/www.racsa.go.cr\/blog\/wp-json\/wp\/v2\/tags?post=3569"}],"curies":[{"name":"wp","href":"https:\/\/api.w.org\/{rel}","templated":true}]}}