{"id":3559,"date":"2025-01-13T08:14:33","date_gmt":"2025-01-13T14:14:33","guid":{"rendered":"https:\/\/www.racsa.go.cr\/blog\/?p=3559"},"modified":"2025-01-13T08:18:09","modified_gmt":"2025-01-13T14:18:09","slug":"racsa-lidera-la-revolucion-5g-en-costa-rica-y-avanza-su-despliegue-a-nivel-nacional","status":"publish","type":"post","link":"https:\/\/www.racsa.go.cr\/blog\/racsa-lidera-la-revolucion-5g-en-costa-rica-y-avanza-su-despliegue-a-nivel-nacional\/","title":{"rendered":"RACSA lidera la revoluci\u00f3n 5G en Costa Rica y avanza su despliegue a nivel nacional"},"content":{"rendered":"\n<p><strong>Su tecnolog\u00eda stand-alone, pionera en Centroam\u00e9rica, posiciona al pa\u00eds como un modelo de conectividad.<\/strong><\/p>\n\n\n\n<p><strong>Para 2025, la empresa proyecta fortalecer alianzas estrat\u00e9gicas y fomentar el di\u00e1logo entre sectores p\u00fablicos y privados.<\/strong><\/p>\n\n\n\n<p>Con el despliegue de la primera red aut\u00f3noma y exclusiva para&nbsp;<strong>tecnolog\u00eda 5G<\/strong>&nbsp;en el pa\u00eds, RACSA&nbsp;marca un antes y un despu\u00e9s en la conectividad nacional.<\/p>\n\n\n\n<p>Su infraestructura stand-alone,&nbsp;<strong>\u00fanica<\/strong>&nbsp;en Centroam\u00e9rica, permite una red completamente independiente de tecnolog\u00edas previas, situando a Costa Rica como pionera en la regi\u00f3n y abriendo las puertas a una nueva era de desarrollo econ\u00f3mico y social.<\/p>\n\n\n\n<p><em>\u201cEste proyecto trajo un nuevo aire a la marca. Con los primeros servicios de internet inal\u00e1mbrico 5G del pa\u00eds, RACSA cambi\u00f3 su orientaci\u00f3n del negocio, antes enfocada en los sectores p\u00fablico y empresarial y ahora con la mirada puesta en el mercado masivo, como complemento. Hoy hablamos de personas que adquieren su dispositivo 5G por cualquiera de los medios que tenemos a disposici\u00f3n y lo conectan en sus casas, lo que genera inmediatez y rompe el paradigma de ver cables y requerir ayuda t\u00e9cnica. Eso tambi\u00e9n le da seguridad a las empresas que cuentan con soluciones de fibra, ya que pueden tener redundancia inal\u00e1mbrica en tiempo real y con igual o mayor calidad\u201d<\/em>, afirm\u00f3 Mauricio Barrantes, gerente general de RACSA.<\/p>\n\n\n\n<h2 class=\"wp-block-heading has-vivid-cyan-blue-color has-text-color has-link-color wp-elements-0c1f183520c2bf3d0d6835f07055de07\"><span><i class=\"fas fa-arrow-right\"><\/i><\/span><strong>Una tecnolog\u00eda para todos<\/strong> <\/h2>\n\n\n\n<p>El impacto del 5G trasciende el \u00e1mbito dom\u00e9stico. En zonas productivas, esta tecnolog\u00eda se posiciona como un motor de desarrollo, impulsando econom\u00edas locales y fomentando la competitividad nacional.<\/p>\n\n\n\n<p>Adem\u00e1s, asegura a las empresas una continuidad operativa de alta calidad, lo cual es un avance esencial en sectores como la industria y los servicios<\/p>\n\n\n\n<p>Consciente de las oportunidades que genera esta tecnolog\u00eda, RACSA ha liderado iniciativas para a<strong>cercar el 5G a la ciudadan\u00eda<\/strong>, con eventos como el Festival Japon\u00e9s de Occidente en Palmares y el Desayuno Tecnol\u00f3gico: 5G, tecnolog\u00eda habilitadora de la transformaci\u00f3n digital, para democratizar el conocimiento y la adopci\u00f3n de esta innovaci\u00f3n; ambos realizados el mes pasado.<\/p>\n\n\n\n<p>El modelo desarrollado por RACSA ha despertado el inter\u00e9s de gobiernos y empresas en la regi\u00f3n. Su experiencia fue presentada en foros internacionales como el Digital Transformation &amp; Innovation Summit en Panam\u00e1 y Conecta Latam 2024 en Brasil, donde se discutieron las aplicaciones del 5G en sectores como la salud, educaci\u00f3n, seguridad, movilidad urbana y agroindustria.<\/p>\n\n\n\n<p><em>\u201cRACSA est\u00e1 escribiendo su propia historia, fortaleciendo sus capacidades como operador inal\u00e1mbrico con un proyecto de telecomunicaciones que inicia desde cero, apoyado en el talento de un equipo humano que asumi\u00f3 el reto de desplegar la primera red inal\u00e1mbrica para el desarrollo de casos de uso aplicados a los sectores: salud, educaci\u00f3n, seguridad, movilidad urbana, agroindustria y en el corto plazo en el mercado de los datos m\u00f3viles\u201d<\/em>, explic\u00f3 Yandell Salazar, director de Operaciones de RACSA.<\/p>\n\n\n\n<p>Adem\u00e1s, a nivel pa\u00eds la empresa cuenta con la experiencia y el conocimiento experto para impulsar el di\u00e1logo entre sectores p\u00fablicos y privados para crear pol\u00edticas que aprovechen al m\u00e1ximo el 5G, adaptando esta tecnolog\u00eda a las necesidades locales y fortaleciendo el desarrollo digital del pa\u00eds.<\/p>\n\n\n\n<p><em>\u201cEstamos conectando expectativas y necesidades con una tecnolog\u00eda revolucionaria que ser\u00e1 clave para la competitividad nacional y regional\u201d<\/em>, concluy\u00f3 Barrantes.<\/p>\n\n\n\n<hr class=\"wp-block-separator has-alpha-channel-opacity\"\/>\n\n\n\n<h2 class=\"wp-block-heading has-vivid-cyan-blue-color has-text-color has-link-color wp-elements-3a767732e643f363e8047bf9d840fa8e\"><span><i class=\"fas fa-arrow-right\"><\/i><\/span>MEDIOS PARA ADQUIRIR INTERNET INAL\u00c1MBRICO FIJO 5G DE RACSA <\/h2>\n\n\n\n<hr class=\"wp-block-separator has-alpha-channel-opacity\"\/>\n\n\n\n<p><strong>Sitio web oficial<\/strong>: <a href=\"https:\/\/www.racsa.go.cr\/servicios\/soluciones-5g\/internet-inalambrico-de-racsa-5g\/\">https:\/\/www.racsa.go.cr\/servicios\/soluciones-5g\/internet-inalambrico-de-racsa-5g\/<\/a><\/p>\n\n\n\n<p><strong>Tel\u00e9fono\u00a0<\/strong>800-NEGOCIO (800-6346246)<br><strong>WhatsApp\u00a0<\/strong>8888-8097<br><strong>Correo electr\u00f3nico\u00a0<\/strong><a href=\"mailto:ventas5G@racsa.go.cr\">ventas5G@racsa.go.cr<\/a><\/p>\n","protected":false},"excerpt":{"rendered":"<p>Su tecnolog\u00eda stand-alone, pionera en Centroam\u00e9rica, posiciona al pa\u00eds como un modelo de conectividad. Para&#8230;<\/p>\n","protected":false},"author":2,"featured_media":3560,"comment_status":"closed","ping_status":"closed","sticky":false,"template":"","format":"standard","meta":{"footnotes":""},"categories":[246,224],"tags":[],"class_list":["post-3559","post","type-post","status-publish","format-standard","has-post-thumbnail","hentry","category-5g","category-comunicado-racsa"],"yoast_head":"<!-- This site is optimized with the Yoast SEO plugin v27.5 - https:\/\/yoast.com\/product\/yoast-seo-wordpress\/ -->\n<title>RACSA lidera la revoluci\u00f3n 5G en Costa Rica y avanza su despliegue a nivel nacional - Blog de RACSA<\/title>\n<meta name=\"robots\" content=\"index, follow, max-snippet:-1, max-image-preview:large, max-video-preview:-1\" \/>\n<link rel=\"canonical\" href=\"https:\/\/www.racsa.go.cr\/blog\/racsa-lidera-la-revolucion-5g-en-costa-rica-y-avanza-su-despliegue-a-nivel-nacional\/\" \/>\n<meta property=\"og:locale\" content=\"es_ES\" \/>\n<meta property=\"og:type\" content=\"article\" \/>\n<meta property=\"og:title\" content=\"RACSA lidera la revoluci\u00f3n 5G en Costa Rica y avanza su despliegue a nivel nacional - Blog de RACSA\" \/>\n<meta property=\"og:description\" content=\"Su tecnolog\u00eda stand-alone, pionera en Centroam\u00e9rica, posiciona al pa\u00eds como un modelo de conectividad. Para...\" \/>\n<meta property=\"og:url\" content=\"https:\/\/www.racsa.go.cr\/blog\/racsa-lidera-la-revolucion-5g-en-costa-rica-y-avanza-su-despliegue-a-nivel-nacional\/\" \/>\n<meta property=\"og:site_name\" content=\"Blog de RACSA\" \/>\n<meta property=\"article:publisher\" content=\"https:\/\/m.facebook.com\/RACSACR\/\" \/>\n<meta property=\"article:published_time\" content=\"2025-01-13T14:14:33+00:00\" \/>\n<meta property=\"article:modified_time\" content=\"2025-01-13T14:18:09+00:00\" \/>\n<meta property=\"og:image\" content=\"https:\/\/www.racsa.go.cr\/blog\/wp-content\/uploads\/2025\/01\/FOTO-PARA-PUBLIREPORTAJE-scaled.jpg\" \/>\n\t<meta property=\"og:image:width\" content=\"2560\" \/>\n\t<meta property=\"og:image:height\" content=\"1439\" \/>\n\t<meta property=\"og:image:type\" content=\"image\/jpeg\" \/>\n<meta name=\"author\" content=\"Mercadeo RACSA\" \/>\n<meta name=\"twitter:card\" content=\"summary_large_image\" \/>\n<meta name=\"twitter:creator\" content=\"@RACSA_CR\" \/>\n<meta name=\"twitter:site\" content=\"@RACSA_CR\" \/>\n<meta name=\"twitter:label1\" content=\"Written by\" \/>\n\t<meta name=\"twitter:data1\" content=\"Mercadeo RACSA\" \/>\n\t<meta name=\"twitter:label2\" content=\"Est. reading time\" \/>\n\t<meta name=\"twitter:data2\" content=\"3 minutos\" \/>\n<script type=\"application\/ld+json\" class=\"yoast-schema-graph\">{\"@context\":\"https:\\\/\\\/schema.org\",\"@graph\":[{\"@type\":\"Article\",\"@id\":\"https:\\\/\\\/www.racsa.go.cr\\\/blog\\\/racsa-lidera-la-revolucion-5g-en-costa-rica-y-avanza-su-despliegue-a-nivel-nacional\\\/#article\",\"isPartOf\":{\"@id\":\"https:\\\/\\\/www.racsa.go.cr\\\/blog\\\/racsa-lidera-la-revolucion-5g-en-costa-rica-y-avanza-su-despliegue-a-nivel-nacional\\\/\"},\"author\":{\"name\":\"Mercadeo RACSA\",\"@id\":\"https:\\\/\\\/www.racsa.go.cr\\\/blog\\\/#\\\/schema\\\/person\\\/ec79d31370d6dc9aaa4365492bc04f4e\"},\"headline\":\"RACSA lidera la revoluci\u00f3n 5G en Costa Rica y avanza su despliegue a nivel nacional\",\"datePublished\":\"2025-01-13T14:14:33+00:00\",\"dateModified\":\"2025-01-13T14:18:09+00:00\",\"mainEntityOfPage\":{\"@id\":\"https:\\\/\\\/www.racsa.go.cr\\\/blog\\\/racsa-lidera-la-revolucion-5g-en-costa-rica-y-avanza-su-despliegue-a-nivel-nacional\\\/\"},\"wordCount\":631,\"publisher\":{\"@id\":\"https:\\\/\\\/www.racsa.go.cr\\\/blog\\\/#organization\"},\"image\":{\"@id\":\"https:\\\/\\\/www.racsa.go.cr\\\/blog\\\/racsa-lidera-la-revolucion-5g-en-costa-rica-y-avanza-su-despliegue-a-nivel-nacional\\\/#primaryimage\"},\"thumbnailUrl\":\"https:\\\/\\\/www.racsa.go.cr\\\/blog\\\/wp-content\\\/uploads\\\/2025\\\/01\\\/FOTO-PARA-PUBLIREPORTAJE-scaled.jpg\",\"articleSection\":[\"5G\",\"COMUNICADO RACSA\"],\"inLanguage\":\"es-CR\"},{\"@type\":\"WebPage\",\"@id\":\"https:\\\/\\\/www.racsa.go.cr\\\/blog\\\/racsa-lidera-la-revolucion-5g-en-costa-rica-y-avanza-su-despliegue-a-nivel-nacional\\\/\",\"url\":\"https:\\\/\\\/www.racsa.go.cr\\\/blog\\\/racsa-lidera-la-revolucion-5g-en-costa-rica-y-avanza-su-despliegue-a-nivel-nacional\\\/\",\"name\":\"RACSA lidera la revoluci\u00f3n 5G en Costa Rica y avanza su despliegue a nivel nacional - Blog de RACSA\",\"isPartOf\":{\"@id\":\"https:\\\/\\\/www.racsa.go.cr\\\/blog\\\/#website\"},\"primaryImageOfPage\":{\"@id\":\"https:\\\/\\\/www.racsa.go.cr\\\/blog\\\/racsa-lidera-la-revolucion-5g-en-costa-rica-y-avanza-su-despliegue-a-nivel-nacional\\\/#primaryimage\"},\"image\":{\"@id\":\"https:\\\/\\\/www.racsa.go.cr\\\/blog\\\/racsa-lidera-la-revolucion-5g-en-costa-rica-y-avanza-su-despliegue-a-nivel-nacional\\\/#primaryimage\"},\"thumbnailUrl\":\"https:\\\/\\\/www.racsa.go.cr\\\/blog\\\/wp-content\\\/uploads\\\/2025\\\/01\\\/FOTO-PARA-PUBLIREPORTAJE-scaled.jpg\",\"datePublished\":\"2025-01-13T14:14:33+00:00\",\"dateModified\":\"2025-01-13T14:18:09+00:00\",\"breadcrumb\":{\"@id\":\"https:\\\/\\\/www.racsa.go.cr\\\/blog\\\/racsa-lidera-la-revolucion-5g-en-costa-rica-y-avanza-su-despliegue-a-nivel-nacional\\\/#breadcrumb\"},\"inLanguage\":\"es-CR\",\"potentialAction\":[{\"@type\":\"ReadAction\",\"target\":[\"https:\\\/\\\/www.racsa.go.cr\\\/blog\\\/racsa-lidera-la-revolucion-5g-en-costa-rica-y-avanza-su-despliegue-a-nivel-nacional\\\/\"]}]},{\"@type\":\"ImageObject\",\"inLanguage\":\"es-CR\",\"@id\":\"https:\\\/\\\/www.racsa.go.cr\\\/blog\\\/racsa-lidera-la-revolucion-5g-en-costa-rica-y-avanza-su-despliegue-a-nivel-nacional\\\/#primaryimage\",\"url\":\"https:\\\/\\\/www.racsa.go.cr\\\/blog\\\/wp-content\\\/uploads\\\/2025\\\/01\\\/FOTO-PARA-PUBLIREPORTAJE-scaled.jpg\",\"contentUrl\":\"https:\\\/\\\/www.racsa.go.cr\\\/blog\\\/wp-content\\\/uploads\\\/2025\\\/01\\\/FOTO-PARA-PUBLIREPORTAJE-scaled.jpg\",\"width\":2560,\"height\":1439},{\"@type\":\"BreadcrumbList\",\"@id\":\"https:\\\/\\\/www.racsa.go.cr\\\/blog\\\/racsa-lidera-la-revolucion-5g-en-costa-rica-y-avanza-su-despliegue-a-nivel-nacional\\\/#breadcrumb\",\"itemListElement\":[{\"@type\":\"ListItem\",\"position\":1,\"name\":\"Portada\",\"item\":\"https:\\\/\\\/www.racsa.go.cr\\\/blog\\\/\"},{\"@type\":\"ListItem\",\"position\":2,\"name\":\"RACSA lidera la revoluci\u00f3n 5G en Costa Rica y avanza su despliegue a nivel nacional\"}]},{\"@type\":\"WebSite\",\"@id\":\"https:\\\/\\\/www.racsa.go.cr\\\/blog\\\/#website\",\"url\":\"https:\\\/\\\/www.racsa.go.cr\\\/blog\\\/\",\"name\":\"Blog de RACSA\",\"description\":\"Noticias y comunicados de inter\u00e9s\",\"publisher\":{\"@id\":\"https:\\\/\\\/www.racsa.go.cr\\\/blog\\\/#organization\"},\"potentialAction\":[{\"@type\":\"SearchAction\",\"target\":{\"@type\":\"EntryPoint\",\"urlTemplate\":\"https:\\\/\\\/www.racsa.go.cr\\\/blog\\\/?s={search_term_string}\"},\"query-input\":{\"@type\":\"PropertyValueSpecification\",\"valueRequired\":true,\"valueName\":\"search_term_string\"}}],\"inLanguage\":\"es-CR\"},{\"@type\":\"Organization\",\"@id\":\"https:\\\/\\\/www.racsa.go.cr\\\/blog\\\/#organization\",\"name\":\"RACSA\",\"url\":\"https:\\\/\\\/www.racsa.go.cr\\\/blog\\\/\",\"logo\":{\"@type\":\"ImageObject\",\"inLanguage\":\"es-CR\",\"@id\":\"https:\\\/\\\/www.racsa.go.cr\\\/blog\\\/#\\\/schema\\\/logo\\\/image\\\/\",\"url\":\"https:\\\/\\\/www.racsa.go.cr\\\/blog\\\/wp-content\\\/uploads\\\/2020\\\/06\\\/logo-racsa-blog_Mesa-de-trabajo-1.png\",\"contentUrl\":\"https:\\\/\\\/www.racsa.go.cr\\\/blog\\\/wp-content\\\/uploads\\\/2020\\\/06\\\/logo-racsa-blog_Mesa-de-trabajo-1.png\",\"width\":77,\"height\":50,\"caption\":\"RACSA\"},\"image\":{\"@id\":\"https:\\\/\\\/www.racsa.go.cr\\\/blog\\\/#\\\/schema\\\/logo\\\/image\\\/\"},\"sameAs\":[\"https:\\\/\\\/m.facebook.com\\\/RACSACR\\\/\",\"https:\\\/\\\/x.com\\\/RACSA_CR\",\"https:\\\/\\\/instagram.com\\\/racsa_cr?igshid=1xty3rwhqjj6p\",\"https:\\\/\\\/www.linkedin.com\\\/authwall?trk=gf&amp;amp;amp;amp;amp;amp;amp;trkInfo=AQGkHPl9RaoQ9AAAAXXizZAgZzcQwi0sdfDTg7AF4I5Q6B_NrjW5R7wFovOzBkS8ur94lJpFmlv2bomYKC3GZOFcSqkgLKm5wKGh61DyjTqr6c_1E_AFOwxMWF5kjSLpCvbYX9o=&amp;amp;amp;amp;amp;amp;amp;originalReferer&amp;amp;amp;amp;amp;amp;amp;sessionRedirect=https:\\\/\\\/es.linkedin.com\\\/company\\\/racsa_cr\",\"https:\\\/\\\/www.youtube.com\\\/user\\\/RACSACOSTARICA\"]},{\"@type\":\"Person\",\"@id\":\"https:\\\/\\\/www.racsa.go.cr\\\/blog\\\/#\\\/schema\\\/person\\\/ec79d31370d6dc9aaa4365492bc04f4e\",\"name\":\"Mercadeo RACSA\",\"image\":{\"@type\":\"ImageObject\",\"inLanguage\":\"es-CR\",\"@id\":\"https:\\\/\\\/secure.gravatar.com\\\/avatar\\\/7b464a0e344d5a5f82f8b9ceb49dae1d41b1141998fb14d2046814a158d02734?s=96&d=mm&r=g\",\"url\":\"https:\\\/\\\/secure.gravatar.com\\\/avatar\\\/7b464a0e344d5a5f82f8b9ceb49dae1d41b1141998fb14d2046814a158d02734?s=96&d=mm&r=g\",\"contentUrl\":\"https:\\\/\\\/secure.gravatar.com\\\/avatar\\\/7b464a0e344d5a5f82f8b9ceb49dae1d41b1141998fb14d2046814a158d02734?s=96&d=mm&r=g\",\"caption\":\"Mercadeo RACSA\"}}]}<\/script>\n<!-- \/ Yoast SEO plugin. -->","yoast_head_json":{"title":"RACSA lidera la revoluci\u00f3n 5G en Costa Rica y avanza su despliegue a nivel nacional - Blog de RACSA","robots":{"index":"index","follow":"follow","max-snippet":"max-snippet:-1","max-image-preview":"max-image-preview:large","max-video-preview":"max-video-preview:-1"},"canonical":"https:\/\/www.racsa.go.cr\/blog\/racsa-lidera-la-revolucion-5g-en-costa-rica-y-avanza-su-despliegue-a-nivel-nacional\/","og_locale":"es_ES","og_type":"article","og_title":"RACSA lidera la revoluci\u00f3n 5G en Costa Rica y avanza su despliegue a nivel nacional - Blog de RACSA","og_description":"Su tecnolog\u00eda stand-alone, pionera en Centroam\u00e9rica, posiciona al pa\u00eds como un modelo de conectividad. Para...","og_url":"https:\/\/www.racsa.go.cr\/blog\/racsa-lidera-la-revolucion-5g-en-costa-rica-y-avanza-su-despliegue-a-nivel-nacional\/","og_site_name":"Blog de RACSA","article_publisher":"https:\/\/m.facebook.com\/RACSACR\/","article_published_time":"2025-01-13T14:14:33+00:00","article_modified_time":"2025-01-13T14:18:09+00:00","og_image":[{"width":2560,"height":1439,"url":"https:\/\/www.racsa.go.cr\/blog\/wp-content\/uploads\/2025\/01\/FOTO-PARA-PUBLIREPORTAJE-scaled.jpg","type":"image\/jpeg"}],"author":"Mercadeo RACSA","twitter_card":"summary_large_image","twitter_creator":"@RACSA_CR","twitter_site":"@RACSA_CR","twitter_misc":{"Written by":"Mercadeo RACSA","Est. reading time":"3 minutos"},"schema":{"@context":"https:\/\/schema.org","@graph":[{"@type":"Article","@id":"https:\/\/www.racsa.go.cr\/blog\/racsa-lidera-la-revolucion-5g-en-costa-rica-y-avanza-su-despliegue-a-nivel-nacional\/#article","isPartOf":{"@id":"https:\/\/www.racsa.go.cr\/blog\/racsa-lidera-la-revolucion-5g-en-costa-rica-y-avanza-su-despliegue-a-nivel-nacional\/"},"author":{"name":"Mercadeo RACSA","@id":"https:\/\/www.racsa.go.cr\/blog\/#\/schema\/person\/ec79d31370d6dc9aaa4365492bc04f4e"},"headline":"RACSA lidera la revoluci\u00f3n 5G en Costa Rica y avanza su despliegue a nivel nacional","datePublished":"2025-01-13T14:14:33+00:00","dateModified":"2025-01-13T14:18:09+00:00","mainEntityOfPage":{"@id":"https:\/\/www.racsa.go.cr\/blog\/racsa-lidera-la-revolucion-5g-en-costa-rica-y-avanza-su-despliegue-a-nivel-nacional\/"},"wordCount":631,"publisher":{"@id":"https:\/\/www.racsa.go.cr\/blog\/#organization"},"image":{"@id":"https:\/\/www.racsa.go.cr\/blog\/racsa-lidera-la-revolucion-5g-en-costa-rica-y-avanza-su-despliegue-a-nivel-nacional\/#primaryimage"},"thumbnailUrl":"https:\/\/www.racsa.go.cr\/blog\/wp-content\/uploads\/2025\/01\/FOTO-PARA-PUBLIREPORTAJE-scaled.jpg","articleSection":["5G","COMUNICADO RACSA"],"inLanguage":"es-CR"},{"@type":"WebPage","@id":"https:\/\/www.racsa.go.cr\/blog\/racsa-lidera-la-revolucion-5g-en-costa-rica-y-avanza-su-despliegue-a-nivel-nacional\/","url":"https:\/\/www.racsa.go.cr\/blog\/racsa-lidera-la-revolucion-5g-en-costa-rica-y-avanza-su-despliegue-a-nivel-nacional\/","name":"RACSA lidera la revoluci\u00f3n 5G en Costa Rica y avanza su despliegue a nivel nacional - Blog de RACSA","isPartOf":{"@id":"https:\/\/www.racsa.go.cr\/blog\/#website"},"primaryImageOfPage":{"@id":"https:\/\/www.racsa.go.cr\/blog\/racsa-lidera-la-revolucion-5g-en-costa-rica-y-avanza-su-despliegue-a-nivel-nacional\/#primaryimage"},"image":{"@id":"https:\/\/www.racsa.go.cr\/blog\/racsa-lidera-la-revolucion-5g-en-costa-rica-y-avanza-su-despliegue-a-nivel-nacional\/#primaryimage"},"thumbnailUrl":"https:\/\/www.racsa.go.cr\/blog\/wp-content\/uploads\/2025\/01\/FOTO-PARA-PUBLIREPORTAJE-scaled.jpg","datePublished":"2025-01-13T14:14:33+00:00","dateModified":"2025-01-13T14:18:09+00:00","breadcrumb":{"@id":"https:\/\/www.racsa.go.cr\/blog\/racsa-lidera-la-revolucion-5g-en-costa-rica-y-avanza-su-despliegue-a-nivel-nacional\/#breadcrumb"},"inLanguage":"es-CR","potentialAction":[{"@type":"ReadAction","target":["https:\/\/www.racsa.go.cr\/blog\/racsa-lidera-la-revolucion-5g-en-costa-rica-y-avanza-su-despliegue-a-nivel-nacional\/"]}]},{"@type":"ImageObject","inLanguage":"es-CR","@id":"https:\/\/www.racsa.go.cr\/blog\/racsa-lidera-la-revolucion-5g-en-costa-rica-y-avanza-su-despliegue-a-nivel-nacional\/#primaryimage","url":"https:\/\/www.racsa.go.cr\/blog\/wp-content\/uploads\/2025\/01\/FOTO-PARA-PUBLIREPORTAJE-scaled.jpg","contentUrl":"https:\/\/www.racsa.go.cr\/blog\/wp-content\/uploads\/2025\/01\/FOTO-PARA-PUBLIREPORTAJE-scaled.jpg","width":2560,"height":1439},{"@type":"BreadcrumbList","@id":"https:\/\/www.racsa.go.cr\/blog\/racsa-lidera-la-revolucion-5g-en-costa-rica-y-avanza-su-despliegue-a-nivel-nacional\/#breadcrumb","itemListElement":[{"@type":"ListItem","position":1,"name":"Portada","item":"https:\/\/www.racsa.go.cr\/blog\/"},{"@type":"ListItem","position":2,"name":"RACSA lidera la revoluci\u00f3n 5G en Costa Rica y avanza su despliegue a nivel nacional"}]},{"@type":"WebSite","@id":"https:\/\/www.racsa.go.cr\/blog\/#website","url":"https:\/\/www.racsa.go.cr\/blog\/","name":"Blog de RACSA","description":"Noticias y comunicados de inter\u00e9s","publisher":{"@id":"https:\/\/www.racsa.go.cr\/blog\/#organization"},"potentialAction":[{"@type":"SearchAction","target":{"@type":"EntryPoint","urlTemplate":"https:\/\/www.racsa.go.cr\/blog\/?s={search_term_string}"},"query-input":{"@type":"PropertyValueSpecification","valueRequired":true,"valueName":"search_term_string"}}],"inLanguage":"es-CR"},{"@type":"Organization","@id":"https:\/\/www.racsa.go.cr\/blog\/#organization","name":"RACSA","url":"https:\/\/www.racsa.go.cr\/blog\/","logo":{"@type":"ImageObject","inLanguage":"es-CR","@id":"https:\/\/www.racsa.go.cr\/blog\/#\/schema\/logo\/image\/","url":"https:\/\/www.racsa.go.cr\/blog\/wp-content\/uploads\/2020\/06\/logo-racsa-blog_Mesa-de-trabajo-1.png","contentUrl":"https:\/\/www.racsa.go.cr\/blog\/wp-content\/uploads\/2020\/06\/logo-racsa-blog_Mesa-de-trabajo-1.png","width":77,"height":50,"caption":"RACSA"},"image":{"@id":"https:\/\/www.racsa.go.cr\/blog\/#\/schema\/logo\/image\/"},"sameAs":["https:\/\/m.facebook.com\/RACSACR\/","https:\/\/x.com\/RACSA_CR","https:\/\/instagram.com\/racsa_cr?igshid=1xty3rwhqjj6p","https:\/\/www.linkedin.com\/authwall?trk=gf&amp;amp;amp;amp;amp;amp;amp;trkInfo=AQGkHPl9RaoQ9AAAAXXizZAgZzcQwi0sdfDTg7AF4I5Q6B_NrjW5R7wFovOzBkS8ur94lJpFmlv2bomYKC3GZOFcSqkgLKm5wKGh61DyjTqr6c_1E_AFOwxMWF5kjSLpCvbYX9o=&amp;amp;amp;amp;amp;amp;amp;originalReferer&amp;amp;amp;amp;amp;amp;amp;sessionRedirect=https:\/\/es.linkedin.com\/company\/racsa_cr","https:\/\/www.youtube.com\/user\/RACSACOSTARICA"]},{"@type":"Person","@id":"https:\/\/www.racsa.go.cr\/blog\/#\/schema\/person\/ec79d31370d6dc9aaa4365492bc04f4e","name":"Mercadeo RACSA","image":{"@type":"ImageObject","inLanguage":"es-CR","@id":"https:\/\/secure.gravatar.com\/avatar\/7b464a0e344d5a5f82f8b9ceb49dae1d41b1141998fb14d2046814a158d02734?s=96&d=mm&r=g","url":"https:\/\/secure.gravatar.com\/avatar\/7b464a0e344d5a5f82f8b9ceb49dae1d41b1141998fb14d2046814a158d02734?s=96&d=mm&r=g","contentUrl":"https:\/\/secure.gravatar.com\/avatar\/7b464a0e344d5a5f82f8b9ceb49dae1d41b1141998fb14d2046814a158d02734?s=96&d=mm&r=g","caption":"Mercadeo RACSA"}}]}},"_links":{"self":[{"href":"https:\/\/www.racsa.go.cr\/blog\/wp-json\/wp\/v2\/posts\/3559","targetHints":{"allow":["GET"]}}],"collection":[{"href":"https:\/\/www.racsa.go.cr\/blog\/wp-json\/wp\/v2\/posts"}],"about":[{"href":"https:\/\/www.racsa.go.cr\/blog\/wp-json\/wp\/v2\/types\/post"}],"author":[{"embeddable":true,"href":"https:\/\/www.racsa.go.cr\/blog\/wp-json\/wp\/v2\/users\/2"}],"replies":[{"embeddable":true,"href":"https:\/\/www.racsa.go.cr\/blog\/wp-json\/wp\/v2\/comments?post=3559"}],"version-history":[{"count":0,"href":"https:\/\/www.racsa.go.cr\/blog\/wp-json\/wp\/v2\/posts\/3559\/revisions"}],"wp:featuredmedia":[{"embeddable":true,"href":"https:\/\/www.racsa.go.cr\/blog\/wp-json\/wp\/v2\/media\/3560"}],"wp:attachment":[{"href":"https:\/\/www.racsa.go.cr\/blog\/wp-json\/wp\/v2\/media?parent=3559"}],"wp:term":[{"taxonomy":"category","embeddable":true,"href":"https:\/\/www.racsa.go.cr\/blog\/wp-json\/wp\/v2\/categories?post=3559"},{"taxonomy":"post_tag","embeddable":true,"href":"https:\/\/www.racsa.go.cr\/blog\/wp-json\/wp\/v2\/tags?post=3559"}],"curies":[{"name":"wp","href":"https:\/\/api.w.org\/{rel}","templated":true}]}}