{"id":3534,"date":"2025-01-09T09:24:39","date_gmt":"2025-01-09T15:24:39","guid":{"rendered":"https:\/\/www.racsa.go.cr\/blog\/?p=3534"},"modified":"2025-01-09T14:33:42","modified_gmt":"2025-01-09T20:33:42","slug":"pasaporte-costarricense-nos-lleva-mas-lejos","status":"publish","type":"post","link":"https:\/\/www.racsa.go.cr\/blog\/pasaporte-costarricense-nos-lleva-mas-lejos\/","title":{"rendered":"\u00a1Pasaporte costarricense nos lleva m\u00e1s lejos!"},"content":{"rendered":"\n<p>Seg\u00fan el \u00faltimo informe de&nbsp;medici\u00f3n de <em><strong>Passport Index<\/strong><\/em> , el pasaporte tico ocupa la s\u00e9tima posici\u00f3n de Latinoam\u00e9rica y el primero de Centroam\u00e9rica. Esto nos abre las puertas al mundo y destaca el prestigio de nuestro pa\u00eds en el escenario global, donde los costarricenses pueden viajar a <strong>146 destinos sin visa<\/strong> o gestion\u00e1ndola al llegar.<\/p>\n\n\n\n<p><strong>Los 10 m\u00e1s poderosos de Latinoam\u00e9rica\u00a0<\/strong><\/p>\n\n\n\n<p>1. Brasil<\/p>\n\n\n\n<p>2. Argentina<\/p>\n\n\n\n<p>3. Chile&nbsp;<\/p>\n\n\n\n<p>4. M\u00e9xico<\/p>\n\n\n\n<p>5. Uruguay<\/p>\n\n\n\n<p>6. Per\u00fa<\/p>\n\n\n\n<p>7. Costa Rica<\/p>\n\n\n\n<p>8. Paraguay<\/p>\n\n\n\n<p>9. Panam\u00e1&nbsp;<\/p>\n\n\n\n<p>10. Colombia<\/p>\n\n\n\n<p>Solicite su <strong><a href=\"tel:1311\">pasaporte biom\u00e9trico llamando al 1311<\/a> <\/strong>y aseg\u00farese de tener su documento a tiempo para disfrutar de unas vacaciones inolvidables o para su pr\u00f3ximo viaje de trabajo. Horario de atenci\u00f3n: lunes a viernes de 07:00 a.m. a 06:00 p.m. \/ s\u00e1bado 09:00 a.m. a 02:00 p.m.<\/p>\n\n\n\n<p><strong>Los primeros lugares del ranking<\/strong><\/p>\n\n\n\n<p>El pasaporte de<strong>&nbsp;Singapur<\/strong>&nbsp;lidera el \u00edndice, ofreciendo acceso sin visado a&nbsp;<strong>195 destinos<\/strong>, consolid\u00e1ndose como el documento de viaje m\u00e1s poderoso del mundo. En segundo lugar, se encuentra&nbsp;<strong>Jap\u00f3n<\/strong>, con acceso a&nbsp;<strong>193 destinos<\/strong>, destac\u00e1ndose por haber recuperado la posibilidad de entrada sin visado a China tras los cierres relacionados con la pandemia de COVID-19.<\/p>\n\n\n\n<p><strong>La brecha de movilidad global<\/strong><\/p>\n\n\n\n<p>Mientras los primeros lugares disfrutan de una gran libertad de movimiento, los \u00faltimos puestos del ranking muestran una situaci\u00f3n cr\u00edtica. <strong>Afganist\u00e1n <\/strong>ocupa el \u00faltimo lugar con acceso sin visado a s\u00f3lo <strong>26 destinos<\/strong>, seguido por <strong>Siria<\/strong> con <strong>27 destinos<\/strong> e <strong>Irak<\/strong> con <strong>31<\/strong>.<br><\/p>\n\n\n\n<iframe loading=\"lazy\" src=\"https:\/\/www.passportindex.org\/passport\/costa-rica\/\" style=\"border:0px #ffffff none;\" name=\"myiFrame\" scrolling=\"no\" frameborder=\"1\" marginheight=\"0px\" marginwidth=\"0px\" height=\"800px\" width=\"100%\" allowfullscreen><\/iframe>\n\n\n\n<p class=\"has-small-font-size\">Fuente: www.passportindex.org<\/p>\n\n\n\n<figure class=\"wp-block-image size-large\"><a href=\"tel:1311\"><img loading=\"lazy\" decoding=\"async\" width=\"1024\" height=\"553\" src=\"https:\/\/www.racsa.go.cr\/blog\/wp-content\/uploads\/2025\/01\/Obtenga-su-pasaporte-biometrico-con-RACSA-llamando-al-1311-1-1024x553.png\" alt=\"\" class=\"wp-image-3550\" srcset=\"https:\/\/www.racsa.go.cr\/blog\/wp-content\/uploads\/2025\/01\/Obtenga-su-pasaporte-biometrico-con-RACSA-llamando-al-1311-1-1024x553.png 1024w, https:\/\/www.racsa.go.cr\/blog\/wp-content\/uploads\/2025\/01\/Obtenga-su-pasaporte-biometrico-con-RACSA-llamando-al-1311-1-300x162.png 300w, https:\/\/www.racsa.go.cr\/blog\/wp-content\/uploads\/2025\/01\/Obtenga-su-pasaporte-biometrico-con-RACSA-llamando-al-1311-1-768x415.png 768w, https:\/\/www.racsa.go.cr\/blog\/wp-content\/uploads\/2025\/01\/Obtenga-su-pasaporte-biometrico-con-RACSA-llamando-al-1311-1-1536x829.png 1536w, https:\/\/www.racsa.go.cr\/blog\/wp-content\/uploads\/2025\/01\/Obtenga-su-pasaporte-biometrico-con-RACSA-llamando-al-1311-1-2048x1106.png 2048w\" sizes=\"auto, (max-width: 1024px) 100vw, 1024px\" \/><\/a><\/figure>\n\n\n\n<p><a href=\"https:\/\/www.racsa.go.cr\" target=\"_blank\" rel=\"noreferrer noopener\">www.racsa.go.cr<\/a><\/p>\n","protected":false},"excerpt":{"rendered":"<p>Seg\u00fan el \u00faltimo informe de&nbsp;medici\u00f3n de Passport Index , el pasaporte tico ocupa la s\u00e9tima&#8230;<\/p>\n","protected":false},"author":2,"featured_media":3536,"comment_status":"closed","ping_status":"closed","sticky":false,"template":"","format":"standard","meta":{"footnotes":""},"categories":[52],"tags":[],"class_list":["post-3534","post","type-post","status-publish","format-standard","has-post-thumbnail","hentry","category-tramites-con-racsa"],"yoast_head":"<!-- This site is optimized with the Yoast SEO plugin v27.5 - https:\/\/yoast.com\/product\/yoast-seo-wordpress\/ -->\n<title>\u00a1Pasaporte costarricense nos lleva m\u00e1s lejos! - Blog de RACSA<\/title>\n<meta name=\"robots\" content=\"index, follow, max-snippet:-1, max-image-preview:large, max-video-preview:-1\" \/>\n<link rel=\"canonical\" href=\"https:\/\/www.racsa.go.cr\/blog\/pasaporte-costarricense-nos-lleva-mas-lejos\/\" \/>\n<meta property=\"og:locale\" content=\"es_ES\" \/>\n<meta property=\"og:type\" content=\"article\" \/>\n<meta property=\"og:title\" content=\"\u00a1Pasaporte costarricense nos lleva m\u00e1s lejos! - Blog de RACSA\" \/>\n<meta property=\"og:description\" content=\"Seg\u00fan el \u00faltimo informe de&nbsp;medici\u00f3n de Passport Index , el pasaporte tico ocupa la s\u00e9tima...\" \/>\n<meta property=\"og:url\" content=\"https:\/\/www.racsa.go.cr\/blog\/pasaporte-costarricense-nos-lleva-mas-lejos\/\" \/>\n<meta property=\"og:site_name\" content=\"Blog de RACSA\" \/>\n<meta property=\"article:publisher\" content=\"https:\/\/m.facebook.com\/RACSACR\/\" \/>\n<meta property=\"article:published_time\" content=\"2025-01-09T15:24:39+00:00\" \/>\n<meta property=\"article:modified_time\" content=\"2025-01-09T20:33:42+00:00\" \/>\n<meta property=\"og:image\" content=\"https:\/\/www.racsa.go.cr\/blog\/wp-content\/uploads\/2025\/01\/Pasaporte-9-03-scaled.jpg\" \/>\n\t<meta property=\"og:image:width\" content=\"2560\" \/>\n\t<meta property=\"og:image:height\" content=\"1281\" \/>\n\t<meta property=\"og:image:type\" content=\"image\/jpeg\" \/>\n<meta name=\"author\" content=\"Mercadeo RACSA\" \/>\n<meta name=\"twitter:card\" content=\"summary_large_image\" \/>\n<meta name=\"twitter:creator\" content=\"@RACSA_CR\" \/>\n<meta name=\"twitter:site\" content=\"@RACSA_CR\" \/>\n<meta name=\"twitter:label1\" content=\"Written by\" \/>\n\t<meta name=\"twitter:data1\" content=\"Mercadeo RACSA\" \/>\n\t<meta name=\"twitter:label2\" content=\"Est. reading time\" \/>\n\t<meta name=\"twitter:data2\" content=\"2 minutos\" \/>\n<script type=\"application\/ld+json\" class=\"yoast-schema-graph\">{\"@context\":\"https:\\\/\\\/schema.org\",\"@graph\":[{\"@type\":\"Article\",\"@id\":\"https:\\\/\\\/www.racsa.go.cr\\\/blog\\\/pasaporte-costarricense-nos-lleva-mas-lejos\\\/#article\",\"isPartOf\":{\"@id\":\"https:\\\/\\\/www.racsa.go.cr\\\/blog\\\/pasaporte-costarricense-nos-lleva-mas-lejos\\\/\"},\"author\":{\"name\":\"Mercadeo RACSA\",\"@id\":\"https:\\\/\\\/www.racsa.go.cr\\\/blog\\\/#\\\/schema\\\/person\\\/ec79d31370d6dc9aaa4365492bc04f4e\"},\"headline\":\"\u00a1Pasaporte costarricense nos lleva m\u00e1s lejos!\",\"datePublished\":\"2025-01-09T15:24:39+00:00\",\"dateModified\":\"2025-01-09T20:33:42+00:00\",\"mainEntityOfPage\":{\"@id\":\"https:\\\/\\\/www.racsa.go.cr\\\/blog\\\/pasaporte-costarricense-nos-lleva-mas-lejos\\\/\"},\"wordCount\":266,\"publisher\":{\"@id\":\"https:\\\/\\\/www.racsa.go.cr\\\/blog\\\/#organization\"},\"image\":{\"@id\":\"https:\\\/\\\/www.racsa.go.cr\\\/blog\\\/pasaporte-costarricense-nos-lleva-mas-lejos\\\/#primaryimage\"},\"thumbnailUrl\":\"https:\\\/\\\/www.racsa.go.cr\\\/blog\\\/wp-content\\\/uploads\\\/2025\\\/01\\\/Pasaporte-9-03-scaled.jpg\",\"articleSection\":[\"TR\u00c1MITES CON RACSA\"],\"inLanguage\":\"es-CR\"},{\"@type\":\"WebPage\",\"@id\":\"https:\\\/\\\/www.racsa.go.cr\\\/blog\\\/pasaporte-costarricense-nos-lleva-mas-lejos\\\/\",\"url\":\"https:\\\/\\\/www.racsa.go.cr\\\/blog\\\/pasaporte-costarricense-nos-lleva-mas-lejos\\\/\",\"name\":\"\u00a1Pasaporte costarricense nos lleva m\u00e1s lejos! - Blog de RACSA\",\"isPartOf\":{\"@id\":\"https:\\\/\\\/www.racsa.go.cr\\\/blog\\\/#website\"},\"primaryImageOfPage\":{\"@id\":\"https:\\\/\\\/www.racsa.go.cr\\\/blog\\\/pasaporte-costarricense-nos-lleva-mas-lejos\\\/#primaryimage\"},\"image\":{\"@id\":\"https:\\\/\\\/www.racsa.go.cr\\\/blog\\\/pasaporte-costarricense-nos-lleva-mas-lejos\\\/#primaryimage\"},\"thumbnailUrl\":\"https:\\\/\\\/www.racsa.go.cr\\\/blog\\\/wp-content\\\/uploads\\\/2025\\\/01\\\/Pasaporte-9-03-scaled.jpg\",\"datePublished\":\"2025-01-09T15:24:39+00:00\",\"dateModified\":\"2025-01-09T20:33:42+00:00\",\"breadcrumb\":{\"@id\":\"https:\\\/\\\/www.racsa.go.cr\\\/blog\\\/pasaporte-costarricense-nos-lleva-mas-lejos\\\/#breadcrumb\"},\"inLanguage\":\"es-CR\",\"potentialAction\":[{\"@type\":\"ReadAction\",\"target\":[\"https:\\\/\\\/www.racsa.go.cr\\\/blog\\\/pasaporte-costarricense-nos-lleva-mas-lejos\\\/\"]}]},{\"@type\":\"ImageObject\",\"inLanguage\":\"es-CR\",\"@id\":\"https:\\\/\\\/www.racsa.go.cr\\\/blog\\\/pasaporte-costarricense-nos-lleva-mas-lejos\\\/#primaryimage\",\"url\":\"https:\\\/\\\/www.racsa.go.cr\\\/blog\\\/wp-content\\\/uploads\\\/2025\\\/01\\\/Pasaporte-9-03-scaled.jpg\",\"contentUrl\":\"https:\\\/\\\/www.racsa.go.cr\\\/blog\\\/wp-content\\\/uploads\\\/2025\\\/01\\\/Pasaporte-9-03-scaled.jpg\",\"width\":2560,\"height\":1281},{\"@type\":\"BreadcrumbList\",\"@id\":\"https:\\\/\\\/www.racsa.go.cr\\\/blog\\\/pasaporte-costarricense-nos-lleva-mas-lejos\\\/#breadcrumb\",\"itemListElement\":[{\"@type\":\"ListItem\",\"position\":1,\"name\":\"Portada\",\"item\":\"https:\\\/\\\/www.racsa.go.cr\\\/blog\\\/\"},{\"@type\":\"ListItem\",\"position\":2,\"name\":\"\u00a1Pasaporte costarricense nos lleva m\u00e1s lejos!\"}]},{\"@type\":\"WebSite\",\"@id\":\"https:\\\/\\\/www.racsa.go.cr\\\/blog\\\/#website\",\"url\":\"https:\\\/\\\/www.racsa.go.cr\\\/blog\\\/\",\"name\":\"Blog de RACSA\",\"description\":\"Noticias y comunicados de inter\u00e9s\",\"publisher\":{\"@id\":\"https:\\\/\\\/www.racsa.go.cr\\\/blog\\\/#organization\"},\"potentialAction\":[{\"@type\":\"SearchAction\",\"target\":{\"@type\":\"EntryPoint\",\"urlTemplate\":\"https:\\\/\\\/www.racsa.go.cr\\\/blog\\\/?s={search_term_string}\"},\"query-input\":{\"@type\":\"PropertyValueSpecification\",\"valueRequired\":true,\"valueName\":\"search_term_string\"}}],\"inLanguage\":\"es-CR\"},{\"@type\":\"Organization\",\"@id\":\"https:\\\/\\\/www.racsa.go.cr\\\/blog\\\/#organization\",\"name\":\"RACSA\",\"url\":\"https:\\\/\\\/www.racsa.go.cr\\\/blog\\\/\",\"logo\":{\"@type\":\"ImageObject\",\"inLanguage\":\"es-CR\",\"@id\":\"https:\\\/\\\/www.racsa.go.cr\\\/blog\\\/#\\\/schema\\\/logo\\\/image\\\/\",\"url\":\"https:\\\/\\\/www.racsa.go.cr\\\/blog\\\/wp-content\\\/uploads\\\/2020\\\/06\\\/logo-racsa-blog_Mesa-de-trabajo-1.png\",\"contentUrl\":\"https:\\\/\\\/www.racsa.go.cr\\\/blog\\\/wp-content\\\/uploads\\\/2020\\\/06\\\/logo-racsa-blog_Mesa-de-trabajo-1.png\",\"width\":77,\"height\":50,\"caption\":\"RACSA\"},\"image\":{\"@id\":\"https:\\\/\\\/www.racsa.go.cr\\\/blog\\\/#\\\/schema\\\/logo\\\/image\\\/\"},\"sameAs\":[\"https:\\\/\\\/m.facebook.com\\\/RACSACR\\\/\",\"https:\\\/\\\/x.com\\\/RACSA_CR\",\"https:\\\/\\\/instagram.com\\\/racsa_cr?igshid=1xty3rwhqjj6p\",\"https:\\\/\\\/www.linkedin.com\\\/authwall?trk=gf&amp;amp;amp;amp;amp;amp;amp;trkInfo=AQGkHPl9RaoQ9AAAAXXizZAgZzcQwi0sdfDTg7AF4I5Q6B_NrjW5R7wFovOzBkS8ur94lJpFmlv2bomYKC3GZOFcSqkgLKm5wKGh61DyjTqr6c_1E_AFOwxMWF5kjSLpCvbYX9o=&amp;amp;amp;amp;amp;amp;amp;originalReferer&amp;amp;amp;amp;amp;amp;amp;sessionRedirect=https:\\\/\\\/es.linkedin.com\\\/company\\\/racsa_cr\",\"https:\\\/\\\/www.youtube.com\\\/user\\\/RACSACOSTARICA\"]},{\"@type\":\"Person\",\"@id\":\"https:\\\/\\\/www.racsa.go.cr\\\/blog\\\/#\\\/schema\\\/person\\\/ec79d31370d6dc9aaa4365492bc04f4e\",\"name\":\"Mercadeo RACSA\",\"image\":{\"@type\":\"ImageObject\",\"inLanguage\":\"es-CR\",\"@id\":\"https:\\\/\\\/secure.gravatar.com\\\/avatar\\\/7b464a0e344d5a5f82f8b9ceb49dae1d41b1141998fb14d2046814a158d02734?s=96&d=mm&r=g\",\"url\":\"https:\\\/\\\/secure.gravatar.com\\\/avatar\\\/7b464a0e344d5a5f82f8b9ceb49dae1d41b1141998fb14d2046814a158d02734?s=96&d=mm&r=g\",\"contentUrl\":\"https:\\\/\\\/secure.gravatar.com\\\/avatar\\\/7b464a0e344d5a5f82f8b9ceb49dae1d41b1141998fb14d2046814a158d02734?s=96&d=mm&r=g\",\"caption\":\"Mercadeo RACSA\"}}]}<\/script>\n<!-- \/ Yoast SEO plugin. -->","yoast_head_json":{"title":"\u00a1Pasaporte costarricense nos lleva m\u00e1s lejos! - Blog de RACSA","robots":{"index":"index","follow":"follow","max-snippet":"max-snippet:-1","max-image-preview":"max-image-preview:large","max-video-preview":"max-video-preview:-1"},"canonical":"https:\/\/www.racsa.go.cr\/blog\/pasaporte-costarricense-nos-lleva-mas-lejos\/","og_locale":"es_ES","og_type":"article","og_title":"\u00a1Pasaporte costarricense nos lleva m\u00e1s lejos! - Blog de RACSA","og_description":"Seg\u00fan el \u00faltimo informe de&nbsp;medici\u00f3n de Passport Index , el pasaporte tico ocupa la s\u00e9tima...","og_url":"https:\/\/www.racsa.go.cr\/blog\/pasaporte-costarricense-nos-lleva-mas-lejos\/","og_site_name":"Blog de RACSA","article_publisher":"https:\/\/m.facebook.com\/RACSACR\/","article_published_time":"2025-01-09T15:24:39+00:00","article_modified_time":"2025-01-09T20:33:42+00:00","og_image":[{"width":2560,"height":1281,"url":"https:\/\/www.racsa.go.cr\/blog\/wp-content\/uploads\/2025\/01\/Pasaporte-9-03-scaled.jpg","type":"image\/jpeg"}],"author":"Mercadeo RACSA","twitter_card":"summary_large_image","twitter_creator":"@RACSA_CR","twitter_site":"@RACSA_CR","twitter_misc":{"Written by":"Mercadeo RACSA","Est. reading time":"2 minutos"},"schema":{"@context":"https:\/\/schema.org","@graph":[{"@type":"Article","@id":"https:\/\/www.racsa.go.cr\/blog\/pasaporte-costarricense-nos-lleva-mas-lejos\/#article","isPartOf":{"@id":"https:\/\/www.racsa.go.cr\/blog\/pasaporte-costarricense-nos-lleva-mas-lejos\/"},"author":{"name":"Mercadeo RACSA","@id":"https:\/\/www.racsa.go.cr\/blog\/#\/schema\/person\/ec79d31370d6dc9aaa4365492bc04f4e"},"headline":"\u00a1Pasaporte costarricense nos lleva m\u00e1s lejos!","datePublished":"2025-01-09T15:24:39+00:00","dateModified":"2025-01-09T20:33:42+00:00","mainEntityOfPage":{"@id":"https:\/\/www.racsa.go.cr\/blog\/pasaporte-costarricense-nos-lleva-mas-lejos\/"},"wordCount":266,"publisher":{"@id":"https:\/\/www.racsa.go.cr\/blog\/#organization"},"image":{"@id":"https:\/\/www.racsa.go.cr\/blog\/pasaporte-costarricense-nos-lleva-mas-lejos\/#primaryimage"},"thumbnailUrl":"https:\/\/www.racsa.go.cr\/blog\/wp-content\/uploads\/2025\/01\/Pasaporte-9-03-scaled.jpg","articleSection":["TR\u00c1MITES CON RACSA"],"inLanguage":"es-CR"},{"@type":"WebPage","@id":"https:\/\/www.racsa.go.cr\/blog\/pasaporte-costarricense-nos-lleva-mas-lejos\/","url":"https:\/\/www.racsa.go.cr\/blog\/pasaporte-costarricense-nos-lleva-mas-lejos\/","name":"\u00a1Pasaporte costarricense nos lleva m\u00e1s lejos! - Blog de RACSA","isPartOf":{"@id":"https:\/\/www.racsa.go.cr\/blog\/#website"},"primaryImageOfPage":{"@id":"https:\/\/www.racsa.go.cr\/blog\/pasaporte-costarricense-nos-lleva-mas-lejos\/#primaryimage"},"image":{"@id":"https:\/\/www.racsa.go.cr\/blog\/pasaporte-costarricense-nos-lleva-mas-lejos\/#primaryimage"},"thumbnailUrl":"https:\/\/www.racsa.go.cr\/blog\/wp-content\/uploads\/2025\/01\/Pasaporte-9-03-scaled.jpg","datePublished":"2025-01-09T15:24:39+00:00","dateModified":"2025-01-09T20:33:42+00:00","breadcrumb":{"@id":"https:\/\/www.racsa.go.cr\/blog\/pasaporte-costarricense-nos-lleva-mas-lejos\/#breadcrumb"},"inLanguage":"es-CR","potentialAction":[{"@type":"ReadAction","target":["https:\/\/www.racsa.go.cr\/blog\/pasaporte-costarricense-nos-lleva-mas-lejos\/"]}]},{"@type":"ImageObject","inLanguage":"es-CR","@id":"https:\/\/www.racsa.go.cr\/blog\/pasaporte-costarricense-nos-lleva-mas-lejos\/#primaryimage","url":"https:\/\/www.racsa.go.cr\/blog\/wp-content\/uploads\/2025\/01\/Pasaporte-9-03-scaled.jpg","contentUrl":"https:\/\/www.racsa.go.cr\/blog\/wp-content\/uploads\/2025\/01\/Pasaporte-9-03-scaled.jpg","width":2560,"height":1281},{"@type":"BreadcrumbList","@id":"https:\/\/www.racsa.go.cr\/blog\/pasaporte-costarricense-nos-lleva-mas-lejos\/#breadcrumb","itemListElement":[{"@type":"ListItem","position":1,"name":"Portada","item":"https:\/\/www.racsa.go.cr\/blog\/"},{"@type":"ListItem","position":2,"name":"\u00a1Pasaporte costarricense nos lleva m\u00e1s lejos!"}]},{"@type":"WebSite","@id":"https:\/\/www.racsa.go.cr\/blog\/#website","url":"https:\/\/www.racsa.go.cr\/blog\/","name":"Blog de RACSA","description":"Noticias y comunicados de inter\u00e9s","publisher":{"@id":"https:\/\/www.racsa.go.cr\/blog\/#organization"},"potentialAction":[{"@type":"SearchAction","target":{"@type":"EntryPoint","urlTemplate":"https:\/\/www.racsa.go.cr\/blog\/?s={search_term_string}"},"query-input":{"@type":"PropertyValueSpecification","valueRequired":true,"valueName":"search_term_string"}}],"inLanguage":"es-CR"},{"@type":"Organization","@id":"https:\/\/www.racsa.go.cr\/blog\/#organization","name":"RACSA","url":"https:\/\/www.racsa.go.cr\/blog\/","logo":{"@type":"ImageObject","inLanguage":"es-CR","@id":"https:\/\/www.racsa.go.cr\/blog\/#\/schema\/logo\/image\/","url":"https:\/\/www.racsa.go.cr\/blog\/wp-content\/uploads\/2020\/06\/logo-racsa-blog_Mesa-de-trabajo-1.png","contentUrl":"https:\/\/www.racsa.go.cr\/blog\/wp-content\/uploads\/2020\/06\/logo-racsa-blog_Mesa-de-trabajo-1.png","width":77,"height":50,"caption":"RACSA"},"image":{"@id":"https:\/\/www.racsa.go.cr\/blog\/#\/schema\/logo\/image\/"},"sameAs":["https:\/\/m.facebook.com\/RACSACR\/","https:\/\/x.com\/RACSA_CR","https:\/\/instagram.com\/racsa_cr?igshid=1xty3rwhqjj6p","https:\/\/www.linkedin.com\/authwall?trk=gf&amp;amp;amp;amp;amp;amp;amp;trkInfo=AQGkHPl9RaoQ9AAAAXXizZAgZzcQwi0sdfDTg7AF4I5Q6B_NrjW5R7wFovOzBkS8ur94lJpFmlv2bomYKC3GZOFcSqkgLKm5wKGh61DyjTqr6c_1E_AFOwxMWF5kjSLpCvbYX9o=&amp;amp;amp;amp;amp;amp;amp;originalReferer&amp;amp;amp;amp;amp;amp;amp;sessionRedirect=https:\/\/es.linkedin.com\/company\/racsa_cr","https:\/\/www.youtube.com\/user\/RACSACOSTARICA"]},{"@type":"Person","@id":"https:\/\/www.racsa.go.cr\/blog\/#\/schema\/person\/ec79d31370d6dc9aaa4365492bc04f4e","name":"Mercadeo RACSA","image":{"@type":"ImageObject","inLanguage":"es-CR","@id":"https:\/\/secure.gravatar.com\/avatar\/7b464a0e344d5a5f82f8b9ceb49dae1d41b1141998fb14d2046814a158d02734?s=96&d=mm&r=g","url":"https:\/\/secure.gravatar.com\/avatar\/7b464a0e344d5a5f82f8b9ceb49dae1d41b1141998fb14d2046814a158d02734?s=96&d=mm&r=g","contentUrl":"https:\/\/secure.gravatar.com\/avatar\/7b464a0e344d5a5f82f8b9ceb49dae1d41b1141998fb14d2046814a158d02734?s=96&d=mm&r=g","caption":"Mercadeo RACSA"}}]}},"_links":{"self":[{"href":"https:\/\/www.racsa.go.cr\/blog\/wp-json\/wp\/v2\/posts\/3534","targetHints":{"allow":["GET"]}}],"collection":[{"href":"https:\/\/www.racsa.go.cr\/blog\/wp-json\/wp\/v2\/posts"}],"about":[{"href":"https:\/\/www.racsa.go.cr\/blog\/wp-json\/wp\/v2\/types\/post"}],"author":[{"embeddable":true,"href":"https:\/\/www.racsa.go.cr\/blog\/wp-json\/wp\/v2\/users\/2"}],"replies":[{"embeddable":true,"href":"https:\/\/www.racsa.go.cr\/blog\/wp-json\/wp\/v2\/comments?post=3534"}],"version-history":[{"count":0,"href":"https:\/\/www.racsa.go.cr\/blog\/wp-json\/wp\/v2\/posts\/3534\/revisions"}],"wp:featuredmedia":[{"embeddable":true,"href":"https:\/\/www.racsa.go.cr\/blog\/wp-json\/wp\/v2\/media\/3536"}],"wp:attachment":[{"href":"https:\/\/www.racsa.go.cr\/blog\/wp-json\/wp\/v2\/media?parent=3534"}],"wp:term":[{"taxonomy":"category","embeddable":true,"href":"https:\/\/www.racsa.go.cr\/blog\/wp-json\/wp\/v2\/categories?post=3534"},{"taxonomy":"post_tag","embeddable":true,"href":"https:\/\/www.racsa.go.cr\/blog\/wp-json\/wp\/v2\/tags?post=3534"}],"curies":[{"name":"wp","href":"https:\/\/api.w.org\/{rel}","templated":true}]}}