{"id":3525,"date":"2024-12-19T13:46:20","date_gmt":"2024-12-19T19:46:20","guid":{"rendered":"https:\/\/www.racsa.go.cr\/blog\/?p=3525"},"modified":"2024-12-19T19:38:39","modified_gmt":"2024-12-20T01:38:39","slug":"horario-especial","status":"publish","type":"post","link":"https:\/\/www.racsa.go.cr\/blog\/horario-especial\/","title":{"rendered":"Horario especial"},"content":{"rendered":"\n<p>Compartimos nuestro horario especial que estar\u00e1 vigente durante las celebraciones de fin y principio de a\u00f1o.<\/p>\n\n\n\n<p><strong>Gesti\u00f3n Comercial-Servicios Empresariales y hogar: <\/strong>De lunes a viernes, de 7:00 a.m. a 4:36 p.m.<\/p>\n\n\n\n<p><strong>L\u00ednea de Atenci\u00f3n de Servicios al Ciudadano (1311):<\/strong> De lunes a viernes, de 6:00 a.m. a 10:00 p.m. S\u00e1bados y domingos de 7:00 a.m. a 10:00 p.m. El 25 de diciembre 2024 y el 1 de enero 2025 de 8:00 a.m. a 5:00 p.m.<\/p>\n\n\n\n<p><strong>L\u00ednea de atenci\u00f3n para tr\u00e1mites en la Direcci\u00f3n General de Migraci\u00f3n y Extranjer\u00eda (DGME), 1311<\/strong>. De lunes a viernes, de 7:00 a.m. a 6:00 p.m. S\u00e1bados de 9:00 a.m. a 2:00 p.m. El 25 de diciembre 2024 y el 1 de enero 2025 no se habilitar\u00e1 la l\u00ednea de servicio.<\/p>\n\n\n\n<p><strong>Servicios de la Plataforma Tramite \u00a1YA!<\/strong><\/p>\n\n\n\n<p><strong>1-Migraci\u00f3n Digital<\/strong>: <em>En apego a la Directriz N\u00b0 045-PLAN-MTSS publicada el 28 de noviembre del 2024, en el Diario Oficial La Gaceta N\u00ba 224, el servicio se encontrar\u00e1 inhabilitado para la recepci\u00f3n de tr\u00e1mites nuevos o cumplimientos de prevenciones, del 20 de diciembre 2024 a partir de las 15:00 p.m., al 06 de enero 2025 hasta las 7:00 a.m. &nbsp;<\/em><\/p>\n\n\n\n<p><em>Es decir que, los plazos para los cumplimientos de previo rigen a partir del 06 de enero del 2025.&nbsp;Para los tr\u00e1mites que ya cuentan con una filiaci\u00f3n presentada y ya aprobada, se les prorroga la vigencia de sus documentos. En caso de rechazo, el plazo de presentaci\u00f3n de recursos de revocatoria y apelaci\u00f3n rige a partir del 06 de enero del 2025. La presentaci\u00f3n de los recursos citados debe realizarse de forma f\u00edsica en las oficinas centrales y regionales.<\/em><\/p>\n\n\n\n<p><strong>2-Factoreo Digital<\/strong>: El servicio Factoreo Digital continuar\u00e1 en funcionamiento para la recepci\u00f3n de tr\u00e1mites nuevos, sin embargo, del 20 de diciembre del 2024 a partir de las 5:00 p.m., al 06 de enerodel &nbsp;2025 a las 7:00 a.m., la aprobaci\u00f3n de cesiones de facturas por parte de las Instituciones P\u00fablicas, ser\u00e1n atendidas seg\u00fan la disponibilidad de personal en cada instituci\u00f3n.<\/p>\n\n\n\n<p><strong>3-CrearEmpresa: <\/strong>Los tr\u00e1mites que ingresen en la plataforma, desde el 20 de diciembre a las 3:00 p.m. hasta el 6 de enero a las 8:00 a.m. ser\u00e1n atendidos por el Registro Nacional a partir del 06 de enero del 2025.<\/p>\n\n\n\n<p><strong>4-TDCar: <\/strong>Durante el periodo de fin y principio de a\u00f1o, el servicio TDCar estar\u00e1 funcionando con normalidad.<\/p>\n\n\n\n<p>Recuerde el horario de atenci\u00f3n de la l\u00ednea de soporte y el horario de atenci\u00f3n que estar\u00e1 brindando DEKRA.<\/p>\n\n\n\n<p>Horario atenci\u00f3n al usuario TDCar:<\/p>\n\n\n\n<ul class=\"wp-block-list\">\n<li>L\u00ednea gratuita: 800- NAVEGAR, opci\u00f3n 1<\/li>\n\n\n\n<li>Correo electr\u00f3nico: <a href=\"mailto:tdcar@racsa.go.cr\">tdcar@racsa.go.cr<\/a><\/li>\n\n\n\n<li>Horario de atenci\u00f3n: lunes a viernes, de 7:00 a.m. a 5:00 p.m.<\/li>\n\n\n\n<li>El 25 de diciembre y el 1 de enero no se habilita la l\u00ednea de servicio<\/li>\n<\/ul>\n\n\n\n<p>Horario de atenci\u00f3n DEKRA:<\/p>\n\n\n\n<ul class=\"wp-block-list\">\n<li>24 de diciembre del 2024: horario de 6:00 a.m .a 2:00 p.m. en todas las estaciones.<\/li>\n\n\n\n<li>25 de diciembre del 2024: feriado, todas las estaciones estar\u00e1n cerradas.<\/li>\n\n\n\n<li>31 de diciembre del 2024: horario de 6:00 a 2:00 p.m. en todas las estaciones.<\/li>\n\n\n\n<li>1 de enero del 2025: feriado, todas las estaciones estar\u00e1n cerradas.<\/li>\n<\/ul>\n\n\n\n<p><strong>L\u00ednea de atenci\u00f3n de Receta Digital (2287-0606). <\/strong>De lunes a viernes, de 7:00 a.m. a 5:00 p.m. El 25 de diciembre del 2024 y el 1 de enero del 2025 no se habilitar\u00e1 la l\u00ednea de servicio.<\/p>\n\n\n\n<p><strong>L\u00ednea de atenci\u00f3n de Espacios p\u00fablicos conectados-Zii para todos (FONATEL 2258-9777).<\/strong> De lunes a viernes, de 6:00 a.m. a 10:00 p.m. S\u00e1bados y domingos de 7:00 a.m. a 10:00 p.m. El 25 de diciembre 2024 y el 1 de enero 2025 de 8:00 a.m. a 5:00 p.m.<\/p>\n\n\n\n<p><strong>800 NEGOCIO (Opciones 2 &#8211; Soporte t\u00e9cnico 5G) y 4 (Tr\u00e1mites administrativos, gesti\u00f3n de reclamos, denuncias o sugerencias).<\/strong> De lunes a viernes, de 6:00 a.m. a 10:00 p.m. S\u00e1bados y domingos de 7:00 a.m. a 10:00 p.m. El 25 de diciembre del 2024 y el 1 de enero 2025 de 8:00 a.m. a 5:00 p.m.<\/p>\n\n\n\n<p><strong>Centro de Operaciones: Monitoreo de Servicios y Atenci\u00f3n de incidentes) L\u00ednea 800-NEGOCIO, opci\u00f3n 3 (Soporte T\u00e9cnico de Conectividad Empresarial) y opci\u00f3n 4 (Soporte T\u00e9cnico Servicios Especializados). <\/strong>Horario 24\/7 durante fin de a\u00f1o &nbsp;del 2024 y principios del 2025.<\/p>\n\n\n\n<p><strong>Mesa de Ayuda SICOP. <\/strong>De lunes a viernes, de 7:00 a.m. a 4:36 p.m. con excepci\u00f3n del 25 de diciembre 2024 y el 1 de enero 2025. Contactos disponibles: <a href=\"mailto:instituciones@sicop.go.cr\">instituciones@sicop.go.cr<\/a> y 2287-0250.<\/p>\n\n\n\n<p><strong>\u2022 Atenci\u00f3n presencial de proveedores<\/strong>. Oficinas cerradas del 23 de diciembre del 2024 al 3 de enero del 2025. En horario normal, a partir del 6 de enero del 2025. Disponible la direcci\u00f3n de correo electr\u00f3nico <a href=\"mailto:call-center@sicop.go.cr\">call-center@sicop.go.cr<\/a> y el tel\u00e9fono: 1311, opci\u00f3n 3.<\/p>\n\n\n\n<p>\u2022 <strong>Firma Digital.<\/strong> Oficinas cerradas del 23 de diciembre 2024 al 3 de enero 2025. Reabrir\u00e1n el 6 de enero del 2025 en horario normal. Disponible el correo electr\u00f3nico: <a href=\"mailto:firmadigital@sicop.go.cr\">firmadigital@sicop.go.cr<\/a><\/p>\n\n\n\n<p><strong>En esta Navidad, RACSA celebra junto a ustedes los lazos que nos unen y los sue\u00f1os que nos inspiran.<\/strong>&nbsp;<\/p>\n\n\n\n<p>Que esta \u00e9poca sea una oportunidad para compartir alegr\u00eda, amor y esperanza, y que el A\u00f1o Nuevo nos traiga nuevas metas, grandes logros y un futuro lleno de \u00e9xitos.<\/p>\n\n\n\n<p><strong>Feliz Navidad y Pr\u00f3spero A\u00f1o Nuevo les desea RACSA.<\/strong>&nbsp;<\/p>\n\n\n\n<p>www.racsa.go.cr<\/p>\n","protected":false},"excerpt":{"rendered":"<p>Compartimos nuestro horario especial que estar\u00e1 vigente durante las celebraciones de fin y principio de&#8230;<\/p>\n","protected":false},"author":2,"featured_media":3529,"comment_status":"closed","ping_status":"closed","sticky":false,"template":"","format":"standard","meta":{"footnotes":""},"categories":[224],"tags":[],"class_list":["post-3525","post","type-post","status-publish","format-standard","has-post-thumbnail","hentry","category-comunicado-racsa"],"yoast_head":"<!-- This site is optimized with the Yoast SEO plugin v27.5 - https:\/\/yoast.com\/product\/yoast-seo-wordpress\/ -->\n<title>Horario especial - Blog de RACSA<\/title>\n<meta name=\"robots\" content=\"index, follow, max-snippet:-1, max-image-preview:large, max-video-preview:-1\" \/>\n<link rel=\"canonical\" href=\"https:\/\/www.racsa.go.cr\/blog\/horario-especial\/\" \/>\n<meta property=\"og:locale\" content=\"es_ES\" \/>\n<meta property=\"og:type\" content=\"article\" \/>\n<meta property=\"og:title\" content=\"Horario especial - Blog de RACSA\" \/>\n<meta property=\"og:description\" content=\"Compartimos nuestro horario especial que estar\u00e1 vigente durante las celebraciones de fin y principio de...\" \/>\n<meta property=\"og:url\" content=\"https:\/\/www.racsa.go.cr\/blog\/horario-especial\/\" \/>\n<meta property=\"og:site_name\" content=\"Blog de RACSA\" \/>\n<meta property=\"article:publisher\" content=\"https:\/\/m.facebook.com\/RACSACR\/\" \/>\n<meta property=\"article:published_time\" content=\"2024-12-19T19:46:20+00:00\" \/>\n<meta property=\"article:modified_time\" content=\"2024-12-20T01:38:39+00:00\" \/>\n<meta property=\"og:image\" content=\"https:\/\/www.racsa.go.cr\/blog\/wp-content\/uploads\/2024\/12\/HORARIO_Mesa-de-trabajo-1-1-scaled.jpg\" \/>\n\t<meta property=\"og:image:width\" content=\"2560\" \/>\n\t<meta property=\"og:image:height\" content=\"1439\" \/>\n\t<meta property=\"og:image:type\" content=\"image\/jpeg\" \/>\n<meta name=\"author\" content=\"Mercadeo RACSA\" \/>\n<meta name=\"twitter:card\" content=\"summary_large_image\" \/>\n<meta name=\"twitter:creator\" content=\"@RACSA_CR\" \/>\n<meta name=\"twitter:site\" content=\"@RACSA_CR\" \/>\n<meta name=\"twitter:label1\" content=\"Written by\" \/>\n\t<meta name=\"twitter:data1\" content=\"Mercadeo RACSA\" \/>\n\t<meta name=\"twitter:label2\" content=\"Est. reading time\" \/>\n\t<meta name=\"twitter:data2\" content=\"5 minutos\" \/>\n<script type=\"application\/ld+json\" class=\"yoast-schema-graph\">{\"@context\":\"https:\\\/\\\/schema.org\",\"@graph\":[{\"@type\":\"Article\",\"@id\":\"https:\\\/\\\/www.racsa.go.cr\\\/blog\\\/horario-especial\\\/#article\",\"isPartOf\":{\"@id\":\"https:\\\/\\\/www.racsa.go.cr\\\/blog\\\/horario-especial\\\/\"},\"author\":{\"name\":\"Mercadeo RACSA\",\"@id\":\"https:\\\/\\\/www.racsa.go.cr\\\/blog\\\/#\\\/schema\\\/person\\\/ec79d31370d6dc9aaa4365492bc04f4e\"},\"headline\":\"Horario especial\",\"datePublished\":\"2024-12-19T19:46:20+00:00\",\"dateModified\":\"2024-12-20T01:38:39+00:00\",\"mainEntityOfPage\":{\"@id\":\"https:\\\/\\\/www.racsa.go.cr\\\/blog\\\/horario-especial\\\/\"},\"wordCount\":862,\"publisher\":{\"@id\":\"https:\\\/\\\/www.racsa.go.cr\\\/blog\\\/#organization\"},\"image\":{\"@id\":\"https:\\\/\\\/www.racsa.go.cr\\\/blog\\\/horario-especial\\\/#primaryimage\"},\"thumbnailUrl\":\"https:\\\/\\\/www.racsa.go.cr\\\/blog\\\/wp-content\\\/uploads\\\/2024\\\/12\\\/HORARIO_Mesa-de-trabajo-1-1-scaled.jpg\",\"articleSection\":[\"COMUNICADO RACSA\"],\"inLanguage\":\"es-CR\"},{\"@type\":\"WebPage\",\"@id\":\"https:\\\/\\\/www.racsa.go.cr\\\/blog\\\/horario-especial\\\/\",\"url\":\"https:\\\/\\\/www.racsa.go.cr\\\/blog\\\/horario-especial\\\/\",\"name\":\"Horario especial - Blog de RACSA\",\"isPartOf\":{\"@id\":\"https:\\\/\\\/www.racsa.go.cr\\\/blog\\\/#website\"},\"primaryImageOfPage\":{\"@id\":\"https:\\\/\\\/www.racsa.go.cr\\\/blog\\\/horario-especial\\\/#primaryimage\"},\"image\":{\"@id\":\"https:\\\/\\\/www.racsa.go.cr\\\/blog\\\/horario-especial\\\/#primaryimage\"},\"thumbnailUrl\":\"https:\\\/\\\/www.racsa.go.cr\\\/blog\\\/wp-content\\\/uploads\\\/2024\\\/12\\\/HORARIO_Mesa-de-trabajo-1-1-scaled.jpg\",\"datePublished\":\"2024-12-19T19:46:20+00:00\",\"dateModified\":\"2024-12-20T01:38:39+00:00\",\"breadcrumb\":{\"@id\":\"https:\\\/\\\/www.racsa.go.cr\\\/blog\\\/horario-especial\\\/#breadcrumb\"},\"inLanguage\":\"es-CR\",\"potentialAction\":[{\"@type\":\"ReadAction\",\"target\":[\"https:\\\/\\\/www.racsa.go.cr\\\/blog\\\/horario-especial\\\/\"]}]},{\"@type\":\"ImageObject\",\"inLanguage\":\"es-CR\",\"@id\":\"https:\\\/\\\/www.racsa.go.cr\\\/blog\\\/horario-especial\\\/#primaryimage\",\"url\":\"https:\\\/\\\/www.racsa.go.cr\\\/blog\\\/wp-content\\\/uploads\\\/2024\\\/12\\\/HORARIO_Mesa-de-trabajo-1-1-scaled.jpg\",\"contentUrl\":\"https:\\\/\\\/www.racsa.go.cr\\\/blog\\\/wp-content\\\/uploads\\\/2024\\\/12\\\/HORARIO_Mesa-de-trabajo-1-1-scaled.jpg\",\"width\":2560,\"height\":1439},{\"@type\":\"BreadcrumbList\",\"@id\":\"https:\\\/\\\/www.racsa.go.cr\\\/blog\\\/horario-especial\\\/#breadcrumb\",\"itemListElement\":[{\"@type\":\"ListItem\",\"position\":1,\"name\":\"Portada\",\"item\":\"https:\\\/\\\/www.racsa.go.cr\\\/blog\\\/\"},{\"@type\":\"ListItem\",\"position\":2,\"name\":\"Horario especial\"}]},{\"@type\":\"WebSite\",\"@id\":\"https:\\\/\\\/www.racsa.go.cr\\\/blog\\\/#website\",\"url\":\"https:\\\/\\\/www.racsa.go.cr\\\/blog\\\/\",\"name\":\"Blog de RACSA\",\"description\":\"Noticias y comunicados de inter\u00e9s\",\"publisher\":{\"@id\":\"https:\\\/\\\/www.racsa.go.cr\\\/blog\\\/#organization\"},\"potentialAction\":[{\"@type\":\"SearchAction\",\"target\":{\"@type\":\"EntryPoint\",\"urlTemplate\":\"https:\\\/\\\/www.racsa.go.cr\\\/blog\\\/?s={search_term_string}\"},\"query-input\":{\"@type\":\"PropertyValueSpecification\",\"valueRequired\":true,\"valueName\":\"search_term_string\"}}],\"inLanguage\":\"es-CR\"},{\"@type\":\"Organization\",\"@id\":\"https:\\\/\\\/www.racsa.go.cr\\\/blog\\\/#organization\",\"name\":\"RACSA\",\"url\":\"https:\\\/\\\/www.racsa.go.cr\\\/blog\\\/\",\"logo\":{\"@type\":\"ImageObject\",\"inLanguage\":\"es-CR\",\"@id\":\"https:\\\/\\\/www.racsa.go.cr\\\/blog\\\/#\\\/schema\\\/logo\\\/image\\\/\",\"url\":\"https:\\\/\\\/www.racsa.go.cr\\\/blog\\\/wp-content\\\/uploads\\\/2020\\\/06\\\/logo-racsa-blog_Mesa-de-trabajo-1.png\",\"contentUrl\":\"https:\\\/\\\/www.racsa.go.cr\\\/blog\\\/wp-content\\\/uploads\\\/2020\\\/06\\\/logo-racsa-blog_Mesa-de-trabajo-1.png\",\"width\":77,\"height\":50,\"caption\":\"RACSA\"},\"image\":{\"@id\":\"https:\\\/\\\/www.racsa.go.cr\\\/blog\\\/#\\\/schema\\\/logo\\\/image\\\/\"},\"sameAs\":[\"https:\\\/\\\/m.facebook.com\\\/RACSACR\\\/\",\"https:\\\/\\\/x.com\\\/RACSA_CR\",\"https:\\\/\\\/instagram.com\\\/racsa_cr?igshid=1xty3rwhqjj6p\",\"https:\\\/\\\/www.linkedin.com\\\/authwall?trk=gf&amp;amp;amp;amp;amp;amp;amp;trkInfo=AQGkHPl9RaoQ9AAAAXXizZAgZzcQwi0sdfDTg7AF4I5Q6B_NrjW5R7wFovOzBkS8ur94lJpFmlv2bomYKC3GZOFcSqkgLKm5wKGh61DyjTqr6c_1E_AFOwxMWF5kjSLpCvbYX9o=&amp;amp;amp;amp;amp;amp;amp;originalReferer&amp;amp;amp;amp;amp;amp;amp;sessionRedirect=https:\\\/\\\/es.linkedin.com\\\/company\\\/racsa_cr\",\"https:\\\/\\\/www.youtube.com\\\/user\\\/RACSACOSTARICA\"]},{\"@type\":\"Person\",\"@id\":\"https:\\\/\\\/www.racsa.go.cr\\\/blog\\\/#\\\/schema\\\/person\\\/ec79d31370d6dc9aaa4365492bc04f4e\",\"name\":\"Mercadeo RACSA\",\"image\":{\"@type\":\"ImageObject\",\"inLanguage\":\"es-CR\",\"@id\":\"https:\\\/\\\/secure.gravatar.com\\\/avatar\\\/7b464a0e344d5a5f82f8b9ceb49dae1d41b1141998fb14d2046814a158d02734?s=96&d=mm&r=g\",\"url\":\"https:\\\/\\\/secure.gravatar.com\\\/avatar\\\/7b464a0e344d5a5f82f8b9ceb49dae1d41b1141998fb14d2046814a158d02734?s=96&d=mm&r=g\",\"contentUrl\":\"https:\\\/\\\/secure.gravatar.com\\\/avatar\\\/7b464a0e344d5a5f82f8b9ceb49dae1d41b1141998fb14d2046814a158d02734?s=96&d=mm&r=g\",\"caption\":\"Mercadeo RACSA\"}}]}<\/script>\n<!-- \/ Yoast SEO plugin. -->","yoast_head_json":{"title":"Horario especial - Blog de RACSA","robots":{"index":"index","follow":"follow","max-snippet":"max-snippet:-1","max-image-preview":"max-image-preview:large","max-video-preview":"max-video-preview:-1"},"canonical":"https:\/\/www.racsa.go.cr\/blog\/horario-especial\/","og_locale":"es_ES","og_type":"article","og_title":"Horario especial - Blog de RACSA","og_description":"Compartimos nuestro horario especial que estar\u00e1 vigente durante las celebraciones de fin y principio de...","og_url":"https:\/\/www.racsa.go.cr\/blog\/horario-especial\/","og_site_name":"Blog de RACSA","article_publisher":"https:\/\/m.facebook.com\/RACSACR\/","article_published_time":"2024-12-19T19:46:20+00:00","article_modified_time":"2024-12-20T01:38:39+00:00","og_image":[{"width":2560,"height":1439,"url":"https:\/\/www.racsa.go.cr\/blog\/wp-content\/uploads\/2024\/12\/HORARIO_Mesa-de-trabajo-1-1-scaled.jpg","type":"image\/jpeg"}],"author":"Mercadeo RACSA","twitter_card":"summary_large_image","twitter_creator":"@RACSA_CR","twitter_site":"@RACSA_CR","twitter_misc":{"Written by":"Mercadeo RACSA","Est. reading time":"5 minutos"},"schema":{"@context":"https:\/\/schema.org","@graph":[{"@type":"Article","@id":"https:\/\/www.racsa.go.cr\/blog\/horario-especial\/#article","isPartOf":{"@id":"https:\/\/www.racsa.go.cr\/blog\/horario-especial\/"},"author":{"name":"Mercadeo RACSA","@id":"https:\/\/www.racsa.go.cr\/blog\/#\/schema\/person\/ec79d31370d6dc9aaa4365492bc04f4e"},"headline":"Horario especial","datePublished":"2024-12-19T19:46:20+00:00","dateModified":"2024-12-20T01:38:39+00:00","mainEntityOfPage":{"@id":"https:\/\/www.racsa.go.cr\/blog\/horario-especial\/"},"wordCount":862,"publisher":{"@id":"https:\/\/www.racsa.go.cr\/blog\/#organization"},"image":{"@id":"https:\/\/www.racsa.go.cr\/blog\/horario-especial\/#primaryimage"},"thumbnailUrl":"https:\/\/www.racsa.go.cr\/blog\/wp-content\/uploads\/2024\/12\/HORARIO_Mesa-de-trabajo-1-1-scaled.jpg","articleSection":["COMUNICADO RACSA"],"inLanguage":"es-CR"},{"@type":"WebPage","@id":"https:\/\/www.racsa.go.cr\/blog\/horario-especial\/","url":"https:\/\/www.racsa.go.cr\/blog\/horario-especial\/","name":"Horario especial - Blog de RACSA","isPartOf":{"@id":"https:\/\/www.racsa.go.cr\/blog\/#website"},"primaryImageOfPage":{"@id":"https:\/\/www.racsa.go.cr\/blog\/horario-especial\/#primaryimage"},"image":{"@id":"https:\/\/www.racsa.go.cr\/blog\/horario-especial\/#primaryimage"},"thumbnailUrl":"https:\/\/www.racsa.go.cr\/blog\/wp-content\/uploads\/2024\/12\/HORARIO_Mesa-de-trabajo-1-1-scaled.jpg","datePublished":"2024-12-19T19:46:20+00:00","dateModified":"2024-12-20T01:38:39+00:00","breadcrumb":{"@id":"https:\/\/www.racsa.go.cr\/blog\/horario-especial\/#breadcrumb"},"inLanguage":"es-CR","potentialAction":[{"@type":"ReadAction","target":["https:\/\/www.racsa.go.cr\/blog\/horario-especial\/"]}]},{"@type":"ImageObject","inLanguage":"es-CR","@id":"https:\/\/www.racsa.go.cr\/blog\/horario-especial\/#primaryimage","url":"https:\/\/www.racsa.go.cr\/blog\/wp-content\/uploads\/2024\/12\/HORARIO_Mesa-de-trabajo-1-1-scaled.jpg","contentUrl":"https:\/\/www.racsa.go.cr\/blog\/wp-content\/uploads\/2024\/12\/HORARIO_Mesa-de-trabajo-1-1-scaled.jpg","width":2560,"height":1439},{"@type":"BreadcrumbList","@id":"https:\/\/www.racsa.go.cr\/blog\/horario-especial\/#breadcrumb","itemListElement":[{"@type":"ListItem","position":1,"name":"Portada","item":"https:\/\/www.racsa.go.cr\/blog\/"},{"@type":"ListItem","position":2,"name":"Horario especial"}]},{"@type":"WebSite","@id":"https:\/\/www.racsa.go.cr\/blog\/#website","url":"https:\/\/www.racsa.go.cr\/blog\/","name":"Blog de RACSA","description":"Noticias y comunicados de inter\u00e9s","publisher":{"@id":"https:\/\/www.racsa.go.cr\/blog\/#organization"},"potentialAction":[{"@type":"SearchAction","target":{"@type":"EntryPoint","urlTemplate":"https:\/\/www.racsa.go.cr\/blog\/?s={search_term_string}"},"query-input":{"@type":"PropertyValueSpecification","valueRequired":true,"valueName":"search_term_string"}}],"inLanguage":"es-CR"},{"@type":"Organization","@id":"https:\/\/www.racsa.go.cr\/blog\/#organization","name":"RACSA","url":"https:\/\/www.racsa.go.cr\/blog\/","logo":{"@type":"ImageObject","inLanguage":"es-CR","@id":"https:\/\/www.racsa.go.cr\/blog\/#\/schema\/logo\/image\/","url":"https:\/\/www.racsa.go.cr\/blog\/wp-content\/uploads\/2020\/06\/logo-racsa-blog_Mesa-de-trabajo-1.png","contentUrl":"https:\/\/www.racsa.go.cr\/blog\/wp-content\/uploads\/2020\/06\/logo-racsa-blog_Mesa-de-trabajo-1.png","width":77,"height":50,"caption":"RACSA"},"image":{"@id":"https:\/\/www.racsa.go.cr\/blog\/#\/schema\/logo\/image\/"},"sameAs":["https:\/\/m.facebook.com\/RACSACR\/","https:\/\/x.com\/RACSA_CR","https:\/\/instagram.com\/racsa_cr?igshid=1xty3rwhqjj6p","https:\/\/www.linkedin.com\/authwall?trk=gf&amp;amp;amp;amp;amp;amp;amp;trkInfo=AQGkHPl9RaoQ9AAAAXXizZAgZzcQwi0sdfDTg7AF4I5Q6B_NrjW5R7wFovOzBkS8ur94lJpFmlv2bomYKC3GZOFcSqkgLKm5wKGh61DyjTqr6c_1E_AFOwxMWF5kjSLpCvbYX9o=&amp;amp;amp;amp;amp;amp;amp;originalReferer&amp;amp;amp;amp;amp;amp;amp;sessionRedirect=https:\/\/es.linkedin.com\/company\/racsa_cr","https:\/\/www.youtube.com\/user\/RACSACOSTARICA"]},{"@type":"Person","@id":"https:\/\/www.racsa.go.cr\/blog\/#\/schema\/person\/ec79d31370d6dc9aaa4365492bc04f4e","name":"Mercadeo RACSA","image":{"@type":"ImageObject","inLanguage":"es-CR","@id":"https:\/\/secure.gravatar.com\/avatar\/7b464a0e344d5a5f82f8b9ceb49dae1d41b1141998fb14d2046814a158d02734?s=96&d=mm&r=g","url":"https:\/\/secure.gravatar.com\/avatar\/7b464a0e344d5a5f82f8b9ceb49dae1d41b1141998fb14d2046814a158d02734?s=96&d=mm&r=g","contentUrl":"https:\/\/secure.gravatar.com\/avatar\/7b464a0e344d5a5f82f8b9ceb49dae1d41b1141998fb14d2046814a158d02734?s=96&d=mm&r=g","caption":"Mercadeo RACSA"}}]}},"_links":{"self":[{"href":"https:\/\/www.racsa.go.cr\/blog\/wp-json\/wp\/v2\/posts\/3525","targetHints":{"allow":["GET"]}}],"collection":[{"href":"https:\/\/www.racsa.go.cr\/blog\/wp-json\/wp\/v2\/posts"}],"about":[{"href":"https:\/\/www.racsa.go.cr\/blog\/wp-json\/wp\/v2\/types\/post"}],"author":[{"embeddable":true,"href":"https:\/\/www.racsa.go.cr\/blog\/wp-json\/wp\/v2\/users\/2"}],"replies":[{"embeddable":true,"href":"https:\/\/www.racsa.go.cr\/blog\/wp-json\/wp\/v2\/comments?post=3525"}],"version-history":[{"count":0,"href":"https:\/\/www.racsa.go.cr\/blog\/wp-json\/wp\/v2\/posts\/3525\/revisions"}],"wp:featuredmedia":[{"embeddable":true,"href":"https:\/\/www.racsa.go.cr\/blog\/wp-json\/wp\/v2\/media\/3529"}],"wp:attachment":[{"href":"https:\/\/www.racsa.go.cr\/blog\/wp-json\/wp\/v2\/media?parent=3525"}],"wp:term":[{"taxonomy":"category","embeddable":true,"href":"https:\/\/www.racsa.go.cr\/blog\/wp-json\/wp\/v2\/categories?post=3525"},{"taxonomy":"post_tag","embeddable":true,"href":"https:\/\/www.racsa.go.cr\/blog\/wp-json\/wp\/v2\/tags?post=3525"}],"curies":[{"name":"wp","href":"https:\/\/api.w.org\/{rel}","templated":true}]}}