{"id":3505,"date":"2024-11-29T16:11:03","date_gmt":"2024-11-29T22:11:03","guid":{"rendered":"https:\/\/www.racsa.go.cr\/blog\/?p=3505"},"modified":"2024-11-29T16:41:30","modified_gmt":"2024-11-29T22:41:30","slug":"reconocimiento-de-excelencia-en-la-gestion-ambiental","status":"publish","type":"post","link":"https:\/\/www.racsa.go.cr\/blog\/reconocimiento-de-excelencia-en-la-gestion-ambiental\/","title":{"rendered":"Reconocimiento de Excelencia en la Gesti\u00f3n Ambiental."},"content":{"rendered":"\n<p><strong>RACSA se consolida como una de las empresas p\u00fablicas con Excelencia en su Gesti\u00f3n Ambiental.<\/strong><\/p>\n\n\n\n<p>El 29 de noviembre del 2024 el Ministerio de Ambiente y Energ\u00eda (MINAE), por medio de la Direcci\u00f3n de Gesti\u00f3n de Calidad Ambiental (DIGECA), otorg\u00f3 el reconocimiento de Excelencia Ambiental a RACSA, como resultado del desempe\u00f1o en su Programa de Gesti\u00f3n Ambiental Institucional (PGAI) para el a\u00f1o 2023.<\/p>\n\n\n\n<p>La calificaci\u00f3n sobresaliente de 96.75% coloc\u00f3 a RACSA en la categor\u00eda verde (+) posicion\u00e1ndola entre las empresas p\u00fablicas con mejor calificaci\u00f3n en la evaluaci\u00f3n.<\/p>\n\n\n\n<figure class=\"wp-block-image size-large\"><img loading=\"lazy\" decoding=\"async\" width=\"1024\" height=\"501\" src=\"https:\/\/www.racsa.go.cr\/blog\/wp-content\/uploads\/2024\/11\/Captura-de-pantalla-2024-11-29-a-las-4.04.37\u202fp.-m-1024x501.png\" alt=\"\" class=\"wp-image-3510\" srcset=\"https:\/\/www.racsa.go.cr\/blog\/wp-content\/uploads\/2024\/11\/Captura-de-pantalla-2024-11-29-a-las-4.04.37\u202fp.-m-1024x501.png 1024w, https:\/\/www.racsa.go.cr\/blog\/wp-content\/uploads\/2024\/11\/Captura-de-pantalla-2024-11-29-a-las-4.04.37\u202fp.-m-300x147.png 300w, https:\/\/www.racsa.go.cr\/blog\/wp-content\/uploads\/2024\/11\/Captura-de-pantalla-2024-11-29-a-las-4.04.37\u202fp.-m-768x376.png 768w, https:\/\/www.racsa.go.cr\/blog\/wp-content\/uploads\/2024\/11\/Captura-de-pantalla-2024-11-29-a-las-4.04.37\u202fp.-m-1536x751.png 1536w, https:\/\/www.racsa.go.cr\/blog\/wp-content\/uploads\/2024\/11\/Captura-de-pantalla-2024-11-29-a-las-4.04.37\u202fp.-m-2048x1001.png 2048w\" sizes=\"auto, (max-width: 1024px) 100vw, 1024px\" \/><\/figure>\n\n\n\n<p>Este logro es el resultado de los esfuerzos institucionales en educaci\u00f3n, concientizaci\u00f3n y motivaci\u00f3n del personal de RACSA para ejecutar acciones coordinadas que garanticen el cumplimiento de la normativa y los Sistemas de Gesti\u00f3n Ambiental que rigen a las diferentes dependencias del estado y los esfuerzos para reducir el impacto ambiental e impulsar la lucha contra la crisis clim\u00e1tica.<\/p>\n\n\n\n<p>Adem\u00e1s, refleja el esfuerzo continuo para alcanzar los m\u00e1s altos est\u00e1ndares de operaci\u00f3n dentro del marco estrat\u00e9gico de triple utilidad y el compromiso con la transformaci\u00f3n digital de Costa Rica mediante pr\u00e1cticas responsables e innovadoras que minimicen nuestra huella de carbono.<\/p>\n\n\n\n<p>RACSA continuar\u00e1 apoyando la adopci\u00f3n de nuevas tecnolog\u00edas para optimizar procesos que promuevan un ecosistema m\u00e1s eficiente y digitalizado, consolidando nuestra visi\u00f3n de un futuro m\u00e1s avanzado y conectado para el pa\u00eds.<\/p>\n\n\n\n<figure class=\"wp-block-image size-large\"><img loading=\"lazy\" decoding=\"async\" width=\"1024\" height=\"801\" src=\"https:\/\/www.racsa.go.cr\/blog\/wp-content\/uploads\/2024\/11\/certificado-1024x801.jpg\" alt=\"\" class=\"wp-image-3515\" srcset=\"https:\/\/www.racsa.go.cr\/blog\/wp-content\/uploads\/2024\/11\/certificado-1024x801.jpg 1024w, https:\/\/www.racsa.go.cr\/blog\/wp-content\/uploads\/2024\/11\/certificado-300x235.jpg 300w, https:\/\/www.racsa.go.cr\/blog\/wp-content\/uploads\/2024\/11\/certificado-768x600.jpg 768w, https:\/\/www.racsa.go.cr\/blog\/wp-content\/uploads\/2024\/11\/certificado-1536x1201.jpg 1536w, https:\/\/www.racsa.go.cr\/blog\/wp-content\/uploads\/2024\/11\/certificado.jpg 2035w\" sizes=\"auto, (max-width: 1024px) 100vw, 1024px\" \/><\/figure>\n\n\n\n<p><strong>\u00a1Hagamos el Futuro Juntos!<\/strong><\/p>\n","protected":false},"excerpt":{"rendered":"<p>RACSA se consolida como una de las empresas p\u00fablicas con Excelencia en su Gesti\u00f3n Ambiental&#8230;.<\/p>\n","protected":false},"author":2,"featured_media":3517,"comment_status":"closed","ping_status":"closed","sticky":false,"template":"","format":"standard","meta":{"footnotes":""},"categories":[224,261],"tags":[],"class_list":["post-3505","post","type-post","status-publish","format-standard","has-post-thumbnail","hentry","category-comunicado-racsa","category-gestion-publica"],"yoast_head":"<!-- This site is optimized with the Yoast SEO plugin v27.5 - https:\/\/yoast.com\/product\/yoast-seo-wordpress\/ -->\n<title>Reconocimiento de Excelencia en la Gesti\u00f3n Ambiental. - Blog de RACSA<\/title>\n<meta name=\"description\" content=\"El 29 de noviembre del 2024 el Ministerio de Ambiente y Energ\u00eda (MINAE), por medio de la Direcci\u00f3n de Gesti\u00f3n de Calidad Ambiental (DIGECA), otorg\u00f3 el reconocimiento de Excelencia Ambiental a RACSA, como resultado del desempe\u00f1o en su Programa de Gesti\u00f3n Ambiental Institucional (PGAI) para el a\u00f1o 2023.\" \/>\n<meta name=\"robots\" content=\"index, follow, max-snippet:-1, max-image-preview:large, max-video-preview:-1\" \/>\n<link rel=\"canonical\" href=\"https:\/\/www.racsa.go.cr\/blog\/reconocimiento-de-excelencia-en-la-gestion-ambiental\/\" \/>\n<meta property=\"og:locale\" content=\"es_ES\" \/>\n<meta property=\"og:type\" content=\"article\" \/>\n<meta property=\"og:title\" content=\"Reconocimiento de Excelencia en la Gesti\u00f3n Ambiental. - Blog de RACSA\" \/>\n<meta property=\"og:description\" content=\"El 29 de noviembre del 2024 el Ministerio de Ambiente y Energ\u00eda (MINAE), por medio de la Direcci\u00f3n de Gesti\u00f3n de Calidad Ambiental (DIGECA), otorg\u00f3 el reconocimiento de Excelencia Ambiental a RACSA, como resultado del desempe\u00f1o en su Programa de Gesti\u00f3n Ambiental Institucional (PGAI) para el a\u00f1o 2023.\" \/>\n<meta property=\"og:url\" content=\"https:\/\/www.racsa.go.cr\/blog\/reconocimiento-de-excelencia-en-la-gestion-ambiental\/\" \/>\n<meta property=\"og:site_name\" content=\"Blog de RACSA\" \/>\n<meta property=\"article:publisher\" content=\"https:\/\/m.facebook.com\/RACSACR\/\" \/>\n<meta property=\"article:published_time\" content=\"2024-11-29T22:11:03+00:00\" \/>\n<meta property=\"article:modified_time\" content=\"2024-11-29T22:41:30+00:00\" \/>\n<meta property=\"og:image\" content=\"https:\/\/www.racsa.go.cr\/blog\/wp-content\/uploads\/2024\/11\/Excelencia-BLOG-1-scaled.jpg\" \/>\n\t<meta property=\"og:image:width\" content=\"2560\" \/>\n\t<meta property=\"og:image:height\" content=\"1439\" \/>\n\t<meta property=\"og:image:type\" content=\"image\/jpeg\" \/>\n<meta name=\"author\" content=\"Mercadeo RACSA\" \/>\n<meta name=\"twitter:card\" content=\"summary_large_image\" \/>\n<meta name=\"twitter:creator\" content=\"@RACSA_CR\" \/>\n<meta name=\"twitter:site\" content=\"@RACSA_CR\" \/>\n<meta name=\"twitter:label1\" content=\"Written by\" \/>\n\t<meta name=\"twitter:data1\" content=\"Mercadeo RACSA\" \/>\n\t<meta name=\"twitter:label2\" content=\"Est. reading time\" \/>\n\t<meta name=\"twitter:data2\" content=\"2 minutos\" \/>\n<script type=\"application\/ld+json\" class=\"yoast-schema-graph\">{\"@context\":\"https:\\\/\\\/schema.org\",\"@graph\":[{\"@type\":\"Article\",\"@id\":\"https:\\\/\\\/www.racsa.go.cr\\\/blog\\\/reconocimiento-de-excelencia-en-la-gestion-ambiental\\\/#article\",\"isPartOf\":{\"@id\":\"https:\\\/\\\/www.racsa.go.cr\\\/blog\\\/reconocimiento-de-excelencia-en-la-gestion-ambiental\\\/\"},\"author\":{\"name\":\"Mercadeo RACSA\",\"@id\":\"https:\\\/\\\/www.racsa.go.cr\\\/blog\\\/#\\\/schema\\\/person\\\/ec79d31370d6dc9aaa4365492bc04f4e\"},\"headline\":\"Reconocimiento de Excelencia en la Gesti\u00f3n Ambiental.\",\"datePublished\":\"2024-11-29T22:11:03+00:00\",\"dateModified\":\"2024-11-29T22:41:30+00:00\",\"mainEntityOfPage\":{\"@id\":\"https:\\\/\\\/www.racsa.go.cr\\\/blog\\\/reconocimiento-de-excelencia-en-la-gestion-ambiental\\\/\"},\"wordCount\":258,\"publisher\":{\"@id\":\"https:\\\/\\\/www.racsa.go.cr\\\/blog\\\/#organization\"},\"image\":{\"@id\":\"https:\\\/\\\/www.racsa.go.cr\\\/blog\\\/reconocimiento-de-excelencia-en-la-gestion-ambiental\\\/#primaryimage\"},\"thumbnailUrl\":\"https:\\\/\\\/www.racsa.go.cr\\\/blog\\\/wp-content\\\/uploads\\\/2024\\\/11\\\/Excelencia-BLOG-1-scaled.jpg\",\"articleSection\":[\"COMUNICADO RACSA\",\"Gesti\u00f3n p\u00fablica\"],\"inLanguage\":\"es-CR\"},{\"@type\":\"WebPage\",\"@id\":\"https:\\\/\\\/www.racsa.go.cr\\\/blog\\\/reconocimiento-de-excelencia-en-la-gestion-ambiental\\\/\",\"url\":\"https:\\\/\\\/www.racsa.go.cr\\\/blog\\\/reconocimiento-de-excelencia-en-la-gestion-ambiental\\\/\",\"name\":\"Reconocimiento de Excelencia en la Gesti\u00f3n Ambiental. - Blog de RACSA\",\"isPartOf\":{\"@id\":\"https:\\\/\\\/www.racsa.go.cr\\\/blog\\\/#website\"},\"primaryImageOfPage\":{\"@id\":\"https:\\\/\\\/www.racsa.go.cr\\\/blog\\\/reconocimiento-de-excelencia-en-la-gestion-ambiental\\\/#primaryimage\"},\"image\":{\"@id\":\"https:\\\/\\\/www.racsa.go.cr\\\/blog\\\/reconocimiento-de-excelencia-en-la-gestion-ambiental\\\/#primaryimage\"},\"thumbnailUrl\":\"https:\\\/\\\/www.racsa.go.cr\\\/blog\\\/wp-content\\\/uploads\\\/2024\\\/11\\\/Excelencia-BLOG-1-scaled.jpg\",\"datePublished\":\"2024-11-29T22:11:03+00:00\",\"dateModified\":\"2024-11-29T22:41:30+00:00\",\"description\":\"El 29 de noviembre del 2024 el Ministerio de Ambiente y Energ\u00eda (MINAE), por medio de la Direcci\u00f3n de Gesti\u00f3n de Calidad Ambiental (DIGECA), otorg\u00f3 el reconocimiento de Excelencia Ambiental a RACSA, como resultado del desempe\u00f1o en su Programa de Gesti\u00f3n Ambiental Institucional (PGAI) para el a\u00f1o 2023.\",\"breadcrumb\":{\"@id\":\"https:\\\/\\\/www.racsa.go.cr\\\/blog\\\/reconocimiento-de-excelencia-en-la-gestion-ambiental\\\/#breadcrumb\"},\"inLanguage\":\"es-CR\",\"potentialAction\":[{\"@type\":\"ReadAction\",\"target\":[\"https:\\\/\\\/www.racsa.go.cr\\\/blog\\\/reconocimiento-de-excelencia-en-la-gestion-ambiental\\\/\"]}]},{\"@type\":\"ImageObject\",\"inLanguage\":\"es-CR\",\"@id\":\"https:\\\/\\\/www.racsa.go.cr\\\/blog\\\/reconocimiento-de-excelencia-en-la-gestion-ambiental\\\/#primaryimage\",\"url\":\"https:\\\/\\\/www.racsa.go.cr\\\/blog\\\/wp-content\\\/uploads\\\/2024\\\/11\\\/Excelencia-BLOG-1-scaled.jpg\",\"contentUrl\":\"https:\\\/\\\/www.racsa.go.cr\\\/blog\\\/wp-content\\\/uploads\\\/2024\\\/11\\\/Excelencia-BLOG-1-scaled.jpg\",\"width\":2560,\"height\":1439},{\"@type\":\"BreadcrumbList\",\"@id\":\"https:\\\/\\\/www.racsa.go.cr\\\/blog\\\/reconocimiento-de-excelencia-en-la-gestion-ambiental\\\/#breadcrumb\",\"itemListElement\":[{\"@type\":\"ListItem\",\"position\":1,\"name\":\"Portada\",\"item\":\"https:\\\/\\\/www.racsa.go.cr\\\/blog\\\/\"},{\"@type\":\"ListItem\",\"position\":2,\"name\":\"Reconocimiento de Excelencia en la Gesti\u00f3n Ambiental.\"}]},{\"@type\":\"WebSite\",\"@id\":\"https:\\\/\\\/www.racsa.go.cr\\\/blog\\\/#website\",\"url\":\"https:\\\/\\\/www.racsa.go.cr\\\/blog\\\/\",\"name\":\"Blog de RACSA\",\"description\":\"Noticias y comunicados de inter\u00e9s\",\"publisher\":{\"@id\":\"https:\\\/\\\/www.racsa.go.cr\\\/blog\\\/#organization\"},\"potentialAction\":[{\"@type\":\"SearchAction\",\"target\":{\"@type\":\"EntryPoint\",\"urlTemplate\":\"https:\\\/\\\/www.racsa.go.cr\\\/blog\\\/?s={search_term_string}\"},\"query-input\":{\"@type\":\"PropertyValueSpecification\",\"valueRequired\":true,\"valueName\":\"search_term_string\"}}],\"inLanguage\":\"es-CR\"},{\"@type\":\"Organization\",\"@id\":\"https:\\\/\\\/www.racsa.go.cr\\\/blog\\\/#organization\",\"name\":\"RACSA\",\"url\":\"https:\\\/\\\/www.racsa.go.cr\\\/blog\\\/\",\"logo\":{\"@type\":\"ImageObject\",\"inLanguage\":\"es-CR\",\"@id\":\"https:\\\/\\\/www.racsa.go.cr\\\/blog\\\/#\\\/schema\\\/logo\\\/image\\\/\",\"url\":\"https:\\\/\\\/www.racsa.go.cr\\\/blog\\\/wp-content\\\/uploads\\\/2020\\\/06\\\/logo-racsa-blog_Mesa-de-trabajo-1.png\",\"contentUrl\":\"https:\\\/\\\/www.racsa.go.cr\\\/blog\\\/wp-content\\\/uploads\\\/2020\\\/06\\\/logo-racsa-blog_Mesa-de-trabajo-1.png\",\"width\":77,\"height\":50,\"caption\":\"RACSA\"},\"image\":{\"@id\":\"https:\\\/\\\/www.racsa.go.cr\\\/blog\\\/#\\\/schema\\\/logo\\\/image\\\/\"},\"sameAs\":[\"https:\\\/\\\/m.facebook.com\\\/RACSACR\\\/\",\"https:\\\/\\\/x.com\\\/RACSA_CR\",\"https:\\\/\\\/instagram.com\\\/racsa_cr?igshid=1xty3rwhqjj6p\",\"https:\\\/\\\/www.linkedin.com\\\/authwall?trk=gf&amp;amp;amp;amp;amp;amp;amp;trkInfo=AQGkHPl9RaoQ9AAAAXXizZAgZzcQwi0sdfDTg7AF4I5Q6B_NrjW5R7wFovOzBkS8ur94lJpFmlv2bomYKC3GZOFcSqkgLKm5wKGh61DyjTqr6c_1E_AFOwxMWF5kjSLpCvbYX9o=&amp;amp;amp;amp;amp;amp;amp;originalReferer&amp;amp;amp;amp;amp;amp;amp;sessionRedirect=https:\\\/\\\/es.linkedin.com\\\/company\\\/racsa_cr\",\"https:\\\/\\\/www.youtube.com\\\/user\\\/RACSACOSTARICA\"]},{\"@type\":\"Person\",\"@id\":\"https:\\\/\\\/www.racsa.go.cr\\\/blog\\\/#\\\/schema\\\/person\\\/ec79d31370d6dc9aaa4365492bc04f4e\",\"name\":\"Mercadeo RACSA\",\"image\":{\"@type\":\"ImageObject\",\"inLanguage\":\"es-CR\",\"@id\":\"https:\\\/\\\/secure.gravatar.com\\\/avatar\\\/7b464a0e344d5a5f82f8b9ceb49dae1d41b1141998fb14d2046814a158d02734?s=96&d=mm&r=g\",\"url\":\"https:\\\/\\\/secure.gravatar.com\\\/avatar\\\/7b464a0e344d5a5f82f8b9ceb49dae1d41b1141998fb14d2046814a158d02734?s=96&d=mm&r=g\",\"contentUrl\":\"https:\\\/\\\/secure.gravatar.com\\\/avatar\\\/7b464a0e344d5a5f82f8b9ceb49dae1d41b1141998fb14d2046814a158d02734?s=96&d=mm&r=g\",\"caption\":\"Mercadeo RACSA\"}}]}<\/script>\n<!-- \/ Yoast SEO plugin. -->","yoast_head_json":{"title":"Reconocimiento de Excelencia en la Gesti\u00f3n Ambiental. - Blog de RACSA","description":"El 29 de noviembre del 2024 el Ministerio de Ambiente y Energ\u00eda (MINAE), por medio de la Direcci\u00f3n de Gesti\u00f3n de Calidad Ambiental (DIGECA), otorg\u00f3 el reconocimiento de Excelencia Ambiental a RACSA, como resultado del desempe\u00f1o en su Programa de Gesti\u00f3n Ambiental Institucional (PGAI) para el a\u00f1o 2023.","robots":{"index":"index","follow":"follow","max-snippet":"max-snippet:-1","max-image-preview":"max-image-preview:large","max-video-preview":"max-video-preview:-1"},"canonical":"https:\/\/www.racsa.go.cr\/blog\/reconocimiento-de-excelencia-en-la-gestion-ambiental\/","og_locale":"es_ES","og_type":"article","og_title":"Reconocimiento de Excelencia en la Gesti\u00f3n Ambiental. - Blog de RACSA","og_description":"El 29 de noviembre del 2024 el Ministerio de Ambiente y Energ\u00eda (MINAE), por medio de la Direcci\u00f3n de Gesti\u00f3n de Calidad Ambiental (DIGECA), otorg\u00f3 el reconocimiento de Excelencia Ambiental a RACSA, como resultado del desempe\u00f1o en su Programa de Gesti\u00f3n Ambiental Institucional (PGAI) para el a\u00f1o 2023.","og_url":"https:\/\/www.racsa.go.cr\/blog\/reconocimiento-de-excelencia-en-la-gestion-ambiental\/","og_site_name":"Blog de RACSA","article_publisher":"https:\/\/m.facebook.com\/RACSACR\/","article_published_time":"2024-11-29T22:11:03+00:00","article_modified_time":"2024-11-29T22:41:30+00:00","og_image":[{"width":2560,"height":1439,"url":"https:\/\/www.racsa.go.cr\/blog\/wp-content\/uploads\/2024\/11\/Excelencia-BLOG-1-scaled.jpg","type":"image\/jpeg"}],"author":"Mercadeo RACSA","twitter_card":"summary_large_image","twitter_creator":"@RACSA_CR","twitter_site":"@RACSA_CR","twitter_misc":{"Written by":"Mercadeo RACSA","Est. reading time":"2 minutos"},"schema":{"@context":"https:\/\/schema.org","@graph":[{"@type":"Article","@id":"https:\/\/www.racsa.go.cr\/blog\/reconocimiento-de-excelencia-en-la-gestion-ambiental\/#article","isPartOf":{"@id":"https:\/\/www.racsa.go.cr\/blog\/reconocimiento-de-excelencia-en-la-gestion-ambiental\/"},"author":{"name":"Mercadeo RACSA","@id":"https:\/\/www.racsa.go.cr\/blog\/#\/schema\/person\/ec79d31370d6dc9aaa4365492bc04f4e"},"headline":"Reconocimiento de Excelencia en la Gesti\u00f3n Ambiental.","datePublished":"2024-11-29T22:11:03+00:00","dateModified":"2024-11-29T22:41:30+00:00","mainEntityOfPage":{"@id":"https:\/\/www.racsa.go.cr\/blog\/reconocimiento-de-excelencia-en-la-gestion-ambiental\/"},"wordCount":258,"publisher":{"@id":"https:\/\/www.racsa.go.cr\/blog\/#organization"},"image":{"@id":"https:\/\/www.racsa.go.cr\/blog\/reconocimiento-de-excelencia-en-la-gestion-ambiental\/#primaryimage"},"thumbnailUrl":"https:\/\/www.racsa.go.cr\/blog\/wp-content\/uploads\/2024\/11\/Excelencia-BLOG-1-scaled.jpg","articleSection":["COMUNICADO RACSA","Gesti\u00f3n p\u00fablica"],"inLanguage":"es-CR"},{"@type":"WebPage","@id":"https:\/\/www.racsa.go.cr\/blog\/reconocimiento-de-excelencia-en-la-gestion-ambiental\/","url":"https:\/\/www.racsa.go.cr\/blog\/reconocimiento-de-excelencia-en-la-gestion-ambiental\/","name":"Reconocimiento de Excelencia en la Gesti\u00f3n Ambiental. - Blog de RACSA","isPartOf":{"@id":"https:\/\/www.racsa.go.cr\/blog\/#website"},"primaryImageOfPage":{"@id":"https:\/\/www.racsa.go.cr\/blog\/reconocimiento-de-excelencia-en-la-gestion-ambiental\/#primaryimage"},"image":{"@id":"https:\/\/www.racsa.go.cr\/blog\/reconocimiento-de-excelencia-en-la-gestion-ambiental\/#primaryimage"},"thumbnailUrl":"https:\/\/www.racsa.go.cr\/blog\/wp-content\/uploads\/2024\/11\/Excelencia-BLOG-1-scaled.jpg","datePublished":"2024-11-29T22:11:03+00:00","dateModified":"2024-11-29T22:41:30+00:00","description":"El 29 de noviembre del 2024 el Ministerio de Ambiente y Energ\u00eda (MINAE), por medio de la Direcci\u00f3n de Gesti\u00f3n de Calidad Ambiental (DIGECA), otorg\u00f3 el reconocimiento de Excelencia Ambiental a RACSA, como resultado del desempe\u00f1o en su Programa de Gesti\u00f3n Ambiental Institucional (PGAI) para el a\u00f1o 2023.","breadcrumb":{"@id":"https:\/\/www.racsa.go.cr\/blog\/reconocimiento-de-excelencia-en-la-gestion-ambiental\/#breadcrumb"},"inLanguage":"es-CR","potentialAction":[{"@type":"ReadAction","target":["https:\/\/www.racsa.go.cr\/blog\/reconocimiento-de-excelencia-en-la-gestion-ambiental\/"]}]},{"@type":"ImageObject","inLanguage":"es-CR","@id":"https:\/\/www.racsa.go.cr\/blog\/reconocimiento-de-excelencia-en-la-gestion-ambiental\/#primaryimage","url":"https:\/\/www.racsa.go.cr\/blog\/wp-content\/uploads\/2024\/11\/Excelencia-BLOG-1-scaled.jpg","contentUrl":"https:\/\/www.racsa.go.cr\/blog\/wp-content\/uploads\/2024\/11\/Excelencia-BLOG-1-scaled.jpg","width":2560,"height":1439},{"@type":"BreadcrumbList","@id":"https:\/\/www.racsa.go.cr\/blog\/reconocimiento-de-excelencia-en-la-gestion-ambiental\/#breadcrumb","itemListElement":[{"@type":"ListItem","position":1,"name":"Portada","item":"https:\/\/www.racsa.go.cr\/blog\/"},{"@type":"ListItem","position":2,"name":"Reconocimiento de Excelencia en la Gesti\u00f3n Ambiental."}]},{"@type":"WebSite","@id":"https:\/\/www.racsa.go.cr\/blog\/#website","url":"https:\/\/www.racsa.go.cr\/blog\/","name":"Blog de RACSA","description":"Noticias y comunicados de inter\u00e9s","publisher":{"@id":"https:\/\/www.racsa.go.cr\/blog\/#organization"},"potentialAction":[{"@type":"SearchAction","target":{"@type":"EntryPoint","urlTemplate":"https:\/\/www.racsa.go.cr\/blog\/?s={search_term_string}"},"query-input":{"@type":"PropertyValueSpecification","valueRequired":true,"valueName":"search_term_string"}}],"inLanguage":"es-CR"},{"@type":"Organization","@id":"https:\/\/www.racsa.go.cr\/blog\/#organization","name":"RACSA","url":"https:\/\/www.racsa.go.cr\/blog\/","logo":{"@type":"ImageObject","inLanguage":"es-CR","@id":"https:\/\/www.racsa.go.cr\/blog\/#\/schema\/logo\/image\/","url":"https:\/\/www.racsa.go.cr\/blog\/wp-content\/uploads\/2020\/06\/logo-racsa-blog_Mesa-de-trabajo-1.png","contentUrl":"https:\/\/www.racsa.go.cr\/blog\/wp-content\/uploads\/2020\/06\/logo-racsa-blog_Mesa-de-trabajo-1.png","width":77,"height":50,"caption":"RACSA"},"image":{"@id":"https:\/\/www.racsa.go.cr\/blog\/#\/schema\/logo\/image\/"},"sameAs":["https:\/\/m.facebook.com\/RACSACR\/","https:\/\/x.com\/RACSA_CR","https:\/\/instagram.com\/racsa_cr?igshid=1xty3rwhqjj6p","https:\/\/www.linkedin.com\/authwall?trk=gf&amp;amp;amp;amp;amp;amp;amp;trkInfo=AQGkHPl9RaoQ9AAAAXXizZAgZzcQwi0sdfDTg7AF4I5Q6B_NrjW5R7wFovOzBkS8ur94lJpFmlv2bomYKC3GZOFcSqkgLKm5wKGh61DyjTqr6c_1E_AFOwxMWF5kjSLpCvbYX9o=&amp;amp;amp;amp;amp;amp;amp;originalReferer&amp;amp;amp;amp;amp;amp;amp;sessionRedirect=https:\/\/es.linkedin.com\/company\/racsa_cr","https:\/\/www.youtube.com\/user\/RACSACOSTARICA"]},{"@type":"Person","@id":"https:\/\/www.racsa.go.cr\/blog\/#\/schema\/person\/ec79d31370d6dc9aaa4365492bc04f4e","name":"Mercadeo RACSA","image":{"@type":"ImageObject","inLanguage":"es-CR","@id":"https:\/\/secure.gravatar.com\/avatar\/7b464a0e344d5a5f82f8b9ceb49dae1d41b1141998fb14d2046814a158d02734?s=96&d=mm&r=g","url":"https:\/\/secure.gravatar.com\/avatar\/7b464a0e344d5a5f82f8b9ceb49dae1d41b1141998fb14d2046814a158d02734?s=96&d=mm&r=g","contentUrl":"https:\/\/secure.gravatar.com\/avatar\/7b464a0e344d5a5f82f8b9ceb49dae1d41b1141998fb14d2046814a158d02734?s=96&d=mm&r=g","caption":"Mercadeo RACSA"}}]}},"_links":{"self":[{"href":"https:\/\/www.racsa.go.cr\/blog\/wp-json\/wp\/v2\/posts\/3505","targetHints":{"allow":["GET"]}}],"collection":[{"href":"https:\/\/www.racsa.go.cr\/blog\/wp-json\/wp\/v2\/posts"}],"about":[{"href":"https:\/\/www.racsa.go.cr\/blog\/wp-json\/wp\/v2\/types\/post"}],"author":[{"embeddable":true,"href":"https:\/\/www.racsa.go.cr\/blog\/wp-json\/wp\/v2\/users\/2"}],"replies":[{"embeddable":true,"href":"https:\/\/www.racsa.go.cr\/blog\/wp-json\/wp\/v2\/comments?post=3505"}],"version-history":[{"count":0,"href":"https:\/\/www.racsa.go.cr\/blog\/wp-json\/wp\/v2\/posts\/3505\/revisions"}],"wp:featuredmedia":[{"embeddable":true,"href":"https:\/\/www.racsa.go.cr\/blog\/wp-json\/wp\/v2\/media\/3517"}],"wp:attachment":[{"href":"https:\/\/www.racsa.go.cr\/blog\/wp-json\/wp\/v2\/media?parent=3505"}],"wp:term":[{"taxonomy":"category","embeddable":true,"href":"https:\/\/www.racsa.go.cr\/blog\/wp-json\/wp\/v2\/categories?post=3505"},{"taxonomy":"post_tag","embeddable":true,"href":"https:\/\/www.racsa.go.cr\/blog\/wp-json\/wp\/v2\/tags?post=3505"}],"curies":[{"name":"wp","href":"https:\/\/api.w.org\/{rel}","templated":true}]}}