{"id":3461,"date":"2024-10-28T12:20:58","date_gmt":"2024-10-28T18:20:58","guid":{"rendered":"https:\/\/www.racsa.go.cr\/blog\/?p=3461"},"modified":"2024-10-28T16:06:48","modified_gmt":"2024-10-28T22:06:48","slug":"racsa-proporciona-proteccion-empresarial-economia-y-respaldo-para-soluciones-en-la-nube","status":"publish","type":"post","link":"https:\/\/www.racsa.go.cr\/blog\/racsa-proporciona-proteccion-empresarial-economia-y-respaldo-para-soluciones-en-la-nube\/","title":{"rendered":"RACSA proporciona protecci\u00f3n empresarial, econom\u00eda y respaldo para soluciones en la nube."},"content":{"rendered":"\n<p>En un contexto empresarial exigente y vers\u00e1til, las soluciones en la nube son esenciales para la transformaci\u00f3n digital. Estas facilitan la implementaci\u00f3n y gesti\u00f3n de plataformas y sistemas, tanto internos como externos, mejorando la eficiencia y flexibilidad de las operaciones empresariales. Su implementaci\u00f3n permite a las empresas adaptarse r\u00e1pidamente a cambios y maximizar el rendimiento general.<\/p>\n\n\n\n<p>Como empresa pionera del c\u00f3mputo en la nube en Costa Rica, RACSA cuenta con una amplia experiencia en el <strong>desarrollo de soluciones integrales en la nube<\/strong>. Estas han evolucionado desde la nube privada local hasta integraciones con la nube p\u00fablica, adoptando de esta manera lo mejor de ambos entornos.<\/p>\n\n\n\n<p>Las soluciones de nube de RACSA permiten a las organizaciones simplificar sus operaciones, adem\u00e1s de reducir los gastos en infraestructura de TI y todo lo que conlleva la habilitaci\u00f3n de estas como: mantenimiento, consumo energ\u00e9tico, licenciamientos entre otros.<\/p>\n\n\n\n<p>RACSA se ha constituido en un proveedor consolidado de virtualizaci\u00f3n en el pa\u00eds, ofreciendo soluciones operativas que cumplen con altos est\u00e1ndares de protecci\u00f3n, enfoc\u00e1ndose en entender las necesidades particulares de cada cliente y maximizar los beneficios de las inversiones, posicion\u00e1ndose como un integrador digital especializado.<\/p>\n\n\n\n<p>Seg\u00fan la firma analista de mercados IDC (International Data Corporation) se considera que los proyectos h\u00edbridos ser\u00e1n los m\u00e1s resilientes ante la incertidumbre econ\u00f3mica, dado que la nube h\u00edbrida ya es el est\u00e1ndar de inversi\u00f3n para muchas empresas en la regi\u00f3n y la tendencia es que para 2026 se equipare a la nube p\u00fablica.<\/p>\n\n\n\n<p>Otro dato relevante de un informe de VMware del 2023 indica que el 96% de las organizaciones est\u00e1n adoptando aplicaciones nativas de la nube. Esto posee algunos beneficios como mayor escalabilidad y resiliencia de las aplicaciones y reducci\u00f3n de costos de infraestructura ante un mejor uso de los recursos.<\/p>\n\n\n\n<p>A lo anterior se suma que, tecnolog\u00edas como la inteligencia artificial (IA) y el machine learning (ML), est\u00e1n transformando el panorama tecnol\u00f3gico, haciendo que la infraestructura de nube sea cada vez m\u00e1s cr\u00edtica. A medida que estas tecnolog\u00edas requieren m\u00e1s recursos de procesamiento y almacenamiento, los entornos en la nube ofrecen la flexibilidad y escalabilidad necesarias para satisfacer estas demandas. Sin embargo, este crecimiento tambi\u00e9n conlleva un aumento en los riesgos de ciberseguridad porque los atacantes est\u00e1n utilizando t\u00e9cnicas m\u00e1s avanzadas para aprovechar posibles vulnerabilidades, lo que convierte la seguridad en la nube en una prioridad. Las organizaciones deben adoptar herramientas, como la implementaci\u00f3n de soluciones de seguridad basadas en IA para detectar y mitigar esas amenazas en tiempo real.<\/p>\n\n\n\n<p>Dentro de otros elementos que suman est\u00e1 la necesidad de baja latencia y mayor velocidad de procesamiento, adem\u00e1s de la combinaci\u00f3n del edge computing y el uso de nubes h\u00edbridas. En este sentido, RACSA proporciona soluciones que se adaptan a las necesidades y capacidad de las empresas privadas e instituciones de gobierno, todo bajo un modelo por demanda.<\/p>\n\n\n\n<p><em>\u201cLa arquitectura de nube de RACSA es un \u00e1mbito de operaci\u00f3n de m\u00faltiples tecnolog\u00edas y sistemas que integralmente se emplean para brindar entornos seguros a las organizaciones que adoptan una estrategia cloud, donde nuestros clientes consideraron la simplificaci\u00f3n y estandarizaci\u00f3n de su infraestructura y de los procesos como los principales beneficios percibidos. Nos enfocamos en gestionar y convencer a las empresas que a\u00fan no han adoptado la nube, porque est\u00e1n abriendo una brecha tecnol\u00f3gica significativa de su negocio en relaci\u00f3n con el mercado, quedando rezagadas en t\u00e9rminos de competitividad e innovaci\u00f3n\u201d<\/em>, explic\u00f3 Marco Meza, Director de Negocios de RACSA. Adicionalmente comenta que tambi\u00e9n hay empresas que utilizan la nube, pero de una manera limitada, sin aprovechar al m\u00e1ximo sus capacidades, incluso desperdiciando recursos que podr\u00edan reinvertir en desarrollo y crecimiento; esto puede crear una brecha significativa en su capacidad para competir en un mercado cada vez m\u00e1s digital. En resumen, no es solo estar en la nube, es ser m\u00e1s eficiente y pr\u00f3spero en ella.<\/p>\n\n\n\n<p><em>&#8220;Los servicios de nube de RACSA son una opci\u00f3n estrat\u00e9gica para las empresas que buscan optimizar sus costos sin realizar grandes inversiones en infraestructura. Esto significa que cada empresa o instituci\u00f3n puede contratar \u00fanicamente los recursos que en realidad necesita, adapt\u00e1ndose r\u00e1pidamente a las demandas de su operaci\u00f3n. Este modelo no solo mejora la eficiencia financiera, sino que tambi\u00e9n permite a las empresas escalar sus operaciones de manera \u00e1gil, aumentando su flexibilidad y capacidad de respuesta ante cambios en el mercado. Adem\u00e1s, promueve al personal de Tecnolog\u00edas de la Informaci\u00f3n (TI) a enfocarse en la gesti\u00f3n y desarrollo de servicios tecnol\u00f3gicos que fortalezcan la competitividad y productividad&#8221;<\/em>, enfatiz\u00f3 Meza.<\/p>\n\n\n\n<p>La migraci\u00f3n a la nube es un proceso estrat\u00e9gico para las empresas, y es fundamental que tengan claridad sobre sus objetivos y necesidades. Definir estas metas ayuda a seleccionar la soluci\u00f3n adecuada y evitar errores, temas que se pueden minimizar contando con un asesoramiento experto.<\/p>\n\n\n\n<p><em>\u201cRACSA ha venido incorporando soluciones innovadoras y seguras, que hemos puesto a disposici\u00f3n de nuestros clientes gracias a nuestra amplia experiencia en tecnolog\u00edas de informaci\u00f3n y comunicaci\u00f3n, basadas en infraestructuras de l\u00edderes mundiales, tales como Cisco, AWS y Microsoft, acompa\u00f1adas de un soporte t\u00e9cnico especializado, que ofrecen par\u00e1metros m\u00e1s modernos en t\u00e9rminos de nube que sabemos se encuentran en constante adaptaci\u00f3n a los cambios del entorno. Es momento de aprovechar las ventajas que la nube de RACSA ofrece para transformar su empresa y maximizar su potencial en un entorno cada vez m\u00e1s din\u00e1mico\u201d<\/em>, finaliz\u00f3 Meza.<\/p>\n\n\n\n<p>Para obtener m\u00e1s informaci\u00f3n y asesor\u00eda, puede comunicarse a la l\u00ednea telef\u00f3nica 800-NEGOCIO (<a href=\"tel:8006346246\">800-6346246<\/a>) o al correo electr\u00f3nico\u00a0<a href=\"mailto:comercial@racsa.go.cr\">comercial@racsa.go.cr<\/a> o puede completar el siguiente formulario y le contactaremos a la brevedad posible.<\/p>\n\n\n\n<div class=\"wp-block-columns is-layout-flex wp-container-core-columns-is-layout-28f84493 wp-block-columns-is-layout-flex\">\n<div class=\"wp-block-column is-layout-flow wp-block-column-is-layout-flow\">\n<div class=\"wp-block-contact-form-7-contact-form-selector\">\n<div class=\"wpcf7 no-js\" id=\"wpcf7-f3466-o1\" lang=\"es-CR\" dir=\"ltr\" data-wpcf7-id=\"3466\">\n<div class=\"screen-reader-response\"><p role=\"status\" aria-live=\"polite\" aria-atomic=\"true\"><\/p> <ul><\/ul><\/div>\n<form action=\"\/blog\/wp-json\/wp\/v2\/posts\/3461#wpcf7-f3466-o1\" method=\"post\" class=\"wpcf7-form init\" aria-label=\"Contact form\" novalidate=\"novalidate\" data-status=\"init\">\n<fieldset class=\"hidden-fields-container\"><input type=\"hidden\" name=\"_wpcf7\" value=\"3466\" \/><input type=\"hidden\" name=\"_wpcf7_version\" value=\"6.1.5\" \/><input type=\"hidden\" name=\"_wpcf7_locale\" value=\"es_CR\" \/><input type=\"hidden\" name=\"_wpcf7_unit_tag\" value=\"wpcf7-f3466-o1\" \/><input type=\"hidden\" name=\"_wpcf7_container_post\" value=\"0\" \/><input type=\"hidden\" name=\"_wpcf7_posted_data_hash\" value=\"\" \/>\n<\/fieldset>\n<p>Empresa*<br \/>\n<span class=\"wpcf7-form-control-wrap\" data-name=\"Empresa\"><input size=\"40\" maxlength=\"400\" class=\"wpcf7-form-control wpcf7-text wpcf7-validates-as-required\" aria-required=\"true\" aria-invalid=\"false\" value=\"\" type=\"text\" name=\"Empresa\" \/><\/span>\n<\/p>\n<p>Nombre de contacto*<br \/>\n<span class=\"wpcf7-form-control-wrap\" data-name=\"nombre-contacto\"><input size=\"40\" maxlength=\"400\" class=\"wpcf7-form-control wpcf7-text wpcf7-validates-as-required\" aria-required=\"true\" aria-invalid=\"false\" value=\"\" type=\"text\" name=\"nombre-contacto\" \/><\/span>\n<\/p>\n<p>Tel\u00e9fono*<br \/>\n<span class=\"wpcf7-form-control-wrap\" data-name=\"telefono\"><input size=\"40\" maxlength=\"8\" minlength=\"8\" class=\"wpcf7-form-control wpcf7-tel wpcf7-validates-as-required wpcf7-text wpcf7-validates-as-tel\" aria-required=\"true\" aria-invalid=\"false\" value=\"\" type=\"tel\" name=\"telefono\" \/><\/span>\n<\/p>\n<p>Correo electr\u00f3nico*<br \/>\n<span class=\"wpcf7-form-control-wrap\" data-name=\"correoelectronico\"><input size=\"40\" maxlength=\"400\" class=\"wpcf7-form-control wpcf7-email wpcf7-validates-as-required wpcf7-text wpcf7-validates-as-email\" aria-required=\"true\" aria-invalid=\"false\" value=\"\" type=\"email\" name=\"correoelectronico\" \/><\/span>\n<\/p>\n<p>Consulta (opcional)<br \/>\n<span class=\"wpcf7-form-control-wrap\" data-name=\"consulta\"><input size=\"40\" maxlength=\"400\" class=\"wpcf7-form-control wpcf7-text\" aria-invalid=\"false\" value=\"\" type=\"text\" name=\"consulta\" \/><\/span>\n<\/p>\n<p>* Campos obligatorios\n<\/p>\n<p><span class=\"wpcf7-form-control-wrap\" data-name=\"aceptacion-terminos-y-condiciones\"><span class=\"wpcf7-form-control wpcf7-acceptance\"><span class=\"wpcf7-list-item\"><label><input type=\"checkbox\" name=\"aceptacion-terminos-y-condiciones\" value=\"1\" aria-invalid=\"false\" \/><span class=\"wpcf7-list-item-label\">Confirmo que he le\u00eddo la <b> <a href=\"\/\/www.racsa.go.cr\/politicas-de-usos-de-datos-terminos-y-condiciones\/\">Pol\u00edtica de uso de datos, t\u00e9rminos y condiciones.<\/a><\/b><\/span><\/label><\/span><\/span><\/span>\n<\/p>\n<p><input class=\"wpcf7-form-control wpcf7-submit has-spinner\" type=\"submit\" value=\"Enviar\" \/>\n<\/p><div class=\"wpcf7-response-output\" aria-hidden=\"true\"><\/div>\n<\/form>\n<\/div>\n<\/div>\n<\/div>\n\n\n\n<div class=\"wp-block-column is-layout-flow wp-block-column-is-layout-flow\"><\/div>\n<\/div>\n","protected":false},"excerpt":{"rendered":"<p>En un contexto empresarial exigente y vers\u00e1til, las soluciones en la nube son esenciales para&#8230;<\/p>\n","protected":false},"author":2,"featured_media":3462,"comment_status":"closed","ping_status":"closed","sticky":false,"template":"","format":"standard","meta":{"footnotes":""},"categories":[233,50],"tags":[],"class_list":["post-3461","post","type-post","status-publish","format-standard","has-post-thumbnail","hentry","category-cloud","category-computo-en-la-nube"],"yoast_head":"<!-- This site is optimized with the Yoast SEO plugin v27.5 - https:\/\/yoast.com\/product\/yoast-seo-wordpress\/ -->\n<title>RACSA proporciona protecci\u00f3n empresarial, econom\u00eda y respaldo para soluciones en la nube. - Blog de RACSA<\/title>\n<meta name=\"robots\" content=\"index, follow, max-snippet:-1, max-image-preview:large, max-video-preview:-1\" \/>\n<link rel=\"canonical\" href=\"https:\/\/www.racsa.go.cr\/blog\/racsa-proporciona-proteccion-empresarial-economia-y-respaldo-para-soluciones-en-la-nube\/\" \/>\n<meta property=\"og:locale\" content=\"es_ES\" \/>\n<meta property=\"og:type\" content=\"article\" \/>\n<meta property=\"og:title\" content=\"RACSA proporciona protecci\u00f3n empresarial, econom\u00eda y respaldo para soluciones en la nube. - Blog de RACSA\" \/>\n<meta property=\"og:description\" content=\"En un contexto empresarial exigente y vers\u00e1til, las soluciones en la nube son esenciales para...\" \/>\n<meta property=\"og:url\" content=\"https:\/\/www.racsa.go.cr\/blog\/racsa-proporciona-proteccion-empresarial-economia-y-respaldo-para-soluciones-en-la-nube\/\" \/>\n<meta property=\"og:site_name\" content=\"Blog de RACSA\" \/>\n<meta property=\"article:publisher\" content=\"https:\/\/m.facebook.com\/RACSACR\/\" \/>\n<meta property=\"article:published_time\" content=\"2024-10-28T18:20:58+00:00\" \/>\n<meta property=\"article:modified_time\" content=\"2024-10-28T22:06:48+00:00\" \/>\n<meta property=\"og:image\" content=\"https:\/\/www.racsa.go.cr\/blog\/wp-content\/uploads\/2024\/10\/CLOUD-BLOG-RACSA-02-scaled.jpg\" \/>\n\t<meta property=\"og:image:width\" content=\"2560\" \/>\n\t<meta property=\"og:image:height\" content=\"1439\" \/>\n\t<meta property=\"og:image:type\" content=\"image\/jpeg\" \/>\n<meta name=\"author\" content=\"Mercadeo RACSA\" \/>\n<meta name=\"twitter:card\" content=\"summary_large_image\" \/>\n<meta name=\"twitter:creator\" content=\"@RACSA_CR\" \/>\n<meta name=\"twitter:site\" content=\"@RACSA_CR\" \/>\n<meta name=\"twitter:label1\" content=\"Written by\" \/>\n\t<meta name=\"twitter:data1\" content=\"Mercadeo RACSA\" \/>\n\t<meta name=\"twitter:label2\" content=\"Est. reading time\" \/>\n\t<meta name=\"twitter:data2\" content=\"5 minutos\" \/>\n<script type=\"application\/ld+json\" class=\"yoast-schema-graph\">{\"@context\":\"https:\\\/\\\/schema.org\",\"@graph\":[{\"@type\":\"Article\",\"@id\":\"https:\\\/\\\/www.racsa.go.cr\\\/blog\\\/racsa-proporciona-proteccion-empresarial-economia-y-respaldo-para-soluciones-en-la-nube\\\/#article\",\"isPartOf\":{\"@id\":\"https:\\\/\\\/www.racsa.go.cr\\\/blog\\\/racsa-proporciona-proteccion-empresarial-economia-y-respaldo-para-soluciones-en-la-nube\\\/\"},\"author\":{\"name\":\"Mercadeo RACSA\",\"@id\":\"https:\\\/\\\/www.racsa.go.cr\\\/blog\\\/#\\\/schema\\\/person\\\/ec79d31370d6dc9aaa4365492bc04f4e\"},\"headline\":\"RACSA proporciona protecci\u00f3n empresarial, econom\u00eda y respaldo para soluciones en la nube.\",\"datePublished\":\"2024-10-28T18:20:58+00:00\",\"dateModified\":\"2024-10-28T22:06:48+00:00\",\"mainEntityOfPage\":{\"@id\":\"https:\\\/\\\/www.racsa.go.cr\\\/blog\\\/racsa-proporciona-proteccion-empresarial-economia-y-respaldo-para-soluciones-en-la-nube\\\/\"},\"wordCount\":1030,\"publisher\":{\"@id\":\"https:\\\/\\\/www.racsa.go.cr\\\/blog\\\/#organization\"},\"image\":{\"@id\":\"https:\\\/\\\/www.racsa.go.cr\\\/blog\\\/racsa-proporciona-proteccion-empresarial-economia-y-respaldo-para-soluciones-en-la-nube\\\/#primaryimage\"},\"thumbnailUrl\":\"https:\\\/\\\/www.racsa.go.cr\\\/blog\\\/wp-content\\\/uploads\\\/2024\\\/10\\\/CLOUD-BLOG-RACSA-02-scaled.jpg\",\"articleSection\":[\"CLOUD\",\"COMPUTO EN LA NUBE\"],\"inLanguage\":\"es-CR\"},{\"@type\":\"WebPage\",\"@id\":\"https:\\\/\\\/www.racsa.go.cr\\\/blog\\\/racsa-proporciona-proteccion-empresarial-economia-y-respaldo-para-soluciones-en-la-nube\\\/\",\"url\":\"https:\\\/\\\/www.racsa.go.cr\\\/blog\\\/racsa-proporciona-proteccion-empresarial-economia-y-respaldo-para-soluciones-en-la-nube\\\/\",\"name\":\"RACSA proporciona protecci\u00f3n empresarial, econom\u00eda y respaldo para soluciones en la nube. - Blog de RACSA\",\"isPartOf\":{\"@id\":\"https:\\\/\\\/www.racsa.go.cr\\\/blog\\\/#website\"},\"primaryImageOfPage\":{\"@id\":\"https:\\\/\\\/www.racsa.go.cr\\\/blog\\\/racsa-proporciona-proteccion-empresarial-economia-y-respaldo-para-soluciones-en-la-nube\\\/#primaryimage\"},\"image\":{\"@id\":\"https:\\\/\\\/www.racsa.go.cr\\\/blog\\\/racsa-proporciona-proteccion-empresarial-economia-y-respaldo-para-soluciones-en-la-nube\\\/#primaryimage\"},\"thumbnailUrl\":\"https:\\\/\\\/www.racsa.go.cr\\\/blog\\\/wp-content\\\/uploads\\\/2024\\\/10\\\/CLOUD-BLOG-RACSA-02-scaled.jpg\",\"datePublished\":\"2024-10-28T18:20:58+00:00\",\"dateModified\":\"2024-10-28T22:06:48+00:00\",\"breadcrumb\":{\"@id\":\"https:\\\/\\\/www.racsa.go.cr\\\/blog\\\/racsa-proporciona-proteccion-empresarial-economia-y-respaldo-para-soluciones-en-la-nube\\\/#breadcrumb\"},\"inLanguage\":\"es-CR\",\"potentialAction\":[{\"@type\":\"ReadAction\",\"target\":[\"https:\\\/\\\/www.racsa.go.cr\\\/blog\\\/racsa-proporciona-proteccion-empresarial-economia-y-respaldo-para-soluciones-en-la-nube\\\/\"]}]},{\"@type\":\"ImageObject\",\"inLanguage\":\"es-CR\",\"@id\":\"https:\\\/\\\/www.racsa.go.cr\\\/blog\\\/racsa-proporciona-proteccion-empresarial-economia-y-respaldo-para-soluciones-en-la-nube\\\/#primaryimage\",\"url\":\"https:\\\/\\\/www.racsa.go.cr\\\/blog\\\/wp-content\\\/uploads\\\/2024\\\/10\\\/CLOUD-BLOG-RACSA-02-scaled.jpg\",\"contentUrl\":\"https:\\\/\\\/www.racsa.go.cr\\\/blog\\\/wp-content\\\/uploads\\\/2024\\\/10\\\/CLOUD-BLOG-RACSA-02-scaled.jpg\",\"width\":2560,\"height\":1439},{\"@type\":\"BreadcrumbList\",\"@id\":\"https:\\\/\\\/www.racsa.go.cr\\\/blog\\\/racsa-proporciona-proteccion-empresarial-economia-y-respaldo-para-soluciones-en-la-nube\\\/#breadcrumb\",\"itemListElement\":[{\"@type\":\"ListItem\",\"position\":1,\"name\":\"Portada\",\"item\":\"https:\\\/\\\/www.racsa.go.cr\\\/blog\\\/\"},{\"@type\":\"ListItem\",\"position\":2,\"name\":\"RACSA proporciona protecci\u00f3n empresarial, econom\u00eda y respaldo para soluciones en la nube.\"}]},{\"@type\":\"WebSite\",\"@id\":\"https:\\\/\\\/www.racsa.go.cr\\\/blog\\\/#website\",\"url\":\"https:\\\/\\\/www.racsa.go.cr\\\/blog\\\/\",\"name\":\"Blog de RACSA\",\"description\":\"Noticias y comunicados de inter\u00e9s\",\"publisher\":{\"@id\":\"https:\\\/\\\/www.racsa.go.cr\\\/blog\\\/#organization\"},\"potentialAction\":[{\"@type\":\"SearchAction\",\"target\":{\"@type\":\"EntryPoint\",\"urlTemplate\":\"https:\\\/\\\/www.racsa.go.cr\\\/blog\\\/?s={search_term_string}\"},\"query-input\":{\"@type\":\"PropertyValueSpecification\",\"valueRequired\":true,\"valueName\":\"search_term_string\"}}],\"inLanguage\":\"es-CR\"},{\"@type\":\"Organization\",\"@id\":\"https:\\\/\\\/www.racsa.go.cr\\\/blog\\\/#organization\",\"name\":\"RACSA\",\"url\":\"https:\\\/\\\/www.racsa.go.cr\\\/blog\\\/\",\"logo\":{\"@type\":\"ImageObject\",\"inLanguage\":\"es-CR\",\"@id\":\"https:\\\/\\\/www.racsa.go.cr\\\/blog\\\/#\\\/schema\\\/logo\\\/image\\\/\",\"url\":\"https:\\\/\\\/www.racsa.go.cr\\\/blog\\\/wp-content\\\/uploads\\\/2020\\\/06\\\/logo-racsa-blog_Mesa-de-trabajo-1.png\",\"contentUrl\":\"https:\\\/\\\/www.racsa.go.cr\\\/blog\\\/wp-content\\\/uploads\\\/2020\\\/06\\\/logo-racsa-blog_Mesa-de-trabajo-1.png\",\"width\":77,\"height\":50,\"caption\":\"RACSA\"},\"image\":{\"@id\":\"https:\\\/\\\/www.racsa.go.cr\\\/blog\\\/#\\\/schema\\\/logo\\\/image\\\/\"},\"sameAs\":[\"https:\\\/\\\/m.facebook.com\\\/RACSACR\\\/\",\"https:\\\/\\\/x.com\\\/RACSA_CR\",\"https:\\\/\\\/instagram.com\\\/racsa_cr?igshid=1xty3rwhqjj6p\",\"https:\\\/\\\/www.linkedin.com\\\/authwall?trk=gf&amp;amp;amp;amp;amp;amp;amp;trkInfo=AQGkHPl9RaoQ9AAAAXXizZAgZzcQwi0sdfDTg7AF4I5Q6B_NrjW5R7wFovOzBkS8ur94lJpFmlv2bomYKC3GZOFcSqkgLKm5wKGh61DyjTqr6c_1E_AFOwxMWF5kjSLpCvbYX9o=&amp;amp;amp;amp;amp;amp;amp;originalReferer&amp;amp;amp;amp;amp;amp;amp;sessionRedirect=https:\\\/\\\/es.linkedin.com\\\/company\\\/racsa_cr\",\"https:\\\/\\\/www.youtube.com\\\/user\\\/RACSACOSTARICA\"]},{\"@type\":\"Person\",\"@id\":\"https:\\\/\\\/www.racsa.go.cr\\\/blog\\\/#\\\/schema\\\/person\\\/ec79d31370d6dc9aaa4365492bc04f4e\",\"name\":\"Mercadeo RACSA\",\"image\":{\"@type\":\"ImageObject\",\"inLanguage\":\"es-CR\",\"@id\":\"https:\\\/\\\/secure.gravatar.com\\\/avatar\\\/7b464a0e344d5a5f82f8b9ceb49dae1d41b1141998fb14d2046814a158d02734?s=96&d=mm&r=g\",\"url\":\"https:\\\/\\\/secure.gravatar.com\\\/avatar\\\/7b464a0e344d5a5f82f8b9ceb49dae1d41b1141998fb14d2046814a158d02734?s=96&d=mm&r=g\",\"contentUrl\":\"https:\\\/\\\/secure.gravatar.com\\\/avatar\\\/7b464a0e344d5a5f82f8b9ceb49dae1d41b1141998fb14d2046814a158d02734?s=96&d=mm&r=g\",\"caption\":\"Mercadeo RACSA\"}}]}<\/script>\n<!-- \/ Yoast SEO plugin. -->","yoast_head_json":{"title":"RACSA proporciona protecci\u00f3n empresarial, econom\u00eda y respaldo para soluciones en la nube. - Blog de RACSA","robots":{"index":"index","follow":"follow","max-snippet":"max-snippet:-1","max-image-preview":"max-image-preview:large","max-video-preview":"max-video-preview:-1"},"canonical":"https:\/\/www.racsa.go.cr\/blog\/racsa-proporciona-proteccion-empresarial-economia-y-respaldo-para-soluciones-en-la-nube\/","og_locale":"es_ES","og_type":"article","og_title":"RACSA proporciona protecci\u00f3n empresarial, econom\u00eda y respaldo para soluciones en la nube. - Blog de RACSA","og_description":"En un contexto empresarial exigente y vers\u00e1til, las soluciones en la nube son esenciales para...","og_url":"https:\/\/www.racsa.go.cr\/blog\/racsa-proporciona-proteccion-empresarial-economia-y-respaldo-para-soluciones-en-la-nube\/","og_site_name":"Blog de RACSA","article_publisher":"https:\/\/m.facebook.com\/RACSACR\/","article_published_time":"2024-10-28T18:20:58+00:00","article_modified_time":"2024-10-28T22:06:48+00:00","og_image":[{"width":2560,"height":1439,"url":"https:\/\/www.racsa.go.cr\/blog\/wp-content\/uploads\/2024\/10\/CLOUD-BLOG-RACSA-02-scaled.jpg","type":"image\/jpeg"}],"author":"Mercadeo RACSA","twitter_card":"summary_large_image","twitter_creator":"@RACSA_CR","twitter_site":"@RACSA_CR","twitter_misc":{"Written by":"Mercadeo RACSA","Est. reading time":"5 minutos"},"schema":{"@context":"https:\/\/schema.org","@graph":[{"@type":"Article","@id":"https:\/\/www.racsa.go.cr\/blog\/racsa-proporciona-proteccion-empresarial-economia-y-respaldo-para-soluciones-en-la-nube\/#article","isPartOf":{"@id":"https:\/\/www.racsa.go.cr\/blog\/racsa-proporciona-proteccion-empresarial-economia-y-respaldo-para-soluciones-en-la-nube\/"},"author":{"name":"Mercadeo RACSA","@id":"https:\/\/www.racsa.go.cr\/blog\/#\/schema\/person\/ec79d31370d6dc9aaa4365492bc04f4e"},"headline":"RACSA proporciona protecci\u00f3n empresarial, econom\u00eda y respaldo para soluciones en la nube.","datePublished":"2024-10-28T18:20:58+00:00","dateModified":"2024-10-28T22:06:48+00:00","mainEntityOfPage":{"@id":"https:\/\/www.racsa.go.cr\/blog\/racsa-proporciona-proteccion-empresarial-economia-y-respaldo-para-soluciones-en-la-nube\/"},"wordCount":1030,"publisher":{"@id":"https:\/\/www.racsa.go.cr\/blog\/#organization"},"image":{"@id":"https:\/\/www.racsa.go.cr\/blog\/racsa-proporciona-proteccion-empresarial-economia-y-respaldo-para-soluciones-en-la-nube\/#primaryimage"},"thumbnailUrl":"https:\/\/www.racsa.go.cr\/blog\/wp-content\/uploads\/2024\/10\/CLOUD-BLOG-RACSA-02-scaled.jpg","articleSection":["CLOUD","COMPUTO EN LA NUBE"],"inLanguage":"es-CR"},{"@type":"WebPage","@id":"https:\/\/www.racsa.go.cr\/blog\/racsa-proporciona-proteccion-empresarial-economia-y-respaldo-para-soluciones-en-la-nube\/","url":"https:\/\/www.racsa.go.cr\/blog\/racsa-proporciona-proteccion-empresarial-economia-y-respaldo-para-soluciones-en-la-nube\/","name":"RACSA proporciona protecci\u00f3n empresarial, econom\u00eda y respaldo para soluciones en la nube. - Blog de RACSA","isPartOf":{"@id":"https:\/\/www.racsa.go.cr\/blog\/#website"},"primaryImageOfPage":{"@id":"https:\/\/www.racsa.go.cr\/blog\/racsa-proporciona-proteccion-empresarial-economia-y-respaldo-para-soluciones-en-la-nube\/#primaryimage"},"image":{"@id":"https:\/\/www.racsa.go.cr\/blog\/racsa-proporciona-proteccion-empresarial-economia-y-respaldo-para-soluciones-en-la-nube\/#primaryimage"},"thumbnailUrl":"https:\/\/www.racsa.go.cr\/blog\/wp-content\/uploads\/2024\/10\/CLOUD-BLOG-RACSA-02-scaled.jpg","datePublished":"2024-10-28T18:20:58+00:00","dateModified":"2024-10-28T22:06:48+00:00","breadcrumb":{"@id":"https:\/\/www.racsa.go.cr\/blog\/racsa-proporciona-proteccion-empresarial-economia-y-respaldo-para-soluciones-en-la-nube\/#breadcrumb"},"inLanguage":"es-CR","potentialAction":[{"@type":"ReadAction","target":["https:\/\/www.racsa.go.cr\/blog\/racsa-proporciona-proteccion-empresarial-economia-y-respaldo-para-soluciones-en-la-nube\/"]}]},{"@type":"ImageObject","inLanguage":"es-CR","@id":"https:\/\/www.racsa.go.cr\/blog\/racsa-proporciona-proteccion-empresarial-economia-y-respaldo-para-soluciones-en-la-nube\/#primaryimage","url":"https:\/\/www.racsa.go.cr\/blog\/wp-content\/uploads\/2024\/10\/CLOUD-BLOG-RACSA-02-scaled.jpg","contentUrl":"https:\/\/www.racsa.go.cr\/blog\/wp-content\/uploads\/2024\/10\/CLOUD-BLOG-RACSA-02-scaled.jpg","width":2560,"height":1439},{"@type":"BreadcrumbList","@id":"https:\/\/www.racsa.go.cr\/blog\/racsa-proporciona-proteccion-empresarial-economia-y-respaldo-para-soluciones-en-la-nube\/#breadcrumb","itemListElement":[{"@type":"ListItem","position":1,"name":"Portada","item":"https:\/\/www.racsa.go.cr\/blog\/"},{"@type":"ListItem","position":2,"name":"RACSA proporciona protecci\u00f3n empresarial, econom\u00eda y respaldo para soluciones en la nube."}]},{"@type":"WebSite","@id":"https:\/\/www.racsa.go.cr\/blog\/#website","url":"https:\/\/www.racsa.go.cr\/blog\/","name":"Blog de RACSA","description":"Noticias y comunicados de inter\u00e9s","publisher":{"@id":"https:\/\/www.racsa.go.cr\/blog\/#organization"},"potentialAction":[{"@type":"SearchAction","target":{"@type":"EntryPoint","urlTemplate":"https:\/\/www.racsa.go.cr\/blog\/?s={search_term_string}"},"query-input":{"@type":"PropertyValueSpecification","valueRequired":true,"valueName":"search_term_string"}}],"inLanguage":"es-CR"},{"@type":"Organization","@id":"https:\/\/www.racsa.go.cr\/blog\/#organization","name":"RACSA","url":"https:\/\/www.racsa.go.cr\/blog\/","logo":{"@type":"ImageObject","inLanguage":"es-CR","@id":"https:\/\/www.racsa.go.cr\/blog\/#\/schema\/logo\/image\/","url":"https:\/\/www.racsa.go.cr\/blog\/wp-content\/uploads\/2020\/06\/logo-racsa-blog_Mesa-de-trabajo-1.png","contentUrl":"https:\/\/www.racsa.go.cr\/blog\/wp-content\/uploads\/2020\/06\/logo-racsa-blog_Mesa-de-trabajo-1.png","width":77,"height":50,"caption":"RACSA"},"image":{"@id":"https:\/\/www.racsa.go.cr\/blog\/#\/schema\/logo\/image\/"},"sameAs":["https:\/\/m.facebook.com\/RACSACR\/","https:\/\/x.com\/RACSA_CR","https:\/\/instagram.com\/racsa_cr?igshid=1xty3rwhqjj6p","https:\/\/www.linkedin.com\/authwall?trk=gf&amp;amp;amp;amp;amp;amp;amp;trkInfo=AQGkHPl9RaoQ9AAAAXXizZAgZzcQwi0sdfDTg7AF4I5Q6B_NrjW5R7wFovOzBkS8ur94lJpFmlv2bomYKC3GZOFcSqkgLKm5wKGh61DyjTqr6c_1E_AFOwxMWF5kjSLpCvbYX9o=&amp;amp;amp;amp;amp;amp;amp;originalReferer&amp;amp;amp;amp;amp;amp;amp;sessionRedirect=https:\/\/es.linkedin.com\/company\/racsa_cr","https:\/\/www.youtube.com\/user\/RACSACOSTARICA"]},{"@type":"Person","@id":"https:\/\/www.racsa.go.cr\/blog\/#\/schema\/person\/ec79d31370d6dc9aaa4365492bc04f4e","name":"Mercadeo RACSA","image":{"@type":"ImageObject","inLanguage":"es-CR","@id":"https:\/\/secure.gravatar.com\/avatar\/7b464a0e344d5a5f82f8b9ceb49dae1d41b1141998fb14d2046814a158d02734?s=96&d=mm&r=g","url":"https:\/\/secure.gravatar.com\/avatar\/7b464a0e344d5a5f82f8b9ceb49dae1d41b1141998fb14d2046814a158d02734?s=96&d=mm&r=g","contentUrl":"https:\/\/secure.gravatar.com\/avatar\/7b464a0e344d5a5f82f8b9ceb49dae1d41b1141998fb14d2046814a158d02734?s=96&d=mm&r=g","caption":"Mercadeo RACSA"}}]}},"_links":{"self":[{"href":"https:\/\/www.racsa.go.cr\/blog\/wp-json\/wp\/v2\/posts\/3461","targetHints":{"allow":["GET"]}}],"collection":[{"href":"https:\/\/www.racsa.go.cr\/blog\/wp-json\/wp\/v2\/posts"}],"about":[{"href":"https:\/\/www.racsa.go.cr\/blog\/wp-json\/wp\/v2\/types\/post"}],"author":[{"embeddable":true,"href":"https:\/\/www.racsa.go.cr\/blog\/wp-json\/wp\/v2\/users\/2"}],"replies":[{"embeddable":true,"href":"https:\/\/www.racsa.go.cr\/blog\/wp-json\/wp\/v2\/comments?post=3461"}],"version-history":[{"count":0,"href":"https:\/\/www.racsa.go.cr\/blog\/wp-json\/wp\/v2\/posts\/3461\/revisions"}],"wp:featuredmedia":[{"embeddable":true,"href":"https:\/\/www.racsa.go.cr\/blog\/wp-json\/wp\/v2\/media\/3462"}],"wp:attachment":[{"href":"https:\/\/www.racsa.go.cr\/blog\/wp-json\/wp\/v2\/media?parent=3461"}],"wp:term":[{"taxonomy":"category","embeddable":true,"href":"https:\/\/www.racsa.go.cr\/blog\/wp-json\/wp\/v2\/categories?post=3461"},{"taxonomy":"post_tag","embeddable":true,"href":"https:\/\/www.racsa.go.cr\/blog\/wp-json\/wp\/v2\/tags?post=3461"}],"curies":[{"name":"wp","href":"https:\/\/api.w.org\/{rel}","templated":true}]}}