{"id":3453,"date":"2024-10-21T09:23:54","date_gmt":"2024-10-21T15:23:54","guid":{"rendered":"https:\/\/www.racsa.go.cr\/blog\/?p=3453"},"modified":"2024-10-21T09:25:16","modified_gmt":"2024-10-21T15:25:16","slug":"racsa-lidera-la-transformacion-digital-empresarial-con-soluciones-en-la-nube-a-la-medida","status":"publish","type":"post","link":"https:\/\/www.racsa.go.cr\/blog\/racsa-lidera-la-transformacion-digital-empresarial-con-soluciones-en-la-nube-a-la-medida\/","title":{"rendered":"RACSA lidera la transformaci\u00f3n digital empresarial con soluciones en la nube a la medida"},"content":{"rendered":"\n<p class=\"has-text-align-center\"><strong>Opciones para empresas privadas e instituciones gubernamentales<\/strong> <strong>garantizan una infraestructura \u00e1gil y segura<\/strong><\/p>\n\n\n\n<p id=\"ember14247\">En un \u00e1mbito empresarial marcado por la transformaci\u00f3n digital, las soluciones en la nube son un pilar esencial para la agilidad y eficiencia operativa y <a href=\"https:\/\/www.racsa.go.cr\/\"><strong>RACSA<\/strong><\/a>, reconocida como pionera del c\u00f3mputo en esta plataforma, redefine la manera en que las empresas gestionan sus procesos, permitiendo alcanzar nuevos niveles de productividad y rentabilidad.<\/p>\n\n\n\n<p id=\"ember14248\">Lo hace en un contexto donde las tecnolog\u00edas de nube han migrado hacia un enfoque h\u00edbrido que combina lo mejor de los entornos privado y p\u00fablico. De hecho, se prev\u00e9 que los proyectos h\u00edbridos se conviertan en la norma en tiempos de incertidumbre econ\u00f3mica, ya que se adaptan r\u00e1pidamente a las necesidades cambiantes del mercado, seg\u00fan la firma analista de mercados IDC (International Data Corporation).<\/p>\n\n\n\n<p id=\"ember14249\">Incluso, un informe de VMware del 2023 indica que el 96% de las organizaciones est\u00e1n adoptando aplicaciones nativas de la nube. Esto posee algunos beneficios como mayor escalabilidad y resiliencia de las aplicaciones y reducci\u00f3n de costos de infraestructura ante un mejor uso de los recursos.<\/p>\n\n\n\n<p id=\"ember14250\">En este sentido, las soluciones en la nube de RACSA, dise\u00f1adas tanto para empresas privadas como para instituciones gubernamentales, permiten simplificar operaciones, reducir gastos en infraestructura tecnol\u00f3gica y brindar seguridad avanzada frente a las crecientes amenazas cibern\u00e9ticas.<\/p>\n\n\n\n<p id=\"ember14251\"><em>&#8220;Los servicios de nube de RACSA son una <\/em><strong><em>opci\u00f3n estrat\u00e9gica<\/em><\/strong><em> para las empresas que buscan optimizar sus costos sin realizar grandes inversiones en infraestructura. Esto significa que cada empresa o instituci\u00f3n puede contratar \u00fanicamente los recursos que en realidad necesita, adapt\u00e1ndose r\u00e1pidamente a las demandas de su operaci\u00f3n\u201d<\/em>, afirm\u00f3 Marco Meza, Director de Negocios de RACSA.<\/p>\n\n\n\n<p id=\"ember14252\">Y es que, este modelo no solo mejora la eficiencia financiera, sino que tambi\u00e9n permite a las empresas escalar sus operaciones de manera \u00e1gil, aumentando su flexibilidad y capacidad de respuesta ante cambios en el mercado.<\/p>\n\n\n\n<p id=\"ember14253\">Adem\u00e1s, promueve que el personal de Tecnolog\u00edas de la Informaci\u00f3n (TI) pueda enfocarse en la gesti\u00f3n y desarrollo de servicios tecnol\u00f3gicos que fortalezcan la competitividad y productividad.<\/p>\n\n\n\n<p id=\"ember14254\">La migraci\u00f3n a la nube es un proceso estrat\u00e9gico para las empresas, y es fundamental que tengan claridad sobre sus objetivos y necesidades. Definir estas metas ayuda a seleccionar la soluci\u00f3n adecuada y evitar errores, temas que se pueden minimizar contando con un asesoramiento experto.<\/p>\n\n\n\n<p id=\"ember14255\"><em>\u201cRACSA ha venido incorporando soluciones innovadoras y seguras, que hemos puesto a disposici\u00f3n de nuestros clientes gracias a nuestra amplia experiencia en tecnolog\u00edas de informaci\u00f3n y comunicaci\u00f3n, basadas en infraestructuras de l\u00edderes mundiales, tales como Cisco, AWS y Microsoft, acompa\u00f1adas de un soporte t\u00e9cnico especializado, que ofrecen par\u00e1metros m\u00e1s modernos en t\u00e9rminos de nube que sabemos se encuentran en constante adaptaci\u00f3n a los cambios del entorno\u201d<\/em>, agreg\u00f3 el director.<\/p>\n\n\n\n<p id=\"ember14256\">Sin embargo, un aspecto crucial en este proceso es la seguridad; y es que, con el aumento de las amenazas cibern\u00e9ticas, las organizaciones necesitan infraestructuras robustas y herramientas avanzadas para proteger sus datos y operaciones.<\/p>\n\n\n\n<p id=\"ember14257\">Atendiendo esta realidad RACSA provee soluciones escalables, las cuales pueden complementarse con herramientas de seguridad de \u00faltima generaci\u00f3n para mitigar amenazas en tiempo real.<\/p>\n\n\n\n<p id=\"ember14258\"><em>\u201cEn RACSA estamos convencidos de que aquellas empresas que a\u00fan no han dado el salto a la nube est\u00e1n en riesgo de quedar rezagadas, es por esta raz\u00f3n que nos enfocamos en gestionar y convencerlas, porque est\u00e1n abriendo una brecha significativa en t\u00e9rminos de competitividad e innovaci\u00f3n\u201d<\/em>, finaliz\u00f3 Meza.<\/p>\n\n\n\n<p class=\"has-text-align-center has-vivid-cyan-blue-color has-text-color has-link-color wp-elements-1418309ab586ff7a2f1a6e2cf26e704f\"><strong>SOLUCIONES EMPRESARIALES EN LA NUBE DE RACSA<\/strong><\/p>\n\n\n\n<p id=\"ember14260\"><strong>M\u00e1s informaci\u00f3n en 800-NEGOCIO (800-6346246) Correo electr\u00f3nico <\/strong><a href=\"mailto:comercial@racsa.go.cr\">comercial@racsa.go.cr<\/a><\/p>\n\n\n\n<p><\/p>\n","protected":false},"excerpt":{"rendered":"<p>Opciones para empresas privadas e instituciones gubernamentales garantizan una infraestructura \u00e1gil y segura En un&#8230;<\/p>\n","protected":false},"author":2,"featured_media":3454,"comment_status":"closed","ping_status":"closed","sticky":false,"template":"","format":"standard","meta":{"footnotes":""},"categories":[233,22],"tags":[],"class_list":["post-3453","post","type-post","status-publish","format-standard","has-post-thumbnail","hentry","category-cloud","category-data-center"],"yoast_head":"<!-- This site is optimized with the Yoast SEO plugin v27.5 - https:\/\/yoast.com\/product\/yoast-seo-wordpress\/ -->\n<title>RACSA lidera la transformaci\u00f3n digital empresarial con soluciones en la nube a la medida - Blog de RACSA<\/title>\n<meta name=\"robots\" content=\"index, follow, max-snippet:-1, max-image-preview:large, max-video-preview:-1\" \/>\n<link rel=\"canonical\" href=\"https:\/\/www.racsa.go.cr\/blog\/racsa-lidera-la-transformacion-digital-empresarial-con-soluciones-en-la-nube-a-la-medida\/\" \/>\n<meta property=\"og:locale\" content=\"es_ES\" \/>\n<meta property=\"og:type\" content=\"article\" \/>\n<meta property=\"og:title\" content=\"RACSA lidera la transformaci\u00f3n digital empresarial con soluciones en la nube a la medida - Blog de RACSA\" \/>\n<meta property=\"og:description\" content=\"Opciones para empresas privadas e instituciones gubernamentales garantizan una infraestructura \u00e1gil y segura En un...\" \/>\n<meta property=\"og:url\" content=\"https:\/\/www.racsa.go.cr\/blog\/racsa-lidera-la-transformacion-digital-empresarial-con-soluciones-en-la-nube-a-la-medida\/\" \/>\n<meta property=\"og:site_name\" content=\"Blog de RACSA\" \/>\n<meta property=\"article:publisher\" content=\"https:\/\/m.facebook.com\/RACSACR\/\" \/>\n<meta property=\"article:published_time\" content=\"2024-10-21T15:23:54+00:00\" \/>\n<meta property=\"article:modified_time\" content=\"2024-10-21T15:25:16+00:00\" \/>\n<meta property=\"og:image\" content=\"https:\/\/www.racsa.go.cr\/blog\/wp-content\/uploads\/2024\/10\/Captura-de-pantalla-2024-10-21-a-las-8.19.16\u202fa.-m-1024x629.png\" \/>\n\t<meta property=\"og:image:width\" content=\"1024\" \/>\n\t<meta property=\"og:image:height\" content=\"629\" \/>\n\t<meta property=\"og:image:type\" content=\"image\/png\" \/>\n<meta name=\"author\" content=\"Mercadeo RACSA\" \/>\n<meta name=\"twitter:card\" content=\"summary_large_image\" \/>\n<meta name=\"twitter:creator\" content=\"@RACSA_CR\" \/>\n<meta name=\"twitter:site\" content=\"@RACSA_CR\" \/>\n<meta name=\"twitter:label1\" content=\"Written by\" \/>\n\t<meta name=\"twitter:data1\" content=\"Mercadeo RACSA\" \/>\n\t<meta name=\"twitter:label2\" content=\"Est. reading time\" \/>\n\t<meta name=\"twitter:data2\" content=\"3 minutos\" \/>\n<script type=\"application\/ld+json\" class=\"yoast-schema-graph\">{\"@context\":\"https:\\\/\\\/schema.org\",\"@graph\":[{\"@type\":\"Article\",\"@id\":\"https:\\\/\\\/www.racsa.go.cr\\\/blog\\\/racsa-lidera-la-transformacion-digital-empresarial-con-soluciones-en-la-nube-a-la-medida\\\/#article\",\"isPartOf\":{\"@id\":\"https:\\\/\\\/www.racsa.go.cr\\\/blog\\\/racsa-lidera-la-transformacion-digital-empresarial-con-soluciones-en-la-nube-a-la-medida\\\/\"},\"author\":{\"name\":\"Mercadeo RACSA\",\"@id\":\"https:\\\/\\\/www.racsa.go.cr\\\/blog\\\/#\\\/schema\\\/person\\\/ec79d31370d6dc9aaa4365492bc04f4e\"},\"headline\":\"RACSA lidera la transformaci\u00f3n digital empresarial con soluciones en la nube a la medida\",\"datePublished\":\"2024-10-21T15:23:54+00:00\",\"dateModified\":\"2024-10-21T15:25:16+00:00\",\"mainEntityOfPage\":{\"@id\":\"https:\\\/\\\/www.racsa.go.cr\\\/blog\\\/racsa-lidera-la-transformacion-digital-empresarial-con-soluciones-en-la-nube-a-la-medida\\\/\"},\"wordCount\":636,\"publisher\":{\"@id\":\"https:\\\/\\\/www.racsa.go.cr\\\/blog\\\/#organization\"},\"image\":{\"@id\":\"https:\\\/\\\/www.racsa.go.cr\\\/blog\\\/racsa-lidera-la-transformacion-digital-empresarial-con-soluciones-en-la-nube-a-la-medida\\\/#primaryimage\"},\"thumbnailUrl\":\"https:\\\/\\\/www.racsa.go.cr\\\/blog\\\/wp-content\\\/uploads\\\/2024\\\/10\\\/Captura-de-pantalla-2024-10-21-a-las-8.19.16\u202fa.-m.png\",\"articleSection\":[\"CLOUD\",\"DATA CENTER\"],\"inLanguage\":\"es-CR\"},{\"@type\":\"WebPage\",\"@id\":\"https:\\\/\\\/www.racsa.go.cr\\\/blog\\\/racsa-lidera-la-transformacion-digital-empresarial-con-soluciones-en-la-nube-a-la-medida\\\/\",\"url\":\"https:\\\/\\\/www.racsa.go.cr\\\/blog\\\/racsa-lidera-la-transformacion-digital-empresarial-con-soluciones-en-la-nube-a-la-medida\\\/\",\"name\":\"RACSA lidera la transformaci\u00f3n digital empresarial con soluciones en la nube a la medida - Blog de RACSA\",\"isPartOf\":{\"@id\":\"https:\\\/\\\/www.racsa.go.cr\\\/blog\\\/#website\"},\"primaryImageOfPage\":{\"@id\":\"https:\\\/\\\/www.racsa.go.cr\\\/blog\\\/racsa-lidera-la-transformacion-digital-empresarial-con-soluciones-en-la-nube-a-la-medida\\\/#primaryimage\"},\"image\":{\"@id\":\"https:\\\/\\\/www.racsa.go.cr\\\/blog\\\/racsa-lidera-la-transformacion-digital-empresarial-con-soluciones-en-la-nube-a-la-medida\\\/#primaryimage\"},\"thumbnailUrl\":\"https:\\\/\\\/www.racsa.go.cr\\\/blog\\\/wp-content\\\/uploads\\\/2024\\\/10\\\/Captura-de-pantalla-2024-10-21-a-las-8.19.16\u202fa.-m.png\",\"datePublished\":\"2024-10-21T15:23:54+00:00\",\"dateModified\":\"2024-10-21T15:25:16+00:00\",\"breadcrumb\":{\"@id\":\"https:\\\/\\\/www.racsa.go.cr\\\/blog\\\/racsa-lidera-la-transformacion-digital-empresarial-con-soluciones-en-la-nube-a-la-medida\\\/#breadcrumb\"},\"inLanguage\":\"es-CR\",\"potentialAction\":[{\"@type\":\"ReadAction\",\"target\":[\"https:\\\/\\\/www.racsa.go.cr\\\/blog\\\/racsa-lidera-la-transformacion-digital-empresarial-con-soluciones-en-la-nube-a-la-medida\\\/\"]}]},{\"@type\":\"ImageObject\",\"inLanguage\":\"es-CR\",\"@id\":\"https:\\\/\\\/www.racsa.go.cr\\\/blog\\\/racsa-lidera-la-transformacion-digital-empresarial-con-soluciones-en-la-nube-a-la-medida\\\/#primaryimage\",\"url\":\"https:\\\/\\\/www.racsa.go.cr\\\/blog\\\/wp-content\\\/uploads\\\/2024\\\/10\\\/Captura-de-pantalla-2024-10-21-a-las-8.19.16\u202fa.-m.png\",\"contentUrl\":\"https:\\\/\\\/www.racsa.go.cr\\\/blog\\\/wp-content\\\/uploads\\\/2024\\\/10\\\/Captura-de-pantalla-2024-10-21-a-las-8.19.16\u202fa.-m.png\",\"width\":2616,\"height\":1608},{\"@type\":\"BreadcrumbList\",\"@id\":\"https:\\\/\\\/www.racsa.go.cr\\\/blog\\\/racsa-lidera-la-transformacion-digital-empresarial-con-soluciones-en-la-nube-a-la-medida\\\/#breadcrumb\",\"itemListElement\":[{\"@type\":\"ListItem\",\"position\":1,\"name\":\"Portada\",\"item\":\"https:\\\/\\\/www.racsa.go.cr\\\/blog\\\/\"},{\"@type\":\"ListItem\",\"position\":2,\"name\":\"RACSA lidera la transformaci\u00f3n digital empresarial con soluciones en la nube a la medida\"}]},{\"@type\":\"WebSite\",\"@id\":\"https:\\\/\\\/www.racsa.go.cr\\\/blog\\\/#website\",\"url\":\"https:\\\/\\\/www.racsa.go.cr\\\/blog\\\/\",\"name\":\"Blog de RACSA\",\"description\":\"Noticias y comunicados de inter\u00e9s\",\"publisher\":{\"@id\":\"https:\\\/\\\/www.racsa.go.cr\\\/blog\\\/#organization\"},\"potentialAction\":[{\"@type\":\"SearchAction\",\"target\":{\"@type\":\"EntryPoint\",\"urlTemplate\":\"https:\\\/\\\/www.racsa.go.cr\\\/blog\\\/?s={search_term_string}\"},\"query-input\":{\"@type\":\"PropertyValueSpecification\",\"valueRequired\":true,\"valueName\":\"search_term_string\"}}],\"inLanguage\":\"es-CR\"},{\"@type\":\"Organization\",\"@id\":\"https:\\\/\\\/www.racsa.go.cr\\\/blog\\\/#organization\",\"name\":\"RACSA\",\"url\":\"https:\\\/\\\/www.racsa.go.cr\\\/blog\\\/\",\"logo\":{\"@type\":\"ImageObject\",\"inLanguage\":\"es-CR\",\"@id\":\"https:\\\/\\\/www.racsa.go.cr\\\/blog\\\/#\\\/schema\\\/logo\\\/image\\\/\",\"url\":\"https:\\\/\\\/www.racsa.go.cr\\\/blog\\\/wp-content\\\/uploads\\\/2020\\\/06\\\/logo-racsa-blog_Mesa-de-trabajo-1.png\",\"contentUrl\":\"https:\\\/\\\/www.racsa.go.cr\\\/blog\\\/wp-content\\\/uploads\\\/2020\\\/06\\\/logo-racsa-blog_Mesa-de-trabajo-1.png\",\"width\":77,\"height\":50,\"caption\":\"RACSA\"},\"image\":{\"@id\":\"https:\\\/\\\/www.racsa.go.cr\\\/blog\\\/#\\\/schema\\\/logo\\\/image\\\/\"},\"sameAs\":[\"https:\\\/\\\/m.facebook.com\\\/RACSACR\\\/\",\"https:\\\/\\\/x.com\\\/RACSA_CR\",\"https:\\\/\\\/instagram.com\\\/racsa_cr?igshid=1xty3rwhqjj6p\",\"https:\\\/\\\/www.linkedin.com\\\/authwall?trk=gf&amp;amp;amp;amp;amp;amp;amp;trkInfo=AQGkHPl9RaoQ9AAAAXXizZAgZzcQwi0sdfDTg7AF4I5Q6B_NrjW5R7wFovOzBkS8ur94lJpFmlv2bomYKC3GZOFcSqkgLKm5wKGh61DyjTqr6c_1E_AFOwxMWF5kjSLpCvbYX9o=&amp;amp;amp;amp;amp;amp;amp;originalReferer&amp;amp;amp;amp;amp;amp;amp;sessionRedirect=https:\\\/\\\/es.linkedin.com\\\/company\\\/racsa_cr\",\"https:\\\/\\\/www.youtube.com\\\/user\\\/RACSACOSTARICA\"]},{\"@type\":\"Person\",\"@id\":\"https:\\\/\\\/www.racsa.go.cr\\\/blog\\\/#\\\/schema\\\/person\\\/ec79d31370d6dc9aaa4365492bc04f4e\",\"name\":\"Mercadeo RACSA\",\"image\":{\"@type\":\"ImageObject\",\"inLanguage\":\"es-CR\",\"@id\":\"https:\\\/\\\/secure.gravatar.com\\\/avatar\\\/7b464a0e344d5a5f82f8b9ceb49dae1d41b1141998fb14d2046814a158d02734?s=96&d=mm&r=g\",\"url\":\"https:\\\/\\\/secure.gravatar.com\\\/avatar\\\/7b464a0e344d5a5f82f8b9ceb49dae1d41b1141998fb14d2046814a158d02734?s=96&d=mm&r=g\",\"contentUrl\":\"https:\\\/\\\/secure.gravatar.com\\\/avatar\\\/7b464a0e344d5a5f82f8b9ceb49dae1d41b1141998fb14d2046814a158d02734?s=96&d=mm&r=g\",\"caption\":\"Mercadeo RACSA\"}}]}<\/script>\n<!-- \/ Yoast SEO plugin. -->","yoast_head_json":{"title":"RACSA lidera la transformaci\u00f3n digital empresarial con soluciones en la nube a la medida - Blog de RACSA","robots":{"index":"index","follow":"follow","max-snippet":"max-snippet:-1","max-image-preview":"max-image-preview:large","max-video-preview":"max-video-preview:-1"},"canonical":"https:\/\/www.racsa.go.cr\/blog\/racsa-lidera-la-transformacion-digital-empresarial-con-soluciones-en-la-nube-a-la-medida\/","og_locale":"es_ES","og_type":"article","og_title":"RACSA lidera la transformaci\u00f3n digital empresarial con soluciones en la nube a la medida - Blog de RACSA","og_description":"Opciones para empresas privadas e instituciones gubernamentales garantizan una infraestructura \u00e1gil y segura En un...","og_url":"https:\/\/www.racsa.go.cr\/blog\/racsa-lidera-la-transformacion-digital-empresarial-con-soluciones-en-la-nube-a-la-medida\/","og_site_name":"Blog de RACSA","article_publisher":"https:\/\/m.facebook.com\/RACSACR\/","article_published_time":"2024-10-21T15:23:54+00:00","article_modified_time":"2024-10-21T15:25:16+00:00","og_image":[{"width":1024,"height":629,"url":"https:\/\/www.racsa.go.cr\/blog\/wp-content\/uploads\/2024\/10\/Captura-de-pantalla-2024-10-21-a-las-8.19.16\u202fa.-m-1024x629.png","type":"image\/png"}],"author":"Mercadeo RACSA","twitter_card":"summary_large_image","twitter_creator":"@RACSA_CR","twitter_site":"@RACSA_CR","twitter_misc":{"Written by":"Mercadeo RACSA","Est. reading time":"3 minutos"},"schema":{"@context":"https:\/\/schema.org","@graph":[{"@type":"Article","@id":"https:\/\/www.racsa.go.cr\/blog\/racsa-lidera-la-transformacion-digital-empresarial-con-soluciones-en-la-nube-a-la-medida\/#article","isPartOf":{"@id":"https:\/\/www.racsa.go.cr\/blog\/racsa-lidera-la-transformacion-digital-empresarial-con-soluciones-en-la-nube-a-la-medida\/"},"author":{"name":"Mercadeo RACSA","@id":"https:\/\/www.racsa.go.cr\/blog\/#\/schema\/person\/ec79d31370d6dc9aaa4365492bc04f4e"},"headline":"RACSA lidera la transformaci\u00f3n digital empresarial con soluciones en la nube a la medida","datePublished":"2024-10-21T15:23:54+00:00","dateModified":"2024-10-21T15:25:16+00:00","mainEntityOfPage":{"@id":"https:\/\/www.racsa.go.cr\/blog\/racsa-lidera-la-transformacion-digital-empresarial-con-soluciones-en-la-nube-a-la-medida\/"},"wordCount":636,"publisher":{"@id":"https:\/\/www.racsa.go.cr\/blog\/#organization"},"image":{"@id":"https:\/\/www.racsa.go.cr\/blog\/racsa-lidera-la-transformacion-digital-empresarial-con-soluciones-en-la-nube-a-la-medida\/#primaryimage"},"thumbnailUrl":"https:\/\/www.racsa.go.cr\/blog\/wp-content\/uploads\/2024\/10\/Captura-de-pantalla-2024-10-21-a-las-8.19.16\u202fa.-m.png","articleSection":["CLOUD","DATA CENTER"],"inLanguage":"es-CR"},{"@type":"WebPage","@id":"https:\/\/www.racsa.go.cr\/blog\/racsa-lidera-la-transformacion-digital-empresarial-con-soluciones-en-la-nube-a-la-medida\/","url":"https:\/\/www.racsa.go.cr\/blog\/racsa-lidera-la-transformacion-digital-empresarial-con-soluciones-en-la-nube-a-la-medida\/","name":"RACSA lidera la transformaci\u00f3n digital empresarial con soluciones en la nube a la medida - Blog de RACSA","isPartOf":{"@id":"https:\/\/www.racsa.go.cr\/blog\/#website"},"primaryImageOfPage":{"@id":"https:\/\/www.racsa.go.cr\/blog\/racsa-lidera-la-transformacion-digital-empresarial-con-soluciones-en-la-nube-a-la-medida\/#primaryimage"},"image":{"@id":"https:\/\/www.racsa.go.cr\/blog\/racsa-lidera-la-transformacion-digital-empresarial-con-soluciones-en-la-nube-a-la-medida\/#primaryimage"},"thumbnailUrl":"https:\/\/www.racsa.go.cr\/blog\/wp-content\/uploads\/2024\/10\/Captura-de-pantalla-2024-10-21-a-las-8.19.16\u202fa.-m.png","datePublished":"2024-10-21T15:23:54+00:00","dateModified":"2024-10-21T15:25:16+00:00","breadcrumb":{"@id":"https:\/\/www.racsa.go.cr\/blog\/racsa-lidera-la-transformacion-digital-empresarial-con-soluciones-en-la-nube-a-la-medida\/#breadcrumb"},"inLanguage":"es-CR","potentialAction":[{"@type":"ReadAction","target":["https:\/\/www.racsa.go.cr\/blog\/racsa-lidera-la-transformacion-digital-empresarial-con-soluciones-en-la-nube-a-la-medida\/"]}]},{"@type":"ImageObject","inLanguage":"es-CR","@id":"https:\/\/www.racsa.go.cr\/blog\/racsa-lidera-la-transformacion-digital-empresarial-con-soluciones-en-la-nube-a-la-medida\/#primaryimage","url":"https:\/\/www.racsa.go.cr\/blog\/wp-content\/uploads\/2024\/10\/Captura-de-pantalla-2024-10-21-a-las-8.19.16\u202fa.-m.png","contentUrl":"https:\/\/www.racsa.go.cr\/blog\/wp-content\/uploads\/2024\/10\/Captura-de-pantalla-2024-10-21-a-las-8.19.16\u202fa.-m.png","width":2616,"height":1608},{"@type":"BreadcrumbList","@id":"https:\/\/www.racsa.go.cr\/blog\/racsa-lidera-la-transformacion-digital-empresarial-con-soluciones-en-la-nube-a-la-medida\/#breadcrumb","itemListElement":[{"@type":"ListItem","position":1,"name":"Portada","item":"https:\/\/www.racsa.go.cr\/blog\/"},{"@type":"ListItem","position":2,"name":"RACSA lidera la transformaci\u00f3n digital empresarial con soluciones en la nube a la medida"}]},{"@type":"WebSite","@id":"https:\/\/www.racsa.go.cr\/blog\/#website","url":"https:\/\/www.racsa.go.cr\/blog\/","name":"Blog de RACSA","description":"Noticias y comunicados de inter\u00e9s","publisher":{"@id":"https:\/\/www.racsa.go.cr\/blog\/#organization"},"potentialAction":[{"@type":"SearchAction","target":{"@type":"EntryPoint","urlTemplate":"https:\/\/www.racsa.go.cr\/blog\/?s={search_term_string}"},"query-input":{"@type":"PropertyValueSpecification","valueRequired":true,"valueName":"search_term_string"}}],"inLanguage":"es-CR"},{"@type":"Organization","@id":"https:\/\/www.racsa.go.cr\/blog\/#organization","name":"RACSA","url":"https:\/\/www.racsa.go.cr\/blog\/","logo":{"@type":"ImageObject","inLanguage":"es-CR","@id":"https:\/\/www.racsa.go.cr\/blog\/#\/schema\/logo\/image\/","url":"https:\/\/www.racsa.go.cr\/blog\/wp-content\/uploads\/2020\/06\/logo-racsa-blog_Mesa-de-trabajo-1.png","contentUrl":"https:\/\/www.racsa.go.cr\/blog\/wp-content\/uploads\/2020\/06\/logo-racsa-blog_Mesa-de-trabajo-1.png","width":77,"height":50,"caption":"RACSA"},"image":{"@id":"https:\/\/www.racsa.go.cr\/blog\/#\/schema\/logo\/image\/"},"sameAs":["https:\/\/m.facebook.com\/RACSACR\/","https:\/\/x.com\/RACSA_CR","https:\/\/instagram.com\/racsa_cr?igshid=1xty3rwhqjj6p","https:\/\/www.linkedin.com\/authwall?trk=gf&amp;amp;amp;amp;amp;amp;amp;trkInfo=AQGkHPl9RaoQ9AAAAXXizZAgZzcQwi0sdfDTg7AF4I5Q6B_NrjW5R7wFovOzBkS8ur94lJpFmlv2bomYKC3GZOFcSqkgLKm5wKGh61DyjTqr6c_1E_AFOwxMWF5kjSLpCvbYX9o=&amp;amp;amp;amp;amp;amp;amp;originalReferer&amp;amp;amp;amp;amp;amp;amp;sessionRedirect=https:\/\/es.linkedin.com\/company\/racsa_cr","https:\/\/www.youtube.com\/user\/RACSACOSTARICA"]},{"@type":"Person","@id":"https:\/\/www.racsa.go.cr\/blog\/#\/schema\/person\/ec79d31370d6dc9aaa4365492bc04f4e","name":"Mercadeo RACSA","image":{"@type":"ImageObject","inLanguage":"es-CR","@id":"https:\/\/secure.gravatar.com\/avatar\/7b464a0e344d5a5f82f8b9ceb49dae1d41b1141998fb14d2046814a158d02734?s=96&d=mm&r=g","url":"https:\/\/secure.gravatar.com\/avatar\/7b464a0e344d5a5f82f8b9ceb49dae1d41b1141998fb14d2046814a158d02734?s=96&d=mm&r=g","contentUrl":"https:\/\/secure.gravatar.com\/avatar\/7b464a0e344d5a5f82f8b9ceb49dae1d41b1141998fb14d2046814a158d02734?s=96&d=mm&r=g","caption":"Mercadeo RACSA"}}]}},"_links":{"self":[{"href":"https:\/\/www.racsa.go.cr\/blog\/wp-json\/wp\/v2\/posts\/3453","targetHints":{"allow":["GET"]}}],"collection":[{"href":"https:\/\/www.racsa.go.cr\/blog\/wp-json\/wp\/v2\/posts"}],"about":[{"href":"https:\/\/www.racsa.go.cr\/blog\/wp-json\/wp\/v2\/types\/post"}],"author":[{"embeddable":true,"href":"https:\/\/www.racsa.go.cr\/blog\/wp-json\/wp\/v2\/users\/2"}],"replies":[{"embeddable":true,"href":"https:\/\/www.racsa.go.cr\/blog\/wp-json\/wp\/v2\/comments?post=3453"}],"version-history":[{"count":0,"href":"https:\/\/www.racsa.go.cr\/blog\/wp-json\/wp\/v2\/posts\/3453\/revisions"}],"wp:featuredmedia":[{"embeddable":true,"href":"https:\/\/www.racsa.go.cr\/blog\/wp-json\/wp\/v2\/media\/3454"}],"wp:attachment":[{"href":"https:\/\/www.racsa.go.cr\/blog\/wp-json\/wp\/v2\/media?parent=3453"}],"wp:term":[{"taxonomy":"category","embeddable":true,"href":"https:\/\/www.racsa.go.cr\/blog\/wp-json\/wp\/v2\/categories?post=3453"},{"taxonomy":"post_tag","embeddable":true,"href":"https:\/\/www.racsa.go.cr\/blog\/wp-json\/wp\/v2\/tags?post=3453"}],"curies":[{"name":"wp","href":"https:\/\/api.w.org\/{rel}","templated":true}]}}