{"id":3188,"date":"2024-03-20T13:11:35","date_gmt":"2024-03-20T19:11:35","guid":{"rendered":"https:\/\/www.racsa.go.cr\/blog\/?p=3188"},"modified":"2024-03-20T13:19:21","modified_gmt":"2024-03-20T19:19:21","slug":"racsa-lidera-la-era-5g-en-costa-rica-desplegando-la-primera-red-publica","status":"publish","type":"post","link":"https:\/\/www.racsa.go.cr\/blog\/racsa-lidera-la-era-5g-en-costa-rica-desplegando-la-primera-red-publica\/","title":{"rendered":"RACSA lidera la era 5G en Costa Rica desplegando la primera red p\u00fablica"},"content":{"rendered":"\n<p class=\"has-vivid-cyan-blue-color has-text-color has-link-color wp-elements-2df11baabe402ba6f9b5a525b9c3438d\">Soluci\u00f3n de internet inal\u00e1mbrico fijo promete mejor conectividad y una base confiable para innovaciones como\u00a0realidad aumentada y el Internet de las Cosas\u00a0<\/p>\n\n\n\n<p class=\"has-vivid-cyan-blue-color has-text-color has-link-color wp-elements-9af600aeb642ddcc55b1523d60359f4d\"><em>Pymes, empresas e instituciones p\u00fablicas podr\u00e1n contar con tecnolog\u00eda de clase mundial<\/em><\/p>\n\n\n\n<p>La primera red 5G p\u00fablica del pa\u00eds es una realidad gracias a RACSA, quien anunci\u00f3 el inicio de su despliegue estableciendo un nuevo est\u00e1ndar en conectividad para empresas e instituciones p\u00fablicas.<\/p>\n\n\n\n<p>Con esta&nbsp;hist\u00f3rica iniciativa, RACSA lidera la evoluci\u00f3n hacia una nueva era de conectividad, ofreciendo una infraestructura moderna y confiable para transformar la forma en que operan las organizaciones.<\/p>\n\n\n\n<p>&#8220;Estamos emocionados de lanzar la primera red 5G en Costa Rica, un precedente significativo en nuestra misi\u00f3n de liderar el desarrollo tecnol\u00f3gico del pa\u00eds.&nbsp; Esta tecnolog\u00eda no solo ofrece conexiones con altas velocidades, m\u00faltiples dispositivos conectados de manera simult\u00e1nea, sino que tambi\u00e9n tiene la capacidad de gestionar grandes vol\u00famenes de datos en tiempo real, lo que permite una transferencia de informaci\u00f3n m\u00e1s r\u00e1pida y eficiente.<\/p>\n\n\n\n<p>Es as\u00ed como RACSA dispondr\u00e1 de la capacidad para entregar soluciones integrales, mediante la suma de tecnolog\u00edas complementarias como Inteligencia Artificial, Realidad Virtual y Aumentada, el Internet de las Cosas, Machine Learning y An\u00e1lisis de Datos, lo que sin duda ser\u00e1 un impulso tecnol\u00f3gico para los diferentes sectores de nuestro pa\u00eds y un dinamizador de la econom\u00eda&#8221;, afirm\u00f3 Marco Meza, director de Negocios de RACSA.<\/p>\n\n\n\n<p>Los servicios de internet inal\u00e1mbrico fijo de RACSA contar\u00e1n con una instalaci\u00f3n sencilla y \u00e1gil, brindando as\u00ed una soluci\u00f3n integral en atenci\u00f3n a las demandas de conectividad del mundo actual, que podr\u00e1 ser utilizada por organizaciones de todos tipos y tama\u00f1os, abriendo especialmente una oportunidad para las pymes, con la promesa de una mayor productividad de la mano de tecnolog\u00eda de \u00faltima generaci\u00f3n.<\/p>\n\n\n\n<p>&#8220;Como ha sido nuestra naturaleza y gracias a la experiencia desarrollada, seguimos con el compromiso de entender las necesidades y demanda de los clientes, lo que nos permite ofrecer soluciones de alto valor con una atenci\u00f3n personalizada, lo cual sigue siendo reconocido en el mercado tanto p\u00fablico como privado, fortaleci\u00e9ndose as\u00ed la confianza en RACSA como proveedor e integrador de tecnolog\u00eda. De esto se nutre nuestra constante diversificaci\u00f3n del portafolio comercial con nuevos servicios como las Redes Empresariales 5G disponible desde setiembre del a\u00f1o pasado y el Internet Inal\u00e1mbrico Fijo con tecnolog\u00eda 5G, el cual estar\u00e1 disponible este a\u00f1o&#8221;, a\u00f1adi\u00f3 Meza.<\/p>\n\n\n\n<p>RACSA ha desempe\u00f1ado un papel fundamental en la implementaci\u00f3n y despliegue de la tecnolog\u00eda 5G en Costa Rica.&nbsp; Como pionera en el campo, se han llevado a cabo exhaustivas pruebas y ensayos que han demostrado la viabilidad y el potencial de esta innovadora red, siendo a inicios del 2023 cuando se habilit\u00f3 la primera radio base en el campus de la Universidad de Costa Rica en San Pedro de Montes de Oca.<\/p>\n\n\n\n<p>En el presente a\u00f1o, est\u00e1n despleg\u00e1ndose m\u00e1s estaciones base en diversos sectores del territorio nacional, marcando una nueva era tecnol\u00f3gica para el pa\u00eds.<\/p>\n\n\n\n<p>Paralelamente, RACSA fomenta alianzas con actores clave del pa\u00eds, tales como universidades (y el sector acad\u00e9mico en general), c\u00e1maras empresariales, y otros actores para garantizar que el despliegue y la operaci\u00f3n de esta tecnolog\u00eda se adopte de manera \u00f3ptima.<\/p>\n\n\n\n<p>\u201cEstas acciones son testimonio de nuestro compromiso permanente de estar a la vanguardia tecnol\u00f3gica y de nuestra dedicaci\u00f3n para ofrecer soluciones de alta calidad que impulsen el desarrollo econ\u00f3mico y social de pa\u00eds\u201d, finaliz\u00f3 Meza.<\/p>\n\n\n\n<p><strong>\u00a1Hagamos el futuro juntos!<\/strong><\/p>\n\n\n\n<p><\/p>\n\n\n\n<p>Integrador digital con una variedad de servicios:<\/p>\n\n\n\n<p>&#8211;\u00a0\u00a0\u00a0\u00a0\u00a0\u00a0\u00a0Integrador digital con una variedad de servicios:<\/p>\n\n\n\n<p>&#8211;&nbsp;&nbsp;&nbsp;&nbsp;&nbsp;&nbsp;&nbsp;Conectividad empresarial<\/p>\n\n\n\n<p>&#8211;&nbsp;&nbsp;&nbsp;&nbsp;&nbsp;&nbsp;&nbsp;Soluciones 5G<\/p>\n\n\n\n<p>&#8211;&nbsp;&nbsp;&nbsp;&nbsp;&nbsp;&nbsp;&nbsp;Soluciones digitales<\/p>\n\n\n\n<p>&#8211;&nbsp;&nbsp;&nbsp;&nbsp;&nbsp;&nbsp;&nbsp;Infraestructura y nube<\/p>\n\n\n\n<p>&#8211;&nbsp;&nbsp;&nbsp;&nbsp;&nbsp;&nbsp;&nbsp;Soluciones gestionadas<\/p>\n\n\n\n<p>&#8211;&nbsp;&nbsp;&nbsp;&nbsp;&nbsp;&nbsp;&nbsp;Soluciones para territorios Inteligentes<\/p>\n\n\n\n<p>M\u00e1s informaci\u00f3n en: www.racsa.go.cr<\/p>\n\n\n\n<figure class=\"wp-block-embed is-type-video is-provider-youtube wp-block-embed-youtube wp-embed-aspect-16-9 wp-has-aspect-ratio\"><div class=\"wp-block-embed__wrapper\">\n<iframe loading=\"lazy\" title=\"5G en Costa Rica\" width=\"640\" height=\"360\" src=\"https:\/\/www.youtube.com\/embed\/9PFStULCRgo?feature=oembed\" frameborder=\"0\" allow=\"accelerometer; autoplay; clipboard-write; encrypted-media; gyroscope; picture-in-picture; web-share\" referrerpolicy=\"strict-origin-when-cross-origin\" allowfullscreen><\/iframe>\n<\/div><\/figure>\n","protected":false},"excerpt":{"rendered":"<p>Soluci\u00f3n de internet inal\u00e1mbrico fijo promete mejor conectividad y una base confiable para innovaciones como\u00a0realidad&#8230;<\/p>\n","protected":false},"author":2,"featured_media":3186,"comment_status":"closed","ping_status":"closed","sticky":false,"template":"","format":"standard","meta":{"footnotes":""},"categories":[246,224,1,5],"tags":[],"class_list":["post-3188","post","type-post","status-publish","format-standard","has-post-thumbnail","hentry","category-5g","category-comunicado-racsa","category-internet-para-empresas-costa-rica","category-tecnologias-inalambricas"],"yoast_head":"<!-- This site is optimized with the Yoast SEO plugin v27.5 - https:\/\/yoast.com\/product\/yoast-seo-wordpress\/ -->\n<title>RACSA lidera la era 5G en Costa Rica desplegando la primera red p\u00fablica - Blog de RACSA<\/title>\n<meta name=\"robots\" content=\"index, follow, max-snippet:-1, max-image-preview:large, max-video-preview:-1\" \/>\n<link rel=\"canonical\" href=\"https:\/\/www.racsa.go.cr\/blog\/racsa-lidera-la-era-5g-en-costa-rica-desplegando-la-primera-red-publica\/\" \/>\n<meta property=\"og:locale\" content=\"es_ES\" \/>\n<meta property=\"og:type\" content=\"article\" \/>\n<meta property=\"og:title\" content=\"RACSA lidera la era 5G en Costa Rica desplegando la primera red p\u00fablica - Blog de RACSA\" \/>\n<meta property=\"og:description\" content=\"Soluci\u00f3n de internet inal\u00e1mbrico fijo promete mejor conectividad y una base confiable para innovaciones como\u00a0realidad...\" \/>\n<meta property=\"og:url\" content=\"https:\/\/www.racsa.go.cr\/blog\/racsa-lidera-la-era-5g-en-costa-rica-desplegando-la-primera-red-publica\/\" \/>\n<meta property=\"og:site_name\" content=\"Blog de RACSA\" \/>\n<meta property=\"article:publisher\" content=\"https:\/\/m.facebook.com\/RACSACR\/\" \/>\n<meta property=\"article:published_time\" content=\"2024-03-20T19:11:35+00:00\" \/>\n<meta property=\"article:modified_time\" content=\"2024-03-20T19:19:21+00:00\" \/>\n<meta property=\"og:image\" content=\"https:\/\/www.racsa.go.cr\/blog\/wp-content\/uploads\/2024\/03\/FWA-RACSA-scaled.jpg\" \/>\n\t<meta property=\"og:image:width\" content=\"2560\" \/>\n\t<meta property=\"og:image:height\" content=\"1440\" \/>\n\t<meta property=\"og:image:type\" content=\"image\/jpeg\" \/>\n<meta name=\"author\" content=\"Mercadeo RACSA\" \/>\n<meta name=\"twitter:card\" content=\"summary_large_image\" \/>\n<meta name=\"twitter:creator\" content=\"@RACSA_CR\" \/>\n<meta name=\"twitter:site\" content=\"@RACSA_CR\" \/>\n<meta name=\"twitter:label1\" content=\"Written by\" \/>\n\t<meta name=\"twitter:data1\" content=\"Mercadeo RACSA\" \/>\n\t<meta name=\"twitter:label2\" content=\"Est. reading time\" \/>\n\t<meta name=\"twitter:data2\" content=\"3 minutos\" \/>\n<script type=\"application\/ld+json\" class=\"yoast-schema-graph\">{\"@context\":\"https:\\\/\\\/schema.org\",\"@graph\":[{\"@type\":\"Article\",\"@id\":\"https:\\\/\\\/www.racsa.go.cr\\\/blog\\\/racsa-lidera-la-era-5g-en-costa-rica-desplegando-la-primera-red-publica\\\/#article\",\"isPartOf\":{\"@id\":\"https:\\\/\\\/www.racsa.go.cr\\\/blog\\\/racsa-lidera-la-era-5g-en-costa-rica-desplegando-la-primera-red-publica\\\/\"},\"author\":{\"name\":\"Mercadeo RACSA\",\"@id\":\"https:\\\/\\\/www.racsa.go.cr\\\/blog\\\/#\\\/schema\\\/person\\\/ec79d31370d6dc9aaa4365492bc04f4e\"},\"headline\":\"RACSA lidera la era 5G en Costa Rica desplegando la primera red p\u00fablica\",\"datePublished\":\"2024-03-20T19:11:35+00:00\",\"dateModified\":\"2024-03-20T19:19:21+00:00\",\"mainEntityOfPage\":{\"@id\":\"https:\\\/\\\/www.racsa.go.cr\\\/blog\\\/racsa-lidera-la-era-5g-en-costa-rica-desplegando-la-primera-red-publica\\\/\"},\"wordCount\":735,\"publisher\":{\"@id\":\"https:\\\/\\\/www.racsa.go.cr\\\/blog\\\/#organization\"},\"image\":{\"@id\":\"https:\\\/\\\/www.racsa.go.cr\\\/blog\\\/racsa-lidera-la-era-5g-en-costa-rica-desplegando-la-primera-red-publica\\\/#primaryimage\"},\"thumbnailUrl\":\"https:\\\/\\\/www.racsa.go.cr\\\/blog\\\/wp-content\\\/uploads\\\/2024\\\/03\\\/FWA-RACSA-scaled.jpg\",\"articleSection\":[\"5G\",\"COMUNICADO RACSA\",\"INTERNET PARA EMPRESAS COSTA RICA\",\"Tecnolog\u00edas Inal\u00e1mbricas\"],\"inLanguage\":\"es-CR\"},{\"@type\":\"WebPage\",\"@id\":\"https:\\\/\\\/www.racsa.go.cr\\\/blog\\\/racsa-lidera-la-era-5g-en-costa-rica-desplegando-la-primera-red-publica\\\/\",\"url\":\"https:\\\/\\\/www.racsa.go.cr\\\/blog\\\/racsa-lidera-la-era-5g-en-costa-rica-desplegando-la-primera-red-publica\\\/\",\"name\":\"RACSA lidera la era 5G en Costa Rica desplegando la primera red p\u00fablica - Blog de RACSA\",\"isPartOf\":{\"@id\":\"https:\\\/\\\/www.racsa.go.cr\\\/blog\\\/#website\"},\"primaryImageOfPage\":{\"@id\":\"https:\\\/\\\/www.racsa.go.cr\\\/blog\\\/racsa-lidera-la-era-5g-en-costa-rica-desplegando-la-primera-red-publica\\\/#primaryimage\"},\"image\":{\"@id\":\"https:\\\/\\\/www.racsa.go.cr\\\/blog\\\/racsa-lidera-la-era-5g-en-costa-rica-desplegando-la-primera-red-publica\\\/#primaryimage\"},\"thumbnailUrl\":\"https:\\\/\\\/www.racsa.go.cr\\\/blog\\\/wp-content\\\/uploads\\\/2024\\\/03\\\/FWA-RACSA-scaled.jpg\",\"datePublished\":\"2024-03-20T19:11:35+00:00\",\"dateModified\":\"2024-03-20T19:19:21+00:00\",\"breadcrumb\":{\"@id\":\"https:\\\/\\\/www.racsa.go.cr\\\/blog\\\/racsa-lidera-la-era-5g-en-costa-rica-desplegando-la-primera-red-publica\\\/#breadcrumb\"},\"inLanguage\":\"es-CR\",\"potentialAction\":[{\"@type\":\"ReadAction\",\"target\":[\"https:\\\/\\\/www.racsa.go.cr\\\/blog\\\/racsa-lidera-la-era-5g-en-costa-rica-desplegando-la-primera-red-publica\\\/\"]}]},{\"@type\":\"ImageObject\",\"inLanguage\":\"es-CR\",\"@id\":\"https:\\\/\\\/www.racsa.go.cr\\\/blog\\\/racsa-lidera-la-era-5g-en-costa-rica-desplegando-la-primera-red-publica\\\/#primaryimage\",\"url\":\"https:\\\/\\\/www.racsa.go.cr\\\/blog\\\/wp-content\\\/uploads\\\/2024\\\/03\\\/FWA-RACSA-scaled.jpg\",\"contentUrl\":\"https:\\\/\\\/www.racsa.go.cr\\\/blog\\\/wp-content\\\/uploads\\\/2024\\\/03\\\/FWA-RACSA-scaled.jpg\",\"width\":2560,\"height\":1440,\"caption\":\"RACSA, redefiniendo una vez m\u00e1s la conectividad en Costa Rica\"},{\"@type\":\"BreadcrumbList\",\"@id\":\"https:\\\/\\\/www.racsa.go.cr\\\/blog\\\/racsa-lidera-la-era-5g-en-costa-rica-desplegando-la-primera-red-publica\\\/#breadcrumb\",\"itemListElement\":[{\"@type\":\"ListItem\",\"position\":1,\"name\":\"Portada\",\"item\":\"https:\\\/\\\/www.racsa.go.cr\\\/blog\\\/\"},{\"@type\":\"ListItem\",\"position\":2,\"name\":\"RACSA lidera la era 5G en Costa Rica desplegando la primera red p\u00fablica\"}]},{\"@type\":\"WebSite\",\"@id\":\"https:\\\/\\\/www.racsa.go.cr\\\/blog\\\/#website\",\"url\":\"https:\\\/\\\/www.racsa.go.cr\\\/blog\\\/\",\"name\":\"Blog de RACSA\",\"description\":\"Noticias y comunicados de inter\u00e9s\",\"publisher\":{\"@id\":\"https:\\\/\\\/www.racsa.go.cr\\\/blog\\\/#organization\"},\"potentialAction\":[{\"@type\":\"SearchAction\",\"target\":{\"@type\":\"EntryPoint\",\"urlTemplate\":\"https:\\\/\\\/www.racsa.go.cr\\\/blog\\\/?s={search_term_string}\"},\"query-input\":{\"@type\":\"PropertyValueSpecification\",\"valueRequired\":true,\"valueName\":\"search_term_string\"}}],\"inLanguage\":\"es-CR\"},{\"@type\":\"Organization\",\"@id\":\"https:\\\/\\\/www.racsa.go.cr\\\/blog\\\/#organization\",\"name\":\"RACSA\",\"url\":\"https:\\\/\\\/www.racsa.go.cr\\\/blog\\\/\",\"logo\":{\"@type\":\"ImageObject\",\"inLanguage\":\"es-CR\",\"@id\":\"https:\\\/\\\/www.racsa.go.cr\\\/blog\\\/#\\\/schema\\\/logo\\\/image\\\/\",\"url\":\"https:\\\/\\\/www.racsa.go.cr\\\/blog\\\/wp-content\\\/uploads\\\/2020\\\/06\\\/logo-racsa-blog_Mesa-de-trabajo-1.png\",\"contentUrl\":\"https:\\\/\\\/www.racsa.go.cr\\\/blog\\\/wp-content\\\/uploads\\\/2020\\\/06\\\/logo-racsa-blog_Mesa-de-trabajo-1.png\",\"width\":77,\"height\":50,\"caption\":\"RACSA\"},\"image\":{\"@id\":\"https:\\\/\\\/www.racsa.go.cr\\\/blog\\\/#\\\/schema\\\/logo\\\/image\\\/\"},\"sameAs\":[\"https:\\\/\\\/m.facebook.com\\\/RACSACR\\\/\",\"https:\\\/\\\/x.com\\\/RACSA_CR\",\"https:\\\/\\\/instagram.com\\\/racsa_cr?igshid=1xty3rwhqjj6p\",\"https:\\\/\\\/www.linkedin.com\\\/authwall?trk=gf&amp;amp;amp;amp;amp;amp;amp;trkInfo=AQGkHPl9RaoQ9AAAAXXizZAgZzcQwi0sdfDTg7AF4I5Q6B_NrjW5R7wFovOzBkS8ur94lJpFmlv2bomYKC3GZOFcSqkgLKm5wKGh61DyjTqr6c_1E_AFOwxMWF5kjSLpCvbYX9o=&amp;amp;amp;amp;amp;amp;amp;originalReferer&amp;amp;amp;amp;amp;amp;amp;sessionRedirect=https:\\\/\\\/es.linkedin.com\\\/company\\\/racsa_cr\",\"https:\\\/\\\/www.youtube.com\\\/user\\\/RACSACOSTARICA\"]},{\"@type\":\"Person\",\"@id\":\"https:\\\/\\\/www.racsa.go.cr\\\/blog\\\/#\\\/schema\\\/person\\\/ec79d31370d6dc9aaa4365492bc04f4e\",\"name\":\"Mercadeo RACSA\",\"image\":{\"@type\":\"ImageObject\",\"inLanguage\":\"es-CR\",\"@id\":\"https:\\\/\\\/secure.gravatar.com\\\/avatar\\\/7b464a0e344d5a5f82f8b9ceb49dae1d41b1141998fb14d2046814a158d02734?s=96&d=mm&r=g\",\"url\":\"https:\\\/\\\/secure.gravatar.com\\\/avatar\\\/7b464a0e344d5a5f82f8b9ceb49dae1d41b1141998fb14d2046814a158d02734?s=96&d=mm&r=g\",\"contentUrl\":\"https:\\\/\\\/secure.gravatar.com\\\/avatar\\\/7b464a0e344d5a5f82f8b9ceb49dae1d41b1141998fb14d2046814a158d02734?s=96&d=mm&r=g\",\"caption\":\"Mercadeo RACSA\"}}]}<\/script>\n<!-- \/ Yoast SEO plugin. -->","yoast_head_json":{"title":"RACSA lidera la era 5G en Costa Rica desplegando la primera red p\u00fablica - Blog de RACSA","robots":{"index":"index","follow":"follow","max-snippet":"max-snippet:-1","max-image-preview":"max-image-preview:large","max-video-preview":"max-video-preview:-1"},"canonical":"https:\/\/www.racsa.go.cr\/blog\/racsa-lidera-la-era-5g-en-costa-rica-desplegando-la-primera-red-publica\/","og_locale":"es_ES","og_type":"article","og_title":"RACSA lidera la era 5G en Costa Rica desplegando la primera red p\u00fablica - Blog de RACSA","og_description":"Soluci\u00f3n de internet inal\u00e1mbrico fijo promete mejor conectividad y una base confiable para innovaciones como\u00a0realidad...","og_url":"https:\/\/www.racsa.go.cr\/blog\/racsa-lidera-la-era-5g-en-costa-rica-desplegando-la-primera-red-publica\/","og_site_name":"Blog de RACSA","article_publisher":"https:\/\/m.facebook.com\/RACSACR\/","article_published_time":"2024-03-20T19:11:35+00:00","article_modified_time":"2024-03-20T19:19:21+00:00","og_image":[{"width":2560,"height":1440,"url":"https:\/\/www.racsa.go.cr\/blog\/wp-content\/uploads\/2024\/03\/FWA-RACSA-scaled.jpg","type":"image\/jpeg"}],"author":"Mercadeo RACSA","twitter_card":"summary_large_image","twitter_creator":"@RACSA_CR","twitter_site":"@RACSA_CR","twitter_misc":{"Written by":"Mercadeo RACSA","Est. reading time":"3 minutos"},"schema":{"@context":"https:\/\/schema.org","@graph":[{"@type":"Article","@id":"https:\/\/www.racsa.go.cr\/blog\/racsa-lidera-la-era-5g-en-costa-rica-desplegando-la-primera-red-publica\/#article","isPartOf":{"@id":"https:\/\/www.racsa.go.cr\/blog\/racsa-lidera-la-era-5g-en-costa-rica-desplegando-la-primera-red-publica\/"},"author":{"name":"Mercadeo RACSA","@id":"https:\/\/www.racsa.go.cr\/blog\/#\/schema\/person\/ec79d31370d6dc9aaa4365492bc04f4e"},"headline":"RACSA lidera la era 5G en Costa Rica desplegando la primera red p\u00fablica","datePublished":"2024-03-20T19:11:35+00:00","dateModified":"2024-03-20T19:19:21+00:00","mainEntityOfPage":{"@id":"https:\/\/www.racsa.go.cr\/blog\/racsa-lidera-la-era-5g-en-costa-rica-desplegando-la-primera-red-publica\/"},"wordCount":735,"publisher":{"@id":"https:\/\/www.racsa.go.cr\/blog\/#organization"},"image":{"@id":"https:\/\/www.racsa.go.cr\/blog\/racsa-lidera-la-era-5g-en-costa-rica-desplegando-la-primera-red-publica\/#primaryimage"},"thumbnailUrl":"https:\/\/www.racsa.go.cr\/blog\/wp-content\/uploads\/2024\/03\/FWA-RACSA-scaled.jpg","articleSection":["5G","COMUNICADO RACSA","INTERNET PARA EMPRESAS COSTA RICA","Tecnolog\u00edas Inal\u00e1mbricas"],"inLanguage":"es-CR"},{"@type":"WebPage","@id":"https:\/\/www.racsa.go.cr\/blog\/racsa-lidera-la-era-5g-en-costa-rica-desplegando-la-primera-red-publica\/","url":"https:\/\/www.racsa.go.cr\/blog\/racsa-lidera-la-era-5g-en-costa-rica-desplegando-la-primera-red-publica\/","name":"RACSA lidera la era 5G en Costa Rica desplegando la primera red p\u00fablica - Blog de RACSA","isPartOf":{"@id":"https:\/\/www.racsa.go.cr\/blog\/#website"},"primaryImageOfPage":{"@id":"https:\/\/www.racsa.go.cr\/blog\/racsa-lidera-la-era-5g-en-costa-rica-desplegando-la-primera-red-publica\/#primaryimage"},"image":{"@id":"https:\/\/www.racsa.go.cr\/blog\/racsa-lidera-la-era-5g-en-costa-rica-desplegando-la-primera-red-publica\/#primaryimage"},"thumbnailUrl":"https:\/\/www.racsa.go.cr\/blog\/wp-content\/uploads\/2024\/03\/FWA-RACSA-scaled.jpg","datePublished":"2024-03-20T19:11:35+00:00","dateModified":"2024-03-20T19:19:21+00:00","breadcrumb":{"@id":"https:\/\/www.racsa.go.cr\/blog\/racsa-lidera-la-era-5g-en-costa-rica-desplegando-la-primera-red-publica\/#breadcrumb"},"inLanguage":"es-CR","potentialAction":[{"@type":"ReadAction","target":["https:\/\/www.racsa.go.cr\/blog\/racsa-lidera-la-era-5g-en-costa-rica-desplegando-la-primera-red-publica\/"]}]},{"@type":"ImageObject","inLanguage":"es-CR","@id":"https:\/\/www.racsa.go.cr\/blog\/racsa-lidera-la-era-5g-en-costa-rica-desplegando-la-primera-red-publica\/#primaryimage","url":"https:\/\/www.racsa.go.cr\/blog\/wp-content\/uploads\/2024\/03\/FWA-RACSA-scaled.jpg","contentUrl":"https:\/\/www.racsa.go.cr\/blog\/wp-content\/uploads\/2024\/03\/FWA-RACSA-scaled.jpg","width":2560,"height":1440,"caption":"RACSA, redefiniendo una vez m\u00e1s la conectividad en Costa Rica"},{"@type":"BreadcrumbList","@id":"https:\/\/www.racsa.go.cr\/blog\/racsa-lidera-la-era-5g-en-costa-rica-desplegando-la-primera-red-publica\/#breadcrumb","itemListElement":[{"@type":"ListItem","position":1,"name":"Portada","item":"https:\/\/www.racsa.go.cr\/blog\/"},{"@type":"ListItem","position":2,"name":"RACSA lidera la era 5G en Costa Rica desplegando la primera red p\u00fablica"}]},{"@type":"WebSite","@id":"https:\/\/www.racsa.go.cr\/blog\/#website","url":"https:\/\/www.racsa.go.cr\/blog\/","name":"Blog de RACSA","description":"Noticias y comunicados de inter\u00e9s","publisher":{"@id":"https:\/\/www.racsa.go.cr\/blog\/#organization"},"potentialAction":[{"@type":"SearchAction","target":{"@type":"EntryPoint","urlTemplate":"https:\/\/www.racsa.go.cr\/blog\/?s={search_term_string}"},"query-input":{"@type":"PropertyValueSpecification","valueRequired":true,"valueName":"search_term_string"}}],"inLanguage":"es-CR"},{"@type":"Organization","@id":"https:\/\/www.racsa.go.cr\/blog\/#organization","name":"RACSA","url":"https:\/\/www.racsa.go.cr\/blog\/","logo":{"@type":"ImageObject","inLanguage":"es-CR","@id":"https:\/\/www.racsa.go.cr\/blog\/#\/schema\/logo\/image\/","url":"https:\/\/www.racsa.go.cr\/blog\/wp-content\/uploads\/2020\/06\/logo-racsa-blog_Mesa-de-trabajo-1.png","contentUrl":"https:\/\/www.racsa.go.cr\/blog\/wp-content\/uploads\/2020\/06\/logo-racsa-blog_Mesa-de-trabajo-1.png","width":77,"height":50,"caption":"RACSA"},"image":{"@id":"https:\/\/www.racsa.go.cr\/blog\/#\/schema\/logo\/image\/"},"sameAs":["https:\/\/m.facebook.com\/RACSACR\/","https:\/\/x.com\/RACSA_CR","https:\/\/instagram.com\/racsa_cr?igshid=1xty3rwhqjj6p","https:\/\/www.linkedin.com\/authwall?trk=gf&amp;amp;amp;amp;amp;amp;amp;trkInfo=AQGkHPl9RaoQ9AAAAXXizZAgZzcQwi0sdfDTg7AF4I5Q6B_NrjW5R7wFovOzBkS8ur94lJpFmlv2bomYKC3GZOFcSqkgLKm5wKGh61DyjTqr6c_1E_AFOwxMWF5kjSLpCvbYX9o=&amp;amp;amp;amp;amp;amp;amp;originalReferer&amp;amp;amp;amp;amp;amp;amp;sessionRedirect=https:\/\/es.linkedin.com\/company\/racsa_cr","https:\/\/www.youtube.com\/user\/RACSACOSTARICA"]},{"@type":"Person","@id":"https:\/\/www.racsa.go.cr\/blog\/#\/schema\/person\/ec79d31370d6dc9aaa4365492bc04f4e","name":"Mercadeo RACSA","image":{"@type":"ImageObject","inLanguage":"es-CR","@id":"https:\/\/secure.gravatar.com\/avatar\/7b464a0e344d5a5f82f8b9ceb49dae1d41b1141998fb14d2046814a158d02734?s=96&d=mm&r=g","url":"https:\/\/secure.gravatar.com\/avatar\/7b464a0e344d5a5f82f8b9ceb49dae1d41b1141998fb14d2046814a158d02734?s=96&d=mm&r=g","contentUrl":"https:\/\/secure.gravatar.com\/avatar\/7b464a0e344d5a5f82f8b9ceb49dae1d41b1141998fb14d2046814a158d02734?s=96&d=mm&r=g","caption":"Mercadeo RACSA"}}]}},"_links":{"self":[{"href":"https:\/\/www.racsa.go.cr\/blog\/wp-json\/wp\/v2\/posts\/3188","targetHints":{"allow":["GET"]}}],"collection":[{"href":"https:\/\/www.racsa.go.cr\/blog\/wp-json\/wp\/v2\/posts"}],"about":[{"href":"https:\/\/www.racsa.go.cr\/blog\/wp-json\/wp\/v2\/types\/post"}],"author":[{"embeddable":true,"href":"https:\/\/www.racsa.go.cr\/blog\/wp-json\/wp\/v2\/users\/2"}],"replies":[{"embeddable":true,"href":"https:\/\/www.racsa.go.cr\/blog\/wp-json\/wp\/v2\/comments?post=3188"}],"version-history":[{"count":0,"href":"https:\/\/www.racsa.go.cr\/blog\/wp-json\/wp\/v2\/posts\/3188\/revisions"}],"wp:featuredmedia":[{"embeddable":true,"href":"https:\/\/www.racsa.go.cr\/blog\/wp-json\/wp\/v2\/media\/3186"}],"wp:attachment":[{"href":"https:\/\/www.racsa.go.cr\/blog\/wp-json\/wp\/v2\/media?parent=3188"}],"wp:term":[{"taxonomy":"category","embeddable":true,"href":"https:\/\/www.racsa.go.cr\/blog\/wp-json\/wp\/v2\/categories?post=3188"},{"taxonomy":"post_tag","embeddable":true,"href":"https:\/\/www.racsa.go.cr\/blog\/wp-json\/wp\/v2\/tags?post=3188"}],"curies":[{"name":"wp","href":"https:\/\/api.w.org\/{rel}","templated":true}]}}