{"id":2948,"date":"2023-09-08T23:06:28","date_gmt":"2023-09-09T05:06:28","guid":{"rendered":"https:\/\/www.racsa.go.cr\/blog\/?p=2948"},"modified":"2023-09-12T12:20:20","modified_gmt":"2023-09-12T18:20:20","slug":"racsa-anuncia-estrategia-empresarial-2024-2027-bajo-enfoque-de-innovacion-y-triple-utilidad-de-la-marca","status":"publish","type":"post","link":"https:\/\/www.racsa.go.cr\/blog\/racsa-anuncia-estrategia-empresarial-2024-2027-bajo-enfoque-de-innovacion-y-triple-utilidad-de-la-marca\/","title":{"rendered":"RACSA anuncia Estrategia Empresarial 2024-2027 bajo enfoque de innovaci\u00f3n y triple utilidad de la marca"},"content":{"rendered":"\n<p>En su firme compromiso con el avance tecnol\u00f3gico del pa\u00eds y la mejora continua de sus servicios, este 8 de setiembre Radiogr\u00e1fica Costarricense S.A. (RACSA) present\u00f3 la Estrategia Empresarial 2024-2027 que marca el mapa de ruta para el desarrollo de los procesos y las capacidades t\u00e9cnicas que consoliden su rol como Integrador Digital Especializado del Estado.<\/p>\n\n\n\n<p>RACSA se proyecta como una marca de triple utilidad, aportando valor en tres \u00e1mbitos estrat\u00e9gicos Econ\u00f3mico \u2013 Social \u2013 Ambiental, bajo un enfoque de agilidad en la prestaci\u00f3n de servicios y el desarrollo de un ecosistema digital 5.0. orientado a la adopci\u00f3n de tecnolog\u00edas en la nube para apoyar a los clientes en los esfuerzos de optimizaci\u00f3n y disponibilidad de infraestructuras cr\u00edticas.<\/p>\n\n\n\n<p>La meta de RACSA en los pr\u00f3ximos cinco a\u00f1os es invertir alrededor de USD 100 millones de d\u00f3lares en proyectos de impacto pa\u00eds, que abarcar\u00e1 una amplia gama de \u00e1reas, desde esc\u00e1neres, digitalizaci\u00f3n de tr\u00e1mites, hasta internet satelital y servicios 5G, para fortalecer la infraestructura tecnol\u00f3gica del pa\u00eds y mejorar la vida de los ciudadanos.<\/p>\n\n\n\n<p>\u201cHoy con el brazo de RACSA, arrojamos una visi\u00f3n hacia el futuro, para que herramientas como la tecnolog\u00eda 5G, que pronto ser\u00e1 una realidad en nuestro pa\u00eds, sean el motor que impulse la movilidad urbana, la seguridad ciudadana, educaci\u00f3n, salud, agroindustria, por citar algunos temas que nos impactan a todos, y mejorar as\u00ed de manera significativa la calidad de vida de las personas\u201d, indic\u00f3 el presidente de la Rep\u00fablica, Sr. Rodrigo Chaves Robles.<\/p>\n\n\n\n<p>Adem\u00e1s, se destinar\u00e1n USD 10 millones de d\u00f3lares a la creaci\u00f3n de un Centro de Gesti\u00f3n de Seguridad, que garantizar\u00e1 conexiones seguras tanto para instituciones como para empresas.<\/p>\n\n\n\n<p>La empresa estableci\u00f3 acuerdos estrat\u00e9gicos con los principales fabricantes y desarrolladores de tecnolog\u00eda a nivel global, incluyendo marcas como Cisco, Nokia, Oracle, Microso\u2002, AWS y SAP, entre otros, lo que convierte a RACSA en un integrador de soluciones seguras y con\u2002ables en l\u00ednea con el Acuerdo de Budapest, en temas de seguridad.<\/p>\n\n\n\n<p>RACSA cuenta con una s\u00f3lida experiencia en la administraci\u00f3n de plataformas de alto volumen transaccional, que en la actualidad incluye SICOP, TDCAR, Salud Digital 2.0 y Migraci\u00f3n Digital, entre otras. A nivel de recurso humano, la empresa ha reforzado su fuerza laboral con cerca 200 personas de zonas lejanas que vienen a apoyar al Sr. Mauricio Barrantes, Gerente General de RACSA concluy\u00f3, que a nivel de recurso humano la empresa ha contratado cerca de 200 personas en zonas rurales que se integran a la fuerza laboral y apoyan proyectos estrat\u00e9gicos, lo que refleja el ADN de nuestra empresa centenaria para evolucionar al ritmo que el pa\u00eds necesita, consolidar el rol de Integrado Digital Especializado y aportar calidad de vida a los ciudadanos, con servicios transparentes, seguros y disponibles.<\/p>\n\n\n\n<figure class=\"wp-block-image size-large\"><img loading=\"lazy\" decoding=\"async\" width=\"1024\" height=\"652\" src=\"https:\/\/www.racsa.go.cr\/blog\/wp-content\/uploads\/2023\/09\/376478632_693609666127676_1355145742931723967_n-1024x652.jpg\" alt=\"\" class=\"wp-image-2954\" srcset=\"https:\/\/www.racsa.go.cr\/blog\/wp-content\/uploads\/2023\/09\/376478632_693609666127676_1355145742931723967_n-1024x652.jpg 1024w, https:\/\/www.racsa.go.cr\/blog\/wp-content\/uploads\/2023\/09\/376478632_693609666127676_1355145742931723967_n-300x191.jpg 300w, https:\/\/www.racsa.go.cr\/blog\/wp-content\/uploads\/2023\/09\/376478632_693609666127676_1355145742931723967_n-768x489.jpg 768w, https:\/\/www.racsa.go.cr\/blog\/wp-content\/uploads\/2023\/09\/376478632_693609666127676_1355145742931723967_n.jpg 1440w\" sizes=\"auto, (max-width: 1024px) 100vw, 1024px\" \/><\/figure>\n\n\n\n<figure class=\"wp-block-image size-large\"><img loading=\"lazy\" decoding=\"async\" width=\"1024\" height=\"652\" src=\"https:\/\/www.racsa.go.cr\/blog\/wp-content\/uploads\/2023\/09\/01-1024x652.jpg\" alt=\"\" class=\"wp-image-2953\" srcset=\"https:\/\/www.racsa.go.cr\/blog\/wp-content\/uploads\/2023\/09\/01-1024x652.jpg 1024w, https:\/\/www.racsa.go.cr\/blog\/wp-content\/uploads\/2023\/09\/01-300x191.jpg 300w, https:\/\/www.racsa.go.cr\/blog\/wp-content\/uploads\/2023\/09\/01-768x489.jpg 768w, https:\/\/www.racsa.go.cr\/blog\/wp-content\/uploads\/2023\/09\/01.jpg 1440w\" sizes=\"auto, (max-width: 1024px) 100vw, 1024px\" \/><\/figure>\n","protected":false},"excerpt":{"rendered":"<p>En su firme compromiso con el avance tecnol\u00f3gico del pa\u00eds y la mejora continua de&#8230;<\/p>\n","protected":false},"author":2,"featured_media":2950,"comment_status":"closed","ping_status":"closed","sticky":false,"template":"","format":"standard","meta":{"footnotes":""},"categories":[1],"tags":[],"class_list":["post-2948","post","type-post","status-publish","format-standard","has-post-thumbnail","hentry","category-internet-para-empresas-costa-rica"],"yoast_head":"<!-- This site is optimized with the Yoast SEO plugin v27.5 - https:\/\/yoast.com\/product\/yoast-seo-wordpress\/ -->\n<title>RACSA anuncia Estrategia Empresarial 2024-2027 bajo enfoque de innovaci\u00f3n y triple utilidad de la marca - Blog de RACSA<\/title>\n<meta name=\"robots\" content=\"index, follow, max-snippet:-1, max-image-preview:large, max-video-preview:-1\" \/>\n<link rel=\"canonical\" href=\"https:\/\/www.racsa.go.cr\/blog\/racsa-anuncia-estrategia-empresarial-2024-2027-bajo-enfoque-de-innovacion-y-triple-utilidad-de-la-marca\/\" \/>\n<meta property=\"og:locale\" content=\"es_ES\" \/>\n<meta property=\"og:type\" content=\"article\" \/>\n<meta property=\"og:title\" content=\"RACSA anuncia Estrategia Empresarial 2024-2027 bajo enfoque de innovaci\u00f3n y triple utilidad de la marca - Blog de RACSA\" \/>\n<meta property=\"og:description\" content=\"En su firme compromiso con el avance tecnol\u00f3gico del pa\u00eds y la mejora continua de...\" \/>\n<meta property=\"og:url\" content=\"https:\/\/www.racsa.go.cr\/blog\/racsa-anuncia-estrategia-empresarial-2024-2027-bajo-enfoque-de-innovacion-y-triple-utilidad-de-la-marca\/\" \/>\n<meta property=\"og:site_name\" content=\"Blog de RACSA\" \/>\n<meta property=\"article:publisher\" content=\"https:\/\/m.facebook.com\/RACSACR\/\" \/>\n<meta property=\"article:published_time\" content=\"2023-09-09T05:06:28+00:00\" \/>\n<meta property=\"article:modified_time\" content=\"2023-09-12T18:20:20+00:00\" \/>\n<meta property=\"og:image\" content=\"https:\/\/www.racsa.go.cr\/blog\/wp-content\/uploads\/2023\/09\/376411598_693609659461010_2213305056635842452_n.jpg\" \/>\n\t<meta property=\"og:image:width\" content=\"1440\" \/>\n\t<meta property=\"og:image:height\" content=\"915\" \/>\n\t<meta property=\"og:image:type\" content=\"image\/jpeg\" \/>\n<meta name=\"author\" content=\"Mercadeo RACSA\" \/>\n<meta name=\"twitter:card\" content=\"summary_large_image\" \/>\n<meta name=\"twitter:creator\" content=\"@RACSA_CR\" \/>\n<meta name=\"twitter:site\" content=\"@RACSA_CR\" \/>\n<meta name=\"twitter:label1\" content=\"Written by\" \/>\n\t<meta name=\"twitter:data1\" content=\"Mercadeo RACSA\" \/>\n\t<meta name=\"twitter:label2\" content=\"Est. reading time\" \/>\n\t<meta name=\"twitter:data2\" content=\"3 minutos\" \/>\n<script type=\"application\/ld+json\" class=\"yoast-schema-graph\">{\"@context\":\"https:\\\/\\\/schema.org\",\"@graph\":[{\"@type\":\"Article\",\"@id\":\"https:\\\/\\\/www.racsa.go.cr\\\/blog\\\/racsa-anuncia-estrategia-empresarial-2024-2027-bajo-enfoque-de-innovacion-y-triple-utilidad-de-la-marca\\\/#article\",\"isPartOf\":{\"@id\":\"https:\\\/\\\/www.racsa.go.cr\\\/blog\\\/racsa-anuncia-estrategia-empresarial-2024-2027-bajo-enfoque-de-innovacion-y-triple-utilidad-de-la-marca\\\/\"},\"author\":{\"name\":\"Mercadeo RACSA\",\"@id\":\"https:\\\/\\\/www.racsa.go.cr\\\/blog\\\/#\\\/schema\\\/person\\\/ec79d31370d6dc9aaa4365492bc04f4e\"},\"headline\":\"RACSA anuncia Estrategia Empresarial 2024-2027 bajo enfoque de innovaci\u00f3n y triple utilidad de la marca\",\"datePublished\":\"2023-09-09T05:06:28+00:00\",\"dateModified\":\"2023-09-12T18:20:20+00:00\",\"mainEntityOfPage\":{\"@id\":\"https:\\\/\\\/www.racsa.go.cr\\\/blog\\\/racsa-anuncia-estrategia-empresarial-2024-2027-bajo-enfoque-de-innovacion-y-triple-utilidad-de-la-marca\\\/\"},\"wordCount\":501,\"publisher\":{\"@id\":\"https:\\\/\\\/www.racsa.go.cr\\\/blog\\\/#organization\"},\"image\":{\"@id\":\"https:\\\/\\\/www.racsa.go.cr\\\/blog\\\/racsa-anuncia-estrategia-empresarial-2024-2027-bajo-enfoque-de-innovacion-y-triple-utilidad-de-la-marca\\\/#primaryimage\"},\"thumbnailUrl\":\"https:\\\/\\\/www.racsa.go.cr\\\/blog\\\/wp-content\\\/uploads\\\/2023\\\/09\\\/376411598_693609659461010_2213305056635842452_n.jpg\",\"articleSection\":[\"INTERNET PARA EMPRESAS COSTA RICA\"],\"inLanguage\":\"es-CR\"},{\"@type\":\"WebPage\",\"@id\":\"https:\\\/\\\/www.racsa.go.cr\\\/blog\\\/racsa-anuncia-estrategia-empresarial-2024-2027-bajo-enfoque-de-innovacion-y-triple-utilidad-de-la-marca\\\/\",\"url\":\"https:\\\/\\\/www.racsa.go.cr\\\/blog\\\/racsa-anuncia-estrategia-empresarial-2024-2027-bajo-enfoque-de-innovacion-y-triple-utilidad-de-la-marca\\\/\",\"name\":\"RACSA anuncia Estrategia Empresarial 2024-2027 bajo enfoque de innovaci\u00f3n y triple utilidad de la marca - Blog de RACSA\",\"isPartOf\":{\"@id\":\"https:\\\/\\\/www.racsa.go.cr\\\/blog\\\/#website\"},\"primaryImageOfPage\":{\"@id\":\"https:\\\/\\\/www.racsa.go.cr\\\/blog\\\/racsa-anuncia-estrategia-empresarial-2024-2027-bajo-enfoque-de-innovacion-y-triple-utilidad-de-la-marca\\\/#primaryimage\"},\"image\":{\"@id\":\"https:\\\/\\\/www.racsa.go.cr\\\/blog\\\/racsa-anuncia-estrategia-empresarial-2024-2027-bajo-enfoque-de-innovacion-y-triple-utilidad-de-la-marca\\\/#primaryimage\"},\"thumbnailUrl\":\"https:\\\/\\\/www.racsa.go.cr\\\/blog\\\/wp-content\\\/uploads\\\/2023\\\/09\\\/376411598_693609659461010_2213305056635842452_n.jpg\",\"datePublished\":\"2023-09-09T05:06:28+00:00\",\"dateModified\":\"2023-09-12T18:20:20+00:00\",\"breadcrumb\":{\"@id\":\"https:\\\/\\\/www.racsa.go.cr\\\/blog\\\/racsa-anuncia-estrategia-empresarial-2024-2027-bajo-enfoque-de-innovacion-y-triple-utilidad-de-la-marca\\\/#breadcrumb\"},\"inLanguage\":\"es-CR\",\"potentialAction\":[{\"@type\":\"ReadAction\",\"target\":[\"https:\\\/\\\/www.racsa.go.cr\\\/blog\\\/racsa-anuncia-estrategia-empresarial-2024-2027-bajo-enfoque-de-innovacion-y-triple-utilidad-de-la-marca\\\/\"]}]},{\"@type\":\"ImageObject\",\"inLanguage\":\"es-CR\",\"@id\":\"https:\\\/\\\/www.racsa.go.cr\\\/blog\\\/racsa-anuncia-estrategia-empresarial-2024-2027-bajo-enfoque-de-innovacion-y-triple-utilidad-de-la-marca\\\/#primaryimage\",\"url\":\"https:\\\/\\\/www.racsa.go.cr\\\/blog\\\/wp-content\\\/uploads\\\/2023\\\/09\\\/376411598_693609659461010_2213305056635842452_n.jpg\",\"contentUrl\":\"https:\\\/\\\/www.racsa.go.cr\\\/blog\\\/wp-content\\\/uploads\\\/2023\\\/09\\\/376411598_693609659461010_2213305056635842452_n.jpg\",\"width\":1440,\"height\":915,\"caption\":\"Mapa de ruta propone consolidaci\u00f3n de RACSA como Integrador Digital Especializado del Estado.\"},{\"@type\":\"BreadcrumbList\",\"@id\":\"https:\\\/\\\/www.racsa.go.cr\\\/blog\\\/racsa-anuncia-estrategia-empresarial-2024-2027-bajo-enfoque-de-innovacion-y-triple-utilidad-de-la-marca\\\/#breadcrumb\",\"itemListElement\":[{\"@type\":\"ListItem\",\"position\":1,\"name\":\"Portada\",\"item\":\"https:\\\/\\\/www.racsa.go.cr\\\/blog\\\/\"},{\"@type\":\"ListItem\",\"position\":2,\"name\":\"RACSA anuncia Estrategia Empresarial 2024-2027 bajo enfoque de innovaci\u00f3n y triple utilidad de la marca\"}]},{\"@type\":\"WebSite\",\"@id\":\"https:\\\/\\\/www.racsa.go.cr\\\/blog\\\/#website\",\"url\":\"https:\\\/\\\/www.racsa.go.cr\\\/blog\\\/\",\"name\":\"Blog de RACSA\",\"description\":\"Noticias y comunicados de inter\u00e9s\",\"publisher\":{\"@id\":\"https:\\\/\\\/www.racsa.go.cr\\\/blog\\\/#organization\"},\"potentialAction\":[{\"@type\":\"SearchAction\",\"target\":{\"@type\":\"EntryPoint\",\"urlTemplate\":\"https:\\\/\\\/www.racsa.go.cr\\\/blog\\\/?s={search_term_string}\"},\"query-input\":{\"@type\":\"PropertyValueSpecification\",\"valueRequired\":true,\"valueName\":\"search_term_string\"}}],\"inLanguage\":\"es-CR\"},{\"@type\":\"Organization\",\"@id\":\"https:\\\/\\\/www.racsa.go.cr\\\/blog\\\/#organization\",\"name\":\"RACSA\",\"url\":\"https:\\\/\\\/www.racsa.go.cr\\\/blog\\\/\",\"logo\":{\"@type\":\"ImageObject\",\"inLanguage\":\"es-CR\",\"@id\":\"https:\\\/\\\/www.racsa.go.cr\\\/blog\\\/#\\\/schema\\\/logo\\\/image\\\/\",\"url\":\"https:\\\/\\\/www.racsa.go.cr\\\/blog\\\/wp-content\\\/uploads\\\/2020\\\/06\\\/logo-racsa-blog_Mesa-de-trabajo-1.png\",\"contentUrl\":\"https:\\\/\\\/www.racsa.go.cr\\\/blog\\\/wp-content\\\/uploads\\\/2020\\\/06\\\/logo-racsa-blog_Mesa-de-trabajo-1.png\",\"width\":77,\"height\":50,\"caption\":\"RACSA\"},\"image\":{\"@id\":\"https:\\\/\\\/www.racsa.go.cr\\\/blog\\\/#\\\/schema\\\/logo\\\/image\\\/\"},\"sameAs\":[\"https:\\\/\\\/m.facebook.com\\\/RACSACR\\\/\",\"https:\\\/\\\/x.com\\\/RACSA_CR\",\"https:\\\/\\\/instagram.com\\\/racsa_cr?igshid=1xty3rwhqjj6p\",\"https:\\\/\\\/www.linkedin.com\\\/authwall?trk=gf&amp;amp;amp;amp;amp;amp;amp;trkInfo=AQGkHPl9RaoQ9AAAAXXizZAgZzcQwi0sdfDTg7AF4I5Q6B_NrjW5R7wFovOzBkS8ur94lJpFmlv2bomYKC3GZOFcSqkgLKm5wKGh61DyjTqr6c_1E_AFOwxMWF5kjSLpCvbYX9o=&amp;amp;amp;amp;amp;amp;amp;originalReferer&amp;amp;amp;amp;amp;amp;amp;sessionRedirect=https:\\\/\\\/es.linkedin.com\\\/company\\\/racsa_cr\",\"https:\\\/\\\/www.youtube.com\\\/user\\\/RACSACOSTARICA\"]},{\"@type\":\"Person\",\"@id\":\"https:\\\/\\\/www.racsa.go.cr\\\/blog\\\/#\\\/schema\\\/person\\\/ec79d31370d6dc9aaa4365492bc04f4e\",\"name\":\"Mercadeo RACSA\",\"image\":{\"@type\":\"ImageObject\",\"inLanguage\":\"es-CR\",\"@id\":\"https:\\\/\\\/secure.gravatar.com\\\/avatar\\\/7b464a0e344d5a5f82f8b9ceb49dae1d41b1141998fb14d2046814a158d02734?s=96&d=mm&r=g\",\"url\":\"https:\\\/\\\/secure.gravatar.com\\\/avatar\\\/7b464a0e344d5a5f82f8b9ceb49dae1d41b1141998fb14d2046814a158d02734?s=96&d=mm&r=g\",\"contentUrl\":\"https:\\\/\\\/secure.gravatar.com\\\/avatar\\\/7b464a0e344d5a5f82f8b9ceb49dae1d41b1141998fb14d2046814a158d02734?s=96&d=mm&r=g\",\"caption\":\"Mercadeo RACSA\"}}]}<\/script>\n<!-- \/ Yoast SEO plugin. -->","yoast_head_json":{"title":"RACSA anuncia Estrategia Empresarial 2024-2027 bajo enfoque de innovaci\u00f3n y triple utilidad de la marca - Blog de RACSA","robots":{"index":"index","follow":"follow","max-snippet":"max-snippet:-1","max-image-preview":"max-image-preview:large","max-video-preview":"max-video-preview:-1"},"canonical":"https:\/\/www.racsa.go.cr\/blog\/racsa-anuncia-estrategia-empresarial-2024-2027-bajo-enfoque-de-innovacion-y-triple-utilidad-de-la-marca\/","og_locale":"es_ES","og_type":"article","og_title":"RACSA anuncia Estrategia Empresarial 2024-2027 bajo enfoque de innovaci\u00f3n y triple utilidad de la marca - Blog de RACSA","og_description":"En su firme compromiso con el avance tecnol\u00f3gico del pa\u00eds y la mejora continua de...","og_url":"https:\/\/www.racsa.go.cr\/blog\/racsa-anuncia-estrategia-empresarial-2024-2027-bajo-enfoque-de-innovacion-y-triple-utilidad-de-la-marca\/","og_site_name":"Blog de RACSA","article_publisher":"https:\/\/m.facebook.com\/RACSACR\/","article_published_time":"2023-09-09T05:06:28+00:00","article_modified_time":"2023-09-12T18:20:20+00:00","og_image":[{"width":1440,"height":915,"url":"https:\/\/www.racsa.go.cr\/blog\/wp-content\/uploads\/2023\/09\/376411598_693609659461010_2213305056635842452_n.jpg","type":"image\/jpeg"}],"author":"Mercadeo RACSA","twitter_card":"summary_large_image","twitter_creator":"@RACSA_CR","twitter_site":"@RACSA_CR","twitter_misc":{"Written by":"Mercadeo RACSA","Est. reading time":"3 minutos"},"schema":{"@context":"https:\/\/schema.org","@graph":[{"@type":"Article","@id":"https:\/\/www.racsa.go.cr\/blog\/racsa-anuncia-estrategia-empresarial-2024-2027-bajo-enfoque-de-innovacion-y-triple-utilidad-de-la-marca\/#article","isPartOf":{"@id":"https:\/\/www.racsa.go.cr\/blog\/racsa-anuncia-estrategia-empresarial-2024-2027-bajo-enfoque-de-innovacion-y-triple-utilidad-de-la-marca\/"},"author":{"name":"Mercadeo RACSA","@id":"https:\/\/www.racsa.go.cr\/blog\/#\/schema\/person\/ec79d31370d6dc9aaa4365492bc04f4e"},"headline":"RACSA anuncia Estrategia Empresarial 2024-2027 bajo enfoque de innovaci\u00f3n y triple utilidad de la marca","datePublished":"2023-09-09T05:06:28+00:00","dateModified":"2023-09-12T18:20:20+00:00","mainEntityOfPage":{"@id":"https:\/\/www.racsa.go.cr\/blog\/racsa-anuncia-estrategia-empresarial-2024-2027-bajo-enfoque-de-innovacion-y-triple-utilidad-de-la-marca\/"},"wordCount":501,"publisher":{"@id":"https:\/\/www.racsa.go.cr\/blog\/#organization"},"image":{"@id":"https:\/\/www.racsa.go.cr\/blog\/racsa-anuncia-estrategia-empresarial-2024-2027-bajo-enfoque-de-innovacion-y-triple-utilidad-de-la-marca\/#primaryimage"},"thumbnailUrl":"https:\/\/www.racsa.go.cr\/blog\/wp-content\/uploads\/2023\/09\/376411598_693609659461010_2213305056635842452_n.jpg","articleSection":["INTERNET PARA EMPRESAS COSTA RICA"],"inLanguage":"es-CR"},{"@type":"WebPage","@id":"https:\/\/www.racsa.go.cr\/blog\/racsa-anuncia-estrategia-empresarial-2024-2027-bajo-enfoque-de-innovacion-y-triple-utilidad-de-la-marca\/","url":"https:\/\/www.racsa.go.cr\/blog\/racsa-anuncia-estrategia-empresarial-2024-2027-bajo-enfoque-de-innovacion-y-triple-utilidad-de-la-marca\/","name":"RACSA anuncia Estrategia Empresarial 2024-2027 bajo enfoque de innovaci\u00f3n y triple utilidad de la marca - Blog de RACSA","isPartOf":{"@id":"https:\/\/www.racsa.go.cr\/blog\/#website"},"primaryImageOfPage":{"@id":"https:\/\/www.racsa.go.cr\/blog\/racsa-anuncia-estrategia-empresarial-2024-2027-bajo-enfoque-de-innovacion-y-triple-utilidad-de-la-marca\/#primaryimage"},"image":{"@id":"https:\/\/www.racsa.go.cr\/blog\/racsa-anuncia-estrategia-empresarial-2024-2027-bajo-enfoque-de-innovacion-y-triple-utilidad-de-la-marca\/#primaryimage"},"thumbnailUrl":"https:\/\/www.racsa.go.cr\/blog\/wp-content\/uploads\/2023\/09\/376411598_693609659461010_2213305056635842452_n.jpg","datePublished":"2023-09-09T05:06:28+00:00","dateModified":"2023-09-12T18:20:20+00:00","breadcrumb":{"@id":"https:\/\/www.racsa.go.cr\/blog\/racsa-anuncia-estrategia-empresarial-2024-2027-bajo-enfoque-de-innovacion-y-triple-utilidad-de-la-marca\/#breadcrumb"},"inLanguage":"es-CR","potentialAction":[{"@type":"ReadAction","target":["https:\/\/www.racsa.go.cr\/blog\/racsa-anuncia-estrategia-empresarial-2024-2027-bajo-enfoque-de-innovacion-y-triple-utilidad-de-la-marca\/"]}]},{"@type":"ImageObject","inLanguage":"es-CR","@id":"https:\/\/www.racsa.go.cr\/blog\/racsa-anuncia-estrategia-empresarial-2024-2027-bajo-enfoque-de-innovacion-y-triple-utilidad-de-la-marca\/#primaryimage","url":"https:\/\/www.racsa.go.cr\/blog\/wp-content\/uploads\/2023\/09\/376411598_693609659461010_2213305056635842452_n.jpg","contentUrl":"https:\/\/www.racsa.go.cr\/blog\/wp-content\/uploads\/2023\/09\/376411598_693609659461010_2213305056635842452_n.jpg","width":1440,"height":915,"caption":"Mapa de ruta propone consolidaci\u00f3n de RACSA como Integrador Digital Especializado del Estado."},{"@type":"BreadcrumbList","@id":"https:\/\/www.racsa.go.cr\/blog\/racsa-anuncia-estrategia-empresarial-2024-2027-bajo-enfoque-de-innovacion-y-triple-utilidad-de-la-marca\/#breadcrumb","itemListElement":[{"@type":"ListItem","position":1,"name":"Portada","item":"https:\/\/www.racsa.go.cr\/blog\/"},{"@type":"ListItem","position":2,"name":"RACSA anuncia Estrategia Empresarial 2024-2027 bajo enfoque de innovaci\u00f3n y triple utilidad de la marca"}]},{"@type":"WebSite","@id":"https:\/\/www.racsa.go.cr\/blog\/#website","url":"https:\/\/www.racsa.go.cr\/blog\/","name":"Blog de RACSA","description":"Noticias y comunicados de inter\u00e9s","publisher":{"@id":"https:\/\/www.racsa.go.cr\/blog\/#organization"},"potentialAction":[{"@type":"SearchAction","target":{"@type":"EntryPoint","urlTemplate":"https:\/\/www.racsa.go.cr\/blog\/?s={search_term_string}"},"query-input":{"@type":"PropertyValueSpecification","valueRequired":true,"valueName":"search_term_string"}}],"inLanguage":"es-CR"},{"@type":"Organization","@id":"https:\/\/www.racsa.go.cr\/blog\/#organization","name":"RACSA","url":"https:\/\/www.racsa.go.cr\/blog\/","logo":{"@type":"ImageObject","inLanguage":"es-CR","@id":"https:\/\/www.racsa.go.cr\/blog\/#\/schema\/logo\/image\/","url":"https:\/\/www.racsa.go.cr\/blog\/wp-content\/uploads\/2020\/06\/logo-racsa-blog_Mesa-de-trabajo-1.png","contentUrl":"https:\/\/www.racsa.go.cr\/blog\/wp-content\/uploads\/2020\/06\/logo-racsa-blog_Mesa-de-trabajo-1.png","width":77,"height":50,"caption":"RACSA"},"image":{"@id":"https:\/\/www.racsa.go.cr\/blog\/#\/schema\/logo\/image\/"},"sameAs":["https:\/\/m.facebook.com\/RACSACR\/","https:\/\/x.com\/RACSA_CR","https:\/\/instagram.com\/racsa_cr?igshid=1xty3rwhqjj6p","https:\/\/www.linkedin.com\/authwall?trk=gf&amp;amp;amp;amp;amp;amp;amp;trkInfo=AQGkHPl9RaoQ9AAAAXXizZAgZzcQwi0sdfDTg7AF4I5Q6B_NrjW5R7wFovOzBkS8ur94lJpFmlv2bomYKC3GZOFcSqkgLKm5wKGh61DyjTqr6c_1E_AFOwxMWF5kjSLpCvbYX9o=&amp;amp;amp;amp;amp;amp;amp;originalReferer&amp;amp;amp;amp;amp;amp;amp;sessionRedirect=https:\/\/es.linkedin.com\/company\/racsa_cr","https:\/\/www.youtube.com\/user\/RACSACOSTARICA"]},{"@type":"Person","@id":"https:\/\/www.racsa.go.cr\/blog\/#\/schema\/person\/ec79d31370d6dc9aaa4365492bc04f4e","name":"Mercadeo RACSA","image":{"@type":"ImageObject","inLanguage":"es-CR","@id":"https:\/\/secure.gravatar.com\/avatar\/7b464a0e344d5a5f82f8b9ceb49dae1d41b1141998fb14d2046814a158d02734?s=96&d=mm&r=g","url":"https:\/\/secure.gravatar.com\/avatar\/7b464a0e344d5a5f82f8b9ceb49dae1d41b1141998fb14d2046814a158d02734?s=96&d=mm&r=g","contentUrl":"https:\/\/secure.gravatar.com\/avatar\/7b464a0e344d5a5f82f8b9ceb49dae1d41b1141998fb14d2046814a158d02734?s=96&d=mm&r=g","caption":"Mercadeo RACSA"}}]}},"_links":{"self":[{"href":"https:\/\/www.racsa.go.cr\/blog\/wp-json\/wp\/v2\/posts\/2948","targetHints":{"allow":["GET"]}}],"collection":[{"href":"https:\/\/www.racsa.go.cr\/blog\/wp-json\/wp\/v2\/posts"}],"about":[{"href":"https:\/\/www.racsa.go.cr\/blog\/wp-json\/wp\/v2\/types\/post"}],"author":[{"embeddable":true,"href":"https:\/\/www.racsa.go.cr\/blog\/wp-json\/wp\/v2\/users\/2"}],"replies":[{"embeddable":true,"href":"https:\/\/www.racsa.go.cr\/blog\/wp-json\/wp\/v2\/comments?post=2948"}],"version-history":[{"count":0,"href":"https:\/\/www.racsa.go.cr\/blog\/wp-json\/wp\/v2\/posts\/2948\/revisions"}],"wp:featuredmedia":[{"embeddable":true,"href":"https:\/\/www.racsa.go.cr\/blog\/wp-json\/wp\/v2\/media\/2950"}],"wp:attachment":[{"href":"https:\/\/www.racsa.go.cr\/blog\/wp-json\/wp\/v2\/media?parent=2948"}],"wp:term":[{"taxonomy":"category","embeddable":true,"href":"https:\/\/www.racsa.go.cr\/blog\/wp-json\/wp\/v2\/categories?post=2948"},{"taxonomy":"post_tag","embeddable":true,"href":"https:\/\/www.racsa.go.cr\/blog\/wp-json\/wp\/v2\/tags?post=2948"}],"curies":[{"name":"wp","href":"https:\/\/api.w.org\/{rel}","templated":true}]}}