{"id":2701,"date":"2023-01-26T16:21:33","date_gmt":"2023-01-26T22:21:33","guid":{"rendered":"https:\/\/www.racsa.go.cr\/blog\/?p=2701"},"modified":"2023-01-30T09:12:03","modified_gmt":"2023-01-30T15:12:03","slug":"grupo-ice-y-ucr-establecen-cooperacion-interinstitucional-para-implementar-prueba-de-concepto-5g-en-campus-universitario","status":"publish","type":"post","link":"https:\/\/www.racsa.go.cr\/blog\/grupo-ice-y-ucr-establecen-cooperacion-interinstitucional-para-implementar-prueba-de-concepto-5g-en-campus-universitario\/","title":{"rendered":"<strong>Grupo ICE y UCR establecen cooperaci\u00f3n interinstitucional para\u00a0implementar prueba de concepto\u00a0<em>5G<\/em>\u00a0en campus universitario<\/strong>"},"content":{"rendered":"\n<p><strong><em>\u2022&nbsp;Asistentes presenciaron velocidades superiores a 1.000 Mbps en celulares.<\/em><\/strong><\/p>\n\n\n\n<p><strong><em>\u2022&nbsp;Actividad se llev\u00f3 a cabo en marco de conmemoraci\u00f3n de llegada de internet al pa\u00eds.<\/em><\/strong> <\/p>\n\n\n\n<p><strong><em>\u2022&nbsp;Durante demostraci\u00f3n del servicio en Ciudad de la Investigaci\u00f3n.<\/em><\/strong><\/p>\n\n\n\n<p>Grupo ICE estableci\u00f3 una cooperaci\u00f3n interinstitucional con la Universidad de Costa Rica (UCR) para implementar una prueba de concepto&nbsp;<em>5G<\/em>&nbsp;en sitios estrat\u00e9gicos de su sede Rodrigo Facio, en San Pedro de Montes de Oca.<\/p>\n\n\n\n<p>El acuerdo se cerr\u00f3 durante una demostraci\u00f3n de la capacidad de esta tecnolog\u00eda, en las instalaciones de la Ciudad de la Investigaci\u00f3n de la UCR, y en el marco de las actividades conmemorativas de la primera conexi\u00f3n a internet en Costa Rica, en 1993.<\/p>\n\n\n\n<p>Con la demostraci\u00f3n, los asistentes presenciaron las velocidades de carga y descarga de datos alcanzadas en los tel\u00e9fonos con una red&nbsp;<em>5G<\/em>, que superan los 1.000&nbsp;<em>Mbps<\/em>.<\/p>\n\n\n\n<figure class=\"wp-block-image size-large is-resized\"><img loading=\"lazy\" decoding=\"async\" src=\"https:\/\/www.racsa.go.cr\/blog\/wp-content\/uploads\/2023\/01\/velocidad-5g-954x1024.jpg\" alt=\"\" class=\"wp-image-2709\" width=\"840\" height=\"901\" srcset=\"https:\/\/www.racsa.go.cr\/blog\/wp-content\/uploads\/2023\/01\/velocidad-5g-954x1024.jpg 954w, https:\/\/www.racsa.go.cr\/blog\/wp-content\/uploads\/2023\/01\/velocidad-5g-279x300.jpg 279w, https:\/\/www.racsa.go.cr\/blog\/wp-content\/uploads\/2023\/01\/velocidad-5g-768x824.jpg 768w, https:\/\/www.racsa.go.cr\/blog\/wp-content\/uploads\/2023\/01\/velocidad-5g.jpg 1007w\" sizes=\"auto, (max-width: 840px) 100vw, 840px\" \/><\/figure>\n\n\n\n<p>\u201cSomos instituciones comprometidas con la tecnolog\u00eda y la educaci\u00f3n. Con esta prueba seguimos avanzado para que Costa Rica cuente con tecnolog\u00eda&nbsp;<em>5G<\/em>&nbsp;en el corto plazo\u201d, explic\u00f3 Luis Diego Abarca, gerente de Telecomunicaciones del ICE.<\/p>\n\n\n\n<p>Uno de los beneficios m\u00e1s visibles de la&nbsp;<em>5G<\/em>&nbsp;es la posibilidad de contar con m\u00faltiples dispositivos conectados a un mismo punto y con altas velocidades de trasiego de datos.<\/p>\n\n\n\n<p>Este jueves 26 de enero se conmemoraron 30 a\u00f1os de la primera conexi\u00f3n a internet en Costa Rica, cuando investigadores de la Universidad recibieron un paquete de datos en un correo electr\u00f3nico.<\/p>\n\n\n\n<figure class=\"wp-block-embed is-type-video is-provider-youtube wp-block-embed-youtube wp-embed-aspect-16-9 wp-has-aspect-ratio\"><div class=\"wp-block-embed__wrapper\">\n<iframe loading=\"lazy\" title=\"Prueba concepto 5G en instalaciones de la UCR\" width=\"640\" height=\"360\" src=\"https:\/\/www.youtube.com\/embed\/LxvnyIKqeLg?feature=oembed\" frameborder=\"0\" allow=\"accelerometer; autoplay; clipboard-write; encrypted-media; gyroscope; picture-in-picture; web-share\" referrerpolicy=\"strict-origin-when-cross-origin\" allowfullscreen><\/iframe>\n<\/div><\/figure>\n","protected":false},"excerpt":{"rendered":"<p>\u2022&nbsp;Asistentes presenciaron velocidades superiores a 1.000 Mbps en celulares. \u2022&nbsp;Actividad se llev\u00f3 a cabo en&#8230;<\/p>\n","protected":false},"author":2,"featured_media":2702,"comment_status":"closed","ping_status":"closed","sticky":false,"template":"","format":"standard","meta":{"footnotes":""},"categories":[224,176],"tags":[],"class_list":["post-2701","post","type-post","status-publish","format-standard","has-post-thumbnail","hentry","category-comunicado-racsa","category-racsa"],"yoast_head":"<!-- This site is optimized with the Yoast SEO plugin v27.5 - https:\/\/yoast.com\/product\/yoast-seo-wordpress\/ -->\n<title>Grupo ICE y UCR establecen cooperaci\u00f3n interinstitucional para\u00a0implementar prueba de concepto\u00a05G\u00a0en campus universitario - Blog de RACSA<\/title>\n<meta name=\"description\" content=\"Grupo ICE y UCR establecen cooperaci\u00f3n interinstitucional para implementar prueba de concepto 5G en campus universitario\" \/>\n<meta name=\"robots\" content=\"index, follow, max-snippet:-1, max-image-preview:large, max-video-preview:-1\" \/>\n<link rel=\"canonical\" href=\"https:\/\/www.racsa.go.cr\/blog\/grupo-ice-y-ucr-establecen-cooperacion-interinstitucional-para-implementar-prueba-de-concepto-5g-en-campus-universitario\/\" \/>\n<meta property=\"og:locale\" content=\"es_ES\" \/>\n<meta property=\"og:type\" content=\"article\" \/>\n<meta property=\"og:title\" content=\"Grupo ICE y UCR establecen cooperaci\u00f3n interinstitucional para\u00a0implementar prueba de concepto\u00a05G\u00a0en campus universitario - Blog de RACSA\" \/>\n<meta property=\"og:description\" content=\"Grupo ICE y UCR establecen cooperaci\u00f3n interinstitucional para implementar prueba de concepto 5G en campus universitario\" \/>\n<meta property=\"og:url\" content=\"https:\/\/www.racsa.go.cr\/blog\/grupo-ice-y-ucr-establecen-cooperacion-interinstitucional-para-implementar-prueba-de-concepto-5g-en-campus-universitario\/\" \/>\n<meta property=\"og:site_name\" content=\"Blog de RACSA\" \/>\n<meta property=\"article:publisher\" content=\"https:\/\/m.facebook.com\/RACSACR\/\" \/>\n<meta property=\"article:published_time\" content=\"2023-01-26T22:21:33+00:00\" \/>\n<meta property=\"article:modified_time\" content=\"2023-01-30T15:12:03+00:00\" \/>\n<meta property=\"og:image\" content=\"https:\/\/www.racsa.go.cr\/blog\/wp-content\/uploads\/2023\/01\/FOTO-5G-UCR-04-scaled.jpg\" \/>\n\t<meta property=\"og:image:width\" content=\"2560\" \/>\n\t<meta property=\"og:image:height\" content=\"1441\" \/>\n\t<meta property=\"og:image:type\" content=\"image\/jpeg\" \/>\n<meta name=\"author\" content=\"Mercadeo RACSA\" \/>\n<meta name=\"twitter:card\" content=\"summary_large_image\" \/>\n<meta name=\"twitter:creator\" content=\"@RACSA_CR\" \/>\n<meta name=\"twitter:site\" content=\"@RACSA_CR\" \/>\n<meta name=\"twitter:label1\" content=\"Written by\" \/>\n\t<meta name=\"twitter:data1\" content=\"Mercadeo RACSA\" \/>\n\t<meta name=\"twitter:label2\" content=\"Est. reading time\" \/>\n\t<meta name=\"twitter:data2\" content=\"2 minutos\" \/>\n<script type=\"application\/ld+json\" class=\"yoast-schema-graph\">{\"@context\":\"https:\\\/\\\/schema.org\",\"@graph\":[{\"@type\":\"Article\",\"@id\":\"https:\\\/\\\/www.racsa.go.cr\\\/blog\\\/grupo-ice-y-ucr-establecen-cooperacion-interinstitucional-para-implementar-prueba-de-concepto-5g-en-campus-universitario\\\/#article\",\"isPartOf\":{\"@id\":\"https:\\\/\\\/www.racsa.go.cr\\\/blog\\\/grupo-ice-y-ucr-establecen-cooperacion-interinstitucional-para-implementar-prueba-de-concepto-5g-en-campus-universitario\\\/\"},\"author\":{\"name\":\"Mercadeo RACSA\",\"@id\":\"https:\\\/\\\/www.racsa.go.cr\\\/blog\\\/#\\\/schema\\\/person\\\/ec79d31370d6dc9aaa4365492bc04f4e\"},\"headline\":\"Grupo ICE y UCR establecen cooperaci\u00f3n interinstitucional para\u00a0implementar prueba de concepto\u00a05G\u00a0en campus universitario\",\"datePublished\":\"2023-01-26T22:21:33+00:00\",\"dateModified\":\"2023-01-30T15:12:03+00:00\",\"mainEntityOfPage\":{\"@id\":\"https:\\\/\\\/www.racsa.go.cr\\\/blog\\\/grupo-ice-y-ucr-establecen-cooperacion-interinstitucional-para-implementar-prueba-de-concepto-5g-en-campus-universitario\\\/\"},\"wordCount\":283,\"publisher\":{\"@id\":\"https:\\\/\\\/www.racsa.go.cr\\\/blog\\\/#organization\"},\"image\":{\"@id\":\"https:\\\/\\\/www.racsa.go.cr\\\/blog\\\/grupo-ice-y-ucr-establecen-cooperacion-interinstitucional-para-implementar-prueba-de-concepto-5g-en-campus-universitario\\\/#primaryimage\"},\"thumbnailUrl\":\"https:\\\/\\\/www.racsa.go.cr\\\/blog\\\/wp-content\\\/uploads\\\/2023\\\/01\\\/FOTO-5G-UCR-04-scaled.jpg\",\"articleSection\":[\"COMUNICADO RACSA\",\"RACSA\"],\"inLanguage\":\"es-CR\"},{\"@type\":\"WebPage\",\"@id\":\"https:\\\/\\\/www.racsa.go.cr\\\/blog\\\/grupo-ice-y-ucr-establecen-cooperacion-interinstitucional-para-implementar-prueba-de-concepto-5g-en-campus-universitario\\\/\",\"url\":\"https:\\\/\\\/www.racsa.go.cr\\\/blog\\\/grupo-ice-y-ucr-establecen-cooperacion-interinstitucional-para-implementar-prueba-de-concepto-5g-en-campus-universitario\\\/\",\"name\":\"Grupo ICE y UCR establecen cooperaci\u00f3n interinstitucional para\u00a0implementar prueba de concepto\u00a05G\u00a0en campus universitario - Blog de RACSA\",\"isPartOf\":{\"@id\":\"https:\\\/\\\/www.racsa.go.cr\\\/blog\\\/#website\"},\"primaryImageOfPage\":{\"@id\":\"https:\\\/\\\/www.racsa.go.cr\\\/blog\\\/grupo-ice-y-ucr-establecen-cooperacion-interinstitucional-para-implementar-prueba-de-concepto-5g-en-campus-universitario\\\/#primaryimage\"},\"image\":{\"@id\":\"https:\\\/\\\/www.racsa.go.cr\\\/blog\\\/grupo-ice-y-ucr-establecen-cooperacion-interinstitucional-para-implementar-prueba-de-concepto-5g-en-campus-universitario\\\/#primaryimage\"},\"thumbnailUrl\":\"https:\\\/\\\/www.racsa.go.cr\\\/blog\\\/wp-content\\\/uploads\\\/2023\\\/01\\\/FOTO-5G-UCR-04-scaled.jpg\",\"datePublished\":\"2023-01-26T22:21:33+00:00\",\"dateModified\":\"2023-01-30T15:12:03+00:00\",\"description\":\"Grupo ICE y UCR establecen cooperaci\u00f3n interinstitucional para implementar prueba de concepto 5G en campus universitario\",\"breadcrumb\":{\"@id\":\"https:\\\/\\\/www.racsa.go.cr\\\/blog\\\/grupo-ice-y-ucr-establecen-cooperacion-interinstitucional-para-implementar-prueba-de-concepto-5g-en-campus-universitario\\\/#breadcrumb\"},\"inLanguage\":\"es-CR\",\"potentialAction\":[{\"@type\":\"ReadAction\",\"target\":[\"https:\\\/\\\/www.racsa.go.cr\\\/blog\\\/grupo-ice-y-ucr-establecen-cooperacion-interinstitucional-para-implementar-prueba-de-concepto-5g-en-campus-universitario\\\/\"]}]},{\"@type\":\"ImageObject\",\"inLanguage\":\"es-CR\",\"@id\":\"https:\\\/\\\/www.racsa.go.cr\\\/blog\\\/grupo-ice-y-ucr-establecen-cooperacion-interinstitucional-para-implementar-prueba-de-concepto-5g-en-campus-universitario\\\/#primaryimage\",\"url\":\"https:\\\/\\\/www.racsa.go.cr\\\/blog\\\/wp-content\\\/uploads\\\/2023\\\/01\\\/FOTO-5G-UCR-04-scaled.jpg\",\"contentUrl\":\"https:\\\/\\\/www.racsa.go.cr\\\/blog\\\/wp-content\\\/uploads\\\/2023\\\/01\\\/FOTO-5G-UCR-04-scaled.jpg\",\"width\":2560,\"height\":1441},{\"@type\":\"BreadcrumbList\",\"@id\":\"https:\\\/\\\/www.racsa.go.cr\\\/blog\\\/grupo-ice-y-ucr-establecen-cooperacion-interinstitucional-para-implementar-prueba-de-concepto-5g-en-campus-universitario\\\/#breadcrumb\",\"itemListElement\":[{\"@type\":\"ListItem\",\"position\":1,\"name\":\"Portada\",\"item\":\"https:\\\/\\\/www.racsa.go.cr\\\/blog\\\/\"},{\"@type\":\"ListItem\",\"position\":2,\"name\":\"Grupo ICE y UCR establecen cooperaci\u00f3n interinstitucional para\u00a0implementar prueba de concepto\u00a05G\u00a0en campus universitario\"}]},{\"@type\":\"WebSite\",\"@id\":\"https:\\\/\\\/www.racsa.go.cr\\\/blog\\\/#website\",\"url\":\"https:\\\/\\\/www.racsa.go.cr\\\/blog\\\/\",\"name\":\"Blog de RACSA\",\"description\":\"Noticias y comunicados de inter\u00e9s\",\"publisher\":{\"@id\":\"https:\\\/\\\/www.racsa.go.cr\\\/blog\\\/#organization\"},\"potentialAction\":[{\"@type\":\"SearchAction\",\"target\":{\"@type\":\"EntryPoint\",\"urlTemplate\":\"https:\\\/\\\/www.racsa.go.cr\\\/blog\\\/?s={search_term_string}\"},\"query-input\":{\"@type\":\"PropertyValueSpecification\",\"valueRequired\":true,\"valueName\":\"search_term_string\"}}],\"inLanguage\":\"es-CR\"},{\"@type\":\"Organization\",\"@id\":\"https:\\\/\\\/www.racsa.go.cr\\\/blog\\\/#organization\",\"name\":\"RACSA\",\"url\":\"https:\\\/\\\/www.racsa.go.cr\\\/blog\\\/\",\"logo\":{\"@type\":\"ImageObject\",\"inLanguage\":\"es-CR\",\"@id\":\"https:\\\/\\\/www.racsa.go.cr\\\/blog\\\/#\\\/schema\\\/logo\\\/image\\\/\",\"url\":\"https:\\\/\\\/www.racsa.go.cr\\\/blog\\\/wp-content\\\/uploads\\\/2020\\\/06\\\/logo-racsa-blog_Mesa-de-trabajo-1.png\",\"contentUrl\":\"https:\\\/\\\/www.racsa.go.cr\\\/blog\\\/wp-content\\\/uploads\\\/2020\\\/06\\\/logo-racsa-blog_Mesa-de-trabajo-1.png\",\"width\":77,\"height\":50,\"caption\":\"RACSA\"},\"image\":{\"@id\":\"https:\\\/\\\/www.racsa.go.cr\\\/blog\\\/#\\\/schema\\\/logo\\\/image\\\/\"},\"sameAs\":[\"https:\\\/\\\/m.facebook.com\\\/RACSACR\\\/\",\"https:\\\/\\\/x.com\\\/RACSA_CR\",\"https:\\\/\\\/instagram.com\\\/racsa_cr?igshid=1xty3rwhqjj6p\",\"https:\\\/\\\/www.linkedin.com\\\/authwall?trk=gf&amp;amp;amp;amp;amp;amp;amp;trkInfo=AQGkHPl9RaoQ9AAAAXXizZAgZzcQwi0sdfDTg7AF4I5Q6B_NrjW5R7wFovOzBkS8ur94lJpFmlv2bomYKC3GZOFcSqkgLKm5wKGh61DyjTqr6c_1E_AFOwxMWF5kjSLpCvbYX9o=&amp;amp;amp;amp;amp;amp;amp;originalReferer&amp;amp;amp;amp;amp;amp;amp;sessionRedirect=https:\\\/\\\/es.linkedin.com\\\/company\\\/racsa_cr\",\"https:\\\/\\\/www.youtube.com\\\/user\\\/RACSACOSTARICA\"]},{\"@type\":\"Person\",\"@id\":\"https:\\\/\\\/www.racsa.go.cr\\\/blog\\\/#\\\/schema\\\/person\\\/ec79d31370d6dc9aaa4365492bc04f4e\",\"name\":\"Mercadeo RACSA\",\"image\":{\"@type\":\"ImageObject\",\"inLanguage\":\"es-CR\",\"@id\":\"https:\\\/\\\/secure.gravatar.com\\\/avatar\\\/7b464a0e344d5a5f82f8b9ceb49dae1d41b1141998fb14d2046814a158d02734?s=96&d=mm&r=g\",\"url\":\"https:\\\/\\\/secure.gravatar.com\\\/avatar\\\/7b464a0e344d5a5f82f8b9ceb49dae1d41b1141998fb14d2046814a158d02734?s=96&d=mm&r=g\",\"contentUrl\":\"https:\\\/\\\/secure.gravatar.com\\\/avatar\\\/7b464a0e344d5a5f82f8b9ceb49dae1d41b1141998fb14d2046814a158d02734?s=96&d=mm&r=g\",\"caption\":\"Mercadeo RACSA\"}}]}<\/script>\n<!-- \/ Yoast SEO plugin. -->","yoast_head_json":{"title":"Grupo ICE y UCR establecen cooperaci\u00f3n interinstitucional para\u00a0implementar prueba de concepto\u00a05G\u00a0en campus universitario - Blog de RACSA","description":"Grupo ICE y UCR establecen cooperaci\u00f3n interinstitucional para implementar prueba de concepto 5G en campus universitario","robots":{"index":"index","follow":"follow","max-snippet":"max-snippet:-1","max-image-preview":"max-image-preview:large","max-video-preview":"max-video-preview:-1"},"canonical":"https:\/\/www.racsa.go.cr\/blog\/grupo-ice-y-ucr-establecen-cooperacion-interinstitucional-para-implementar-prueba-de-concepto-5g-en-campus-universitario\/","og_locale":"es_ES","og_type":"article","og_title":"Grupo ICE y UCR establecen cooperaci\u00f3n interinstitucional para\u00a0implementar prueba de concepto\u00a05G\u00a0en campus universitario - Blog de RACSA","og_description":"Grupo ICE y UCR establecen cooperaci\u00f3n interinstitucional para implementar prueba de concepto 5G en campus universitario","og_url":"https:\/\/www.racsa.go.cr\/blog\/grupo-ice-y-ucr-establecen-cooperacion-interinstitucional-para-implementar-prueba-de-concepto-5g-en-campus-universitario\/","og_site_name":"Blog de RACSA","article_publisher":"https:\/\/m.facebook.com\/RACSACR\/","article_published_time":"2023-01-26T22:21:33+00:00","article_modified_time":"2023-01-30T15:12:03+00:00","og_image":[{"width":2560,"height":1441,"url":"https:\/\/www.racsa.go.cr\/blog\/wp-content\/uploads\/2023\/01\/FOTO-5G-UCR-04-scaled.jpg","type":"image\/jpeg"}],"author":"Mercadeo RACSA","twitter_card":"summary_large_image","twitter_creator":"@RACSA_CR","twitter_site":"@RACSA_CR","twitter_misc":{"Written by":"Mercadeo RACSA","Est. reading time":"2 minutos"},"schema":{"@context":"https:\/\/schema.org","@graph":[{"@type":"Article","@id":"https:\/\/www.racsa.go.cr\/blog\/grupo-ice-y-ucr-establecen-cooperacion-interinstitucional-para-implementar-prueba-de-concepto-5g-en-campus-universitario\/#article","isPartOf":{"@id":"https:\/\/www.racsa.go.cr\/blog\/grupo-ice-y-ucr-establecen-cooperacion-interinstitucional-para-implementar-prueba-de-concepto-5g-en-campus-universitario\/"},"author":{"name":"Mercadeo RACSA","@id":"https:\/\/www.racsa.go.cr\/blog\/#\/schema\/person\/ec79d31370d6dc9aaa4365492bc04f4e"},"headline":"Grupo ICE y UCR establecen cooperaci\u00f3n interinstitucional para\u00a0implementar prueba de concepto\u00a05G\u00a0en campus universitario","datePublished":"2023-01-26T22:21:33+00:00","dateModified":"2023-01-30T15:12:03+00:00","mainEntityOfPage":{"@id":"https:\/\/www.racsa.go.cr\/blog\/grupo-ice-y-ucr-establecen-cooperacion-interinstitucional-para-implementar-prueba-de-concepto-5g-en-campus-universitario\/"},"wordCount":283,"publisher":{"@id":"https:\/\/www.racsa.go.cr\/blog\/#organization"},"image":{"@id":"https:\/\/www.racsa.go.cr\/blog\/grupo-ice-y-ucr-establecen-cooperacion-interinstitucional-para-implementar-prueba-de-concepto-5g-en-campus-universitario\/#primaryimage"},"thumbnailUrl":"https:\/\/www.racsa.go.cr\/blog\/wp-content\/uploads\/2023\/01\/FOTO-5G-UCR-04-scaled.jpg","articleSection":["COMUNICADO RACSA","RACSA"],"inLanguage":"es-CR"},{"@type":"WebPage","@id":"https:\/\/www.racsa.go.cr\/blog\/grupo-ice-y-ucr-establecen-cooperacion-interinstitucional-para-implementar-prueba-de-concepto-5g-en-campus-universitario\/","url":"https:\/\/www.racsa.go.cr\/blog\/grupo-ice-y-ucr-establecen-cooperacion-interinstitucional-para-implementar-prueba-de-concepto-5g-en-campus-universitario\/","name":"Grupo ICE y UCR establecen cooperaci\u00f3n interinstitucional para\u00a0implementar prueba de concepto\u00a05G\u00a0en campus universitario - Blog de RACSA","isPartOf":{"@id":"https:\/\/www.racsa.go.cr\/blog\/#website"},"primaryImageOfPage":{"@id":"https:\/\/www.racsa.go.cr\/blog\/grupo-ice-y-ucr-establecen-cooperacion-interinstitucional-para-implementar-prueba-de-concepto-5g-en-campus-universitario\/#primaryimage"},"image":{"@id":"https:\/\/www.racsa.go.cr\/blog\/grupo-ice-y-ucr-establecen-cooperacion-interinstitucional-para-implementar-prueba-de-concepto-5g-en-campus-universitario\/#primaryimage"},"thumbnailUrl":"https:\/\/www.racsa.go.cr\/blog\/wp-content\/uploads\/2023\/01\/FOTO-5G-UCR-04-scaled.jpg","datePublished":"2023-01-26T22:21:33+00:00","dateModified":"2023-01-30T15:12:03+00:00","description":"Grupo ICE y UCR establecen cooperaci\u00f3n interinstitucional para implementar prueba de concepto 5G en campus universitario","breadcrumb":{"@id":"https:\/\/www.racsa.go.cr\/blog\/grupo-ice-y-ucr-establecen-cooperacion-interinstitucional-para-implementar-prueba-de-concepto-5g-en-campus-universitario\/#breadcrumb"},"inLanguage":"es-CR","potentialAction":[{"@type":"ReadAction","target":["https:\/\/www.racsa.go.cr\/blog\/grupo-ice-y-ucr-establecen-cooperacion-interinstitucional-para-implementar-prueba-de-concepto-5g-en-campus-universitario\/"]}]},{"@type":"ImageObject","inLanguage":"es-CR","@id":"https:\/\/www.racsa.go.cr\/blog\/grupo-ice-y-ucr-establecen-cooperacion-interinstitucional-para-implementar-prueba-de-concepto-5g-en-campus-universitario\/#primaryimage","url":"https:\/\/www.racsa.go.cr\/blog\/wp-content\/uploads\/2023\/01\/FOTO-5G-UCR-04-scaled.jpg","contentUrl":"https:\/\/www.racsa.go.cr\/blog\/wp-content\/uploads\/2023\/01\/FOTO-5G-UCR-04-scaled.jpg","width":2560,"height":1441},{"@type":"BreadcrumbList","@id":"https:\/\/www.racsa.go.cr\/blog\/grupo-ice-y-ucr-establecen-cooperacion-interinstitucional-para-implementar-prueba-de-concepto-5g-en-campus-universitario\/#breadcrumb","itemListElement":[{"@type":"ListItem","position":1,"name":"Portada","item":"https:\/\/www.racsa.go.cr\/blog\/"},{"@type":"ListItem","position":2,"name":"Grupo ICE y UCR establecen cooperaci\u00f3n interinstitucional para\u00a0implementar prueba de concepto\u00a05G\u00a0en campus universitario"}]},{"@type":"WebSite","@id":"https:\/\/www.racsa.go.cr\/blog\/#website","url":"https:\/\/www.racsa.go.cr\/blog\/","name":"Blog de RACSA","description":"Noticias y comunicados de inter\u00e9s","publisher":{"@id":"https:\/\/www.racsa.go.cr\/blog\/#organization"},"potentialAction":[{"@type":"SearchAction","target":{"@type":"EntryPoint","urlTemplate":"https:\/\/www.racsa.go.cr\/blog\/?s={search_term_string}"},"query-input":{"@type":"PropertyValueSpecification","valueRequired":true,"valueName":"search_term_string"}}],"inLanguage":"es-CR"},{"@type":"Organization","@id":"https:\/\/www.racsa.go.cr\/blog\/#organization","name":"RACSA","url":"https:\/\/www.racsa.go.cr\/blog\/","logo":{"@type":"ImageObject","inLanguage":"es-CR","@id":"https:\/\/www.racsa.go.cr\/blog\/#\/schema\/logo\/image\/","url":"https:\/\/www.racsa.go.cr\/blog\/wp-content\/uploads\/2020\/06\/logo-racsa-blog_Mesa-de-trabajo-1.png","contentUrl":"https:\/\/www.racsa.go.cr\/blog\/wp-content\/uploads\/2020\/06\/logo-racsa-blog_Mesa-de-trabajo-1.png","width":77,"height":50,"caption":"RACSA"},"image":{"@id":"https:\/\/www.racsa.go.cr\/blog\/#\/schema\/logo\/image\/"},"sameAs":["https:\/\/m.facebook.com\/RACSACR\/","https:\/\/x.com\/RACSA_CR","https:\/\/instagram.com\/racsa_cr?igshid=1xty3rwhqjj6p","https:\/\/www.linkedin.com\/authwall?trk=gf&amp;amp;amp;amp;amp;amp;amp;trkInfo=AQGkHPl9RaoQ9AAAAXXizZAgZzcQwi0sdfDTg7AF4I5Q6B_NrjW5R7wFovOzBkS8ur94lJpFmlv2bomYKC3GZOFcSqkgLKm5wKGh61DyjTqr6c_1E_AFOwxMWF5kjSLpCvbYX9o=&amp;amp;amp;amp;amp;amp;amp;originalReferer&amp;amp;amp;amp;amp;amp;amp;sessionRedirect=https:\/\/es.linkedin.com\/company\/racsa_cr","https:\/\/www.youtube.com\/user\/RACSACOSTARICA"]},{"@type":"Person","@id":"https:\/\/www.racsa.go.cr\/blog\/#\/schema\/person\/ec79d31370d6dc9aaa4365492bc04f4e","name":"Mercadeo RACSA","image":{"@type":"ImageObject","inLanguage":"es-CR","@id":"https:\/\/secure.gravatar.com\/avatar\/7b464a0e344d5a5f82f8b9ceb49dae1d41b1141998fb14d2046814a158d02734?s=96&d=mm&r=g","url":"https:\/\/secure.gravatar.com\/avatar\/7b464a0e344d5a5f82f8b9ceb49dae1d41b1141998fb14d2046814a158d02734?s=96&d=mm&r=g","contentUrl":"https:\/\/secure.gravatar.com\/avatar\/7b464a0e344d5a5f82f8b9ceb49dae1d41b1141998fb14d2046814a158d02734?s=96&d=mm&r=g","caption":"Mercadeo RACSA"}}]}},"_links":{"self":[{"href":"https:\/\/www.racsa.go.cr\/blog\/wp-json\/wp\/v2\/posts\/2701","targetHints":{"allow":["GET"]}}],"collection":[{"href":"https:\/\/www.racsa.go.cr\/blog\/wp-json\/wp\/v2\/posts"}],"about":[{"href":"https:\/\/www.racsa.go.cr\/blog\/wp-json\/wp\/v2\/types\/post"}],"author":[{"embeddable":true,"href":"https:\/\/www.racsa.go.cr\/blog\/wp-json\/wp\/v2\/users\/2"}],"replies":[{"embeddable":true,"href":"https:\/\/www.racsa.go.cr\/blog\/wp-json\/wp\/v2\/comments?post=2701"}],"version-history":[{"count":0,"href":"https:\/\/www.racsa.go.cr\/blog\/wp-json\/wp\/v2\/posts\/2701\/revisions"}],"wp:featuredmedia":[{"embeddable":true,"href":"https:\/\/www.racsa.go.cr\/blog\/wp-json\/wp\/v2\/media\/2702"}],"wp:attachment":[{"href":"https:\/\/www.racsa.go.cr\/blog\/wp-json\/wp\/v2\/media?parent=2701"}],"wp:term":[{"taxonomy":"category","embeddable":true,"href":"https:\/\/www.racsa.go.cr\/blog\/wp-json\/wp\/v2\/categories?post=2701"},{"taxonomy":"post_tag","embeddable":true,"href":"https:\/\/www.racsa.go.cr\/blog\/wp-json\/wp\/v2\/tags?post=2701"}],"curies":[{"name":"wp","href":"https:\/\/api.w.org\/{rel}","templated":true}]}}