{"id":2551,"date":"2022-10-20T16:58:57","date_gmt":"2022-10-20T22:58:57","guid":{"rendered":"https:\/\/www.racsa.go.cr\/blog\/?p=2551"},"modified":"2022-10-20T17:03:32","modified_gmt":"2022-10-20T23:03:32","slug":"reconocimiento-excelencia-ambiental","status":"publish","type":"post","link":"https:\/\/www.racsa.go.cr\/blog\/reconocimiento-excelencia-ambiental\/","title":{"rendered":"Reconocimiento Excelencia ambiental"},"content":{"rendered":"\n<p>Ministerio de Ambiente y Energ\u00eda (MINAE), por medio de la Direcci\u00f3n de Gesti\u00f3n de Calidad (DIGECA) y el Ministerio de Salud, otorgaron el Reconocimiento Excelencia Ambiental a RACSA, por su desempe\u00f1o en el Programa de Gesti\u00f3n Ambiental Institucional (PGAI). Esta distinci\u00f3n se ha mantenido durante ocho a\u00f1os consecutivos para la Empresa.<\/p>\n\n\n\n<p><\/p>\n\n\n\n<p>Estos programas buscan el establecimiento de un sistema de gesti\u00f3n ambiental en las dependencias del Estado, tal como lo dicta la Ley para la Gesti\u00f3n Integral de Residuos N\u00b08839 y el Reglamento para la Elaboraci\u00f3n del Programa de Gesti\u00f3n Ambiental institucional (PGAI) en el sector p\u00fablico de Costa Rica Decreto Ejecutivo N\u00b036499 y su reforma.<\/p>\n\n\n\n<p>El Reconocimiento Excelencia Ambiental fue incorporado al Sistema de Reconocimientos Ambientales (SIREA), encabezando as\u00ed el Registro Nacional sobre este tipo de galardones, que demuestra que cuenta con criterios t\u00e9cnicos s\u00f3lidos para el otorgamiento de reconocimientos ambientales, otorgando el aval del MINAE.<\/p>\n\n\n\n<p><\/p>\n\n\n\n<p>Compromiso ambiental <a href=\"https:\/\/www.facebook.com\/hashtag\/costarica?__eep__=6&amp;__cft__[0]=AZWsjeMSR0DvaP00dbgj3iytOVtZ5APjSkIglvbUHZNOnGVcntFqLrcBMDdsVxlFe9qujMbQ-qnEH0vjtZ8F3T3I4VcC9fs4HzTxtmvdhObks2KzIPBuA4lWWvki9HQ_siYnZ_DMNGNIx9DxKqXxjo30sP2Byfg3KEh7fYR3G9MUEMeIOTKG3AajBsYv3StOsMM&amp;__tn__=*NK-R\" target=\"_blank\" rel=\"noreferrer noopener\">#CostaRica<\/a> \u00a1Eso hace RACSA!<\/p>\n\n\n\n<p>\u00a1Hagamos el futuro juntos!<\/p>\n\n\n\n<p>Para mayor informaci\u00f3n:  <\/p>\n\n\n\n<p><a href=\"https:\/\/minae.go.cr\/noticias-minae\/comunicados\/386-pgai2022?fbclid=IwAR1b29C_N0zik3wHB7aC5rhPXcbuQn_cNFolfVcV-QaZwnHZmn0QqZBkC2w\">https:\/\/minae.go.cr\/noticias-minae\/comunicados\/386-pgai2022?fbclid=IwAR1b29C_N0zik3wHB7aC5rhPXcbuQn_cNFolfVcV-QaZwnHZmn0QqZBkC2w<\/a><\/p>\n\n\n\n<figure class=\"wp-block-image size-large\"><img loading=\"lazy\" decoding=\"async\" width=\"1024\" height=\"576\" src=\"https:\/\/www.racsa.go.cr\/blog\/wp-content\/uploads\/2022\/10\/312051828_416052680715563_4978059281231424578_n-1024x576.jpg\" alt=\"\" class=\"wp-image-2554\" srcset=\"https:\/\/www.racsa.go.cr\/blog\/wp-content\/uploads\/2022\/10\/312051828_416052680715563_4978059281231424578_n-1024x576.jpg 1024w, https:\/\/www.racsa.go.cr\/blog\/wp-content\/uploads\/2022\/10\/312051828_416052680715563_4978059281231424578_n-300x169.jpg 300w, https:\/\/www.racsa.go.cr\/blog\/wp-content\/uploads\/2022\/10\/312051828_416052680715563_4978059281231424578_n-768x432.jpg 768w, https:\/\/www.racsa.go.cr\/blog\/wp-content\/uploads\/2022\/10\/312051828_416052680715563_4978059281231424578_n-1536x864.jpg 1536w, https:\/\/www.racsa.go.cr\/blog\/wp-content\/uploads\/2022\/10\/312051828_416052680715563_4978059281231424578_n.jpg 1600w\" sizes=\"auto, (max-width: 1024px) 100vw, 1024px\" \/><figcaption> <\/figcaption><\/figure>\n\n\n\n<figure class=\"wp-block-image size-large\"><img loading=\"lazy\" decoding=\"async\" width=\"1024\" height=\"576\" src=\"https:\/\/www.racsa.go.cr\/blog\/wp-content\/uploads\/2022\/10\/312306230_10158771457011475_3704378223187214163_n-1024x576.jpg\" alt=\"\" class=\"wp-image-2556\" srcset=\"https:\/\/www.racsa.go.cr\/blog\/wp-content\/uploads\/2022\/10\/312306230_10158771457011475_3704378223187214163_n-1024x576.jpg 1024w, https:\/\/www.racsa.go.cr\/blog\/wp-content\/uploads\/2022\/10\/312306230_10158771457011475_3704378223187214163_n-300x169.jpg 300w, https:\/\/www.racsa.go.cr\/blog\/wp-content\/uploads\/2022\/10\/312306230_10158771457011475_3704378223187214163_n-768x432.jpg 768w, https:\/\/www.racsa.go.cr\/blog\/wp-content\/uploads\/2022\/10\/312306230_10158771457011475_3704378223187214163_n-1536x864.jpg 1536w, https:\/\/www.racsa.go.cr\/blog\/wp-content\/uploads\/2022\/10\/312306230_10158771457011475_3704378223187214163_n.jpg 1600w\" sizes=\"auto, (max-width: 1024px) 100vw, 1024px\" \/><\/figure>\n","protected":false},"excerpt":{"rendered":"<p>Ministerio de Ambiente y Energ\u00eda (MINAE), por medio de la Direcci\u00f3n de Gesti\u00f3n de Calidad&#8230;<\/p>\n","protected":false},"author":2,"featured_media":2552,"comment_status":"closed","ping_status":"closed","sticky":false,"template":"","format":"standard","meta":{"footnotes":""},"categories":[176],"tags":[],"class_list":["post-2551","post","type-post","status-publish","format-standard","has-post-thumbnail","hentry","category-racsa"],"yoast_head":"<!-- This site is optimized with the Yoast SEO plugin v27.5 - https:\/\/yoast.com\/product\/yoast-seo-wordpress\/ -->\n<title>Reconocimiento Excelencia ambiental - Blog de RACSA<\/title>\n<meta name=\"robots\" content=\"index, follow, max-snippet:-1, max-image-preview:large, max-video-preview:-1\" \/>\n<link rel=\"canonical\" href=\"https:\/\/www.racsa.go.cr\/blog\/reconocimiento-excelencia-ambiental\/\" \/>\n<meta property=\"og:locale\" content=\"es_ES\" \/>\n<meta property=\"og:type\" content=\"article\" \/>\n<meta property=\"og:title\" content=\"Reconocimiento Excelencia ambiental - Blog de RACSA\" \/>\n<meta property=\"og:description\" content=\"Ministerio de Ambiente y Energ\u00eda (MINAE), por medio de la Direcci\u00f3n de Gesti\u00f3n de Calidad...\" \/>\n<meta property=\"og:url\" content=\"https:\/\/www.racsa.go.cr\/blog\/reconocimiento-excelencia-ambiental\/\" \/>\n<meta property=\"og:site_name\" content=\"Blog de RACSA\" \/>\n<meta property=\"article:publisher\" content=\"https:\/\/m.facebook.com\/RACSACR\/\" \/>\n<meta property=\"article:published_time\" content=\"2022-10-20T22:58:57+00:00\" \/>\n<meta property=\"article:modified_time\" content=\"2022-10-20T23:03:32+00:00\" \/>\n<meta property=\"og:image\" content=\"https:\/\/www.racsa.go.cr\/blog\/wp-content\/uploads\/2022\/10\/Reconocimiento_Mesa-de-trabajo-1-scaled.jpg\" \/>\n\t<meta property=\"og:image:width\" content=\"2560\" \/>\n\t<meta property=\"og:image:height\" content=\"1439\" \/>\n\t<meta property=\"og:image:type\" content=\"image\/jpeg\" \/>\n<meta name=\"author\" content=\"Mercadeo RACSA\" \/>\n<meta name=\"twitter:card\" content=\"summary_large_image\" \/>\n<meta name=\"twitter:creator\" content=\"@RACSA_CR\" \/>\n<meta name=\"twitter:site\" content=\"@RACSA_CR\" \/>\n<meta name=\"twitter:label1\" content=\"Written by\" \/>\n\t<meta name=\"twitter:data1\" content=\"Mercadeo RACSA\" \/>\n\t<meta name=\"twitter:label2\" content=\"Est. reading time\" \/>\n\t<meta name=\"twitter:data2\" content=\"2 minutos\" \/>\n<script type=\"application\/ld+json\" class=\"yoast-schema-graph\">{\"@context\":\"https:\\\/\\\/schema.org\",\"@graph\":[{\"@type\":\"Article\",\"@id\":\"https:\\\/\\\/www.racsa.go.cr\\\/blog\\\/reconocimiento-excelencia-ambiental\\\/#article\",\"isPartOf\":{\"@id\":\"https:\\\/\\\/www.racsa.go.cr\\\/blog\\\/reconocimiento-excelencia-ambiental\\\/\"},\"author\":{\"name\":\"Mercadeo RACSA\",\"@id\":\"https:\\\/\\\/www.racsa.go.cr\\\/blog\\\/#\\\/schema\\\/person\\\/ec79d31370d6dc9aaa4365492bc04f4e\"},\"headline\":\"Reconocimiento Excelencia ambiental\",\"datePublished\":\"2022-10-20T22:58:57+00:00\",\"dateModified\":\"2022-10-20T23:03:32+00:00\",\"mainEntityOfPage\":{\"@id\":\"https:\\\/\\\/www.racsa.go.cr\\\/blog\\\/reconocimiento-excelencia-ambiental\\\/\"},\"wordCount\":197,\"publisher\":{\"@id\":\"https:\\\/\\\/www.racsa.go.cr\\\/blog\\\/#organization\"},\"image\":{\"@id\":\"https:\\\/\\\/www.racsa.go.cr\\\/blog\\\/reconocimiento-excelencia-ambiental\\\/#primaryimage\"},\"thumbnailUrl\":\"https:\\\/\\\/www.racsa.go.cr\\\/blog\\\/wp-content\\\/uploads\\\/2022\\\/10\\\/Reconocimiento_Mesa-de-trabajo-1-scaled.jpg\",\"articleSection\":[\"RACSA\"],\"inLanguage\":\"es-CR\"},{\"@type\":\"WebPage\",\"@id\":\"https:\\\/\\\/www.racsa.go.cr\\\/blog\\\/reconocimiento-excelencia-ambiental\\\/\",\"url\":\"https:\\\/\\\/www.racsa.go.cr\\\/blog\\\/reconocimiento-excelencia-ambiental\\\/\",\"name\":\"Reconocimiento Excelencia ambiental - Blog de RACSA\",\"isPartOf\":{\"@id\":\"https:\\\/\\\/www.racsa.go.cr\\\/blog\\\/#website\"},\"primaryImageOfPage\":{\"@id\":\"https:\\\/\\\/www.racsa.go.cr\\\/blog\\\/reconocimiento-excelencia-ambiental\\\/#primaryimage\"},\"image\":{\"@id\":\"https:\\\/\\\/www.racsa.go.cr\\\/blog\\\/reconocimiento-excelencia-ambiental\\\/#primaryimage\"},\"thumbnailUrl\":\"https:\\\/\\\/www.racsa.go.cr\\\/blog\\\/wp-content\\\/uploads\\\/2022\\\/10\\\/Reconocimiento_Mesa-de-trabajo-1-scaled.jpg\",\"datePublished\":\"2022-10-20T22:58:57+00:00\",\"dateModified\":\"2022-10-20T23:03:32+00:00\",\"breadcrumb\":{\"@id\":\"https:\\\/\\\/www.racsa.go.cr\\\/blog\\\/reconocimiento-excelencia-ambiental\\\/#breadcrumb\"},\"inLanguage\":\"es-CR\",\"potentialAction\":[{\"@type\":\"ReadAction\",\"target\":[\"https:\\\/\\\/www.racsa.go.cr\\\/blog\\\/reconocimiento-excelencia-ambiental\\\/\"]}]},{\"@type\":\"ImageObject\",\"inLanguage\":\"es-CR\",\"@id\":\"https:\\\/\\\/www.racsa.go.cr\\\/blog\\\/reconocimiento-excelencia-ambiental\\\/#primaryimage\",\"url\":\"https:\\\/\\\/www.racsa.go.cr\\\/blog\\\/wp-content\\\/uploads\\\/2022\\\/10\\\/Reconocimiento_Mesa-de-trabajo-1-scaled.jpg\",\"contentUrl\":\"https:\\\/\\\/www.racsa.go.cr\\\/blog\\\/wp-content\\\/uploads\\\/2022\\\/10\\\/Reconocimiento_Mesa-de-trabajo-1-scaled.jpg\",\"width\":2560,\"height\":1439,\"caption\":\"Excelencia ambiental.\"},{\"@type\":\"BreadcrumbList\",\"@id\":\"https:\\\/\\\/www.racsa.go.cr\\\/blog\\\/reconocimiento-excelencia-ambiental\\\/#breadcrumb\",\"itemListElement\":[{\"@type\":\"ListItem\",\"position\":1,\"name\":\"Portada\",\"item\":\"https:\\\/\\\/www.racsa.go.cr\\\/blog\\\/\"},{\"@type\":\"ListItem\",\"position\":2,\"name\":\"Reconocimiento Excelencia ambiental\"}]},{\"@type\":\"WebSite\",\"@id\":\"https:\\\/\\\/www.racsa.go.cr\\\/blog\\\/#website\",\"url\":\"https:\\\/\\\/www.racsa.go.cr\\\/blog\\\/\",\"name\":\"Blog de RACSA\",\"description\":\"Noticias y comunicados de inter\u00e9s\",\"publisher\":{\"@id\":\"https:\\\/\\\/www.racsa.go.cr\\\/blog\\\/#organization\"},\"potentialAction\":[{\"@type\":\"SearchAction\",\"target\":{\"@type\":\"EntryPoint\",\"urlTemplate\":\"https:\\\/\\\/www.racsa.go.cr\\\/blog\\\/?s={search_term_string}\"},\"query-input\":{\"@type\":\"PropertyValueSpecification\",\"valueRequired\":true,\"valueName\":\"search_term_string\"}}],\"inLanguage\":\"es-CR\"},{\"@type\":\"Organization\",\"@id\":\"https:\\\/\\\/www.racsa.go.cr\\\/blog\\\/#organization\",\"name\":\"RACSA\",\"url\":\"https:\\\/\\\/www.racsa.go.cr\\\/blog\\\/\",\"logo\":{\"@type\":\"ImageObject\",\"inLanguage\":\"es-CR\",\"@id\":\"https:\\\/\\\/www.racsa.go.cr\\\/blog\\\/#\\\/schema\\\/logo\\\/image\\\/\",\"url\":\"https:\\\/\\\/www.racsa.go.cr\\\/blog\\\/wp-content\\\/uploads\\\/2020\\\/06\\\/logo-racsa-blog_Mesa-de-trabajo-1.png\",\"contentUrl\":\"https:\\\/\\\/www.racsa.go.cr\\\/blog\\\/wp-content\\\/uploads\\\/2020\\\/06\\\/logo-racsa-blog_Mesa-de-trabajo-1.png\",\"width\":77,\"height\":50,\"caption\":\"RACSA\"},\"image\":{\"@id\":\"https:\\\/\\\/www.racsa.go.cr\\\/blog\\\/#\\\/schema\\\/logo\\\/image\\\/\"},\"sameAs\":[\"https:\\\/\\\/m.facebook.com\\\/RACSACR\\\/\",\"https:\\\/\\\/x.com\\\/RACSA_CR\",\"https:\\\/\\\/instagram.com\\\/racsa_cr?igshid=1xty3rwhqjj6p\",\"https:\\\/\\\/www.linkedin.com\\\/authwall?trk=gf&amp;amp;amp;amp;amp;amp;amp;trkInfo=AQGkHPl9RaoQ9AAAAXXizZAgZzcQwi0sdfDTg7AF4I5Q6B_NrjW5R7wFovOzBkS8ur94lJpFmlv2bomYKC3GZOFcSqkgLKm5wKGh61DyjTqr6c_1E_AFOwxMWF5kjSLpCvbYX9o=&amp;amp;amp;amp;amp;amp;amp;originalReferer&amp;amp;amp;amp;amp;amp;amp;sessionRedirect=https:\\\/\\\/es.linkedin.com\\\/company\\\/racsa_cr\",\"https:\\\/\\\/www.youtube.com\\\/user\\\/RACSACOSTARICA\"]},{\"@type\":\"Person\",\"@id\":\"https:\\\/\\\/www.racsa.go.cr\\\/blog\\\/#\\\/schema\\\/person\\\/ec79d31370d6dc9aaa4365492bc04f4e\",\"name\":\"Mercadeo RACSA\",\"image\":{\"@type\":\"ImageObject\",\"inLanguage\":\"es-CR\",\"@id\":\"https:\\\/\\\/secure.gravatar.com\\\/avatar\\\/7b464a0e344d5a5f82f8b9ceb49dae1d41b1141998fb14d2046814a158d02734?s=96&d=mm&r=g\",\"url\":\"https:\\\/\\\/secure.gravatar.com\\\/avatar\\\/7b464a0e344d5a5f82f8b9ceb49dae1d41b1141998fb14d2046814a158d02734?s=96&d=mm&r=g\",\"contentUrl\":\"https:\\\/\\\/secure.gravatar.com\\\/avatar\\\/7b464a0e344d5a5f82f8b9ceb49dae1d41b1141998fb14d2046814a158d02734?s=96&d=mm&r=g\",\"caption\":\"Mercadeo RACSA\"}}]}<\/script>\n<!-- \/ Yoast SEO plugin. -->","yoast_head_json":{"title":"Reconocimiento Excelencia ambiental - Blog de RACSA","robots":{"index":"index","follow":"follow","max-snippet":"max-snippet:-1","max-image-preview":"max-image-preview:large","max-video-preview":"max-video-preview:-1"},"canonical":"https:\/\/www.racsa.go.cr\/blog\/reconocimiento-excelencia-ambiental\/","og_locale":"es_ES","og_type":"article","og_title":"Reconocimiento Excelencia ambiental - Blog de RACSA","og_description":"Ministerio de Ambiente y Energ\u00eda (MINAE), por medio de la Direcci\u00f3n de Gesti\u00f3n de Calidad...","og_url":"https:\/\/www.racsa.go.cr\/blog\/reconocimiento-excelencia-ambiental\/","og_site_name":"Blog de RACSA","article_publisher":"https:\/\/m.facebook.com\/RACSACR\/","article_published_time":"2022-10-20T22:58:57+00:00","article_modified_time":"2022-10-20T23:03:32+00:00","og_image":[{"width":2560,"height":1439,"url":"https:\/\/www.racsa.go.cr\/blog\/wp-content\/uploads\/2022\/10\/Reconocimiento_Mesa-de-trabajo-1-scaled.jpg","type":"image\/jpeg"}],"author":"Mercadeo RACSA","twitter_card":"summary_large_image","twitter_creator":"@RACSA_CR","twitter_site":"@RACSA_CR","twitter_misc":{"Written by":"Mercadeo RACSA","Est. reading time":"2 minutos"},"schema":{"@context":"https:\/\/schema.org","@graph":[{"@type":"Article","@id":"https:\/\/www.racsa.go.cr\/blog\/reconocimiento-excelencia-ambiental\/#article","isPartOf":{"@id":"https:\/\/www.racsa.go.cr\/blog\/reconocimiento-excelencia-ambiental\/"},"author":{"name":"Mercadeo RACSA","@id":"https:\/\/www.racsa.go.cr\/blog\/#\/schema\/person\/ec79d31370d6dc9aaa4365492bc04f4e"},"headline":"Reconocimiento Excelencia ambiental","datePublished":"2022-10-20T22:58:57+00:00","dateModified":"2022-10-20T23:03:32+00:00","mainEntityOfPage":{"@id":"https:\/\/www.racsa.go.cr\/blog\/reconocimiento-excelencia-ambiental\/"},"wordCount":197,"publisher":{"@id":"https:\/\/www.racsa.go.cr\/blog\/#organization"},"image":{"@id":"https:\/\/www.racsa.go.cr\/blog\/reconocimiento-excelencia-ambiental\/#primaryimage"},"thumbnailUrl":"https:\/\/www.racsa.go.cr\/blog\/wp-content\/uploads\/2022\/10\/Reconocimiento_Mesa-de-trabajo-1-scaled.jpg","articleSection":["RACSA"],"inLanguage":"es-CR"},{"@type":"WebPage","@id":"https:\/\/www.racsa.go.cr\/blog\/reconocimiento-excelencia-ambiental\/","url":"https:\/\/www.racsa.go.cr\/blog\/reconocimiento-excelencia-ambiental\/","name":"Reconocimiento Excelencia ambiental - Blog de RACSA","isPartOf":{"@id":"https:\/\/www.racsa.go.cr\/blog\/#website"},"primaryImageOfPage":{"@id":"https:\/\/www.racsa.go.cr\/blog\/reconocimiento-excelencia-ambiental\/#primaryimage"},"image":{"@id":"https:\/\/www.racsa.go.cr\/blog\/reconocimiento-excelencia-ambiental\/#primaryimage"},"thumbnailUrl":"https:\/\/www.racsa.go.cr\/blog\/wp-content\/uploads\/2022\/10\/Reconocimiento_Mesa-de-trabajo-1-scaled.jpg","datePublished":"2022-10-20T22:58:57+00:00","dateModified":"2022-10-20T23:03:32+00:00","breadcrumb":{"@id":"https:\/\/www.racsa.go.cr\/blog\/reconocimiento-excelencia-ambiental\/#breadcrumb"},"inLanguage":"es-CR","potentialAction":[{"@type":"ReadAction","target":["https:\/\/www.racsa.go.cr\/blog\/reconocimiento-excelencia-ambiental\/"]}]},{"@type":"ImageObject","inLanguage":"es-CR","@id":"https:\/\/www.racsa.go.cr\/blog\/reconocimiento-excelencia-ambiental\/#primaryimage","url":"https:\/\/www.racsa.go.cr\/blog\/wp-content\/uploads\/2022\/10\/Reconocimiento_Mesa-de-trabajo-1-scaled.jpg","contentUrl":"https:\/\/www.racsa.go.cr\/blog\/wp-content\/uploads\/2022\/10\/Reconocimiento_Mesa-de-trabajo-1-scaled.jpg","width":2560,"height":1439,"caption":"Excelencia ambiental."},{"@type":"BreadcrumbList","@id":"https:\/\/www.racsa.go.cr\/blog\/reconocimiento-excelencia-ambiental\/#breadcrumb","itemListElement":[{"@type":"ListItem","position":1,"name":"Portada","item":"https:\/\/www.racsa.go.cr\/blog\/"},{"@type":"ListItem","position":2,"name":"Reconocimiento Excelencia ambiental"}]},{"@type":"WebSite","@id":"https:\/\/www.racsa.go.cr\/blog\/#website","url":"https:\/\/www.racsa.go.cr\/blog\/","name":"Blog de RACSA","description":"Noticias y comunicados de inter\u00e9s","publisher":{"@id":"https:\/\/www.racsa.go.cr\/blog\/#organization"},"potentialAction":[{"@type":"SearchAction","target":{"@type":"EntryPoint","urlTemplate":"https:\/\/www.racsa.go.cr\/blog\/?s={search_term_string}"},"query-input":{"@type":"PropertyValueSpecification","valueRequired":true,"valueName":"search_term_string"}}],"inLanguage":"es-CR"},{"@type":"Organization","@id":"https:\/\/www.racsa.go.cr\/blog\/#organization","name":"RACSA","url":"https:\/\/www.racsa.go.cr\/blog\/","logo":{"@type":"ImageObject","inLanguage":"es-CR","@id":"https:\/\/www.racsa.go.cr\/blog\/#\/schema\/logo\/image\/","url":"https:\/\/www.racsa.go.cr\/blog\/wp-content\/uploads\/2020\/06\/logo-racsa-blog_Mesa-de-trabajo-1.png","contentUrl":"https:\/\/www.racsa.go.cr\/blog\/wp-content\/uploads\/2020\/06\/logo-racsa-blog_Mesa-de-trabajo-1.png","width":77,"height":50,"caption":"RACSA"},"image":{"@id":"https:\/\/www.racsa.go.cr\/blog\/#\/schema\/logo\/image\/"},"sameAs":["https:\/\/m.facebook.com\/RACSACR\/","https:\/\/x.com\/RACSA_CR","https:\/\/instagram.com\/racsa_cr?igshid=1xty3rwhqjj6p","https:\/\/www.linkedin.com\/authwall?trk=gf&amp;amp;amp;amp;amp;amp;amp;trkInfo=AQGkHPl9RaoQ9AAAAXXizZAgZzcQwi0sdfDTg7AF4I5Q6B_NrjW5R7wFovOzBkS8ur94lJpFmlv2bomYKC3GZOFcSqkgLKm5wKGh61DyjTqr6c_1E_AFOwxMWF5kjSLpCvbYX9o=&amp;amp;amp;amp;amp;amp;amp;originalReferer&amp;amp;amp;amp;amp;amp;amp;sessionRedirect=https:\/\/es.linkedin.com\/company\/racsa_cr","https:\/\/www.youtube.com\/user\/RACSACOSTARICA"]},{"@type":"Person","@id":"https:\/\/www.racsa.go.cr\/blog\/#\/schema\/person\/ec79d31370d6dc9aaa4365492bc04f4e","name":"Mercadeo RACSA","image":{"@type":"ImageObject","inLanguage":"es-CR","@id":"https:\/\/secure.gravatar.com\/avatar\/7b464a0e344d5a5f82f8b9ceb49dae1d41b1141998fb14d2046814a158d02734?s=96&d=mm&r=g","url":"https:\/\/secure.gravatar.com\/avatar\/7b464a0e344d5a5f82f8b9ceb49dae1d41b1141998fb14d2046814a158d02734?s=96&d=mm&r=g","contentUrl":"https:\/\/secure.gravatar.com\/avatar\/7b464a0e344d5a5f82f8b9ceb49dae1d41b1141998fb14d2046814a158d02734?s=96&d=mm&r=g","caption":"Mercadeo RACSA"}}]}},"_links":{"self":[{"href":"https:\/\/www.racsa.go.cr\/blog\/wp-json\/wp\/v2\/posts\/2551","targetHints":{"allow":["GET"]}}],"collection":[{"href":"https:\/\/www.racsa.go.cr\/blog\/wp-json\/wp\/v2\/posts"}],"about":[{"href":"https:\/\/www.racsa.go.cr\/blog\/wp-json\/wp\/v2\/types\/post"}],"author":[{"embeddable":true,"href":"https:\/\/www.racsa.go.cr\/blog\/wp-json\/wp\/v2\/users\/2"}],"replies":[{"embeddable":true,"href":"https:\/\/www.racsa.go.cr\/blog\/wp-json\/wp\/v2\/comments?post=2551"}],"version-history":[{"count":0,"href":"https:\/\/www.racsa.go.cr\/blog\/wp-json\/wp\/v2\/posts\/2551\/revisions"}],"wp:featuredmedia":[{"embeddable":true,"href":"https:\/\/www.racsa.go.cr\/blog\/wp-json\/wp\/v2\/media\/2552"}],"wp:attachment":[{"href":"https:\/\/www.racsa.go.cr\/blog\/wp-json\/wp\/v2\/media?parent=2551"}],"wp:term":[{"taxonomy":"category","embeddable":true,"href":"https:\/\/www.racsa.go.cr\/blog\/wp-json\/wp\/v2\/categories?post=2551"},{"taxonomy":"post_tag","embeddable":true,"href":"https:\/\/www.racsa.go.cr\/blog\/wp-json\/wp\/v2\/tags?post=2551"}],"curies":[{"name":"wp","href":"https:\/\/api.w.org\/{rel}","templated":true}]}}