{"id":2511,"date":"2022-09-22T16:35:04","date_gmt":"2022-09-22T22:35:04","guid":{"rendered":"https:\/\/www.racsa.go.cr\/blog\/?p=2511"},"modified":"2022-09-22T16:35:06","modified_gmt":"2022-09-22T22:35:06","slug":"del-siglo-xx-al-futuro-racsa-traza-la-ruta-del-pais-hacia-la-transformacion-tecnologica%ef%bf%bc","status":"publish","type":"post","link":"https:\/\/www.racsa.go.cr\/blog\/del-siglo-xx-al-futuro-racsa-traza-la-ruta-del-pais-hacia-la-transformacion-tecnologica%ef%bf%bc\/","title":{"rendered":"Del Siglo XX al futuro: RACSA traza la ruta del pa\u00eds hacia la transformaci\u00f3n tecnol\u00f3gica\ufffc"},"content":{"rendered":"\n<p>En sus cien a\u00f1os de historia, Radiogr\u00e1fica Costarricense S.A. (RACSA) ha sido el protagonista de importantes saltos tecnol\u00f3gicos que le permitieron a la Costa Rica del siglo XX transitar por la ruta de la innovaci\u00f3n con grandes cambios que definieron su personalidad social, comercial y tecnol\u00f3gica.<\/p>\n\n\n\n<p>Como la empresa con la m\u00e1xima trayectoria en el Sector de las Telecomunicaciones en el pa\u00eds, RACSA es el sue\u00f1o materializado de Ricardo Pacheco Lara y Jos\u00e9 Joaqu\u00edn Carranza Volio.<\/p>\n\n\n\n<p>Ambos visionarios costarricenses crearon el 25 de julio de 1922 la Compa\u00f1\u00eda Radiogr\u00e1fica Internacional de Costa Rica (CRICSA), cuyos servicios de telegraf\u00eda y telefon\u00eda inal\u00e1mbrica conectaban por primera vez al pa\u00eds con el mundo.<\/p>\n\n\n\n<p>A partir de ese momento y en distintas coyunturas, RACSA acompa\u00f1\u00f3 al pa\u00eds en su proceso de evoluci\u00f3n tecnol\u00f3gica, que en la actualidad incluye soluciones integrales especializadas que soportan procesos complejos de transformaci\u00f3n en m\u00e1s de 600 clientes, entre instituciones p\u00fablicas y empresas privadas.<\/p>\n\n\n\n<p>Como empresa \u201cEsencial Costa Rica\u201d, RACSA mantiene intacto su compromiso con los ciudadanos y la competitividad del Estado, apoyando los esfuerzos nacionales para facilitar el acceso r\u00e1pido y seguro a servicios y tr\u00e1mites, con procesos simplificados, accesibles y disponibles incluso fuera de nuestras fronteras.&nbsp;<\/p>\n\n\n\n<p>La plataforma Tramite \u00a1Ya! es un ejemplo de los servicios de valor que RACSA ha aportado a Costa Rica, permitiendo la gesti\u00f3n de m\u00e1s de 50 tr\u00e1mites migratorios a trav\u00e9s de Migraci\u00f3n Digital, incluyendo el registro de n\u00f3madas digitales. La plataforma tambi\u00e9n incorpora los servicios Factoreo Digital y Crear Empresa.&nbsp;<\/p>\n\n\n\n<p>Otros proyectos que suman a la oferta comercial y apoyan los esfuerzos nacionales de optimizaci\u00f3n y beneficio ciudadano son los servicios de Videovigilancia, con presencia en diez cantones, la soluci\u00f3n de Verificaci\u00f3n de Identidad (VID) para prevenir la delincuencia por suplantaci\u00f3n de personas y el Centro de Atenci\u00f3n Ciudadana 1311, con ocho l\u00edneas de servicio.<\/p>\n\n\n\n<p>La oferta comercial de RACSA tambi\u00e9n incluye la administraci\u00f3n y operaci\u00f3n de cinco Estaciones de Pesaje que permiten frenar el deterioro de las carreteras producto del sobrepeso no autorizado.<\/p>\n\n\n\n<p>RACSA adem\u00e1s se ha convertido en aliado del Estado para apoyar a las instituciones en el cumplimiento de la legislaci\u00f3n nacional aplicable a distintos \u00e1mbitos.<\/p>\n\n\n\n<p>En esta l\u00ednea, la empresa ofrece el Sistema Integrado de Compras P\u00fablicas (SICOP), la plataforma SIGE 360 para automatizar la gesti\u00f3n del desempe\u00f1o de los colaboradores, y recientemente apoy\u00f3 el Programa Espacios P\u00fablicos Conectados de la Superintendencia de Telecomunicaciones (SUTEL).<\/p>\n\n\n\n<p>Con esta iniciativa se habilit\u00f3 Internet gratuito en 169 sitios entre parques, plazas, bibliotecas, estaciones de tren y centros c\u00edvicos ubicados en San Jos\u00e9, Cartago y Lim\u00f3n.<\/p>\n\n\n\n<p>En su visi\u00f3n de futuro, RACSA ha trazado un mapa de acci\u00f3n para incorporar nuevas tecnolog\u00edas flexibles, \u00e1giles y seguras que aporten valor a la propuesta comercial y complementen los servicios, con recurso humano especializado y un enfoque estrat\u00e9gico de actualizaci\u00f3n y mejora que asegure las operaciones y la continuidad de los negocios en las instituciones y las empresas.<\/p>\n\n\n\n<p><\/p>\n\n\n\n<p><strong>RACSA en cinco soluciones<\/strong><\/p>\n\n\n\n<p>-Soluciones de conectividad y comunicaci\u00f3n:&nbsp;Internet empresarial, redes privadas virtuales, SD WAN.<\/p>\n\n\n\n<p>-Soluciones digitales:&nbsp;Gestor Documental, Verificaci\u00f3n de Identidad, SICOP, Tramite \u00a1Ya!, SIGE 360, plataforma de servicios al ciudadano 1311, entre otras.<\/p>\n\n\n\n<p>-Soluciones de infraestructura y nube, tales como&nbsp;Colocation, IaaS (Servidores Virtuales, Servicios Administrados).<\/p>\n\n\n\n<p>-Soluciones para territorios inteligentes, como&nbsp;Videovigilancia.<\/p>\n\n\n\n<p>-Soluciones gestionadas, que son\u00a0proyectos a la medida de las necesidades del cliente.<\/p>\n\n\n\n<figure class=\"wp-block-image size-large\"><img loading=\"lazy\" decoding=\"async\" width=\"1024\" height=\"1024\" src=\"https:\/\/www.racsa.go.cr\/blog\/wp-content\/uploads\/2022\/09\/pesos-y-dimensiones_Mesa-de-trabajo-1-1024x1024.jpg\" alt=\"\" class=\"wp-image-2513\" srcset=\"https:\/\/www.racsa.go.cr\/blog\/wp-content\/uploads\/2022\/09\/pesos-y-dimensiones_Mesa-de-trabajo-1-1024x1024.jpg 1024w, https:\/\/www.racsa.go.cr\/blog\/wp-content\/uploads\/2022\/09\/pesos-y-dimensiones_Mesa-de-trabajo-1-300x300.jpg 300w, https:\/\/www.racsa.go.cr\/blog\/wp-content\/uploads\/2022\/09\/pesos-y-dimensiones_Mesa-de-trabajo-1-150x150.jpg 150w, https:\/\/www.racsa.go.cr\/blog\/wp-content\/uploads\/2022\/09\/pesos-y-dimensiones_Mesa-de-trabajo-1-768x768.jpg 768w, https:\/\/www.racsa.go.cr\/blog\/wp-content\/uploads\/2022\/09\/pesos-y-dimensiones_Mesa-de-trabajo-1-1536x1536.jpg 1536w, https:\/\/www.racsa.go.cr\/blog\/wp-content\/uploads\/2022\/09\/pesos-y-dimensiones_Mesa-de-trabajo-1-2048x2048.jpg 2048w\" sizes=\"auto, (max-width: 1024px) 100vw, 1024px\" \/><figcaption>El recurso humano especializado y un enfoque estrat\u00e9gico de actualizaci\u00f3n y mejora que asegure las operaciones y la continuidad de los negocios en las instituciones y las empresas es parte de la visi\u00f3n que RACSA tiene de cara al futuro.<\/figcaption><\/figure>\n\n\n\n<p>\u00a1Hagamos el futuro juntos!<\/p>\n\n\n\n<p>Conozca m\u00e1s de nuestra trayectoria en:<\/p>\n\n\n\n<p><a href=\"https:\/\/www.racsa.go.cr\/flipping-books\/historia-de-racsa-vf\/\">https:\/\/www.racsa.go.cr\/flipping-books\/historia-de-racsa-vf\/<\/a><\/p>\n","protected":false},"excerpt":{"rendered":"<p>En sus cien a\u00f1os de historia, Radiogr\u00e1fica Costarricense S.A. (RACSA) ha sido el protagonista de&#8230;<\/p>\n","protected":false},"author":2,"featured_media":2512,"comment_status":"closed","ping_status":"closed","sticky":false,"template":"","format":"standard","meta":{"footnotes":""},"categories":[224,68,176,5,234],"tags":[],"class_list":["post-2511","post","type-post","status-publish","format-standard","has-post-thumbnail","hentry","category-comunicado-racsa","category-pesos-y-mediciones","category-racsa","category-tecnologias-inalambricas","category-tramite-ya"],"yoast_head":"<!-- This site is optimized with the Yoast SEO plugin v27.5 - https:\/\/yoast.com\/product\/yoast-seo-wordpress\/ -->\n<title>Del Siglo XX al futuro: RACSA traza la ruta del pa\u00eds hacia la transformaci\u00f3n tecnol\u00f3gica\ufffc - Blog de RACSA<\/title>\n<meta name=\"robots\" content=\"index, follow, max-snippet:-1, max-image-preview:large, max-video-preview:-1\" \/>\n<link rel=\"canonical\" href=\"https:\/\/www.racsa.go.cr\/blog\/del-siglo-xx-al-futuro-racsa-traza-la-ruta-del-pais-hacia-la-transformacion-tecnologica\ufffc\/\" \/>\n<meta property=\"og:locale\" content=\"es_ES\" \/>\n<meta property=\"og:type\" content=\"article\" \/>\n<meta property=\"og:title\" content=\"Del Siglo XX al futuro: RACSA traza la ruta del pa\u00eds hacia la transformaci\u00f3n tecnol\u00f3gica\ufffc - Blog de RACSA\" \/>\n<meta property=\"og:description\" content=\"En sus cien a\u00f1os de historia, Radiogr\u00e1fica Costarricense S.A. (RACSA) ha sido el protagonista de...\" \/>\n<meta property=\"og:url\" content=\"https:\/\/www.racsa.go.cr\/blog\/del-siglo-xx-al-futuro-racsa-traza-la-ruta-del-pais-hacia-la-transformacion-tecnologica\ufffc\/\" \/>\n<meta property=\"og:site_name\" content=\"Blog de RACSA\" \/>\n<meta property=\"article:publisher\" content=\"https:\/\/m.facebook.com\/RACSACR\/\" \/>\n<meta property=\"article:published_time\" content=\"2022-09-22T22:35:04+00:00\" \/>\n<meta property=\"article:modified_time\" content=\"2022-09-22T22:35:06+00:00\" \/>\n<meta property=\"og:image\" content=\"https:\/\/www.racsa.go.cr\/blog\/wp-content\/uploads\/2022\/09\/Gra\u0301fica-Centenario_Mesa-de-trabajo-1-scaled.jpg\" \/>\n\t<meta property=\"og:image:width\" content=\"2560\" \/>\n\t<meta property=\"og:image:height\" content=\"1439\" \/>\n\t<meta property=\"og:image:type\" content=\"image\/jpeg\" \/>\n<meta name=\"author\" content=\"Mercadeo RACSA\" \/>\n<meta name=\"twitter:card\" content=\"summary_large_image\" \/>\n<meta name=\"twitter:creator\" content=\"@RACSA_CR\" \/>\n<meta name=\"twitter:site\" content=\"@RACSA_CR\" \/>\n<meta name=\"twitter:label1\" content=\"Written by\" \/>\n\t<meta name=\"twitter:data1\" content=\"Mercadeo RACSA\" \/>\n\t<meta name=\"twitter:label2\" content=\"Est. reading time\" \/>\n\t<meta name=\"twitter:data2\" content=\"3 minutos\" \/>\n<script type=\"application\/ld+json\" class=\"yoast-schema-graph\">{\"@context\":\"https:\\\/\\\/schema.org\",\"@graph\":[{\"@type\":\"Article\",\"@id\":\"https:\\\/\\\/www.racsa.go.cr\\\/blog\\\/del-siglo-xx-al-futuro-racsa-traza-la-ruta-del-pais-hacia-la-transformacion-tecnologica%ef%bf%bc\\\/#article\",\"isPartOf\":{\"@id\":\"https:\\\/\\\/www.racsa.go.cr\\\/blog\\\/del-siglo-xx-al-futuro-racsa-traza-la-ruta-del-pais-hacia-la-transformacion-tecnologica%ef%bf%bc\\\/\"},\"author\":{\"name\":\"Mercadeo RACSA\",\"@id\":\"https:\\\/\\\/www.racsa.go.cr\\\/blog\\\/#\\\/schema\\\/person\\\/ec79d31370d6dc9aaa4365492bc04f4e\"},\"headline\":\"Del Siglo XX al futuro: RACSA traza la ruta del pa\u00eds hacia la transformaci\u00f3n tecnol\u00f3gica\ufffc\",\"datePublished\":\"2022-09-22T22:35:04+00:00\",\"dateModified\":\"2022-09-22T22:35:06+00:00\",\"mainEntityOfPage\":{\"@id\":\"https:\\\/\\\/www.racsa.go.cr\\\/blog\\\/del-siglo-xx-al-futuro-racsa-traza-la-ruta-del-pais-hacia-la-transformacion-tecnologica%ef%bf%bc\\\/\"},\"wordCount\":683,\"publisher\":{\"@id\":\"https:\\\/\\\/www.racsa.go.cr\\\/blog\\\/#organization\"},\"image\":{\"@id\":\"https:\\\/\\\/www.racsa.go.cr\\\/blog\\\/del-siglo-xx-al-futuro-racsa-traza-la-ruta-del-pais-hacia-la-transformacion-tecnologica%ef%bf%bc\\\/#primaryimage\"},\"thumbnailUrl\":\"https:\\\/\\\/www.racsa.go.cr\\\/blog\\\/wp-content\\\/uploads\\\/2022\\\/09\\\/Gra\u0301fica-Centenario_Mesa-de-trabajo-1-scaled.jpg\",\"articleSection\":[\"COMUNICADO RACSA\",\"PESOS Y MEDICIONES\",\"RACSA\",\"Tecnolog\u00edas Inal\u00e1mbricas\",\"TRAMITE \u00a1YA!\"],\"inLanguage\":\"es-CR\"},{\"@type\":\"WebPage\",\"@id\":\"https:\\\/\\\/www.racsa.go.cr\\\/blog\\\/del-siglo-xx-al-futuro-racsa-traza-la-ruta-del-pais-hacia-la-transformacion-tecnologica%ef%bf%bc\\\/\",\"url\":\"https:\\\/\\\/www.racsa.go.cr\\\/blog\\\/del-siglo-xx-al-futuro-racsa-traza-la-ruta-del-pais-hacia-la-transformacion-tecnologica%ef%bf%bc\\\/\",\"name\":\"Del Siglo XX al futuro: RACSA traza la ruta del pa\u00eds hacia la transformaci\u00f3n tecnol\u00f3gica\ufffc - Blog de RACSA\",\"isPartOf\":{\"@id\":\"https:\\\/\\\/www.racsa.go.cr\\\/blog\\\/#website\"},\"primaryImageOfPage\":{\"@id\":\"https:\\\/\\\/www.racsa.go.cr\\\/blog\\\/del-siglo-xx-al-futuro-racsa-traza-la-ruta-del-pais-hacia-la-transformacion-tecnologica%ef%bf%bc\\\/#primaryimage\"},\"image\":{\"@id\":\"https:\\\/\\\/www.racsa.go.cr\\\/blog\\\/del-siglo-xx-al-futuro-racsa-traza-la-ruta-del-pais-hacia-la-transformacion-tecnologica%ef%bf%bc\\\/#primaryimage\"},\"thumbnailUrl\":\"https:\\\/\\\/www.racsa.go.cr\\\/blog\\\/wp-content\\\/uploads\\\/2022\\\/09\\\/Gra\u0301fica-Centenario_Mesa-de-trabajo-1-scaled.jpg\",\"datePublished\":\"2022-09-22T22:35:04+00:00\",\"dateModified\":\"2022-09-22T22:35:06+00:00\",\"breadcrumb\":{\"@id\":\"https:\\\/\\\/www.racsa.go.cr\\\/blog\\\/del-siglo-xx-al-futuro-racsa-traza-la-ruta-del-pais-hacia-la-transformacion-tecnologica%ef%bf%bc\\\/#breadcrumb\"},\"inLanguage\":\"es-CR\",\"potentialAction\":[{\"@type\":\"ReadAction\",\"target\":[\"https:\\\/\\\/www.racsa.go.cr\\\/blog\\\/del-siglo-xx-al-futuro-racsa-traza-la-ruta-del-pais-hacia-la-transformacion-tecnologica%ef%bf%bc\\\/\"]}]},{\"@type\":\"ImageObject\",\"inLanguage\":\"es-CR\",\"@id\":\"https:\\\/\\\/www.racsa.go.cr\\\/blog\\\/del-siglo-xx-al-futuro-racsa-traza-la-ruta-del-pais-hacia-la-transformacion-tecnologica%ef%bf%bc\\\/#primaryimage\",\"url\":\"https:\\\/\\\/www.racsa.go.cr\\\/blog\\\/wp-content\\\/uploads\\\/2022\\\/09\\\/Gra\u0301fica-Centenario_Mesa-de-trabajo-1-scaled.jpg\",\"contentUrl\":\"https:\\\/\\\/www.racsa.go.cr\\\/blog\\\/wp-content\\\/uploads\\\/2022\\\/09\\\/Gra\u0301fica-Centenario_Mesa-de-trabajo-1-scaled.jpg\",\"width\":2560,\"height\":1439},{\"@type\":\"BreadcrumbList\",\"@id\":\"https:\\\/\\\/www.racsa.go.cr\\\/blog\\\/del-siglo-xx-al-futuro-racsa-traza-la-ruta-del-pais-hacia-la-transformacion-tecnologica%ef%bf%bc\\\/#breadcrumb\",\"itemListElement\":[{\"@type\":\"ListItem\",\"position\":1,\"name\":\"Portada\",\"item\":\"https:\\\/\\\/www.racsa.go.cr\\\/blog\\\/\"},{\"@type\":\"ListItem\",\"position\":2,\"name\":\"Del Siglo XX al futuro: RACSA traza la ruta del pa\u00eds hacia la transformaci\u00f3n tecnol\u00f3gica\ufffc\"}]},{\"@type\":\"WebSite\",\"@id\":\"https:\\\/\\\/www.racsa.go.cr\\\/blog\\\/#website\",\"url\":\"https:\\\/\\\/www.racsa.go.cr\\\/blog\\\/\",\"name\":\"Blog de RACSA\",\"description\":\"Noticias y comunicados de inter\u00e9s\",\"publisher\":{\"@id\":\"https:\\\/\\\/www.racsa.go.cr\\\/blog\\\/#organization\"},\"potentialAction\":[{\"@type\":\"SearchAction\",\"target\":{\"@type\":\"EntryPoint\",\"urlTemplate\":\"https:\\\/\\\/www.racsa.go.cr\\\/blog\\\/?s={search_term_string}\"},\"query-input\":{\"@type\":\"PropertyValueSpecification\",\"valueRequired\":true,\"valueName\":\"search_term_string\"}}],\"inLanguage\":\"es-CR\"},{\"@type\":\"Organization\",\"@id\":\"https:\\\/\\\/www.racsa.go.cr\\\/blog\\\/#organization\",\"name\":\"RACSA\",\"url\":\"https:\\\/\\\/www.racsa.go.cr\\\/blog\\\/\",\"logo\":{\"@type\":\"ImageObject\",\"inLanguage\":\"es-CR\",\"@id\":\"https:\\\/\\\/www.racsa.go.cr\\\/blog\\\/#\\\/schema\\\/logo\\\/image\\\/\",\"url\":\"https:\\\/\\\/www.racsa.go.cr\\\/blog\\\/wp-content\\\/uploads\\\/2020\\\/06\\\/logo-racsa-blog_Mesa-de-trabajo-1.png\",\"contentUrl\":\"https:\\\/\\\/www.racsa.go.cr\\\/blog\\\/wp-content\\\/uploads\\\/2020\\\/06\\\/logo-racsa-blog_Mesa-de-trabajo-1.png\",\"width\":77,\"height\":50,\"caption\":\"RACSA\"},\"image\":{\"@id\":\"https:\\\/\\\/www.racsa.go.cr\\\/blog\\\/#\\\/schema\\\/logo\\\/image\\\/\"},\"sameAs\":[\"https:\\\/\\\/m.facebook.com\\\/RACSACR\\\/\",\"https:\\\/\\\/x.com\\\/RACSA_CR\",\"https:\\\/\\\/instagram.com\\\/racsa_cr?igshid=1xty3rwhqjj6p\",\"https:\\\/\\\/www.linkedin.com\\\/authwall?trk=gf&amp;amp;amp;amp;amp;amp;amp;trkInfo=AQGkHPl9RaoQ9AAAAXXizZAgZzcQwi0sdfDTg7AF4I5Q6B_NrjW5R7wFovOzBkS8ur94lJpFmlv2bomYKC3GZOFcSqkgLKm5wKGh61DyjTqr6c_1E_AFOwxMWF5kjSLpCvbYX9o=&amp;amp;amp;amp;amp;amp;amp;originalReferer&amp;amp;amp;amp;amp;amp;amp;sessionRedirect=https:\\\/\\\/es.linkedin.com\\\/company\\\/racsa_cr\",\"https:\\\/\\\/www.youtube.com\\\/user\\\/RACSACOSTARICA\"]},{\"@type\":\"Person\",\"@id\":\"https:\\\/\\\/www.racsa.go.cr\\\/blog\\\/#\\\/schema\\\/person\\\/ec79d31370d6dc9aaa4365492bc04f4e\",\"name\":\"Mercadeo RACSA\",\"image\":{\"@type\":\"ImageObject\",\"inLanguage\":\"es-CR\",\"@id\":\"https:\\\/\\\/secure.gravatar.com\\\/avatar\\\/7b464a0e344d5a5f82f8b9ceb49dae1d41b1141998fb14d2046814a158d02734?s=96&d=mm&r=g\",\"url\":\"https:\\\/\\\/secure.gravatar.com\\\/avatar\\\/7b464a0e344d5a5f82f8b9ceb49dae1d41b1141998fb14d2046814a158d02734?s=96&d=mm&r=g\",\"contentUrl\":\"https:\\\/\\\/secure.gravatar.com\\\/avatar\\\/7b464a0e344d5a5f82f8b9ceb49dae1d41b1141998fb14d2046814a158d02734?s=96&d=mm&r=g\",\"caption\":\"Mercadeo RACSA\"}}]}<\/script>\n<!-- \/ Yoast SEO plugin. -->","yoast_head_json":{"title":"Del Siglo XX al futuro: RACSA traza la ruta del pa\u00eds hacia la transformaci\u00f3n tecnol\u00f3gica\ufffc - Blog de RACSA","robots":{"index":"index","follow":"follow","max-snippet":"max-snippet:-1","max-image-preview":"max-image-preview:large","max-video-preview":"max-video-preview:-1"},"canonical":"https:\/\/www.racsa.go.cr\/blog\/del-siglo-xx-al-futuro-racsa-traza-la-ruta-del-pais-hacia-la-transformacion-tecnologica\ufffc\/","og_locale":"es_ES","og_type":"article","og_title":"Del Siglo XX al futuro: RACSA traza la ruta del pa\u00eds hacia la transformaci\u00f3n tecnol\u00f3gica\ufffc - Blog de RACSA","og_description":"En sus cien a\u00f1os de historia, Radiogr\u00e1fica Costarricense S.A. (RACSA) ha sido el protagonista de...","og_url":"https:\/\/www.racsa.go.cr\/blog\/del-siglo-xx-al-futuro-racsa-traza-la-ruta-del-pais-hacia-la-transformacion-tecnologica\ufffc\/","og_site_name":"Blog de RACSA","article_publisher":"https:\/\/m.facebook.com\/RACSACR\/","article_published_time":"2022-09-22T22:35:04+00:00","article_modified_time":"2022-09-22T22:35:06+00:00","og_image":[{"width":2560,"height":1439,"url":"https:\/\/www.racsa.go.cr\/blog\/wp-content\/uploads\/2022\/09\/Gra\u0301fica-Centenario_Mesa-de-trabajo-1-scaled.jpg","type":"image\/jpeg"}],"author":"Mercadeo RACSA","twitter_card":"summary_large_image","twitter_creator":"@RACSA_CR","twitter_site":"@RACSA_CR","twitter_misc":{"Written by":"Mercadeo RACSA","Est. reading time":"3 minutos"},"schema":{"@context":"https:\/\/schema.org","@graph":[{"@type":"Article","@id":"https:\/\/www.racsa.go.cr\/blog\/del-siglo-xx-al-futuro-racsa-traza-la-ruta-del-pais-hacia-la-transformacion-tecnologica%ef%bf%bc\/#article","isPartOf":{"@id":"https:\/\/www.racsa.go.cr\/blog\/del-siglo-xx-al-futuro-racsa-traza-la-ruta-del-pais-hacia-la-transformacion-tecnologica%ef%bf%bc\/"},"author":{"name":"Mercadeo RACSA","@id":"https:\/\/www.racsa.go.cr\/blog\/#\/schema\/person\/ec79d31370d6dc9aaa4365492bc04f4e"},"headline":"Del Siglo XX al futuro: RACSA traza la ruta del pa\u00eds hacia la transformaci\u00f3n tecnol\u00f3gica\ufffc","datePublished":"2022-09-22T22:35:04+00:00","dateModified":"2022-09-22T22:35:06+00:00","mainEntityOfPage":{"@id":"https:\/\/www.racsa.go.cr\/blog\/del-siglo-xx-al-futuro-racsa-traza-la-ruta-del-pais-hacia-la-transformacion-tecnologica%ef%bf%bc\/"},"wordCount":683,"publisher":{"@id":"https:\/\/www.racsa.go.cr\/blog\/#organization"},"image":{"@id":"https:\/\/www.racsa.go.cr\/blog\/del-siglo-xx-al-futuro-racsa-traza-la-ruta-del-pais-hacia-la-transformacion-tecnologica%ef%bf%bc\/#primaryimage"},"thumbnailUrl":"https:\/\/www.racsa.go.cr\/blog\/wp-content\/uploads\/2022\/09\/Gra\u0301fica-Centenario_Mesa-de-trabajo-1-scaled.jpg","articleSection":["COMUNICADO RACSA","PESOS Y MEDICIONES","RACSA","Tecnolog\u00edas Inal\u00e1mbricas","TRAMITE \u00a1YA!"],"inLanguage":"es-CR"},{"@type":"WebPage","@id":"https:\/\/www.racsa.go.cr\/blog\/del-siglo-xx-al-futuro-racsa-traza-la-ruta-del-pais-hacia-la-transformacion-tecnologica%ef%bf%bc\/","url":"https:\/\/www.racsa.go.cr\/blog\/del-siglo-xx-al-futuro-racsa-traza-la-ruta-del-pais-hacia-la-transformacion-tecnologica%ef%bf%bc\/","name":"Del Siglo XX al futuro: RACSA traza la ruta del pa\u00eds hacia la transformaci\u00f3n tecnol\u00f3gica\ufffc - Blog de RACSA","isPartOf":{"@id":"https:\/\/www.racsa.go.cr\/blog\/#website"},"primaryImageOfPage":{"@id":"https:\/\/www.racsa.go.cr\/blog\/del-siglo-xx-al-futuro-racsa-traza-la-ruta-del-pais-hacia-la-transformacion-tecnologica%ef%bf%bc\/#primaryimage"},"image":{"@id":"https:\/\/www.racsa.go.cr\/blog\/del-siglo-xx-al-futuro-racsa-traza-la-ruta-del-pais-hacia-la-transformacion-tecnologica%ef%bf%bc\/#primaryimage"},"thumbnailUrl":"https:\/\/www.racsa.go.cr\/blog\/wp-content\/uploads\/2022\/09\/Gra\u0301fica-Centenario_Mesa-de-trabajo-1-scaled.jpg","datePublished":"2022-09-22T22:35:04+00:00","dateModified":"2022-09-22T22:35:06+00:00","breadcrumb":{"@id":"https:\/\/www.racsa.go.cr\/blog\/del-siglo-xx-al-futuro-racsa-traza-la-ruta-del-pais-hacia-la-transformacion-tecnologica%ef%bf%bc\/#breadcrumb"},"inLanguage":"es-CR","potentialAction":[{"@type":"ReadAction","target":["https:\/\/www.racsa.go.cr\/blog\/del-siglo-xx-al-futuro-racsa-traza-la-ruta-del-pais-hacia-la-transformacion-tecnologica%ef%bf%bc\/"]}]},{"@type":"ImageObject","inLanguage":"es-CR","@id":"https:\/\/www.racsa.go.cr\/blog\/del-siglo-xx-al-futuro-racsa-traza-la-ruta-del-pais-hacia-la-transformacion-tecnologica%ef%bf%bc\/#primaryimage","url":"https:\/\/www.racsa.go.cr\/blog\/wp-content\/uploads\/2022\/09\/Gra\u0301fica-Centenario_Mesa-de-trabajo-1-scaled.jpg","contentUrl":"https:\/\/www.racsa.go.cr\/blog\/wp-content\/uploads\/2022\/09\/Gra\u0301fica-Centenario_Mesa-de-trabajo-1-scaled.jpg","width":2560,"height":1439},{"@type":"BreadcrumbList","@id":"https:\/\/www.racsa.go.cr\/blog\/del-siglo-xx-al-futuro-racsa-traza-la-ruta-del-pais-hacia-la-transformacion-tecnologica%ef%bf%bc\/#breadcrumb","itemListElement":[{"@type":"ListItem","position":1,"name":"Portada","item":"https:\/\/www.racsa.go.cr\/blog\/"},{"@type":"ListItem","position":2,"name":"Del Siglo XX al futuro: RACSA traza la ruta del pa\u00eds hacia la transformaci\u00f3n tecnol\u00f3gica\ufffc"}]},{"@type":"WebSite","@id":"https:\/\/www.racsa.go.cr\/blog\/#website","url":"https:\/\/www.racsa.go.cr\/blog\/","name":"Blog de RACSA","description":"Noticias y comunicados de inter\u00e9s","publisher":{"@id":"https:\/\/www.racsa.go.cr\/blog\/#organization"},"potentialAction":[{"@type":"SearchAction","target":{"@type":"EntryPoint","urlTemplate":"https:\/\/www.racsa.go.cr\/blog\/?s={search_term_string}"},"query-input":{"@type":"PropertyValueSpecification","valueRequired":true,"valueName":"search_term_string"}}],"inLanguage":"es-CR"},{"@type":"Organization","@id":"https:\/\/www.racsa.go.cr\/blog\/#organization","name":"RACSA","url":"https:\/\/www.racsa.go.cr\/blog\/","logo":{"@type":"ImageObject","inLanguage":"es-CR","@id":"https:\/\/www.racsa.go.cr\/blog\/#\/schema\/logo\/image\/","url":"https:\/\/www.racsa.go.cr\/blog\/wp-content\/uploads\/2020\/06\/logo-racsa-blog_Mesa-de-trabajo-1.png","contentUrl":"https:\/\/www.racsa.go.cr\/blog\/wp-content\/uploads\/2020\/06\/logo-racsa-blog_Mesa-de-trabajo-1.png","width":77,"height":50,"caption":"RACSA"},"image":{"@id":"https:\/\/www.racsa.go.cr\/blog\/#\/schema\/logo\/image\/"},"sameAs":["https:\/\/m.facebook.com\/RACSACR\/","https:\/\/x.com\/RACSA_CR","https:\/\/instagram.com\/racsa_cr?igshid=1xty3rwhqjj6p","https:\/\/www.linkedin.com\/authwall?trk=gf&amp;amp;amp;amp;amp;amp;amp;trkInfo=AQGkHPl9RaoQ9AAAAXXizZAgZzcQwi0sdfDTg7AF4I5Q6B_NrjW5R7wFovOzBkS8ur94lJpFmlv2bomYKC3GZOFcSqkgLKm5wKGh61DyjTqr6c_1E_AFOwxMWF5kjSLpCvbYX9o=&amp;amp;amp;amp;amp;amp;amp;originalReferer&amp;amp;amp;amp;amp;amp;amp;sessionRedirect=https:\/\/es.linkedin.com\/company\/racsa_cr","https:\/\/www.youtube.com\/user\/RACSACOSTARICA"]},{"@type":"Person","@id":"https:\/\/www.racsa.go.cr\/blog\/#\/schema\/person\/ec79d31370d6dc9aaa4365492bc04f4e","name":"Mercadeo RACSA","image":{"@type":"ImageObject","inLanguage":"es-CR","@id":"https:\/\/secure.gravatar.com\/avatar\/7b464a0e344d5a5f82f8b9ceb49dae1d41b1141998fb14d2046814a158d02734?s=96&d=mm&r=g","url":"https:\/\/secure.gravatar.com\/avatar\/7b464a0e344d5a5f82f8b9ceb49dae1d41b1141998fb14d2046814a158d02734?s=96&d=mm&r=g","contentUrl":"https:\/\/secure.gravatar.com\/avatar\/7b464a0e344d5a5f82f8b9ceb49dae1d41b1141998fb14d2046814a158d02734?s=96&d=mm&r=g","caption":"Mercadeo RACSA"}}]}},"_links":{"self":[{"href":"https:\/\/www.racsa.go.cr\/blog\/wp-json\/wp\/v2\/posts\/2511","targetHints":{"allow":["GET"]}}],"collection":[{"href":"https:\/\/www.racsa.go.cr\/blog\/wp-json\/wp\/v2\/posts"}],"about":[{"href":"https:\/\/www.racsa.go.cr\/blog\/wp-json\/wp\/v2\/types\/post"}],"author":[{"embeddable":true,"href":"https:\/\/www.racsa.go.cr\/blog\/wp-json\/wp\/v2\/users\/2"}],"replies":[{"embeddable":true,"href":"https:\/\/www.racsa.go.cr\/blog\/wp-json\/wp\/v2\/comments?post=2511"}],"version-history":[{"count":0,"href":"https:\/\/www.racsa.go.cr\/blog\/wp-json\/wp\/v2\/posts\/2511\/revisions"}],"wp:featuredmedia":[{"embeddable":true,"href":"https:\/\/www.racsa.go.cr\/blog\/wp-json\/wp\/v2\/media\/2512"}],"wp:attachment":[{"href":"https:\/\/www.racsa.go.cr\/blog\/wp-json\/wp\/v2\/media?parent=2511"}],"wp:term":[{"taxonomy":"category","embeddable":true,"href":"https:\/\/www.racsa.go.cr\/blog\/wp-json\/wp\/v2\/categories?post=2511"},{"taxonomy":"post_tag","embeddable":true,"href":"https:\/\/www.racsa.go.cr\/blog\/wp-json\/wp\/v2\/tags?post=2511"}],"curies":[{"name":"wp","href":"https:\/\/api.w.org\/{rel}","templated":true}]}}