{"id":2447,"date":"2022-08-09T15:54:30","date_gmt":"2022-08-09T21:54:30","guid":{"rendered":"https:\/\/www.racsa.go.cr\/blog\/?p=2447"},"modified":"2022-08-11T18:24:25","modified_gmt":"2022-08-12T00:24:25","slug":"los-servicios-administrados-una-alternativa-de-integracion-tecnologica-que-agrega-mucho-valor-al-crecimiento-empresarial-%ef%bf%bc","status":"publish","type":"post","link":"https:\/\/www.racsa.go.cr\/blog\/los-servicios-administrados-una-alternativa-de-integracion-tecnologica-que-agrega-mucho-valor-al-crecimiento-empresarial-%ef%bf%bc\/","title":{"rendered":"Los Servicios Administrados, una alternativa de integraci\u00f3n tecnol\u00f3gica que agrega mucho valor al crecimiento empresarial.\ufffc"},"content":{"rendered":"\n<p>En la actualidad, empresas de diferentes sectores productivos del pa\u00eds han optado por el modelo de Servicios Administrados para atender necesidades espec\u00edficas de sus \u00e1reas operativas, tales como financiero-contable, recursos humanos y tecnolog\u00edas de informaci\u00f3n y comunicaci\u00f3n (TIC). En este \u00faltimo \u00e1mbito, RACSA se ha desempe\u00f1ado como un generador e integrador de Servicios Administrados, brindando soluciones tecnol\u00f3gicas \u00fanicas, tanto a instituciones p\u00fablicas como empresas privadas.<\/p>\n\n\n\n<p>Actualmente, RACSA desarrolla soluciones convergentes e innovadoras a la medida, esto mediante la integraci\u00f3n de procesos de automatizaci\u00f3n, digitalizaci\u00f3n, infraestructura de datos y tecnolog\u00eda con lo \u00faltimo en equipos inform\u00e1ticos, permiti\u00e9ndole a sus clientes ser m\u00e1s productivos y eficientes, agreg\u00e1ndoles mucho m\u00e1s valor a sus actividades diarias.<\/p>\n\n\n\n<p>Las soluciones nacen de un primer entendimiento de las partes mediante la determinaci\u00f3n de un requerimiento que involucra el dise\u00f1o interno, la l\u00f3gica e integraci\u00f3n de procesos, certificaciones, monitoreo, virtualizaci\u00f3n y soporte t\u00e9cnico calificado y especializado, que forman parte de la propuesta final, todo esto motivado por una necesidad de adopci\u00f3n de nuevas tecnolog\u00edas.<\/p>\n\n\n\n<p>Los beneficios del servicio son tangibles en aspectos como:<\/p>\n\n\n\n<ul class=\"wp-block-list\"><li>El modelo financiero de pago por demanda le permite a la entidad convertir sus gastos de inversi\u00f3n (CAPEX), en gastos de operaci\u00f3n (OPEX) que se traduce en ahorros, porque simplifica las operaciones y reduce los gastos de infraestructura de TI en la adquisici\u00f3n, mantenimiento, consumo energ\u00e9tico, licenciamiento del servicio y otros componentes.<\/li><\/ul>\n\n\n\n<ul class=\"wp-block-list\"><li>Traslada los riesgos y responsabilidades al proveedor de la soluci\u00f3n, permiti\u00e9ndole a su organizaci\u00f3n enfocarse en las funciones claves de su negocio.<\/li><\/ul>\n\n\n\n<ul class=\"wp-block-list\"><li>Generar un servicio \u00fanico especializado, agregando valor econ\u00f3mico y administrativo en su gesti\u00f3n operativa, lo que se traduce en mayor tiempo disponible y capacidad de acci\u00f3n para su negocio.<\/li><\/ul>\n\n\n\n<ul class=\"wp-block-list\"><li>Brinda soporte continuo, basado en la experiencia adquirida, mediante el asesoramiento en procesos de dise\u00f1o, creaci\u00f3n, integraci\u00f3n, aprovisionamiento y actualizaci\u00f3n tecnol\u00f3gica.<\/li><\/ul>\n\n\n\n<ul class=\"wp-block-list\"><li>Facilita la escalabilidad del servicio.<\/li><\/ul>\n\n\n\n<ul class=\"wp-block-list\"><li>Mejora la productividad y acorta procesos operativos.<\/li><\/ul>\n\n\n\n<p>Un Servicio Administrado se construye a partir de una necesidad de un cliente, que puede ser desde requerir un servidor virtual hasta virtualizaciones e integraciones m\u00e1s complejas, que finalizan en una soluci\u00f3n m\u00e1s robusta, funcional y productiva. &nbsp;<\/p>\n\n\n\n<p>El servicio es construido desde servicios base, como son: Cloud Computing, Servidores Virtuales, Replicaci\u00f3n, Recuperaci\u00f3n, Servicios Digitales de Documentaci\u00f3n, Redes Inteligentes, entre otras m\u00faltiples soluciones del portafolio de servicios de RACSA que se integran mediante un dise\u00f1o a la medida de las necesidades del cliente para obtener el resultado final.<\/p>\n\n\n\n<p>Los clientes no tienen que realizar grandes inversiones en recursos en un momento del tiempo, porque la soluci\u00f3n la brinda e implementa RACSA, as\u00ed como la administraci\u00f3n, control y el mantenimiento que se entrega inmerso en ella. Adem\u00e1s, se incluye el acompa\u00f1amiento a la medida, en el \u00e1mbito de las telecomunicaciones, infocomunicaciones y\/o soluciones especializadas.&nbsp;<\/p>\n\n\n\n<p>Los Servicios Administrados se nutren de uno de los principales ejes de RACSA, como es la innovaci\u00f3n tecnol\u00f3gica, y todas nuestras soluciones se acompa\u00f1an de la gesti\u00f3n, operaci\u00f3n con continuidad de negocio, mantenimientos preventivos y correctivos 24\/7.<\/p>\n\n\n\n<p>La principal carta de presentaci\u00f3n es nuestra trayectoria, transparencia y credibilidad en el mercado, porque a lo largo de los a\u00f1os hemos demostrado ser el socio estrat\u00e9gico por excelencia de las empresas e instituciones p\u00fablicas. Una de nuestras principales fortalezas es la capacidad adaptativa a las transformaciones tecnol\u00f3gicas y la capacidad de permanecer cada d\u00eda m\u00e1s cerca de nuestros clientes, con integraciones y desarrollos que agregan valor a sus negocios para su crecimiento, siendo nuestra raz\u00f3n de ser.<\/p>\n\n\n\n<p>Para conocer m\u00e1s de los Servicios Administrados de RACSA<strong>, <\/strong>lo invitamos a comunicarse a la l\u00ednea gratuita 800-NEGOCIO y a conocer m\u00e1s de los beneficios del portafolio empresarial de RACSA en www.racsa.go.cr<\/p>\n\n\n\n<p><\/p>\n\n\n\n<p>\u00a1Hagamos el futuro juntos!<\/p>\n\n\n\n<p><\/p>\n\n\n\n\n\n<p><\/p>\n\n\n\n<figure class=\"wp-block-embed is-type-video is-provider-youtube wp-block-embed-youtube wp-embed-aspect-16-9 wp-has-aspect-ratio\"><div class=\"wp-block-embed__wrapper\">\n<iframe loading=\"lazy\" title=\"Innovaci\u00f3n y Respaldo para su organizaci\u00f3n \/ RACSA 100 a\u00f1os de trayectoria\" width=\"640\" height=\"360\" src=\"https:\/\/www.youtube.com\/embed\/24D-to0DUVQ?feature=oembed\" frameborder=\"0\" allow=\"accelerometer; autoplay; clipboard-write; encrypted-media; gyroscope; picture-in-picture; web-share\" referrerpolicy=\"strict-origin-when-cross-origin\" allowfullscreen><\/iframe>\n<\/div><\/figure>\n","protected":false},"excerpt":{"rendered":"<p>En la actualidad, empresas de diferentes sectores productivos del pa\u00eds han optado por el modelo&#8230;<\/p>\n","protected":false},"author":2,"featured_media":2466,"comment_status":"closed","ping_status":"closed","sticky":false,"template":"","format":"standard","meta":{"footnotes":""},"categories":[233,50,224,22,5,62],"tags":[],"class_list":["post-2447","post","type-post","status-publish","format-standard","has-post-thumbnail","hentry","category-cloud","category-computo-en-la-nube","category-comunicado-racsa","category-data-center","category-tecnologias-inalambricas","category-wifi"],"yoast_head":"<!-- This site is optimized with the Yoast SEO plugin v27.5 - https:\/\/yoast.com\/product\/yoast-seo-wordpress\/ -->\n<title>Los Servicios Administrados, una alternativa de integraci\u00f3n tecnol\u00f3gica que agrega mucho valor al crecimiento empresarial.\ufffc - Blog de RACSA<\/title>\n<meta name=\"robots\" content=\"index, follow, max-snippet:-1, max-image-preview:large, max-video-preview:-1\" \/>\n<link rel=\"canonical\" href=\"https:\/\/www.racsa.go.cr\/blog\/los-servicios-administrados-una-alternativa-de-integracion-tecnologica-que-agrega-mucho-valor-al-crecimiento-empresarial-\ufffc\/\" \/>\n<meta property=\"og:locale\" content=\"es_ES\" \/>\n<meta property=\"og:type\" content=\"article\" \/>\n<meta property=\"og:title\" content=\"Los Servicios Administrados, una alternativa de integraci\u00f3n tecnol\u00f3gica que agrega mucho valor al crecimiento empresarial.\ufffc - Blog de RACSA\" \/>\n<meta property=\"og:description\" content=\"En la actualidad, empresas de diferentes sectores productivos del pa\u00eds han optado por el modelo...\" \/>\n<meta property=\"og:url\" content=\"https:\/\/www.racsa.go.cr\/blog\/los-servicios-administrados-una-alternativa-de-integracion-tecnologica-que-agrega-mucho-valor-al-crecimiento-empresarial-\ufffc\/\" \/>\n<meta property=\"og:site_name\" content=\"Blog de RACSA\" \/>\n<meta property=\"article:publisher\" content=\"https:\/\/m.facebook.com\/RACSACR\/\" \/>\n<meta property=\"article:published_time\" content=\"2022-08-09T21:54:30+00:00\" \/>\n<meta property=\"article:modified_time\" content=\"2022-08-12T00:24:25+00:00\" \/>\n<meta property=\"og:image\" content=\"https:\/\/www.racsa.go.cr\/blog\/wp-content\/uploads\/2022\/08\/REDES-SOCIALES-Servicios-Administrados-03-scaled.jpg\" \/>\n\t<meta property=\"og:image:width\" content=\"2560\" \/>\n\t<meta property=\"og:image:height\" content=\"1280\" \/>\n\t<meta property=\"og:image:type\" content=\"image\/jpeg\" \/>\n<meta name=\"author\" content=\"Mercadeo RACSA\" \/>\n<meta name=\"twitter:card\" content=\"summary_large_image\" \/>\n<meta name=\"twitter:creator\" content=\"@RACSA_CR\" \/>\n<meta name=\"twitter:site\" content=\"@RACSA_CR\" \/>\n<meta name=\"twitter:label1\" content=\"Written by\" \/>\n\t<meta name=\"twitter:data1\" content=\"Mercadeo RACSA\" \/>\n\t<meta name=\"twitter:label2\" content=\"Est. reading time\" \/>\n\t<meta name=\"twitter:data2\" content=\"3 minutos\" \/>\n<script type=\"application\/ld+json\" class=\"yoast-schema-graph\">{\"@context\":\"https:\\\/\\\/schema.org\",\"@graph\":[{\"@type\":\"Article\",\"@id\":\"https:\\\/\\\/www.racsa.go.cr\\\/blog\\\/los-servicios-administrados-una-alternativa-de-integracion-tecnologica-que-agrega-mucho-valor-al-crecimiento-empresarial-%ef%bf%bc\\\/#article\",\"isPartOf\":{\"@id\":\"https:\\\/\\\/www.racsa.go.cr\\\/blog\\\/los-servicios-administrados-una-alternativa-de-integracion-tecnologica-que-agrega-mucho-valor-al-crecimiento-empresarial-%ef%bf%bc\\\/\"},\"author\":{\"name\":\"Mercadeo RACSA\",\"@id\":\"https:\\\/\\\/www.racsa.go.cr\\\/blog\\\/#\\\/schema\\\/person\\\/ec79d31370d6dc9aaa4365492bc04f4e\"},\"headline\":\"Los Servicios Administrados, una alternativa de integraci\u00f3n tecnol\u00f3gica que agrega mucho valor al crecimiento empresarial.\ufffc\",\"datePublished\":\"2022-08-09T21:54:30+00:00\",\"dateModified\":\"2022-08-12T00:24:25+00:00\",\"mainEntityOfPage\":{\"@id\":\"https:\\\/\\\/www.racsa.go.cr\\\/blog\\\/los-servicios-administrados-una-alternativa-de-integracion-tecnologica-que-agrega-mucho-valor-al-crecimiento-empresarial-%ef%bf%bc\\\/\"},\"wordCount\":702,\"publisher\":{\"@id\":\"https:\\\/\\\/www.racsa.go.cr\\\/blog\\\/#organization\"},\"image\":{\"@id\":\"https:\\\/\\\/www.racsa.go.cr\\\/blog\\\/los-servicios-administrados-una-alternativa-de-integracion-tecnologica-que-agrega-mucho-valor-al-crecimiento-empresarial-%ef%bf%bc\\\/#primaryimage\"},\"thumbnailUrl\":\"https:\\\/\\\/www.racsa.go.cr\\\/blog\\\/wp-content\\\/uploads\\\/2022\\\/08\\\/REDES-SOCIALES-Servicios-Administrados-03-scaled.jpg\",\"articleSection\":[\"CLOUD\",\"COMPUTO EN LA NUBE\",\"COMUNICADO RACSA\",\"DATA CENTER\",\"Tecnolog\u00edas Inal\u00e1mbricas\",\"WIFI\"],\"inLanguage\":\"es-CR\"},{\"@type\":\"WebPage\",\"@id\":\"https:\\\/\\\/www.racsa.go.cr\\\/blog\\\/los-servicios-administrados-una-alternativa-de-integracion-tecnologica-que-agrega-mucho-valor-al-crecimiento-empresarial-%ef%bf%bc\\\/\",\"url\":\"https:\\\/\\\/www.racsa.go.cr\\\/blog\\\/los-servicios-administrados-una-alternativa-de-integracion-tecnologica-que-agrega-mucho-valor-al-crecimiento-empresarial-%ef%bf%bc\\\/\",\"name\":\"Los Servicios Administrados, una alternativa de integraci\u00f3n tecnol\u00f3gica que agrega mucho valor al crecimiento empresarial.\ufffc - Blog de RACSA\",\"isPartOf\":{\"@id\":\"https:\\\/\\\/www.racsa.go.cr\\\/blog\\\/#website\"},\"primaryImageOfPage\":{\"@id\":\"https:\\\/\\\/www.racsa.go.cr\\\/blog\\\/los-servicios-administrados-una-alternativa-de-integracion-tecnologica-que-agrega-mucho-valor-al-crecimiento-empresarial-%ef%bf%bc\\\/#primaryimage\"},\"image\":{\"@id\":\"https:\\\/\\\/www.racsa.go.cr\\\/blog\\\/los-servicios-administrados-una-alternativa-de-integracion-tecnologica-que-agrega-mucho-valor-al-crecimiento-empresarial-%ef%bf%bc\\\/#primaryimage\"},\"thumbnailUrl\":\"https:\\\/\\\/www.racsa.go.cr\\\/blog\\\/wp-content\\\/uploads\\\/2022\\\/08\\\/REDES-SOCIALES-Servicios-Administrados-03-scaled.jpg\",\"datePublished\":\"2022-08-09T21:54:30+00:00\",\"dateModified\":\"2022-08-12T00:24:25+00:00\",\"breadcrumb\":{\"@id\":\"https:\\\/\\\/www.racsa.go.cr\\\/blog\\\/los-servicios-administrados-una-alternativa-de-integracion-tecnologica-que-agrega-mucho-valor-al-crecimiento-empresarial-%ef%bf%bc\\\/#breadcrumb\"},\"inLanguage\":\"es-CR\",\"potentialAction\":[{\"@type\":\"ReadAction\",\"target\":[\"https:\\\/\\\/www.racsa.go.cr\\\/blog\\\/los-servicios-administrados-una-alternativa-de-integracion-tecnologica-que-agrega-mucho-valor-al-crecimiento-empresarial-%ef%bf%bc\\\/\"]}]},{\"@type\":\"ImageObject\",\"inLanguage\":\"es-CR\",\"@id\":\"https:\\\/\\\/www.racsa.go.cr\\\/blog\\\/los-servicios-administrados-una-alternativa-de-integracion-tecnologica-que-agrega-mucho-valor-al-crecimiento-empresarial-%ef%bf%bc\\\/#primaryimage\",\"url\":\"https:\\\/\\\/www.racsa.go.cr\\\/blog\\\/wp-content\\\/uploads\\\/2022\\\/08\\\/REDES-SOCIALES-Servicios-Administrados-03-scaled.jpg\",\"contentUrl\":\"https:\\\/\\\/www.racsa.go.cr\\\/blog\\\/wp-content\\\/uploads\\\/2022\\\/08\\\/REDES-SOCIALES-Servicios-Administrados-03-scaled.jpg\",\"width\":2560,\"height\":1280},{\"@type\":\"BreadcrumbList\",\"@id\":\"https:\\\/\\\/www.racsa.go.cr\\\/blog\\\/los-servicios-administrados-una-alternativa-de-integracion-tecnologica-que-agrega-mucho-valor-al-crecimiento-empresarial-%ef%bf%bc\\\/#breadcrumb\",\"itemListElement\":[{\"@type\":\"ListItem\",\"position\":1,\"name\":\"Portada\",\"item\":\"https:\\\/\\\/www.racsa.go.cr\\\/blog\\\/\"},{\"@type\":\"ListItem\",\"position\":2,\"name\":\"Los Servicios Administrados, una alternativa de integraci\u00f3n tecnol\u00f3gica que agrega mucho valor al crecimiento empresarial.\ufffc\"}]},{\"@type\":\"WebSite\",\"@id\":\"https:\\\/\\\/www.racsa.go.cr\\\/blog\\\/#website\",\"url\":\"https:\\\/\\\/www.racsa.go.cr\\\/blog\\\/\",\"name\":\"Blog de RACSA\",\"description\":\"Noticias y comunicados de inter\u00e9s\",\"publisher\":{\"@id\":\"https:\\\/\\\/www.racsa.go.cr\\\/blog\\\/#organization\"},\"potentialAction\":[{\"@type\":\"SearchAction\",\"target\":{\"@type\":\"EntryPoint\",\"urlTemplate\":\"https:\\\/\\\/www.racsa.go.cr\\\/blog\\\/?s={search_term_string}\"},\"query-input\":{\"@type\":\"PropertyValueSpecification\",\"valueRequired\":true,\"valueName\":\"search_term_string\"}}],\"inLanguage\":\"es-CR\"},{\"@type\":\"Organization\",\"@id\":\"https:\\\/\\\/www.racsa.go.cr\\\/blog\\\/#organization\",\"name\":\"RACSA\",\"url\":\"https:\\\/\\\/www.racsa.go.cr\\\/blog\\\/\",\"logo\":{\"@type\":\"ImageObject\",\"inLanguage\":\"es-CR\",\"@id\":\"https:\\\/\\\/www.racsa.go.cr\\\/blog\\\/#\\\/schema\\\/logo\\\/image\\\/\",\"url\":\"https:\\\/\\\/www.racsa.go.cr\\\/blog\\\/wp-content\\\/uploads\\\/2020\\\/06\\\/logo-racsa-blog_Mesa-de-trabajo-1.png\",\"contentUrl\":\"https:\\\/\\\/www.racsa.go.cr\\\/blog\\\/wp-content\\\/uploads\\\/2020\\\/06\\\/logo-racsa-blog_Mesa-de-trabajo-1.png\",\"width\":77,\"height\":50,\"caption\":\"RACSA\"},\"image\":{\"@id\":\"https:\\\/\\\/www.racsa.go.cr\\\/blog\\\/#\\\/schema\\\/logo\\\/image\\\/\"},\"sameAs\":[\"https:\\\/\\\/m.facebook.com\\\/RACSACR\\\/\",\"https:\\\/\\\/x.com\\\/RACSA_CR\",\"https:\\\/\\\/instagram.com\\\/racsa_cr?igshid=1xty3rwhqjj6p\",\"https:\\\/\\\/www.linkedin.com\\\/authwall?trk=gf&amp;amp;amp;amp;amp;amp;amp;trkInfo=AQGkHPl9RaoQ9AAAAXXizZAgZzcQwi0sdfDTg7AF4I5Q6B_NrjW5R7wFovOzBkS8ur94lJpFmlv2bomYKC3GZOFcSqkgLKm5wKGh61DyjTqr6c_1E_AFOwxMWF5kjSLpCvbYX9o=&amp;amp;amp;amp;amp;amp;amp;originalReferer&amp;amp;amp;amp;amp;amp;amp;sessionRedirect=https:\\\/\\\/es.linkedin.com\\\/company\\\/racsa_cr\",\"https:\\\/\\\/www.youtube.com\\\/user\\\/RACSACOSTARICA\"]},{\"@type\":\"Person\",\"@id\":\"https:\\\/\\\/www.racsa.go.cr\\\/blog\\\/#\\\/schema\\\/person\\\/ec79d31370d6dc9aaa4365492bc04f4e\",\"name\":\"Mercadeo RACSA\",\"image\":{\"@type\":\"ImageObject\",\"inLanguage\":\"es-CR\",\"@id\":\"https:\\\/\\\/secure.gravatar.com\\\/avatar\\\/7b464a0e344d5a5f82f8b9ceb49dae1d41b1141998fb14d2046814a158d02734?s=96&d=mm&r=g\",\"url\":\"https:\\\/\\\/secure.gravatar.com\\\/avatar\\\/7b464a0e344d5a5f82f8b9ceb49dae1d41b1141998fb14d2046814a158d02734?s=96&d=mm&r=g\",\"contentUrl\":\"https:\\\/\\\/secure.gravatar.com\\\/avatar\\\/7b464a0e344d5a5f82f8b9ceb49dae1d41b1141998fb14d2046814a158d02734?s=96&d=mm&r=g\",\"caption\":\"Mercadeo RACSA\"}}]}<\/script>\n<!-- \/ Yoast SEO plugin. -->","yoast_head_json":{"title":"Los Servicios Administrados, una alternativa de integraci\u00f3n tecnol\u00f3gica que agrega mucho valor al crecimiento empresarial.\ufffc - Blog de RACSA","robots":{"index":"index","follow":"follow","max-snippet":"max-snippet:-1","max-image-preview":"max-image-preview:large","max-video-preview":"max-video-preview:-1"},"canonical":"https:\/\/www.racsa.go.cr\/blog\/los-servicios-administrados-una-alternativa-de-integracion-tecnologica-que-agrega-mucho-valor-al-crecimiento-empresarial-\ufffc\/","og_locale":"es_ES","og_type":"article","og_title":"Los Servicios Administrados, una alternativa de integraci\u00f3n tecnol\u00f3gica que agrega mucho valor al crecimiento empresarial.\ufffc - Blog de RACSA","og_description":"En la actualidad, empresas de diferentes sectores productivos del pa\u00eds han optado por el modelo...","og_url":"https:\/\/www.racsa.go.cr\/blog\/los-servicios-administrados-una-alternativa-de-integracion-tecnologica-que-agrega-mucho-valor-al-crecimiento-empresarial-\ufffc\/","og_site_name":"Blog de RACSA","article_publisher":"https:\/\/m.facebook.com\/RACSACR\/","article_published_time":"2022-08-09T21:54:30+00:00","article_modified_time":"2022-08-12T00:24:25+00:00","og_image":[{"width":2560,"height":1280,"url":"https:\/\/www.racsa.go.cr\/blog\/wp-content\/uploads\/2022\/08\/REDES-SOCIALES-Servicios-Administrados-03-scaled.jpg","type":"image\/jpeg"}],"author":"Mercadeo RACSA","twitter_card":"summary_large_image","twitter_creator":"@RACSA_CR","twitter_site":"@RACSA_CR","twitter_misc":{"Written by":"Mercadeo RACSA","Est. reading time":"3 minutos"},"schema":{"@context":"https:\/\/schema.org","@graph":[{"@type":"Article","@id":"https:\/\/www.racsa.go.cr\/blog\/los-servicios-administrados-una-alternativa-de-integracion-tecnologica-que-agrega-mucho-valor-al-crecimiento-empresarial-%ef%bf%bc\/#article","isPartOf":{"@id":"https:\/\/www.racsa.go.cr\/blog\/los-servicios-administrados-una-alternativa-de-integracion-tecnologica-que-agrega-mucho-valor-al-crecimiento-empresarial-%ef%bf%bc\/"},"author":{"name":"Mercadeo RACSA","@id":"https:\/\/www.racsa.go.cr\/blog\/#\/schema\/person\/ec79d31370d6dc9aaa4365492bc04f4e"},"headline":"Los Servicios Administrados, una alternativa de integraci\u00f3n tecnol\u00f3gica que agrega mucho valor al crecimiento empresarial.\ufffc","datePublished":"2022-08-09T21:54:30+00:00","dateModified":"2022-08-12T00:24:25+00:00","mainEntityOfPage":{"@id":"https:\/\/www.racsa.go.cr\/blog\/los-servicios-administrados-una-alternativa-de-integracion-tecnologica-que-agrega-mucho-valor-al-crecimiento-empresarial-%ef%bf%bc\/"},"wordCount":702,"publisher":{"@id":"https:\/\/www.racsa.go.cr\/blog\/#organization"},"image":{"@id":"https:\/\/www.racsa.go.cr\/blog\/los-servicios-administrados-una-alternativa-de-integracion-tecnologica-que-agrega-mucho-valor-al-crecimiento-empresarial-%ef%bf%bc\/#primaryimage"},"thumbnailUrl":"https:\/\/www.racsa.go.cr\/blog\/wp-content\/uploads\/2022\/08\/REDES-SOCIALES-Servicios-Administrados-03-scaled.jpg","articleSection":["CLOUD","COMPUTO EN LA NUBE","COMUNICADO RACSA","DATA CENTER","Tecnolog\u00edas Inal\u00e1mbricas","WIFI"],"inLanguage":"es-CR"},{"@type":"WebPage","@id":"https:\/\/www.racsa.go.cr\/blog\/los-servicios-administrados-una-alternativa-de-integracion-tecnologica-que-agrega-mucho-valor-al-crecimiento-empresarial-%ef%bf%bc\/","url":"https:\/\/www.racsa.go.cr\/blog\/los-servicios-administrados-una-alternativa-de-integracion-tecnologica-que-agrega-mucho-valor-al-crecimiento-empresarial-%ef%bf%bc\/","name":"Los Servicios Administrados, una alternativa de integraci\u00f3n tecnol\u00f3gica que agrega mucho valor al crecimiento empresarial.\ufffc - Blog de RACSA","isPartOf":{"@id":"https:\/\/www.racsa.go.cr\/blog\/#website"},"primaryImageOfPage":{"@id":"https:\/\/www.racsa.go.cr\/blog\/los-servicios-administrados-una-alternativa-de-integracion-tecnologica-que-agrega-mucho-valor-al-crecimiento-empresarial-%ef%bf%bc\/#primaryimage"},"image":{"@id":"https:\/\/www.racsa.go.cr\/blog\/los-servicios-administrados-una-alternativa-de-integracion-tecnologica-que-agrega-mucho-valor-al-crecimiento-empresarial-%ef%bf%bc\/#primaryimage"},"thumbnailUrl":"https:\/\/www.racsa.go.cr\/blog\/wp-content\/uploads\/2022\/08\/REDES-SOCIALES-Servicios-Administrados-03-scaled.jpg","datePublished":"2022-08-09T21:54:30+00:00","dateModified":"2022-08-12T00:24:25+00:00","breadcrumb":{"@id":"https:\/\/www.racsa.go.cr\/blog\/los-servicios-administrados-una-alternativa-de-integracion-tecnologica-que-agrega-mucho-valor-al-crecimiento-empresarial-%ef%bf%bc\/#breadcrumb"},"inLanguage":"es-CR","potentialAction":[{"@type":"ReadAction","target":["https:\/\/www.racsa.go.cr\/blog\/los-servicios-administrados-una-alternativa-de-integracion-tecnologica-que-agrega-mucho-valor-al-crecimiento-empresarial-%ef%bf%bc\/"]}]},{"@type":"ImageObject","inLanguage":"es-CR","@id":"https:\/\/www.racsa.go.cr\/blog\/los-servicios-administrados-una-alternativa-de-integracion-tecnologica-que-agrega-mucho-valor-al-crecimiento-empresarial-%ef%bf%bc\/#primaryimage","url":"https:\/\/www.racsa.go.cr\/blog\/wp-content\/uploads\/2022\/08\/REDES-SOCIALES-Servicios-Administrados-03-scaled.jpg","contentUrl":"https:\/\/www.racsa.go.cr\/blog\/wp-content\/uploads\/2022\/08\/REDES-SOCIALES-Servicios-Administrados-03-scaled.jpg","width":2560,"height":1280},{"@type":"BreadcrumbList","@id":"https:\/\/www.racsa.go.cr\/blog\/los-servicios-administrados-una-alternativa-de-integracion-tecnologica-que-agrega-mucho-valor-al-crecimiento-empresarial-%ef%bf%bc\/#breadcrumb","itemListElement":[{"@type":"ListItem","position":1,"name":"Portada","item":"https:\/\/www.racsa.go.cr\/blog\/"},{"@type":"ListItem","position":2,"name":"Los Servicios Administrados, una alternativa de integraci\u00f3n tecnol\u00f3gica que agrega mucho valor al crecimiento empresarial.\ufffc"}]},{"@type":"WebSite","@id":"https:\/\/www.racsa.go.cr\/blog\/#website","url":"https:\/\/www.racsa.go.cr\/blog\/","name":"Blog de RACSA","description":"Noticias y comunicados de inter\u00e9s","publisher":{"@id":"https:\/\/www.racsa.go.cr\/blog\/#organization"},"potentialAction":[{"@type":"SearchAction","target":{"@type":"EntryPoint","urlTemplate":"https:\/\/www.racsa.go.cr\/blog\/?s={search_term_string}"},"query-input":{"@type":"PropertyValueSpecification","valueRequired":true,"valueName":"search_term_string"}}],"inLanguage":"es-CR"},{"@type":"Organization","@id":"https:\/\/www.racsa.go.cr\/blog\/#organization","name":"RACSA","url":"https:\/\/www.racsa.go.cr\/blog\/","logo":{"@type":"ImageObject","inLanguage":"es-CR","@id":"https:\/\/www.racsa.go.cr\/blog\/#\/schema\/logo\/image\/","url":"https:\/\/www.racsa.go.cr\/blog\/wp-content\/uploads\/2020\/06\/logo-racsa-blog_Mesa-de-trabajo-1.png","contentUrl":"https:\/\/www.racsa.go.cr\/blog\/wp-content\/uploads\/2020\/06\/logo-racsa-blog_Mesa-de-trabajo-1.png","width":77,"height":50,"caption":"RACSA"},"image":{"@id":"https:\/\/www.racsa.go.cr\/blog\/#\/schema\/logo\/image\/"},"sameAs":["https:\/\/m.facebook.com\/RACSACR\/","https:\/\/x.com\/RACSA_CR","https:\/\/instagram.com\/racsa_cr?igshid=1xty3rwhqjj6p","https:\/\/www.linkedin.com\/authwall?trk=gf&amp;amp;amp;amp;amp;amp;amp;trkInfo=AQGkHPl9RaoQ9AAAAXXizZAgZzcQwi0sdfDTg7AF4I5Q6B_NrjW5R7wFovOzBkS8ur94lJpFmlv2bomYKC3GZOFcSqkgLKm5wKGh61DyjTqr6c_1E_AFOwxMWF5kjSLpCvbYX9o=&amp;amp;amp;amp;amp;amp;amp;originalReferer&amp;amp;amp;amp;amp;amp;amp;sessionRedirect=https:\/\/es.linkedin.com\/company\/racsa_cr","https:\/\/www.youtube.com\/user\/RACSACOSTARICA"]},{"@type":"Person","@id":"https:\/\/www.racsa.go.cr\/blog\/#\/schema\/person\/ec79d31370d6dc9aaa4365492bc04f4e","name":"Mercadeo RACSA","image":{"@type":"ImageObject","inLanguage":"es-CR","@id":"https:\/\/secure.gravatar.com\/avatar\/7b464a0e344d5a5f82f8b9ceb49dae1d41b1141998fb14d2046814a158d02734?s=96&d=mm&r=g","url":"https:\/\/secure.gravatar.com\/avatar\/7b464a0e344d5a5f82f8b9ceb49dae1d41b1141998fb14d2046814a158d02734?s=96&d=mm&r=g","contentUrl":"https:\/\/secure.gravatar.com\/avatar\/7b464a0e344d5a5f82f8b9ceb49dae1d41b1141998fb14d2046814a158d02734?s=96&d=mm&r=g","caption":"Mercadeo RACSA"}}]}},"_links":{"self":[{"href":"https:\/\/www.racsa.go.cr\/blog\/wp-json\/wp\/v2\/posts\/2447","targetHints":{"allow":["GET"]}}],"collection":[{"href":"https:\/\/www.racsa.go.cr\/blog\/wp-json\/wp\/v2\/posts"}],"about":[{"href":"https:\/\/www.racsa.go.cr\/blog\/wp-json\/wp\/v2\/types\/post"}],"author":[{"embeddable":true,"href":"https:\/\/www.racsa.go.cr\/blog\/wp-json\/wp\/v2\/users\/2"}],"replies":[{"embeddable":true,"href":"https:\/\/www.racsa.go.cr\/blog\/wp-json\/wp\/v2\/comments?post=2447"}],"version-history":[{"count":0,"href":"https:\/\/www.racsa.go.cr\/blog\/wp-json\/wp\/v2\/posts\/2447\/revisions"}],"wp:featuredmedia":[{"embeddable":true,"href":"https:\/\/www.racsa.go.cr\/blog\/wp-json\/wp\/v2\/media\/2466"}],"wp:attachment":[{"href":"https:\/\/www.racsa.go.cr\/blog\/wp-json\/wp\/v2\/media?parent=2447"}],"wp:term":[{"taxonomy":"category","embeddable":true,"href":"https:\/\/www.racsa.go.cr\/blog\/wp-json\/wp\/v2\/categories?post=2447"},{"taxonomy":"post_tag","embeddable":true,"href":"https:\/\/www.racsa.go.cr\/blog\/wp-json\/wp\/v2\/tags?post=2447"}],"curies":[{"name":"wp","href":"https:\/\/api.w.org\/{rel}","templated":true}]}}