{"id":2444,"date":"2022-08-06T18:19:45","date_gmt":"2022-08-07T00:19:45","guid":{"rendered":"https:\/\/www.racsa.go.cr\/blog\/?p=2444"},"modified":"2022-08-06T18:19:46","modified_gmt":"2022-08-07T00:19:46","slug":"en-su-centenario-racsa-se-acredita-como-marca-esencial-costa-rica%ef%bf%bc","status":"publish","type":"post","link":"https:\/\/www.racsa.go.cr\/blog\/en-su-centenario-racsa-se-acredita-como-marca-esencial-costa-rica%ef%bf%bc\/","title":{"rendered":"En su centenario RACSA se acredita como marca Esencial Costa Rica\ufffc"},"content":{"rendered":"\n<p>En sus 100 a\u00f1os de historia, RACSA ha sido el protagonista de importantes saltos tecnol\u00f3gicos que le permitieron transitar por la ruta de la innovaci\u00f3n. Hoy en el marco de esta importante celebraci\u00f3n, la Empresa recibe la licencia de uso corporativo que la acredita como Marca Pa\u00eds \u201cEsencial Costa Rica\u201d en la categor\u00eda de empresas de Servicios. &nbsp;<\/p>\n\n\n\n<p>Con esta distinci\u00f3n, RACSA se convierte en embajadora de los cinco valores m\u00e1s apreciados por los mercados nacionales e internacionales, que se enfocan en la Excelencia, la Sostenibilidad, la Innovaci\u00f3n, el Progreso social y la Vinculaci\u00f3n costarricense.&nbsp;<\/p>\n\n\n\n<p>Como la empresa m\u00e1s longeva en el Sector de las Telecomunicaciones, la Empresa ha logrado reinventarse y hoy basa su propuesta de valor en cinco l\u00edneas de negocio, como aliado tecnol\u00f3gico para m\u00e1s 600 clientes, entre instituciones p\u00fablicas y empresas privadas.<\/p>\n\n\n\n<p><\/p>\n\n\n\n<figure class=\"wp-block-table\"><table><tbody><tr><td>L\u00ednea de negocio<\/td><td>Servicios asociados<\/td><\/tr><tr><td><strong>Soluciones de Conectividad y Comunicaci\u00f3n<\/strong><\/td><td>Internet Empresarial, Redes Privadas Virtuales, SD WAN.<\/td><\/tr><tr><td><strong>Soluciones Digitales<\/strong><\/td><td>Gestor Documental, Verificaci\u00f3n de Identidad, SICOP, Tramite \u00a1Ya!, SIGE 360, plataforma de servicios al ciudadano 1311, entre otras.<\/td><\/tr><tr><td><strong>Soluciones de Infraestructura y Nube<\/strong><\/td><td>Colocation, IaaS (Servidores Virtuales, Servicios Administrados).<\/td><\/tr><tr><td><strong>Soluciones para Territorios Inteligentes<\/strong><\/td><td>Servicios de video vigilancia en 10 cantones, m\u00e1s de 350 ojos electr\u00f3nicos.<\/td><\/tr><tr><td><strong>Soluciones Gestionadas<\/strong><\/td><td>Proyectos a la medida de las necesidades del cliente, entre ellos Espacios P\u00fablicos Conectados (SUTEL).<\/td><\/tr><\/tbody><\/table><\/figure>\n\n\n\n<p><\/p>\n\n\n\n<p>En su visi\u00f3n de futuro, RACSA ha trazado un mapa de acci\u00f3n para incorporar nuevas tecnolog\u00edas que aporten valor a la oferta actual en materia de servicios de conectividad, mediante la evoluci\u00f3n a redes de nueva generaci\u00f3n que complementen e integren servicios empresariales avanzados para asegurar la operaci\u00f3n y continuidad de las organizaciones y de esa forma aportar competitividad al Estado.<\/p>\n\n\n\n<p>La RACSA centenaria mantiene intacto el compromiso con el pa\u00eds y los ciudadanos. Hoy celebra su innegable legado rememorando sus aportes a las telecomunicaciones, como gestor de los primeros contactos de Costa Rica con el mundo a trav\u00e9s de tecnolog\u00edas innovadoras como la telegraf\u00eda, la telefon\u00eda inal\u00e1mbrica, el t\u00e9lex autom\u00e1tico, el primer Telepuerto Satelital <em>RACSASAT<\/em> que marc\u00f3 el inici\u00f3 de las telecomunicaciones digitales, satelitales y le abri\u00f3 paso al servicio de Internet.<\/p>\n\n\n\n<p>&nbsp;&nbsp;&nbsp;&nbsp;&nbsp;&nbsp;&nbsp;&nbsp;&nbsp;&nbsp;&nbsp;&nbsp;&nbsp;&nbsp;&nbsp;&nbsp;&nbsp;&nbsp;&nbsp;&nbsp;&nbsp; Le invitamos a ver nuestro video conmemorativo<\/p>\n\n\n\n<figure class=\"wp-block-embed is-type-video is-provider-youtube wp-block-embed-youtube wp-embed-aspect-16-9 wp-has-aspect-ratio\"><div class=\"wp-block-embed__wrapper\">\n<iframe loading=\"lazy\" title=\"Innovaci\u00f3n y Respaldo para su organizaci\u00f3n \/ RACSA 100 a\u00f1os de trayectoria\" width=\"640\" height=\"360\" src=\"https:\/\/www.youtube.com\/embed\/24D-to0DUVQ?feature=oembed\" frameborder=\"0\" allow=\"accelerometer; autoplay; clipboard-write; encrypted-media; gyroscope; picture-in-picture; web-share\" referrerpolicy=\"strict-origin-when-cross-origin\" allowfullscreen><\/iframe>\n<\/div><\/figure>\n\n\n\n<p>Acerca de RACSA <a href=\"https:\/\/www.racsa.go.cr\/centenario\/\">https:\/\/www.racsa.go.cr\/centenario\/<\/a><\/p>\n\n\n\n<p>Marca Pa\u00eds <a href=\"https:\/\/www.esencialcostarica.com\/empresas-licenciatarias\/servicios\/\">https:\/\/www.esencialcostarica.com\/empresas-licenciatarias\/servicios\/<\/a><\/p>\n","protected":false},"excerpt":{"rendered":"<p>En sus 100 a\u00f1os de historia, RACSA ha sido el protagonista de importantes saltos tecnol\u00f3gicos&#8230;<\/p>\n","protected":false},"author":2,"featured_media":2445,"comment_status":"closed","ping_status":"closed","sticky":false,"template":"","format":"standard","meta":{"footnotes":""},"categories":[224],"tags":[],"class_list":["post-2444","post","type-post","status-publish","format-standard","has-post-thumbnail","hentry","category-comunicado-racsa"],"yoast_head":"<!-- This site is optimized with the Yoast SEO plugin v27.5 - https:\/\/yoast.com\/product\/yoast-seo-wordpress\/ -->\n<title>En su centenario RACSA se acredita como marca Esencial Costa Rica\ufffc - Blog de RACSA<\/title>\n<meta name=\"robots\" content=\"index, follow, max-snippet:-1, max-image-preview:large, max-video-preview:-1\" \/>\n<link rel=\"canonical\" href=\"https:\/\/www.racsa.go.cr\/blog\/en-su-centenario-racsa-se-acredita-como-marca-esencial-costa-rica\ufffc\/\" \/>\n<meta property=\"og:locale\" content=\"es_ES\" \/>\n<meta property=\"og:type\" content=\"article\" \/>\n<meta property=\"og:title\" content=\"En su centenario RACSA se acredita como marca Esencial Costa Rica\ufffc - Blog de RACSA\" \/>\n<meta property=\"og:description\" content=\"En sus 100 a\u00f1os de historia, RACSA ha sido el protagonista de importantes saltos tecnol\u00f3gicos...\" \/>\n<meta property=\"og:url\" content=\"https:\/\/www.racsa.go.cr\/blog\/en-su-centenario-racsa-se-acredita-como-marca-esencial-costa-rica\ufffc\/\" \/>\n<meta property=\"og:site_name\" content=\"Blog de RACSA\" \/>\n<meta property=\"article:publisher\" content=\"https:\/\/m.facebook.com\/RACSACR\/\" \/>\n<meta property=\"article:published_time\" content=\"2022-08-07T00:19:45+00:00\" \/>\n<meta property=\"article:modified_time\" content=\"2022-08-07T00:19:46+00:00\" \/>\n<meta property=\"og:image\" content=\"https:\/\/www.racsa.go.cr\/blog\/wp-content\/uploads\/2022\/08\/SOMOS-ESENCIAL-04.jpg\" \/>\n\t<meta property=\"og:image:width\" content=\"1959\" \/>\n\t<meta property=\"og:image:height\" content=\"1042\" \/>\n\t<meta property=\"og:image:type\" content=\"image\/jpeg\" \/>\n<meta name=\"author\" content=\"Mercadeo RACSA\" \/>\n<meta name=\"twitter:card\" content=\"summary_large_image\" \/>\n<meta name=\"twitter:creator\" content=\"@RACSA_CR\" \/>\n<meta name=\"twitter:site\" content=\"@RACSA_CR\" \/>\n<meta name=\"twitter:label1\" content=\"Written by\" \/>\n\t<meta name=\"twitter:data1\" content=\"Mercadeo RACSA\" \/>\n\t<meta name=\"twitter:label2\" content=\"Est. reading time\" \/>\n\t<meta name=\"twitter:data2\" content=\"2 minutos\" \/>\n<script type=\"application\/ld+json\" class=\"yoast-schema-graph\">{\"@context\":\"https:\\\/\\\/schema.org\",\"@graph\":[{\"@type\":\"Article\",\"@id\":\"https:\\\/\\\/www.racsa.go.cr\\\/blog\\\/en-su-centenario-racsa-se-acredita-como-marca-esencial-costa-rica%ef%bf%bc\\\/#article\",\"isPartOf\":{\"@id\":\"https:\\\/\\\/www.racsa.go.cr\\\/blog\\\/en-su-centenario-racsa-se-acredita-como-marca-esencial-costa-rica%ef%bf%bc\\\/\"},\"author\":{\"name\":\"Mercadeo RACSA\",\"@id\":\"https:\\\/\\\/www.racsa.go.cr\\\/blog\\\/#\\\/schema\\\/person\\\/ec79d31370d6dc9aaa4365492bc04f4e\"},\"headline\":\"En su centenario RACSA se acredita como marca Esencial Costa Rica\ufffc\",\"datePublished\":\"2022-08-07T00:19:45+00:00\",\"dateModified\":\"2022-08-07T00:19:46+00:00\",\"mainEntityOfPage\":{\"@id\":\"https:\\\/\\\/www.racsa.go.cr\\\/blog\\\/en-su-centenario-racsa-se-acredita-como-marca-esencial-costa-rica%ef%bf%bc\\\/\"},\"wordCount\":445,\"publisher\":{\"@id\":\"https:\\\/\\\/www.racsa.go.cr\\\/blog\\\/#organization\"},\"image\":{\"@id\":\"https:\\\/\\\/www.racsa.go.cr\\\/blog\\\/en-su-centenario-racsa-se-acredita-como-marca-esencial-costa-rica%ef%bf%bc\\\/#primaryimage\"},\"thumbnailUrl\":\"https:\\\/\\\/www.racsa.go.cr\\\/blog\\\/wp-content\\\/uploads\\\/2022\\\/08\\\/SOMOS-ESENCIAL-04.jpg\",\"articleSection\":[\"COMUNICADO RACSA\"],\"inLanguage\":\"es-CR\"},{\"@type\":\"WebPage\",\"@id\":\"https:\\\/\\\/www.racsa.go.cr\\\/blog\\\/en-su-centenario-racsa-se-acredita-como-marca-esencial-costa-rica%ef%bf%bc\\\/\",\"url\":\"https:\\\/\\\/www.racsa.go.cr\\\/blog\\\/en-su-centenario-racsa-se-acredita-como-marca-esencial-costa-rica%ef%bf%bc\\\/\",\"name\":\"En su centenario RACSA se acredita como marca Esencial Costa Rica\ufffc - Blog de RACSA\",\"isPartOf\":{\"@id\":\"https:\\\/\\\/www.racsa.go.cr\\\/blog\\\/#website\"},\"primaryImageOfPage\":{\"@id\":\"https:\\\/\\\/www.racsa.go.cr\\\/blog\\\/en-su-centenario-racsa-se-acredita-como-marca-esencial-costa-rica%ef%bf%bc\\\/#primaryimage\"},\"image\":{\"@id\":\"https:\\\/\\\/www.racsa.go.cr\\\/blog\\\/en-su-centenario-racsa-se-acredita-como-marca-esencial-costa-rica%ef%bf%bc\\\/#primaryimage\"},\"thumbnailUrl\":\"https:\\\/\\\/www.racsa.go.cr\\\/blog\\\/wp-content\\\/uploads\\\/2022\\\/08\\\/SOMOS-ESENCIAL-04.jpg\",\"datePublished\":\"2022-08-07T00:19:45+00:00\",\"dateModified\":\"2022-08-07T00:19:46+00:00\",\"breadcrumb\":{\"@id\":\"https:\\\/\\\/www.racsa.go.cr\\\/blog\\\/en-su-centenario-racsa-se-acredita-como-marca-esencial-costa-rica%ef%bf%bc\\\/#breadcrumb\"},\"inLanguage\":\"es-CR\",\"potentialAction\":[{\"@type\":\"ReadAction\",\"target\":[\"https:\\\/\\\/www.racsa.go.cr\\\/blog\\\/en-su-centenario-racsa-se-acredita-como-marca-esencial-costa-rica%ef%bf%bc\\\/\"]}]},{\"@type\":\"ImageObject\",\"inLanguage\":\"es-CR\",\"@id\":\"https:\\\/\\\/www.racsa.go.cr\\\/blog\\\/en-su-centenario-racsa-se-acredita-como-marca-esencial-costa-rica%ef%bf%bc\\\/#primaryimage\",\"url\":\"https:\\\/\\\/www.racsa.go.cr\\\/blog\\\/wp-content\\\/uploads\\\/2022\\\/08\\\/SOMOS-ESENCIAL-04.jpg\",\"contentUrl\":\"https:\\\/\\\/www.racsa.go.cr\\\/blog\\\/wp-content\\\/uploads\\\/2022\\\/08\\\/SOMOS-ESENCIAL-04.jpg\",\"width\":1959,\"height\":1042},{\"@type\":\"BreadcrumbList\",\"@id\":\"https:\\\/\\\/www.racsa.go.cr\\\/blog\\\/en-su-centenario-racsa-se-acredita-como-marca-esencial-costa-rica%ef%bf%bc\\\/#breadcrumb\",\"itemListElement\":[{\"@type\":\"ListItem\",\"position\":1,\"name\":\"Portada\",\"item\":\"https:\\\/\\\/www.racsa.go.cr\\\/blog\\\/\"},{\"@type\":\"ListItem\",\"position\":2,\"name\":\"En su centenario RACSA se acredita como marca Esencial Costa Rica\ufffc\"}]},{\"@type\":\"WebSite\",\"@id\":\"https:\\\/\\\/www.racsa.go.cr\\\/blog\\\/#website\",\"url\":\"https:\\\/\\\/www.racsa.go.cr\\\/blog\\\/\",\"name\":\"Blog de RACSA\",\"description\":\"Noticias y comunicados de inter\u00e9s\",\"publisher\":{\"@id\":\"https:\\\/\\\/www.racsa.go.cr\\\/blog\\\/#organization\"},\"potentialAction\":[{\"@type\":\"SearchAction\",\"target\":{\"@type\":\"EntryPoint\",\"urlTemplate\":\"https:\\\/\\\/www.racsa.go.cr\\\/blog\\\/?s={search_term_string}\"},\"query-input\":{\"@type\":\"PropertyValueSpecification\",\"valueRequired\":true,\"valueName\":\"search_term_string\"}}],\"inLanguage\":\"es-CR\"},{\"@type\":\"Organization\",\"@id\":\"https:\\\/\\\/www.racsa.go.cr\\\/blog\\\/#organization\",\"name\":\"RACSA\",\"url\":\"https:\\\/\\\/www.racsa.go.cr\\\/blog\\\/\",\"logo\":{\"@type\":\"ImageObject\",\"inLanguage\":\"es-CR\",\"@id\":\"https:\\\/\\\/www.racsa.go.cr\\\/blog\\\/#\\\/schema\\\/logo\\\/image\\\/\",\"url\":\"https:\\\/\\\/www.racsa.go.cr\\\/blog\\\/wp-content\\\/uploads\\\/2020\\\/06\\\/logo-racsa-blog_Mesa-de-trabajo-1.png\",\"contentUrl\":\"https:\\\/\\\/www.racsa.go.cr\\\/blog\\\/wp-content\\\/uploads\\\/2020\\\/06\\\/logo-racsa-blog_Mesa-de-trabajo-1.png\",\"width\":77,\"height\":50,\"caption\":\"RACSA\"},\"image\":{\"@id\":\"https:\\\/\\\/www.racsa.go.cr\\\/blog\\\/#\\\/schema\\\/logo\\\/image\\\/\"},\"sameAs\":[\"https:\\\/\\\/m.facebook.com\\\/RACSACR\\\/\",\"https:\\\/\\\/x.com\\\/RACSA_CR\",\"https:\\\/\\\/instagram.com\\\/racsa_cr?igshid=1xty3rwhqjj6p\",\"https:\\\/\\\/www.linkedin.com\\\/authwall?trk=gf&amp;amp;amp;amp;amp;amp;amp;trkInfo=AQGkHPl9RaoQ9AAAAXXizZAgZzcQwi0sdfDTg7AF4I5Q6B_NrjW5R7wFovOzBkS8ur94lJpFmlv2bomYKC3GZOFcSqkgLKm5wKGh61DyjTqr6c_1E_AFOwxMWF5kjSLpCvbYX9o=&amp;amp;amp;amp;amp;amp;amp;originalReferer&amp;amp;amp;amp;amp;amp;amp;sessionRedirect=https:\\\/\\\/es.linkedin.com\\\/company\\\/racsa_cr\",\"https:\\\/\\\/www.youtube.com\\\/user\\\/RACSACOSTARICA\"]},{\"@type\":\"Person\",\"@id\":\"https:\\\/\\\/www.racsa.go.cr\\\/blog\\\/#\\\/schema\\\/person\\\/ec79d31370d6dc9aaa4365492bc04f4e\",\"name\":\"Mercadeo RACSA\",\"image\":{\"@type\":\"ImageObject\",\"inLanguage\":\"es-CR\",\"@id\":\"https:\\\/\\\/secure.gravatar.com\\\/avatar\\\/7b464a0e344d5a5f82f8b9ceb49dae1d41b1141998fb14d2046814a158d02734?s=96&d=mm&r=g\",\"url\":\"https:\\\/\\\/secure.gravatar.com\\\/avatar\\\/7b464a0e344d5a5f82f8b9ceb49dae1d41b1141998fb14d2046814a158d02734?s=96&d=mm&r=g\",\"contentUrl\":\"https:\\\/\\\/secure.gravatar.com\\\/avatar\\\/7b464a0e344d5a5f82f8b9ceb49dae1d41b1141998fb14d2046814a158d02734?s=96&d=mm&r=g\",\"caption\":\"Mercadeo RACSA\"}}]}<\/script>\n<!-- \/ Yoast SEO plugin. -->","yoast_head_json":{"title":"En su centenario RACSA se acredita como marca Esencial Costa Rica\ufffc - Blog de RACSA","robots":{"index":"index","follow":"follow","max-snippet":"max-snippet:-1","max-image-preview":"max-image-preview:large","max-video-preview":"max-video-preview:-1"},"canonical":"https:\/\/www.racsa.go.cr\/blog\/en-su-centenario-racsa-se-acredita-como-marca-esencial-costa-rica\ufffc\/","og_locale":"es_ES","og_type":"article","og_title":"En su centenario RACSA se acredita como marca Esencial Costa Rica\ufffc - Blog de RACSA","og_description":"En sus 100 a\u00f1os de historia, RACSA ha sido el protagonista de importantes saltos tecnol\u00f3gicos...","og_url":"https:\/\/www.racsa.go.cr\/blog\/en-su-centenario-racsa-se-acredita-como-marca-esencial-costa-rica\ufffc\/","og_site_name":"Blog de RACSA","article_publisher":"https:\/\/m.facebook.com\/RACSACR\/","article_published_time":"2022-08-07T00:19:45+00:00","article_modified_time":"2022-08-07T00:19:46+00:00","og_image":[{"width":1959,"height":1042,"url":"https:\/\/www.racsa.go.cr\/blog\/wp-content\/uploads\/2022\/08\/SOMOS-ESENCIAL-04.jpg","type":"image\/jpeg"}],"author":"Mercadeo RACSA","twitter_card":"summary_large_image","twitter_creator":"@RACSA_CR","twitter_site":"@RACSA_CR","twitter_misc":{"Written by":"Mercadeo RACSA","Est. reading time":"2 minutos"},"schema":{"@context":"https:\/\/schema.org","@graph":[{"@type":"Article","@id":"https:\/\/www.racsa.go.cr\/blog\/en-su-centenario-racsa-se-acredita-como-marca-esencial-costa-rica%ef%bf%bc\/#article","isPartOf":{"@id":"https:\/\/www.racsa.go.cr\/blog\/en-su-centenario-racsa-se-acredita-como-marca-esencial-costa-rica%ef%bf%bc\/"},"author":{"name":"Mercadeo RACSA","@id":"https:\/\/www.racsa.go.cr\/blog\/#\/schema\/person\/ec79d31370d6dc9aaa4365492bc04f4e"},"headline":"En su centenario RACSA se acredita como marca Esencial Costa Rica\ufffc","datePublished":"2022-08-07T00:19:45+00:00","dateModified":"2022-08-07T00:19:46+00:00","mainEntityOfPage":{"@id":"https:\/\/www.racsa.go.cr\/blog\/en-su-centenario-racsa-se-acredita-como-marca-esencial-costa-rica%ef%bf%bc\/"},"wordCount":445,"publisher":{"@id":"https:\/\/www.racsa.go.cr\/blog\/#organization"},"image":{"@id":"https:\/\/www.racsa.go.cr\/blog\/en-su-centenario-racsa-se-acredita-como-marca-esencial-costa-rica%ef%bf%bc\/#primaryimage"},"thumbnailUrl":"https:\/\/www.racsa.go.cr\/blog\/wp-content\/uploads\/2022\/08\/SOMOS-ESENCIAL-04.jpg","articleSection":["COMUNICADO RACSA"],"inLanguage":"es-CR"},{"@type":"WebPage","@id":"https:\/\/www.racsa.go.cr\/blog\/en-su-centenario-racsa-se-acredita-como-marca-esencial-costa-rica%ef%bf%bc\/","url":"https:\/\/www.racsa.go.cr\/blog\/en-su-centenario-racsa-se-acredita-como-marca-esencial-costa-rica%ef%bf%bc\/","name":"En su centenario RACSA se acredita como marca Esencial Costa Rica\ufffc - Blog de RACSA","isPartOf":{"@id":"https:\/\/www.racsa.go.cr\/blog\/#website"},"primaryImageOfPage":{"@id":"https:\/\/www.racsa.go.cr\/blog\/en-su-centenario-racsa-se-acredita-como-marca-esencial-costa-rica%ef%bf%bc\/#primaryimage"},"image":{"@id":"https:\/\/www.racsa.go.cr\/blog\/en-su-centenario-racsa-se-acredita-como-marca-esencial-costa-rica%ef%bf%bc\/#primaryimage"},"thumbnailUrl":"https:\/\/www.racsa.go.cr\/blog\/wp-content\/uploads\/2022\/08\/SOMOS-ESENCIAL-04.jpg","datePublished":"2022-08-07T00:19:45+00:00","dateModified":"2022-08-07T00:19:46+00:00","breadcrumb":{"@id":"https:\/\/www.racsa.go.cr\/blog\/en-su-centenario-racsa-se-acredita-como-marca-esencial-costa-rica%ef%bf%bc\/#breadcrumb"},"inLanguage":"es-CR","potentialAction":[{"@type":"ReadAction","target":["https:\/\/www.racsa.go.cr\/blog\/en-su-centenario-racsa-se-acredita-como-marca-esencial-costa-rica%ef%bf%bc\/"]}]},{"@type":"ImageObject","inLanguage":"es-CR","@id":"https:\/\/www.racsa.go.cr\/blog\/en-su-centenario-racsa-se-acredita-como-marca-esencial-costa-rica%ef%bf%bc\/#primaryimage","url":"https:\/\/www.racsa.go.cr\/blog\/wp-content\/uploads\/2022\/08\/SOMOS-ESENCIAL-04.jpg","contentUrl":"https:\/\/www.racsa.go.cr\/blog\/wp-content\/uploads\/2022\/08\/SOMOS-ESENCIAL-04.jpg","width":1959,"height":1042},{"@type":"BreadcrumbList","@id":"https:\/\/www.racsa.go.cr\/blog\/en-su-centenario-racsa-se-acredita-como-marca-esencial-costa-rica%ef%bf%bc\/#breadcrumb","itemListElement":[{"@type":"ListItem","position":1,"name":"Portada","item":"https:\/\/www.racsa.go.cr\/blog\/"},{"@type":"ListItem","position":2,"name":"En su centenario RACSA se acredita como marca Esencial Costa Rica\ufffc"}]},{"@type":"WebSite","@id":"https:\/\/www.racsa.go.cr\/blog\/#website","url":"https:\/\/www.racsa.go.cr\/blog\/","name":"Blog de RACSA","description":"Noticias y comunicados de inter\u00e9s","publisher":{"@id":"https:\/\/www.racsa.go.cr\/blog\/#organization"},"potentialAction":[{"@type":"SearchAction","target":{"@type":"EntryPoint","urlTemplate":"https:\/\/www.racsa.go.cr\/blog\/?s={search_term_string}"},"query-input":{"@type":"PropertyValueSpecification","valueRequired":true,"valueName":"search_term_string"}}],"inLanguage":"es-CR"},{"@type":"Organization","@id":"https:\/\/www.racsa.go.cr\/blog\/#organization","name":"RACSA","url":"https:\/\/www.racsa.go.cr\/blog\/","logo":{"@type":"ImageObject","inLanguage":"es-CR","@id":"https:\/\/www.racsa.go.cr\/blog\/#\/schema\/logo\/image\/","url":"https:\/\/www.racsa.go.cr\/blog\/wp-content\/uploads\/2020\/06\/logo-racsa-blog_Mesa-de-trabajo-1.png","contentUrl":"https:\/\/www.racsa.go.cr\/blog\/wp-content\/uploads\/2020\/06\/logo-racsa-blog_Mesa-de-trabajo-1.png","width":77,"height":50,"caption":"RACSA"},"image":{"@id":"https:\/\/www.racsa.go.cr\/blog\/#\/schema\/logo\/image\/"},"sameAs":["https:\/\/m.facebook.com\/RACSACR\/","https:\/\/x.com\/RACSA_CR","https:\/\/instagram.com\/racsa_cr?igshid=1xty3rwhqjj6p","https:\/\/www.linkedin.com\/authwall?trk=gf&amp;amp;amp;amp;amp;amp;amp;trkInfo=AQGkHPl9RaoQ9AAAAXXizZAgZzcQwi0sdfDTg7AF4I5Q6B_NrjW5R7wFovOzBkS8ur94lJpFmlv2bomYKC3GZOFcSqkgLKm5wKGh61DyjTqr6c_1E_AFOwxMWF5kjSLpCvbYX9o=&amp;amp;amp;amp;amp;amp;amp;originalReferer&amp;amp;amp;amp;amp;amp;amp;sessionRedirect=https:\/\/es.linkedin.com\/company\/racsa_cr","https:\/\/www.youtube.com\/user\/RACSACOSTARICA"]},{"@type":"Person","@id":"https:\/\/www.racsa.go.cr\/blog\/#\/schema\/person\/ec79d31370d6dc9aaa4365492bc04f4e","name":"Mercadeo RACSA","image":{"@type":"ImageObject","inLanguage":"es-CR","@id":"https:\/\/secure.gravatar.com\/avatar\/7b464a0e344d5a5f82f8b9ceb49dae1d41b1141998fb14d2046814a158d02734?s=96&d=mm&r=g","url":"https:\/\/secure.gravatar.com\/avatar\/7b464a0e344d5a5f82f8b9ceb49dae1d41b1141998fb14d2046814a158d02734?s=96&d=mm&r=g","contentUrl":"https:\/\/secure.gravatar.com\/avatar\/7b464a0e344d5a5f82f8b9ceb49dae1d41b1141998fb14d2046814a158d02734?s=96&d=mm&r=g","caption":"Mercadeo RACSA"}}]}},"_links":{"self":[{"href":"https:\/\/www.racsa.go.cr\/blog\/wp-json\/wp\/v2\/posts\/2444","targetHints":{"allow":["GET"]}}],"collection":[{"href":"https:\/\/www.racsa.go.cr\/blog\/wp-json\/wp\/v2\/posts"}],"about":[{"href":"https:\/\/www.racsa.go.cr\/blog\/wp-json\/wp\/v2\/types\/post"}],"author":[{"embeddable":true,"href":"https:\/\/www.racsa.go.cr\/blog\/wp-json\/wp\/v2\/users\/2"}],"replies":[{"embeddable":true,"href":"https:\/\/www.racsa.go.cr\/blog\/wp-json\/wp\/v2\/comments?post=2444"}],"version-history":[{"count":0,"href":"https:\/\/www.racsa.go.cr\/blog\/wp-json\/wp\/v2\/posts\/2444\/revisions"}],"wp:featuredmedia":[{"embeddable":true,"href":"https:\/\/www.racsa.go.cr\/blog\/wp-json\/wp\/v2\/media\/2445"}],"wp:attachment":[{"href":"https:\/\/www.racsa.go.cr\/blog\/wp-json\/wp\/v2\/media?parent=2444"}],"wp:term":[{"taxonomy":"category","embeddable":true,"href":"https:\/\/www.racsa.go.cr\/blog\/wp-json\/wp\/v2\/categories?post=2444"},{"taxonomy":"post_tag","embeddable":true,"href":"https:\/\/www.racsa.go.cr\/blog\/wp-json\/wp\/v2\/tags?post=2444"}],"curies":[{"name":"wp","href":"https:\/\/api.w.org\/{rel}","templated":true}]}}