{"id":2387,"date":"2022-06-03T11:55:28","date_gmt":"2022-06-03T17:55:28","guid":{"rendered":"https:\/\/www.racsa.go.cr\/blog\/?p=2387"},"modified":"2022-06-03T11:57:23","modified_gmt":"2022-06-03T17:57:23","slug":"analisis-sobre-incidente-de-ciberseguridad-confirma-que-sistemas-informaticos-de-racsa-no-fueron-afectados%ef%bf%bc","status":"publish","type":"post","link":"https:\/\/www.racsa.go.cr\/blog\/analisis-sobre-incidente-de-ciberseguridad-confirma-que-sistemas-informaticos-de-racsa-no-fueron-afectados%ef%bf%bc\/","title":{"rendered":"An\u00e1lisis sobre incidente de ciberseguridad confirma que sistemas inform\u00e1ticos de RACSA no fueron afectados"},"content":{"rendered":"\n<p>Con el objetivo de garantizar transparencia a las empresas e instituciones que han depositado su confianza en nuestros servicios, RACSA desea explicar el alcance del incidente inform\u00e1tico presentado el 19 de abril de 2022 y las medidas de respuesta.&nbsp;<\/p>\n\n\n\n<p>A las 17:56 el sitio web de filtraciones \u201cConti News\u201d public\u00f3 que RACSA fue seleccionado como objetivo de este grupo, aportando como prueba informaci\u00f3n de una cuenta de correo electr\u00f3nico institucional.&nbsp;<\/p>\n\n\n\n<p>RACSA activ\u00f3 inmediatamente el <em>Protocolo de Gesti\u00f3n de Incidentes de Ciberseguridad<\/em> para contener y detener la intrusi\u00f3n<strong>. Estas acciones permitieron conservar de manera \u00edntegra, segura y continua todos los servicios de nuestros clientes<\/strong>.<\/p>\n\n\n\n<p><strong>Medidas complementarias:<\/strong><\/p>\n\n\n\n<ul class=\"wp-block-list\"><li>Se utilizaron los servicios de una firma internacional especializada en ciberseguridad para investigar a nivel forense el incidente y determinar su alcance.<\/li><li>Los dispositivos bajo sospecha fueron sacados de producci\u00f3n y desaprovisionados.<\/li><li>Las cuentas de correo contenidas en estos dispositivos fueron migradas a Office 365 con el acompa\u00f1amiento experto de la empresa Microsoft.&nbsp;<\/li><\/ul>\n\n\n\n<p><\/p>\n\n\n\n<p>Este an\u00e1lisis confirma que la r\u00e1pida atenci\u00f3n de este incidente evit\u00f3 movimientos laterales hacia otros elementos de TIC y que no existi\u00f3 afectaci\u00f3n en los sistemas inform\u00e1ticos, dado a que el incidente se limit\u00f3 a ocho cuentas de correo electr\u00f3nico, que se encontraban fuera de uso. &nbsp;<\/p>\n\n\n\n<p>RACSA cuenta con los procesos y los mecanismos de defensa necesarios para hacer frente a este tipo de situaciones. Por su conocimiento experto en Seguridad de la Informaci\u00f3n la empresa forma parte del equipo t\u00e9cnico que realiza actualmente el mapeo de ciberseguridad del Sector P\u00fablico solicitado por el Ministerio de Ciencia Tecnolog\u00eda y Telecomunicaciones (MICITT) para desarrollar un plan de acci\u00f3n en esta materia.<\/p>\n\n\n\n<p><strong>RACSA<\/strong><\/p>\n\n\n\n<p><\/p>\n\n\n\n<p><\/p>\n\n\n\n<p><\/p>\n","protected":false},"excerpt":{"rendered":"<p>Con el objetivo de garantizar transparencia a las empresas e instituciones que han depositado su&#8230;<\/p>\n","protected":false},"author":2,"featured_media":2388,"comment_status":"closed","ping_status":"closed","sticky":false,"template":"","format":"standard","meta":{"footnotes":""},"categories":[224],"tags":[],"class_list":["post-2387","post","type-post","status-publish","format-standard","has-post-thumbnail","hentry","category-comunicado-racsa"],"yoast_head":"<!-- This site is optimized with the Yoast SEO plugin v27.5 - https:\/\/yoast.com\/product\/yoast-seo-wordpress\/ -->\n<title>An\u00e1lisis sobre incidente de ciberseguridad confirma que sistemas inform\u00e1ticos de RACSA no fueron afectados - Blog de RACSA<\/title>\n<meta name=\"robots\" content=\"index, follow, max-snippet:-1, max-image-preview:large, max-video-preview:-1\" \/>\n<link rel=\"canonical\" href=\"https:\/\/www.racsa.go.cr\/blog\/analisis-sobre-incidente-de-ciberseguridad-confirma-que-sistemas-informaticos-de-racsa-no-fueron-afectados\ufffc\/\" \/>\n<meta property=\"og:locale\" content=\"es_ES\" \/>\n<meta property=\"og:type\" content=\"article\" \/>\n<meta property=\"og:title\" content=\"An\u00e1lisis sobre incidente de ciberseguridad confirma que sistemas inform\u00e1ticos de RACSA no fueron afectados - Blog de RACSA\" \/>\n<meta property=\"og:description\" content=\"Con el objetivo de garantizar transparencia a las empresas e instituciones que han depositado su...\" \/>\n<meta property=\"og:url\" content=\"https:\/\/www.racsa.go.cr\/blog\/analisis-sobre-incidente-de-ciberseguridad-confirma-que-sistemas-informaticos-de-racsa-no-fueron-afectados\ufffc\/\" \/>\n<meta property=\"og:site_name\" content=\"Blog de RACSA\" \/>\n<meta property=\"article:publisher\" content=\"https:\/\/m.facebook.com\/RACSACR\/\" \/>\n<meta property=\"article:published_time\" content=\"2022-06-03T17:55:28+00:00\" \/>\n<meta property=\"article:modified_time\" content=\"2022-06-03T17:57:23+00:00\" \/>\n<meta property=\"og:image\" content=\"https:\/\/www.racsa.go.cr\/blog\/wp-content\/uploads\/2022\/06\/Incidente_Mesa-de-trabajo-1-copia-3-scaled.jpg\" \/>\n\t<meta property=\"og:image:width\" content=\"2560\" \/>\n\t<meta property=\"og:image:height\" content=\"1440\" \/>\n\t<meta property=\"og:image:type\" content=\"image\/jpeg\" \/>\n<meta name=\"author\" content=\"Mercadeo RACSA\" \/>\n<meta name=\"twitter:card\" content=\"summary_large_image\" \/>\n<meta name=\"twitter:creator\" content=\"@RACSA_CR\" \/>\n<meta name=\"twitter:site\" content=\"@RACSA_CR\" \/>\n<meta name=\"twitter:label1\" content=\"Written by\" \/>\n\t<meta name=\"twitter:data1\" content=\"Mercadeo RACSA\" \/>\n\t<meta name=\"twitter:label2\" content=\"Est. reading time\" \/>\n\t<meta name=\"twitter:data2\" content=\"2 minutos\" \/>\n<script type=\"application\/ld+json\" class=\"yoast-schema-graph\">{\"@context\":\"https:\\\/\\\/schema.org\",\"@graph\":[{\"@type\":\"Article\",\"@id\":\"https:\\\/\\\/www.racsa.go.cr\\\/blog\\\/analisis-sobre-incidente-de-ciberseguridad-confirma-que-sistemas-informaticos-de-racsa-no-fueron-afectados%ef%bf%bc\\\/#article\",\"isPartOf\":{\"@id\":\"https:\\\/\\\/www.racsa.go.cr\\\/blog\\\/analisis-sobre-incidente-de-ciberseguridad-confirma-que-sistemas-informaticos-de-racsa-no-fueron-afectados%ef%bf%bc\\\/\"},\"author\":{\"name\":\"Mercadeo RACSA\",\"@id\":\"https:\\\/\\\/www.racsa.go.cr\\\/blog\\\/#\\\/schema\\\/person\\\/ec79d31370d6dc9aaa4365492bc04f4e\"},\"headline\":\"An\u00e1lisis sobre incidente de ciberseguridad confirma que sistemas inform\u00e1ticos de RACSA no fueron afectados\",\"datePublished\":\"2022-06-03T17:55:28+00:00\",\"dateModified\":\"2022-06-03T17:57:23+00:00\",\"mainEntityOfPage\":{\"@id\":\"https:\\\/\\\/www.racsa.go.cr\\\/blog\\\/analisis-sobre-incidente-de-ciberseguridad-confirma-que-sistemas-informaticos-de-racsa-no-fueron-afectados%ef%bf%bc\\\/\"},\"wordCount\":303,\"publisher\":{\"@id\":\"https:\\\/\\\/www.racsa.go.cr\\\/blog\\\/#organization\"},\"image\":{\"@id\":\"https:\\\/\\\/www.racsa.go.cr\\\/blog\\\/analisis-sobre-incidente-de-ciberseguridad-confirma-que-sistemas-informaticos-de-racsa-no-fueron-afectados%ef%bf%bc\\\/#primaryimage\"},\"thumbnailUrl\":\"https:\\\/\\\/www.racsa.go.cr\\\/blog\\\/wp-content\\\/uploads\\\/2022\\\/06\\\/Incidente_Mesa-de-trabajo-1-copia-3-scaled.jpg\",\"articleSection\":[\"COMUNICADO RACSA\"],\"inLanguage\":\"es-CR\"},{\"@type\":\"WebPage\",\"@id\":\"https:\\\/\\\/www.racsa.go.cr\\\/blog\\\/analisis-sobre-incidente-de-ciberseguridad-confirma-que-sistemas-informaticos-de-racsa-no-fueron-afectados%ef%bf%bc\\\/\",\"url\":\"https:\\\/\\\/www.racsa.go.cr\\\/blog\\\/analisis-sobre-incidente-de-ciberseguridad-confirma-que-sistemas-informaticos-de-racsa-no-fueron-afectados%ef%bf%bc\\\/\",\"name\":\"An\u00e1lisis sobre incidente de ciberseguridad confirma que sistemas inform\u00e1ticos de RACSA no fueron afectados - Blog de RACSA\",\"isPartOf\":{\"@id\":\"https:\\\/\\\/www.racsa.go.cr\\\/blog\\\/#website\"},\"primaryImageOfPage\":{\"@id\":\"https:\\\/\\\/www.racsa.go.cr\\\/blog\\\/analisis-sobre-incidente-de-ciberseguridad-confirma-que-sistemas-informaticos-de-racsa-no-fueron-afectados%ef%bf%bc\\\/#primaryimage\"},\"image\":{\"@id\":\"https:\\\/\\\/www.racsa.go.cr\\\/blog\\\/analisis-sobre-incidente-de-ciberseguridad-confirma-que-sistemas-informaticos-de-racsa-no-fueron-afectados%ef%bf%bc\\\/#primaryimage\"},\"thumbnailUrl\":\"https:\\\/\\\/www.racsa.go.cr\\\/blog\\\/wp-content\\\/uploads\\\/2022\\\/06\\\/Incidente_Mesa-de-trabajo-1-copia-3-scaled.jpg\",\"datePublished\":\"2022-06-03T17:55:28+00:00\",\"dateModified\":\"2022-06-03T17:57:23+00:00\",\"breadcrumb\":{\"@id\":\"https:\\\/\\\/www.racsa.go.cr\\\/blog\\\/analisis-sobre-incidente-de-ciberseguridad-confirma-que-sistemas-informaticos-de-racsa-no-fueron-afectados%ef%bf%bc\\\/#breadcrumb\"},\"inLanguage\":\"es-CR\",\"potentialAction\":[{\"@type\":\"ReadAction\",\"target\":[\"https:\\\/\\\/www.racsa.go.cr\\\/blog\\\/analisis-sobre-incidente-de-ciberseguridad-confirma-que-sistemas-informaticos-de-racsa-no-fueron-afectados%ef%bf%bc\\\/\"]}]},{\"@type\":\"ImageObject\",\"inLanguage\":\"es-CR\",\"@id\":\"https:\\\/\\\/www.racsa.go.cr\\\/blog\\\/analisis-sobre-incidente-de-ciberseguridad-confirma-que-sistemas-informaticos-de-racsa-no-fueron-afectados%ef%bf%bc\\\/#primaryimage\",\"url\":\"https:\\\/\\\/www.racsa.go.cr\\\/blog\\\/wp-content\\\/uploads\\\/2022\\\/06\\\/Incidente_Mesa-de-trabajo-1-copia-3-scaled.jpg\",\"contentUrl\":\"https:\\\/\\\/www.racsa.go.cr\\\/blog\\\/wp-content\\\/uploads\\\/2022\\\/06\\\/Incidente_Mesa-de-trabajo-1-copia-3-scaled.jpg\",\"width\":2560,\"height\":1440,\"caption\":\"Seguridad y Respaldo en todas nuestra soluciones\"},{\"@type\":\"BreadcrumbList\",\"@id\":\"https:\\\/\\\/www.racsa.go.cr\\\/blog\\\/analisis-sobre-incidente-de-ciberseguridad-confirma-que-sistemas-informaticos-de-racsa-no-fueron-afectados%ef%bf%bc\\\/#breadcrumb\",\"itemListElement\":[{\"@type\":\"ListItem\",\"position\":1,\"name\":\"Portada\",\"item\":\"https:\\\/\\\/www.racsa.go.cr\\\/blog\\\/\"},{\"@type\":\"ListItem\",\"position\":2,\"name\":\"An\u00e1lisis sobre incidente de ciberseguridad confirma que sistemas inform\u00e1ticos de RACSA no fueron afectados\"}]},{\"@type\":\"WebSite\",\"@id\":\"https:\\\/\\\/www.racsa.go.cr\\\/blog\\\/#website\",\"url\":\"https:\\\/\\\/www.racsa.go.cr\\\/blog\\\/\",\"name\":\"Blog de RACSA\",\"description\":\"Noticias y comunicados de inter\u00e9s\",\"publisher\":{\"@id\":\"https:\\\/\\\/www.racsa.go.cr\\\/blog\\\/#organization\"},\"potentialAction\":[{\"@type\":\"SearchAction\",\"target\":{\"@type\":\"EntryPoint\",\"urlTemplate\":\"https:\\\/\\\/www.racsa.go.cr\\\/blog\\\/?s={search_term_string}\"},\"query-input\":{\"@type\":\"PropertyValueSpecification\",\"valueRequired\":true,\"valueName\":\"search_term_string\"}}],\"inLanguage\":\"es-CR\"},{\"@type\":\"Organization\",\"@id\":\"https:\\\/\\\/www.racsa.go.cr\\\/blog\\\/#organization\",\"name\":\"RACSA\",\"url\":\"https:\\\/\\\/www.racsa.go.cr\\\/blog\\\/\",\"logo\":{\"@type\":\"ImageObject\",\"inLanguage\":\"es-CR\",\"@id\":\"https:\\\/\\\/www.racsa.go.cr\\\/blog\\\/#\\\/schema\\\/logo\\\/image\\\/\",\"url\":\"https:\\\/\\\/www.racsa.go.cr\\\/blog\\\/wp-content\\\/uploads\\\/2020\\\/06\\\/logo-racsa-blog_Mesa-de-trabajo-1.png\",\"contentUrl\":\"https:\\\/\\\/www.racsa.go.cr\\\/blog\\\/wp-content\\\/uploads\\\/2020\\\/06\\\/logo-racsa-blog_Mesa-de-trabajo-1.png\",\"width\":77,\"height\":50,\"caption\":\"RACSA\"},\"image\":{\"@id\":\"https:\\\/\\\/www.racsa.go.cr\\\/blog\\\/#\\\/schema\\\/logo\\\/image\\\/\"},\"sameAs\":[\"https:\\\/\\\/m.facebook.com\\\/RACSACR\\\/\",\"https:\\\/\\\/x.com\\\/RACSA_CR\",\"https:\\\/\\\/instagram.com\\\/racsa_cr?igshid=1xty3rwhqjj6p\",\"https:\\\/\\\/www.linkedin.com\\\/authwall?trk=gf&amp;amp;amp;amp;amp;amp;amp;trkInfo=AQGkHPl9RaoQ9AAAAXXizZAgZzcQwi0sdfDTg7AF4I5Q6B_NrjW5R7wFovOzBkS8ur94lJpFmlv2bomYKC3GZOFcSqkgLKm5wKGh61DyjTqr6c_1E_AFOwxMWF5kjSLpCvbYX9o=&amp;amp;amp;amp;amp;amp;amp;originalReferer&amp;amp;amp;amp;amp;amp;amp;sessionRedirect=https:\\\/\\\/es.linkedin.com\\\/company\\\/racsa_cr\",\"https:\\\/\\\/www.youtube.com\\\/user\\\/RACSACOSTARICA\"]},{\"@type\":\"Person\",\"@id\":\"https:\\\/\\\/www.racsa.go.cr\\\/blog\\\/#\\\/schema\\\/person\\\/ec79d31370d6dc9aaa4365492bc04f4e\",\"name\":\"Mercadeo RACSA\",\"image\":{\"@type\":\"ImageObject\",\"inLanguage\":\"es-CR\",\"@id\":\"https:\\\/\\\/secure.gravatar.com\\\/avatar\\\/7b464a0e344d5a5f82f8b9ceb49dae1d41b1141998fb14d2046814a158d02734?s=96&d=mm&r=g\",\"url\":\"https:\\\/\\\/secure.gravatar.com\\\/avatar\\\/7b464a0e344d5a5f82f8b9ceb49dae1d41b1141998fb14d2046814a158d02734?s=96&d=mm&r=g\",\"contentUrl\":\"https:\\\/\\\/secure.gravatar.com\\\/avatar\\\/7b464a0e344d5a5f82f8b9ceb49dae1d41b1141998fb14d2046814a158d02734?s=96&d=mm&r=g\",\"caption\":\"Mercadeo RACSA\"}}]}<\/script>\n<!-- \/ Yoast SEO plugin. -->","yoast_head_json":{"title":"An\u00e1lisis sobre incidente de ciberseguridad confirma que sistemas inform\u00e1ticos de RACSA no fueron afectados - Blog de RACSA","robots":{"index":"index","follow":"follow","max-snippet":"max-snippet:-1","max-image-preview":"max-image-preview:large","max-video-preview":"max-video-preview:-1"},"canonical":"https:\/\/www.racsa.go.cr\/blog\/analisis-sobre-incidente-de-ciberseguridad-confirma-que-sistemas-informaticos-de-racsa-no-fueron-afectados\ufffc\/","og_locale":"es_ES","og_type":"article","og_title":"An\u00e1lisis sobre incidente de ciberseguridad confirma que sistemas inform\u00e1ticos de RACSA no fueron afectados - Blog de RACSA","og_description":"Con el objetivo de garantizar transparencia a las empresas e instituciones que han depositado su...","og_url":"https:\/\/www.racsa.go.cr\/blog\/analisis-sobre-incidente-de-ciberseguridad-confirma-que-sistemas-informaticos-de-racsa-no-fueron-afectados\ufffc\/","og_site_name":"Blog de RACSA","article_publisher":"https:\/\/m.facebook.com\/RACSACR\/","article_published_time":"2022-06-03T17:55:28+00:00","article_modified_time":"2022-06-03T17:57:23+00:00","og_image":[{"width":2560,"height":1440,"url":"https:\/\/www.racsa.go.cr\/blog\/wp-content\/uploads\/2022\/06\/Incidente_Mesa-de-trabajo-1-copia-3-scaled.jpg","type":"image\/jpeg"}],"author":"Mercadeo RACSA","twitter_card":"summary_large_image","twitter_creator":"@RACSA_CR","twitter_site":"@RACSA_CR","twitter_misc":{"Written by":"Mercadeo RACSA","Est. reading time":"2 minutos"},"schema":{"@context":"https:\/\/schema.org","@graph":[{"@type":"Article","@id":"https:\/\/www.racsa.go.cr\/blog\/analisis-sobre-incidente-de-ciberseguridad-confirma-que-sistemas-informaticos-de-racsa-no-fueron-afectados%ef%bf%bc\/#article","isPartOf":{"@id":"https:\/\/www.racsa.go.cr\/blog\/analisis-sobre-incidente-de-ciberseguridad-confirma-que-sistemas-informaticos-de-racsa-no-fueron-afectados%ef%bf%bc\/"},"author":{"name":"Mercadeo RACSA","@id":"https:\/\/www.racsa.go.cr\/blog\/#\/schema\/person\/ec79d31370d6dc9aaa4365492bc04f4e"},"headline":"An\u00e1lisis sobre incidente de ciberseguridad confirma que sistemas inform\u00e1ticos de RACSA no fueron afectados","datePublished":"2022-06-03T17:55:28+00:00","dateModified":"2022-06-03T17:57:23+00:00","mainEntityOfPage":{"@id":"https:\/\/www.racsa.go.cr\/blog\/analisis-sobre-incidente-de-ciberseguridad-confirma-que-sistemas-informaticos-de-racsa-no-fueron-afectados%ef%bf%bc\/"},"wordCount":303,"publisher":{"@id":"https:\/\/www.racsa.go.cr\/blog\/#organization"},"image":{"@id":"https:\/\/www.racsa.go.cr\/blog\/analisis-sobre-incidente-de-ciberseguridad-confirma-que-sistemas-informaticos-de-racsa-no-fueron-afectados%ef%bf%bc\/#primaryimage"},"thumbnailUrl":"https:\/\/www.racsa.go.cr\/blog\/wp-content\/uploads\/2022\/06\/Incidente_Mesa-de-trabajo-1-copia-3-scaled.jpg","articleSection":["COMUNICADO RACSA"],"inLanguage":"es-CR"},{"@type":"WebPage","@id":"https:\/\/www.racsa.go.cr\/blog\/analisis-sobre-incidente-de-ciberseguridad-confirma-que-sistemas-informaticos-de-racsa-no-fueron-afectados%ef%bf%bc\/","url":"https:\/\/www.racsa.go.cr\/blog\/analisis-sobre-incidente-de-ciberseguridad-confirma-que-sistemas-informaticos-de-racsa-no-fueron-afectados%ef%bf%bc\/","name":"An\u00e1lisis sobre incidente de ciberseguridad confirma que sistemas inform\u00e1ticos de RACSA no fueron afectados - Blog de RACSA","isPartOf":{"@id":"https:\/\/www.racsa.go.cr\/blog\/#website"},"primaryImageOfPage":{"@id":"https:\/\/www.racsa.go.cr\/blog\/analisis-sobre-incidente-de-ciberseguridad-confirma-que-sistemas-informaticos-de-racsa-no-fueron-afectados%ef%bf%bc\/#primaryimage"},"image":{"@id":"https:\/\/www.racsa.go.cr\/blog\/analisis-sobre-incidente-de-ciberseguridad-confirma-que-sistemas-informaticos-de-racsa-no-fueron-afectados%ef%bf%bc\/#primaryimage"},"thumbnailUrl":"https:\/\/www.racsa.go.cr\/blog\/wp-content\/uploads\/2022\/06\/Incidente_Mesa-de-trabajo-1-copia-3-scaled.jpg","datePublished":"2022-06-03T17:55:28+00:00","dateModified":"2022-06-03T17:57:23+00:00","breadcrumb":{"@id":"https:\/\/www.racsa.go.cr\/blog\/analisis-sobre-incidente-de-ciberseguridad-confirma-que-sistemas-informaticos-de-racsa-no-fueron-afectados%ef%bf%bc\/#breadcrumb"},"inLanguage":"es-CR","potentialAction":[{"@type":"ReadAction","target":["https:\/\/www.racsa.go.cr\/blog\/analisis-sobre-incidente-de-ciberseguridad-confirma-que-sistemas-informaticos-de-racsa-no-fueron-afectados%ef%bf%bc\/"]}]},{"@type":"ImageObject","inLanguage":"es-CR","@id":"https:\/\/www.racsa.go.cr\/blog\/analisis-sobre-incidente-de-ciberseguridad-confirma-que-sistemas-informaticos-de-racsa-no-fueron-afectados%ef%bf%bc\/#primaryimage","url":"https:\/\/www.racsa.go.cr\/blog\/wp-content\/uploads\/2022\/06\/Incidente_Mesa-de-trabajo-1-copia-3-scaled.jpg","contentUrl":"https:\/\/www.racsa.go.cr\/blog\/wp-content\/uploads\/2022\/06\/Incidente_Mesa-de-trabajo-1-copia-3-scaled.jpg","width":2560,"height":1440,"caption":"Seguridad y Respaldo en todas nuestra soluciones"},{"@type":"BreadcrumbList","@id":"https:\/\/www.racsa.go.cr\/blog\/analisis-sobre-incidente-de-ciberseguridad-confirma-que-sistemas-informaticos-de-racsa-no-fueron-afectados%ef%bf%bc\/#breadcrumb","itemListElement":[{"@type":"ListItem","position":1,"name":"Portada","item":"https:\/\/www.racsa.go.cr\/blog\/"},{"@type":"ListItem","position":2,"name":"An\u00e1lisis sobre incidente de ciberseguridad confirma que sistemas inform\u00e1ticos de RACSA no fueron afectados"}]},{"@type":"WebSite","@id":"https:\/\/www.racsa.go.cr\/blog\/#website","url":"https:\/\/www.racsa.go.cr\/blog\/","name":"Blog de RACSA","description":"Noticias y comunicados de inter\u00e9s","publisher":{"@id":"https:\/\/www.racsa.go.cr\/blog\/#organization"},"potentialAction":[{"@type":"SearchAction","target":{"@type":"EntryPoint","urlTemplate":"https:\/\/www.racsa.go.cr\/blog\/?s={search_term_string}"},"query-input":{"@type":"PropertyValueSpecification","valueRequired":true,"valueName":"search_term_string"}}],"inLanguage":"es-CR"},{"@type":"Organization","@id":"https:\/\/www.racsa.go.cr\/blog\/#organization","name":"RACSA","url":"https:\/\/www.racsa.go.cr\/blog\/","logo":{"@type":"ImageObject","inLanguage":"es-CR","@id":"https:\/\/www.racsa.go.cr\/blog\/#\/schema\/logo\/image\/","url":"https:\/\/www.racsa.go.cr\/blog\/wp-content\/uploads\/2020\/06\/logo-racsa-blog_Mesa-de-trabajo-1.png","contentUrl":"https:\/\/www.racsa.go.cr\/blog\/wp-content\/uploads\/2020\/06\/logo-racsa-blog_Mesa-de-trabajo-1.png","width":77,"height":50,"caption":"RACSA"},"image":{"@id":"https:\/\/www.racsa.go.cr\/blog\/#\/schema\/logo\/image\/"},"sameAs":["https:\/\/m.facebook.com\/RACSACR\/","https:\/\/x.com\/RACSA_CR","https:\/\/instagram.com\/racsa_cr?igshid=1xty3rwhqjj6p","https:\/\/www.linkedin.com\/authwall?trk=gf&amp;amp;amp;amp;amp;amp;amp;trkInfo=AQGkHPl9RaoQ9AAAAXXizZAgZzcQwi0sdfDTg7AF4I5Q6B_NrjW5R7wFovOzBkS8ur94lJpFmlv2bomYKC3GZOFcSqkgLKm5wKGh61DyjTqr6c_1E_AFOwxMWF5kjSLpCvbYX9o=&amp;amp;amp;amp;amp;amp;amp;originalReferer&amp;amp;amp;amp;amp;amp;amp;sessionRedirect=https:\/\/es.linkedin.com\/company\/racsa_cr","https:\/\/www.youtube.com\/user\/RACSACOSTARICA"]},{"@type":"Person","@id":"https:\/\/www.racsa.go.cr\/blog\/#\/schema\/person\/ec79d31370d6dc9aaa4365492bc04f4e","name":"Mercadeo RACSA","image":{"@type":"ImageObject","inLanguage":"es-CR","@id":"https:\/\/secure.gravatar.com\/avatar\/7b464a0e344d5a5f82f8b9ceb49dae1d41b1141998fb14d2046814a158d02734?s=96&d=mm&r=g","url":"https:\/\/secure.gravatar.com\/avatar\/7b464a0e344d5a5f82f8b9ceb49dae1d41b1141998fb14d2046814a158d02734?s=96&d=mm&r=g","contentUrl":"https:\/\/secure.gravatar.com\/avatar\/7b464a0e344d5a5f82f8b9ceb49dae1d41b1141998fb14d2046814a158d02734?s=96&d=mm&r=g","caption":"Mercadeo RACSA"}}]}},"_links":{"self":[{"href":"https:\/\/www.racsa.go.cr\/blog\/wp-json\/wp\/v2\/posts\/2387","targetHints":{"allow":["GET"]}}],"collection":[{"href":"https:\/\/www.racsa.go.cr\/blog\/wp-json\/wp\/v2\/posts"}],"about":[{"href":"https:\/\/www.racsa.go.cr\/blog\/wp-json\/wp\/v2\/types\/post"}],"author":[{"embeddable":true,"href":"https:\/\/www.racsa.go.cr\/blog\/wp-json\/wp\/v2\/users\/2"}],"replies":[{"embeddable":true,"href":"https:\/\/www.racsa.go.cr\/blog\/wp-json\/wp\/v2\/comments?post=2387"}],"version-history":[{"count":0,"href":"https:\/\/www.racsa.go.cr\/blog\/wp-json\/wp\/v2\/posts\/2387\/revisions"}],"wp:featuredmedia":[{"embeddable":true,"href":"https:\/\/www.racsa.go.cr\/blog\/wp-json\/wp\/v2\/media\/2388"}],"wp:attachment":[{"href":"https:\/\/www.racsa.go.cr\/blog\/wp-json\/wp\/v2\/media?parent=2387"}],"wp:term":[{"taxonomy":"category","embeddable":true,"href":"https:\/\/www.racsa.go.cr\/blog\/wp-json\/wp\/v2\/categories?post=2387"},{"taxonomy":"post_tag","embeddable":true,"href":"https:\/\/www.racsa.go.cr\/blog\/wp-json\/wp\/v2\/tags?post=2387"}],"curies":[{"name":"wp","href":"https:\/\/api.w.org\/{rel}","templated":true}]}}