{"id":2351,"date":"2022-04-22T08:06:30","date_gmt":"2022-04-22T14:06:30","guid":{"rendered":"https:\/\/www.racsa.go.cr\/blog\/?p=2351"},"modified":"2022-04-22T08:06:31","modified_gmt":"2022-04-22T14:06:31","slug":"sistema-integrado-de-compras-publicas-se-mantiene-activo","status":"publish","type":"post","link":"https:\/\/www.racsa.go.cr\/blog\/sistema-integrado-de-compras-publicas-se-mantiene-activo\/","title":{"rendered":"Sistema Integrado de Compras P\u00fablicas se mantiene activo"},"content":{"rendered":"\n<p>El sistema Integrado de Compras P\u00fablicas (SICOP) del Ministerio de Hacienda, se encuentra operando, lo que permite a las instituciones y proveedores realizar sus gestiones de manera regular.<\/p>\n\n\n\n<p>Como medida de protecci\u00f3n, se deshabilitaron temporalmente la interfaz de consulta del contenido presupuestario con el Sistema Integrado de Administraci\u00f3n Financiera (SIGAF) y la consulta de certificaciones literales de personas jur\u00eddicas del Registro Nacional.<\/p>\n\n\n\n<p>Categorizada esta situaci\u00f3n como imprevisible, caso fortuito o fuerza mayor, si en el marco de los procedimientos de contrataci\u00f3n se determina un impedimento para que las instituciones verifiquen alguna condici\u00f3n del oferente, derivada de interfaces que actualmente se encuentran suspendidas, esta deber\u00e1 analizar el caso particular y la etapa en que se encuentra el procedimiento de contrataci\u00f3n, para determinar si se debe continuar con la gesti\u00f3n correspondiente, en cuyo caso, la instituci\u00f3n tiene la obligaci\u00f3n de justificar y documentar sus actuaciones en el expediente respectivo, o valorar si es posible detener el procedimiento hasta la reanudaci\u00f3n de los servicios de consulta.<\/p>\n\n\n\n<p>Adem\u00e1s, en el art\u00edculo 65 del Reglamento a la Ley de Contrataci\u00f3n Administrativa se establece la obligatoriedad que tiene el oferente de aportar documentos, entre ellos la declaraci\u00f3n jurada donde se haga constar que se encuentra al d\u00eda en el pago de los impuestos, informaci\u00f3n que ser\u00e1 confirmada posteriormente por la Administraci\u00f3n, una vez restablecidos los sistemas.<\/p>\n\n\n\n<p><\/p>\n\n\n\n<p>Unidad de Comunicaci\u00f3n Institucional<\/p>\n\n\n\n<p>Ministerio de Hacienda<\/p>\n\n\n\n<p>CP55 \/ 21 de abril del 2022<\/p>\n","protected":false},"excerpt":{"rendered":"<p>El sistema Integrado de Compras P\u00fablicas (SICOP) del Ministerio de Hacienda, se encuentra operando, lo&#8230;<\/p>\n","protected":false},"author":2,"featured_media":2258,"comment_status":"closed","ping_status":"closed","sticky":false,"template":"","format":"standard","meta":{"footnotes":""},"categories":[1],"tags":[],"class_list":["post-2351","post","type-post","status-publish","format-standard","has-post-thumbnail","hentry","category-internet-para-empresas-costa-rica"],"yoast_head":"<!-- This site is optimized with the Yoast SEO plugin v27.5 - https:\/\/yoast.com\/product\/yoast-seo-wordpress\/ -->\n<title>Sistema Integrado de Compras P\u00fablicas se mantiene activo - Blog de RACSA<\/title>\n<meta name=\"robots\" content=\"index, follow, max-snippet:-1, max-image-preview:large, max-video-preview:-1\" \/>\n<link rel=\"canonical\" href=\"https:\/\/www.racsa.go.cr\/blog\/sistema-integrado-de-compras-publicas-se-mantiene-activo\/\" \/>\n<meta property=\"og:locale\" content=\"es_ES\" \/>\n<meta property=\"og:type\" content=\"article\" \/>\n<meta property=\"og:title\" content=\"Sistema Integrado de Compras P\u00fablicas se mantiene activo - Blog de RACSA\" \/>\n<meta property=\"og:description\" content=\"El sistema Integrado de Compras P\u00fablicas (SICOP) del Ministerio de Hacienda, se encuentra operando, lo...\" \/>\n<meta property=\"og:url\" content=\"https:\/\/www.racsa.go.cr\/blog\/sistema-integrado-de-compras-publicas-se-mantiene-activo\/\" \/>\n<meta property=\"og:site_name\" content=\"Blog de RACSA\" \/>\n<meta property=\"article:publisher\" content=\"https:\/\/m.facebook.com\/RACSACR\/\" \/>\n<meta property=\"article:published_time\" content=\"2022-04-22T14:06:30+00:00\" \/>\n<meta property=\"article:modified_time\" content=\"2022-04-22T14:06:31+00:00\" \/>\n<meta property=\"og:image\" content=\"https:\/\/www.racsa.go.cr\/blog\/wp-content\/uploads\/2022\/04\/SICOP_Mesa-de-trabajo-1-copia-3-scaled.jpg\" \/>\n\t<meta property=\"og:image:width\" content=\"2560\" \/>\n\t<meta property=\"og:image:height\" content=\"1440\" \/>\n\t<meta property=\"og:image:type\" content=\"image\/jpeg\" \/>\n<meta name=\"author\" content=\"Mercadeo RACSA\" \/>\n<meta name=\"twitter:card\" content=\"summary_large_image\" \/>\n<meta name=\"twitter:creator\" content=\"@RACSA_CR\" \/>\n<meta name=\"twitter:site\" content=\"@RACSA_CR\" \/>\n<meta name=\"twitter:label1\" content=\"Written by\" \/>\n\t<meta name=\"twitter:data1\" content=\"Mercadeo RACSA\" \/>\n\t<meta name=\"twitter:label2\" content=\"Est. reading time\" \/>\n\t<meta name=\"twitter:data2\" content=\"2 minutos\" \/>\n<script type=\"application\/ld+json\" class=\"yoast-schema-graph\">{\"@context\":\"https:\\\/\\\/schema.org\",\"@graph\":[{\"@type\":\"Article\",\"@id\":\"https:\\\/\\\/www.racsa.go.cr\\\/blog\\\/sistema-integrado-de-compras-publicas-se-mantiene-activo\\\/#article\",\"isPartOf\":{\"@id\":\"https:\\\/\\\/www.racsa.go.cr\\\/blog\\\/sistema-integrado-de-compras-publicas-se-mantiene-activo\\\/\"},\"author\":{\"name\":\"Mercadeo RACSA\",\"@id\":\"https:\\\/\\\/www.racsa.go.cr\\\/blog\\\/#\\\/schema\\\/person\\\/ec79d31370d6dc9aaa4365492bc04f4e\"},\"headline\":\"Sistema Integrado de Compras P\u00fablicas se mantiene activo\",\"datePublished\":\"2022-04-22T14:06:30+00:00\",\"dateModified\":\"2022-04-22T14:06:31+00:00\",\"mainEntityOfPage\":{\"@id\":\"https:\\\/\\\/www.racsa.go.cr\\\/blog\\\/sistema-integrado-de-compras-publicas-se-mantiene-activo\\\/\"},\"wordCount\":259,\"publisher\":{\"@id\":\"https:\\\/\\\/www.racsa.go.cr\\\/blog\\\/#organization\"},\"image\":{\"@id\":\"https:\\\/\\\/www.racsa.go.cr\\\/blog\\\/sistema-integrado-de-compras-publicas-se-mantiene-activo\\\/#primaryimage\"},\"thumbnailUrl\":\"https:\\\/\\\/www.racsa.go.cr\\\/blog\\\/wp-content\\\/uploads\\\/2022\\\/04\\\/SICOP_Mesa-de-trabajo-1-copia-3-scaled.jpg\",\"articleSection\":[\"INTERNET PARA EMPRESAS COSTA RICA\"],\"inLanguage\":\"es-CR\"},{\"@type\":\"WebPage\",\"@id\":\"https:\\\/\\\/www.racsa.go.cr\\\/blog\\\/sistema-integrado-de-compras-publicas-se-mantiene-activo\\\/\",\"url\":\"https:\\\/\\\/www.racsa.go.cr\\\/blog\\\/sistema-integrado-de-compras-publicas-se-mantiene-activo\\\/\",\"name\":\"Sistema Integrado de Compras P\u00fablicas se mantiene activo - Blog de RACSA\",\"isPartOf\":{\"@id\":\"https:\\\/\\\/www.racsa.go.cr\\\/blog\\\/#website\"},\"primaryImageOfPage\":{\"@id\":\"https:\\\/\\\/www.racsa.go.cr\\\/blog\\\/sistema-integrado-de-compras-publicas-se-mantiene-activo\\\/#primaryimage\"},\"image\":{\"@id\":\"https:\\\/\\\/www.racsa.go.cr\\\/blog\\\/sistema-integrado-de-compras-publicas-se-mantiene-activo\\\/#primaryimage\"},\"thumbnailUrl\":\"https:\\\/\\\/www.racsa.go.cr\\\/blog\\\/wp-content\\\/uploads\\\/2022\\\/04\\\/SICOP_Mesa-de-trabajo-1-copia-3-scaled.jpg\",\"datePublished\":\"2022-04-22T14:06:30+00:00\",\"dateModified\":\"2022-04-22T14:06:31+00:00\",\"breadcrumb\":{\"@id\":\"https:\\\/\\\/www.racsa.go.cr\\\/blog\\\/sistema-integrado-de-compras-publicas-se-mantiene-activo\\\/#breadcrumb\"},\"inLanguage\":\"es-CR\",\"potentialAction\":[{\"@type\":\"ReadAction\",\"target\":[\"https:\\\/\\\/www.racsa.go.cr\\\/blog\\\/sistema-integrado-de-compras-publicas-se-mantiene-activo\\\/\"]}]},{\"@type\":\"ImageObject\",\"inLanguage\":\"es-CR\",\"@id\":\"https:\\\/\\\/www.racsa.go.cr\\\/blog\\\/sistema-integrado-de-compras-publicas-se-mantiene-activo\\\/#primaryimage\",\"url\":\"https:\\\/\\\/www.racsa.go.cr\\\/blog\\\/wp-content\\\/uploads\\\/2022\\\/04\\\/SICOP_Mesa-de-trabajo-1-copia-3-scaled.jpg\",\"contentUrl\":\"https:\\\/\\\/www.racsa.go.cr\\\/blog\\\/wp-content\\\/uploads\\\/2022\\\/04\\\/SICOP_Mesa-de-trabajo-1-copia-3-scaled.jpg\",\"width\":2560,\"height\":1440,\"caption\":\"Informaci\u00f3n de SICOP\"},{\"@type\":\"BreadcrumbList\",\"@id\":\"https:\\\/\\\/www.racsa.go.cr\\\/blog\\\/sistema-integrado-de-compras-publicas-se-mantiene-activo\\\/#breadcrumb\",\"itemListElement\":[{\"@type\":\"ListItem\",\"position\":1,\"name\":\"Portada\",\"item\":\"https:\\\/\\\/www.racsa.go.cr\\\/blog\\\/\"},{\"@type\":\"ListItem\",\"position\":2,\"name\":\"Sistema Integrado de Compras P\u00fablicas se mantiene activo\"}]},{\"@type\":\"WebSite\",\"@id\":\"https:\\\/\\\/www.racsa.go.cr\\\/blog\\\/#website\",\"url\":\"https:\\\/\\\/www.racsa.go.cr\\\/blog\\\/\",\"name\":\"Blog de RACSA\",\"description\":\"Noticias y comunicados de inter\u00e9s\",\"publisher\":{\"@id\":\"https:\\\/\\\/www.racsa.go.cr\\\/blog\\\/#organization\"},\"potentialAction\":[{\"@type\":\"SearchAction\",\"target\":{\"@type\":\"EntryPoint\",\"urlTemplate\":\"https:\\\/\\\/www.racsa.go.cr\\\/blog\\\/?s={search_term_string}\"},\"query-input\":{\"@type\":\"PropertyValueSpecification\",\"valueRequired\":true,\"valueName\":\"search_term_string\"}}],\"inLanguage\":\"es-CR\"},{\"@type\":\"Organization\",\"@id\":\"https:\\\/\\\/www.racsa.go.cr\\\/blog\\\/#organization\",\"name\":\"RACSA\",\"url\":\"https:\\\/\\\/www.racsa.go.cr\\\/blog\\\/\",\"logo\":{\"@type\":\"ImageObject\",\"inLanguage\":\"es-CR\",\"@id\":\"https:\\\/\\\/www.racsa.go.cr\\\/blog\\\/#\\\/schema\\\/logo\\\/image\\\/\",\"url\":\"https:\\\/\\\/www.racsa.go.cr\\\/blog\\\/wp-content\\\/uploads\\\/2020\\\/06\\\/logo-racsa-blog_Mesa-de-trabajo-1.png\",\"contentUrl\":\"https:\\\/\\\/www.racsa.go.cr\\\/blog\\\/wp-content\\\/uploads\\\/2020\\\/06\\\/logo-racsa-blog_Mesa-de-trabajo-1.png\",\"width\":77,\"height\":50,\"caption\":\"RACSA\"},\"image\":{\"@id\":\"https:\\\/\\\/www.racsa.go.cr\\\/blog\\\/#\\\/schema\\\/logo\\\/image\\\/\"},\"sameAs\":[\"https:\\\/\\\/m.facebook.com\\\/RACSACR\\\/\",\"https:\\\/\\\/x.com\\\/RACSA_CR\",\"https:\\\/\\\/instagram.com\\\/racsa_cr?igshid=1xty3rwhqjj6p\",\"https:\\\/\\\/www.linkedin.com\\\/authwall?trk=gf&amp;amp;amp;amp;amp;amp;amp;trkInfo=AQGkHPl9RaoQ9AAAAXXizZAgZzcQwi0sdfDTg7AF4I5Q6B_NrjW5R7wFovOzBkS8ur94lJpFmlv2bomYKC3GZOFcSqkgLKm5wKGh61DyjTqr6c_1E_AFOwxMWF5kjSLpCvbYX9o=&amp;amp;amp;amp;amp;amp;amp;originalReferer&amp;amp;amp;amp;amp;amp;amp;sessionRedirect=https:\\\/\\\/es.linkedin.com\\\/company\\\/racsa_cr\",\"https:\\\/\\\/www.youtube.com\\\/user\\\/RACSACOSTARICA\"]},{\"@type\":\"Person\",\"@id\":\"https:\\\/\\\/www.racsa.go.cr\\\/blog\\\/#\\\/schema\\\/person\\\/ec79d31370d6dc9aaa4365492bc04f4e\",\"name\":\"Mercadeo RACSA\",\"image\":{\"@type\":\"ImageObject\",\"inLanguage\":\"es-CR\",\"@id\":\"https:\\\/\\\/secure.gravatar.com\\\/avatar\\\/7b464a0e344d5a5f82f8b9ceb49dae1d41b1141998fb14d2046814a158d02734?s=96&d=mm&r=g\",\"url\":\"https:\\\/\\\/secure.gravatar.com\\\/avatar\\\/7b464a0e344d5a5f82f8b9ceb49dae1d41b1141998fb14d2046814a158d02734?s=96&d=mm&r=g\",\"contentUrl\":\"https:\\\/\\\/secure.gravatar.com\\\/avatar\\\/7b464a0e344d5a5f82f8b9ceb49dae1d41b1141998fb14d2046814a158d02734?s=96&d=mm&r=g\",\"caption\":\"Mercadeo RACSA\"}}]}<\/script>\n<!-- \/ Yoast SEO plugin. -->","yoast_head_json":{"title":"Sistema Integrado de Compras P\u00fablicas se mantiene activo - Blog de RACSA","robots":{"index":"index","follow":"follow","max-snippet":"max-snippet:-1","max-image-preview":"max-image-preview:large","max-video-preview":"max-video-preview:-1"},"canonical":"https:\/\/www.racsa.go.cr\/blog\/sistema-integrado-de-compras-publicas-se-mantiene-activo\/","og_locale":"es_ES","og_type":"article","og_title":"Sistema Integrado de Compras P\u00fablicas se mantiene activo - Blog de RACSA","og_description":"El sistema Integrado de Compras P\u00fablicas (SICOP) del Ministerio de Hacienda, se encuentra operando, lo...","og_url":"https:\/\/www.racsa.go.cr\/blog\/sistema-integrado-de-compras-publicas-se-mantiene-activo\/","og_site_name":"Blog de RACSA","article_publisher":"https:\/\/m.facebook.com\/RACSACR\/","article_published_time":"2022-04-22T14:06:30+00:00","article_modified_time":"2022-04-22T14:06:31+00:00","og_image":[{"width":2560,"height":1440,"url":"https:\/\/www.racsa.go.cr\/blog\/wp-content\/uploads\/2022\/04\/SICOP_Mesa-de-trabajo-1-copia-3-scaled.jpg","type":"image\/jpeg"}],"author":"Mercadeo RACSA","twitter_card":"summary_large_image","twitter_creator":"@RACSA_CR","twitter_site":"@RACSA_CR","twitter_misc":{"Written by":"Mercadeo RACSA","Est. reading time":"2 minutos"},"schema":{"@context":"https:\/\/schema.org","@graph":[{"@type":"Article","@id":"https:\/\/www.racsa.go.cr\/blog\/sistema-integrado-de-compras-publicas-se-mantiene-activo\/#article","isPartOf":{"@id":"https:\/\/www.racsa.go.cr\/blog\/sistema-integrado-de-compras-publicas-se-mantiene-activo\/"},"author":{"name":"Mercadeo RACSA","@id":"https:\/\/www.racsa.go.cr\/blog\/#\/schema\/person\/ec79d31370d6dc9aaa4365492bc04f4e"},"headline":"Sistema Integrado de Compras P\u00fablicas se mantiene activo","datePublished":"2022-04-22T14:06:30+00:00","dateModified":"2022-04-22T14:06:31+00:00","mainEntityOfPage":{"@id":"https:\/\/www.racsa.go.cr\/blog\/sistema-integrado-de-compras-publicas-se-mantiene-activo\/"},"wordCount":259,"publisher":{"@id":"https:\/\/www.racsa.go.cr\/blog\/#organization"},"image":{"@id":"https:\/\/www.racsa.go.cr\/blog\/sistema-integrado-de-compras-publicas-se-mantiene-activo\/#primaryimage"},"thumbnailUrl":"https:\/\/www.racsa.go.cr\/blog\/wp-content\/uploads\/2022\/04\/SICOP_Mesa-de-trabajo-1-copia-3-scaled.jpg","articleSection":["INTERNET PARA EMPRESAS COSTA RICA"],"inLanguage":"es-CR"},{"@type":"WebPage","@id":"https:\/\/www.racsa.go.cr\/blog\/sistema-integrado-de-compras-publicas-se-mantiene-activo\/","url":"https:\/\/www.racsa.go.cr\/blog\/sistema-integrado-de-compras-publicas-se-mantiene-activo\/","name":"Sistema Integrado de Compras P\u00fablicas se mantiene activo - Blog de RACSA","isPartOf":{"@id":"https:\/\/www.racsa.go.cr\/blog\/#website"},"primaryImageOfPage":{"@id":"https:\/\/www.racsa.go.cr\/blog\/sistema-integrado-de-compras-publicas-se-mantiene-activo\/#primaryimage"},"image":{"@id":"https:\/\/www.racsa.go.cr\/blog\/sistema-integrado-de-compras-publicas-se-mantiene-activo\/#primaryimage"},"thumbnailUrl":"https:\/\/www.racsa.go.cr\/blog\/wp-content\/uploads\/2022\/04\/SICOP_Mesa-de-trabajo-1-copia-3-scaled.jpg","datePublished":"2022-04-22T14:06:30+00:00","dateModified":"2022-04-22T14:06:31+00:00","breadcrumb":{"@id":"https:\/\/www.racsa.go.cr\/blog\/sistema-integrado-de-compras-publicas-se-mantiene-activo\/#breadcrumb"},"inLanguage":"es-CR","potentialAction":[{"@type":"ReadAction","target":["https:\/\/www.racsa.go.cr\/blog\/sistema-integrado-de-compras-publicas-se-mantiene-activo\/"]}]},{"@type":"ImageObject","inLanguage":"es-CR","@id":"https:\/\/www.racsa.go.cr\/blog\/sistema-integrado-de-compras-publicas-se-mantiene-activo\/#primaryimage","url":"https:\/\/www.racsa.go.cr\/blog\/wp-content\/uploads\/2022\/04\/SICOP_Mesa-de-trabajo-1-copia-3-scaled.jpg","contentUrl":"https:\/\/www.racsa.go.cr\/blog\/wp-content\/uploads\/2022\/04\/SICOP_Mesa-de-trabajo-1-copia-3-scaled.jpg","width":2560,"height":1440,"caption":"Informaci\u00f3n de SICOP"},{"@type":"BreadcrumbList","@id":"https:\/\/www.racsa.go.cr\/blog\/sistema-integrado-de-compras-publicas-se-mantiene-activo\/#breadcrumb","itemListElement":[{"@type":"ListItem","position":1,"name":"Portada","item":"https:\/\/www.racsa.go.cr\/blog\/"},{"@type":"ListItem","position":2,"name":"Sistema Integrado de Compras P\u00fablicas se mantiene activo"}]},{"@type":"WebSite","@id":"https:\/\/www.racsa.go.cr\/blog\/#website","url":"https:\/\/www.racsa.go.cr\/blog\/","name":"Blog de RACSA","description":"Noticias y comunicados de inter\u00e9s","publisher":{"@id":"https:\/\/www.racsa.go.cr\/blog\/#organization"},"potentialAction":[{"@type":"SearchAction","target":{"@type":"EntryPoint","urlTemplate":"https:\/\/www.racsa.go.cr\/blog\/?s={search_term_string}"},"query-input":{"@type":"PropertyValueSpecification","valueRequired":true,"valueName":"search_term_string"}}],"inLanguage":"es-CR"},{"@type":"Organization","@id":"https:\/\/www.racsa.go.cr\/blog\/#organization","name":"RACSA","url":"https:\/\/www.racsa.go.cr\/blog\/","logo":{"@type":"ImageObject","inLanguage":"es-CR","@id":"https:\/\/www.racsa.go.cr\/blog\/#\/schema\/logo\/image\/","url":"https:\/\/www.racsa.go.cr\/blog\/wp-content\/uploads\/2020\/06\/logo-racsa-blog_Mesa-de-trabajo-1.png","contentUrl":"https:\/\/www.racsa.go.cr\/blog\/wp-content\/uploads\/2020\/06\/logo-racsa-blog_Mesa-de-trabajo-1.png","width":77,"height":50,"caption":"RACSA"},"image":{"@id":"https:\/\/www.racsa.go.cr\/blog\/#\/schema\/logo\/image\/"},"sameAs":["https:\/\/m.facebook.com\/RACSACR\/","https:\/\/x.com\/RACSA_CR","https:\/\/instagram.com\/racsa_cr?igshid=1xty3rwhqjj6p","https:\/\/www.linkedin.com\/authwall?trk=gf&amp;amp;amp;amp;amp;amp;amp;trkInfo=AQGkHPl9RaoQ9AAAAXXizZAgZzcQwi0sdfDTg7AF4I5Q6B_NrjW5R7wFovOzBkS8ur94lJpFmlv2bomYKC3GZOFcSqkgLKm5wKGh61DyjTqr6c_1E_AFOwxMWF5kjSLpCvbYX9o=&amp;amp;amp;amp;amp;amp;amp;originalReferer&amp;amp;amp;amp;amp;amp;amp;sessionRedirect=https:\/\/es.linkedin.com\/company\/racsa_cr","https:\/\/www.youtube.com\/user\/RACSACOSTARICA"]},{"@type":"Person","@id":"https:\/\/www.racsa.go.cr\/blog\/#\/schema\/person\/ec79d31370d6dc9aaa4365492bc04f4e","name":"Mercadeo RACSA","image":{"@type":"ImageObject","inLanguage":"es-CR","@id":"https:\/\/secure.gravatar.com\/avatar\/7b464a0e344d5a5f82f8b9ceb49dae1d41b1141998fb14d2046814a158d02734?s=96&d=mm&r=g","url":"https:\/\/secure.gravatar.com\/avatar\/7b464a0e344d5a5f82f8b9ceb49dae1d41b1141998fb14d2046814a158d02734?s=96&d=mm&r=g","contentUrl":"https:\/\/secure.gravatar.com\/avatar\/7b464a0e344d5a5f82f8b9ceb49dae1d41b1141998fb14d2046814a158d02734?s=96&d=mm&r=g","caption":"Mercadeo RACSA"}}]}},"_links":{"self":[{"href":"https:\/\/www.racsa.go.cr\/blog\/wp-json\/wp\/v2\/posts\/2351","targetHints":{"allow":["GET"]}}],"collection":[{"href":"https:\/\/www.racsa.go.cr\/blog\/wp-json\/wp\/v2\/posts"}],"about":[{"href":"https:\/\/www.racsa.go.cr\/blog\/wp-json\/wp\/v2\/types\/post"}],"author":[{"embeddable":true,"href":"https:\/\/www.racsa.go.cr\/blog\/wp-json\/wp\/v2\/users\/2"}],"replies":[{"embeddable":true,"href":"https:\/\/www.racsa.go.cr\/blog\/wp-json\/wp\/v2\/comments?post=2351"}],"version-history":[{"count":0,"href":"https:\/\/www.racsa.go.cr\/blog\/wp-json\/wp\/v2\/posts\/2351\/revisions"}],"wp:featuredmedia":[{"embeddable":true,"href":"https:\/\/www.racsa.go.cr\/blog\/wp-json\/wp\/v2\/media\/2258"}],"wp:attachment":[{"href":"https:\/\/www.racsa.go.cr\/blog\/wp-json\/wp\/v2\/media?parent=2351"}],"wp:term":[{"taxonomy":"category","embeddable":true,"href":"https:\/\/www.racsa.go.cr\/blog\/wp-json\/wp\/v2\/categories?post=2351"},{"taxonomy":"post_tag","embeddable":true,"href":"https:\/\/www.racsa.go.cr\/blog\/wp-json\/wp\/v2\/tags?post=2351"}],"curies":[{"name":"wp","href":"https:\/\/api.w.org\/{rel}","templated":true}]}}