{"id":2244,"date":"2022-03-28T08:30:29","date_gmt":"2022-03-28T14:30:29","guid":{"rendered":"https:\/\/www.racsa.go.cr\/blog\/?p=2244"},"modified":"2022-03-28T12:08:08","modified_gmt":"2022-03-28T18:08:08","slug":"horario-de-racsa-durante-la-semana-santa-2022","status":"publish","type":"post","link":"https:\/\/www.racsa.go.cr\/blog\/horario-de-racsa-durante-la-semana-santa-2022\/","title":{"rendered":"Horario de RACSA durante la Semana Santa 2022"},"content":{"rendered":"\n<p><strong>Departamento de Ventas&nbsp;<\/strong>(Servicios Empresariales)<\/p>\n\n\n\n<p>Lunes, martes y mi\u00e9rcoles, de 7:00 a.m. a 4:36 p.m. Los d\u00edas jueves y viernes no laborar\u00e1.<\/p>\n\n\n\n<p><strong>Mesa de Servicios Especializados (MSE)<\/strong><\/p>\n\n\n\n<ul class=\"wp-block-list\"><li>Monitoreo de Servicios y Atenci\u00f3n de Incidentes en horario 24\/7,&nbsp;Contacto por medio del canal telef\u00f3nico&nbsp;800-NEGOCIO (800-6346246)&nbsp;<\/li><li>Mantendr\u00e1 guardias t\u00e9cnicas y protocolos de atenci\u00f3n para garantizar la continuidad de los servicios.<\/li><\/ul>\n\n\n\n<p><strong>Centro de Relaci\u00f3n con Clientes (CRC)<\/strong><\/p>\n\n\n\n<p><strong>Servicio&nbsp;800-NAVEGAR<\/strong> (800-6283427): lunes, martes y mi\u00e9rcoles de 7:00 a.m. a 7:00 p.m. Los d\u00edas jueves y viernes de 8:00 a.m. a 6:00 p.m. S\u00e1bado y domingo de 8:00 a.m. a 5:00 p.m.<\/p>\n\n\n\n<p><strong>Servicio&nbsp;al Ciudadano 1311<\/strong> \u2013 Gobierno:&nbsp;lunes, martes y mi\u00e9rcoles de 6:00 a.m. a 8:00 p.m. Jueves y viernes de 8:00 a.m. a 6:00 p.m. S\u00e1bado y domingo de 8:00 a.m. a 5:00 p.m.<\/p>\n\n\n\n<p><strong>Servicio 1311  para la Direcci\u00f3n General de Migraci\u00f3n y Extranjer\u00eda\u00a0<strong>Costa Rica<\/strong><\/strong>  para tr\u00e1mites migratorios \/ solicitud de pasaporte:\u00a0lunes, martes y mi\u00e9rcoles de 7:00 a.m. a 6:00 p.m.; los d\u00edas jueves y viernes no laborar\u00e1. \u00a0S\u00e1bado de 9:00 a.m. a 2:00 p.m.<\/p>\n\n\n\n<p><strong>Receta Digital<\/strong>: lunes, martes y mi\u00e9rcoles de 7 a.m. a 5 p.m. Jueves y viernes, no laborar\u00e1.<\/p>\n\n\n\n<p><strong>Servicio&nbsp;800-CONSUMO MEIC&nbsp;<\/strong>(800-2667866):&nbsp;lunes, martes y mi\u00e9rcoles de 8:00 a.m. a 4:00 p.m. Los d\u00edas jueves y viernes no laborar\u00e1.&nbsp;<\/p>\n\n\n\n<p><strong>Centro de llamadas del Programa de Espacios P\u00fablicos Conectados #Ziiparatodos<\/strong><\/p>\n\n\n\n<p>Atenci\u00f3n de consultas e incidentes en horario 24\/7, llamando al 2258-9777.<\/p>\n\n\n\n<p><strong>SICOP<\/strong><\/p>\n\n\n\n<p>Martes y mi\u00e9rcoles, de 7:00 a.m. a 4:36 p.m. Los d\u00edas lunes, jueves y viernes no se laborar\u00e1.<\/p>\n\n\n\n<p>\u00a1Hagamos el futuro juntos!<\/p>\n\n\n\n<p>www.racsa.go.cr<\/p>\n","protected":false},"excerpt":{"rendered":"<p>Departamento de Ventas&nbsp;(Servicios Empresariales) Lunes, martes y mi\u00e9rcoles, de 7:00 a.m. a 4:36 p.m. Los&#8230;<\/p>\n","protected":false},"author":2,"featured_media":2249,"comment_status":"closed","ping_status":"closed","sticky":false,"template":"","format":"standard","meta":{"footnotes":""},"categories":[224],"tags":[],"class_list":["post-2244","post","type-post","status-publish","format-standard","has-post-thumbnail","hentry","category-comunicado-racsa"],"yoast_head":"<!-- This site is optimized with the Yoast SEO plugin v27.5 - https:\/\/yoast.com\/product\/yoast-seo-wordpress\/ -->\n<title>Horario de RACSA durante la Semana Santa 2022 - Blog de RACSA<\/title>\n<meta name=\"robots\" content=\"index, follow, max-snippet:-1, max-image-preview:large, max-video-preview:-1\" \/>\n<link rel=\"canonical\" href=\"https:\/\/www.racsa.go.cr\/blog\/horario-de-racsa-durante-la-semana-santa-2022\/\" \/>\n<meta property=\"og:locale\" content=\"es_ES\" \/>\n<meta property=\"og:type\" content=\"article\" \/>\n<meta property=\"og:title\" content=\"Horario de RACSA durante la Semana Santa 2022 - Blog de RACSA\" \/>\n<meta property=\"og:description\" content=\"Departamento de Ventas&nbsp;(Servicios Empresariales) Lunes, martes y mi\u00e9rcoles, de 7:00 a.m. a 4:36 p.m. Los...\" \/>\n<meta property=\"og:url\" content=\"https:\/\/www.racsa.go.cr\/blog\/horario-de-racsa-durante-la-semana-santa-2022\/\" \/>\n<meta property=\"og:site_name\" content=\"Blog de RACSA\" \/>\n<meta property=\"article:publisher\" content=\"https:\/\/m.facebook.com\/RACSACR\/\" \/>\n<meta property=\"article:published_time\" content=\"2022-03-28T14:30:29+00:00\" \/>\n<meta property=\"article:modified_time\" content=\"2022-03-28T18:08:08+00:00\" \/>\n<meta property=\"og:image\" content=\"https:\/\/www.racsa.go.cr\/blog\/wp-content\/uploads\/2022\/03\/RACSA-brand_Mesa-de-trabajo-1-1-scaled.jpg\" \/>\n\t<meta property=\"og:image:width\" content=\"2560\" \/>\n\t<meta property=\"og:image:height\" content=\"1439\" \/>\n\t<meta property=\"og:image:type\" content=\"image\/jpeg\" \/>\n<meta name=\"author\" content=\"Mercadeo RACSA\" \/>\n<meta name=\"twitter:card\" content=\"summary_large_image\" \/>\n<meta name=\"twitter:creator\" content=\"@RACSA_CR\" \/>\n<meta name=\"twitter:site\" content=\"@RACSA_CR\" \/>\n<meta name=\"twitter:label1\" content=\"Written by\" \/>\n\t<meta name=\"twitter:data1\" content=\"Mercadeo RACSA\" \/>\n\t<meta name=\"twitter:label2\" content=\"Est. reading time\" \/>\n\t<meta name=\"twitter:data2\" content=\"2 minutos\" \/>\n<script type=\"application\/ld+json\" class=\"yoast-schema-graph\">{\"@context\":\"https:\\\/\\\/schema.org\",\"@graph\":[{\"@type\":\"Article\",\"@id\":\"https:\\\/\\\/www.racsa.go.cr\\\/blog\\\/horario-de-racsa-durante-la-semana-santa-2022\\\/#article\",\"isPartOf\":{\"@id\":\"https:\\\/\\\/www.racsa.go.cr\\\/blog\\\/horario-de-racsa-durante-la-semana-santa-2022\\\/\"},\"author\":{\"name\":\"Mercadeo RACSA\",\"@id\":\"https:\\\/\\\/www.racsa.go.cr\\\/blog\\\/#\\\/schema\\\/person\\\/ec79d31370d6dc9aaa4365492bc04f4e\"},\"headline\":\"Horario de RACSA durante la Semana Santa 2022\",\"datePublished\":\"2022-03-28T14:30:29+00:00\",\"dateModified\":\"2022-03-28T18:08:08+00:00\",\"mainEntityOfPage\":{\"@id\":\"https:\\\/\\\/www.racsa.go.cr\\\/blog\\\/horario-de-racsa-durante-la-semana-santa-2022\\\/\"},\"wordCount\":299,\"publisher\":{\"@id\":\"https:\\\/\\\/www.racsa.go.cr\\\/blog\\\/#organization\"},\"image\":{\"@id\":\"https:\\\/\\\/www.racsa.go.cr\\\/blog\\\/horario-de-racsa-durante-la-semana-santa-2022\\\/#primaryimage\"},\"thumbnailUrl\":\"https:\\\/\\\/www.racsa.go.cr\\\/blog\\\/wp-content\\\/uploads\\\/2022\\\/03\\\/RACSA-brand_Mesa-de-trabajo-1-1-scaled.jpg\",\"articleSection\":[\"COMUNICADO RACSA\"],\"inLanguage\":\"es-CR\"},{\"@type\":\"WebPage\",\"@id\":\"https:\\\/\\\/www.racsa.go.cr\\\/blog\\\/horario-de-racsa-durante-la-semana-santa-2022\\\/\",\"url\":\"https:\\\/\\\/www.racsa.go.cr\\\/blog\\\/horario-de-racsa-durante-la-semana-santa-2022\\\/\",\"name\":\"Horario de RACSA durante la Semana Santa 2022 - Blog de RACSA\",\"isPartOf\":{\"@id\":\"https:\\\/\\\/www.racsa.go.cr\\\/blog\\\/#website\"},\"primaryImageOfPage\":{\"@id\":\"https:\\\/\\\/www.racsa.go.cr\\\/blog\\\/horario-de-racsa-durante-la-semana-santa-2022\\\/#primaryimage\"},\"image\":{\"@id\":\"https:\\\/\\\/www.racsa.go.cr\\\/blog\\\/horario-de-racsa-durante-la-semana-santa-2022\\\/#primaryimage\"},\"thumbnailUrl\":\"https:\\\/\\\/www.racsa.go.cr\\\/blog\\\/wp-content\\\/uploads\\\/2022\\\/03\\\/RACSA-brand_Mesa-de-trabajo-1-1-scaled.jpg\",\"datePublished\":\"2022-03-28T14:30:29+00:00\",\"dateModified\":\"2022-03-28T18:08:08+00:00\",\"breadcrumb\":{\"@id\":\"https:\\\/\\\/www.racsa.go.cr\\\/blog\\\/horario-de-racsa-durante-la-semana-santa-2022\\\/#breadcrumb\"},\"inLanguage\":\"es-CR\",\"potentialAction\":[{\"@type\":\"ReadAction\",\"target\":[\"https:\\\/\\\/www.racsa.go.cr\\\/blog\\\/horario-de-racsa-durante-la-semana-santa-2022\\\/\"]}]},{\"@type\":\"ImageObject\",\"inLanguage\":\"es-CR\",\"@id\":\"https:\\\/\\\/www.racsa.go.cr\\\/blog\\\/horario-de-racsa-durante-la-semana-santa-2022\\\/#primaryimage\",\"url\":\"https:\\\/\\\/www.racsa.go.cr\\\/blog\\\/wp-content\\\/uploads\\\/2022\\\/03\\\/RACSA-brand_Mesa-de-trabajo-1-1-scaled.jpg\",\"contentUrl\":\"https:\\\/\\\/www.racsa.go.cr\\\/blog\\\/wp-content\\\/uploads\\\/2022\\\/03\\\/RACSA-brand_Mesa-de-trabajo-1-1-scaled.jpg\",\"width\":2560,\"height\":1439,\"caption\":\"Horario de RACSA durante la Semana Santa 2022\"},{\"@type\":\"BreadcrumbList\",\"@id\":\"https:\\\/\\\/www.racsa.go.cr\\\/blog\\\/horario-de-racsa-durante-la-semana-santa-2022\\\/#breadcrumb\",\"itemListElement\":[{\"@type\":\"ListItem\",\"position\":1,\"name\":\"Portada\",\"item\":\"https:\\\/\\\/www.racsa.go.cr\\\/blog\\\/\"},{\"@type\":\"ListItem\",\"position\":2,\"name\":\"Horario de RACSA durante la Semana Santa 2022\"}]},{\"@type\":\"WebSite\",\"@id\":\"https:\\\/\\\/www.racsa.go.cr\\\/blog\\\/#website\",\"url\":\"https:\\\/\\\/www.racsa.go.cr\\\/blog\\\/\",\"name\":\"Blog de RACSA\",\"description\":\"Noticias y comunicados de inter\u00e9s\",\"publisher\":{\"@id\":\"https:\\\/\\\/www.racsa.go.cr\\\/blog\\\/#organization\"},\"potentialAction\":[{\"@type\":\"SearchAction\",\"target\":{\"@type\":\"EntryPoint\",\"urlTemplate\":\"https:\\\/\\\/www.racsa.go.cr\\\/blog\\\/?s={search_term_string}\"},\"query-input\":{\"@type\":\"PropertyValueSpecification\",\"valueRequired\":true,\"valueName\":\"search_term_string\"}}],\"inLanguage\":\"es-CR\"},{\"@type\":\"Organization\",\"@id\":\"https:\\\/\\\/www.racsa.go.cr\\\/blog\\\/#organization\",\"name\":\"RACSA\",\"url\":\"https:\\\/\\\/www.racsa.go.cr\\\/blog\\\/\",\"logo\":{\"@type\":\"ImageObject\",\"inLanguage\":\"es-CR\",\"@id\":\"https:\\\/\\\/www.racsa.go.cr\\\/blog\\\/#\\\/schema\\\/logo\\\/image\\\/\",\"url\":\"https:\\\/\\\/www.racsa.go.cr\\\/blog\\\/wp-content\\\/uploads\\\/2020\\\/06\\\/logo-racsa-blog_Mesa-de-trabajo-1.png\",\"contentUrl\":\"https:\\\/\\\/www.racsa.go.cr\\\/blog\\\/wp-content\\\/uploads\\\/2020\\\/06\\\/logo-racsa-blog_Mesa-de-trabajo-1.png\",\"width\":77,\"height\":50,\"caption\":\"RACSA\"},\"image\":{\"@id\":\"https:\\\/\\\/www.racsa.go.cr\\\/blog\\\/#\\\/schema\\\/logo\\\/image\\\/\"},\"sameAs\":[\"https:\\\/\\\/m.facebook.com\\\/RACSACR\\\/\",\"https:\\\/\\\/x.com\\\/RACSA_CR\",\"https:\\\/\\\/instagram.com\\\/racsa_cr?igshid=1xty3rwhqjj6p\",\"https:\\\/\\\/www.linkedin.com\\\/authwall?trk=gf&amp;amp;amp;amp;amp;amp;amp;trkInfo=AQGkHPl9RaoQ9AAAAXXizZAgZzcQwi0sdfDTg7AF4I5Q6B_NrjW5R7wFovOzBkS8ur94lJpFmlv2bomYKC3GZOFcSqkgLKm5wKGh61DyjTqr6c_1E_AFOwxMWF5kjSLpCvbYX9o=&amp;amp;amp;amp;amp;amp;amp;originalReferer&amp;amp;amp;amp;amp;amp;amp;sessionRedirect=https:\\\/\\\/es.linkedin.com\\\/company\\\/racsa_cr\",\"https:\\\/\\\/www.youtube.com\\\/user\\\/RACSACOSTARICA\"]},{\"@type\":\"Person\",\"@id\":\"https:\\\/\\\/www.racsa.go.cr\\\/blog\\\/#\\\/schema\\\/person\\\/ec79d31370d6dc9aaa4365492bc04f4e\",\"name\":\"Mercadeo RACSA\",\"image\":{\"@type\":\"ImageObject\",\"inLanguage\":\"es-CR\",\"@id\":\"https:\\\/\\\/secure.gravatar.com\\\/avatar\\\/7b464a0e344d5a5f82f8b9ceb49dae1d41b1141998fb14d2046814a158d02734?s=96&d=mm&r=g\",\"url\":\"https:\\\/\\\/secure.gravatar.com\\\/avatar\\\/7b464a0e344d5a5f82f8b9ceb49dae1d41b1141998fb14d2046814a158d02734?s=96&d=mm&r=g\",\"contentUrl\":\"https:\\\/\\\/secure.gravatar.com\\\/avatar\\\/7b464a0e344d5a5f82f8b9ceb49dae1d41b1141998fb14d2046814a158d02734?s=96&d=mm&r=g\",\"caption\":\"Mercadeo RACSA\"}}]}<\/script>\n<!-- \/ Yoast SEO plugin. -->","yoast_head_json":{"title":"Horario de RACSA durante la Semana Santa 2022 - Blog de RACSA","robots":{"index":"index","follow":"follow","max-snippet":"max-snippet:-1","max-image-preview":"max-image-preview:large","max-video-preview":"max-video-preview:-1"},"canonical":"https:\/\/www.racsa.go.cr\/blog\/horario-de-racsa-durante-la-semana-santa-2022\/","og_locale":"es_ES","og_type":"article","og_title":"Horario de RACSA durante la Semana Santa 2022 - Blog de RACSA","og_description":"Departamento de Ventas&nbsp;(Servicios Empresariales) Lunes, martes y mi\u00e9rcoles, de 7:00 a.m. a 4:36 p.m. Los...","og_url":"https:\/\/www.racsa.go.cr\/blog\/horario-de-racsa-durante-la-semana-santa-2022\/","og_site_name":"Blog de RACSA","article_publisher":"https:\/\/m.facebook.com\/RACSACR\/","article_published_time":"2022-03-28T14:30:29+00:00","article_modified_time":"2022-03-28T18:08:08+00:00","og_image":[{"width":2560,"height":1439,"url":"https:\/\/www.racsa.go.cr\/blog\/wp-content\/uploads\/2022\/03\/RACSA-brand_Mesa-de-trabajo-1-1-scaled.jpg","type":"image\/jpeg"}],"author":"Mercadeo RACSA","twitter_card":"summary_large_image","twitter_creator":"@RACSA_CR","twitter_site":"@RACSA_CR","twitter_misc":{"Written by":"Mercadeo RACSA","Est. reading time":"2 minutos"},"schema":{"@context":"https:\/\/schema.org","@graph":[{"@type":"Article","@id":"https:\/\/www.racsa.go.cr\/blog\/horario-de-racsa-durante-la-semana-santa-2022\/#article","isPartOf":{"@id":"https:\/\/www.racsa.go.cr\/blog\/horario-de-racsa-durante-la-semana-santa-2022\/"},"author":{"name":"Mercadeo RACSA","@id":"https:\/\/www.racsa.go.cr\/blog\/#\/schema\/person\/ec79d31370d6dc9aaa4365492bc04f4e"},"headline":"Horario de RACSA durante la Semana Santa 2022","datePublished":"2022-03-28T14:30:29+00:00","dateModified":"2022-03-28T18:08:08+00:00","mainEntityOfPage":{"@id":"https:\/\/www.racsa.go.cr\/blog\/horario-de-racsa-durante-la-semana-santa-2022\/"},"wordCount":299,"publisher":{"@id":"https:\/\/www.racsa.go.cr\/blog\/#organization"},"image":{"@id":"https:\/\/www.racsa.go.cr\/blog\/horario-de-racsa-durante-la-semana-santa-2022\/#primaryimage"},"thumbnailUrl":"https:\/\/www.racsa.go.cr\/blog\/wp-content\/uploads\/2022\/03\/RACSA-brand_Mesa-de-trabajo-1-1-scaled.jpg","articleSection":["COMUNICADO RACSA"],"inLanguage":"es-CR"},{"@type":"WebPage","@id":"https:\/\/www.racsa.go.cr\/blog\/horario-de-racsa-durante-la-semana-santa-2022\/","url":"https:\/\/www.racsa.go.cr\/blog\/horario-de-racsa-durante-la-semana-santa-2022\/","name":"Horario de RACSA durante la Semana Santa 2022 - Blog de RACSA","isPartOf":{"@id":"https:\/\/www.racsa.go.cr\/blog\/#website"},"primaryImageOfPage":{"@id":"https:\/\/www.racsa.go.cr\/blog\/horario-de-racsa-durante-la-semana-santa-2022\/#primaryimage"},"image":{"@id":"https:\/\/www.racsa.go.cr\/blog\/horario-de-racsa-durante-la-semana-santa-2022\/#primaryimage"},"thumbnailUrl":"https:\/\/www.racsa.go.cr\/blog\/wp-content\/uploads\/2022\/03\/RACSA-brand_Mesa-de-trabajo-1-1-scaled.jpg","datePublished":"2022-03-28T14:30:29+00:00","dateModified":"2022-03-28T18:08:08+00:00","breadcrumb":{"@id":"https:\/\/www.racsa.go.cr\/blog\/horario-de-racsa-durante-la-semana-santa-2022\/#breadcrumb"},"inLanguage":"es-CR","potentialAction":[{"@type":"ReadAction","target":["https:\/\/www.racsa.go.cr\/blog\/horario-de-racsa-durante-la-semana-santa-2022\/"]}]},{"@type":"ImageObject","inLanguage":"es-CR","@id":"https:\/\/www.racsa.go.cr\/blog\/horario-de-racsa-durante-la-semana-santa-2022\/#primaryimage","url":"https:\/\/www.racsa.go.cr\/blog\/wp-content\/uploads\/2022\/03\/RACSA-brand_Mesa-de-trabajo-1-1-scaled.jpg","contentUrl":"https:\/\/www.racsa.go.cr\/blog\/wp-content\/uploads\/2022\/03\/RACSA-brand_Mesa-de-trabajo-1-1-scaled.jpg","width":2560,"height":1439,"caption":"Horario de RACSA durante la Semana Santa 2022"},{"@type":"BreadcrumbList","@id":"https:\/\/www.racsa.go.cr\/blog\/horario-de-racsa-durante-la-semana-santa-2022\/#breadcrumb","itemListElement":[{"@type":"ListItem","position":1,"name":"Portada","item":"https:\/\/www.racsa.go.cr\/blog\/"},{"@type":"ListItem","position":2,"name":"Horario de RACSA durante la Semana Santa 2022"}]},{"@type":"WebSite","@id":"https:\/\/www.racsa.go.cr\/blog\/#website","url":"https:\/\/www.racsa.go.cr\/blog\/","name":"Blog de RACSA","description":"Noticias y comunicados de inter\u00e9s","publisher":{"@id":"https:\/\/www.racsa.go.cr\/blog\/#organization"},"potentialAction":[{"@type":"SearchAction","target":{"@type":"EntryPoint","urlTemplate":"https:\/\/www.racsa.go.cr\/blog\/?s={search_term_string}"},"query-input":{"@type":"PropertyValueSpecification","valueRequired":true,"valueName":"search_term_string"}}],"inLanguage":"es-CR"},{"@type":"Organization","@id":"https:\/\/www.racsa.go.cr\/blog\/#organization","name":"RACSA","url":"https:\/\/www.racsa.go.cr\/blog\/","logo":{"@type":"ImageObject","inLanguage":"es-CR","@id":"https:\/\/www.racsa.go.cr\/blog\/#\/schema\/logo\/image\/","url":"https:\/\/www.racsa.go.cr\/blog\/wp-content\/uploads\/2020\/06\/logo-racsa-blog_Mesa-de-trabajo-1.png","contentUrl":"https:\/\/www.racsa.go.cr\/blog\/wp-content\/uploads\/2020\/06\/logo-racsa-blog_Mesa-de-trabajo-1.png","width":77,"height":50,"caption":"RACSA"},"image":{"@id":"https:\/\/www.racsa.go.cr\/blog\/#\/schema\/logo\/image\/"},"sameAs":["https:\/\/m.facebook.com\/RACSACR\/","https:\/\/x.com\/RACSA_CR","https:\/\/instagram.com\/racsa_cr?igshid=1xty3rwhqjj6p","https:\/\/www.linkedin.com\/authwall?trk=gf&amp;amp;amp;amp;amp;amp;amp;trkInfo=AQGkHPl9RaoQ9AAAAXXizZAgZzcQwi0sdfDTg7AF4I5Q6B_NrjW5R7wFovOzBkS8ur94lJpFmlv2bomYKC3GZOFcSqkgLKm5wKGh61DyjTqr6c_1E_AFOwxMWF5kjSLpCvbYX9o=&amp;amp;amp;amp;amp;amp;amp;originalReferer&amp;amp;amp;amp;amp;amp;amp;sessionRedirect=https:\/\/es.linkedin.com\/company\/racsa_cr","https:\/\/www.youtube.com\/user\/RACSACOSTARICA"]},{"@type":"Person","@id":"https:\/\/www.racsa.go.cr\/blog\/#\/schema\/person\/ec79d31370d6dc9aaa4365492bc04f4e","name":"Mercadeo RACSA","image":{"@type":"ImageObject","inLanguage":"es-CR","@id":"https:\/\/secure.gravatar.com\/avatar\/7b464a0e344d5a5f82f8b9ceb49dae1d41b1141998fb14d2046814a158d02734?s=96&d=mm&r=g","url":"https:\/\/secure.gravatar.com\/avatar\/7b464a0e344d5a5f82f8b9ceb49dae1d41b1141998fb14d2046814a158d02734?s=96&d=mm&r=g","contentUrl":"https:\/\/secure.gravatar.com\/avatar\/7b464a0e344d5a5f82f8b9ceb49dae1d41b1141998fb14d2046814a158d02734?s=96&d=mm&r=g","caption":"Mercadeo RACSA"}}]}},"_links":{"self":[{"href":"https:\/\/www.racsa.go.cr\/blog\/wp-json\/wp\/v2\/posts\/2244","targetHints":{"allow":["GET"]}}],"collection":[{"href":"https:\/\/www.racsa.go.cr\/blog\/wp-json\/wp\/v2\/posts"}],"about":[{"href":"https:\/\/www.racsa.go.cr\/blog\/wp-json\/wp\/v2\/types\/post"}],"author":[{"embeddable":true,"href":"https:\/\/www.racsa.go.cr\/blog\/wp-json\/wp\/v2\/users\/2"}],"replies":[{"embeddable":true,"href":"https:\/\/www.racsa.go.cr\/blog\/wp-json\/wp\/v2\/comments?post=2244"}],"version-history":[{"count":0,"href":"https:\/\/www.racsa.go.cr\/blog\/wp-json\/wp\/v2\/posts\/2244\/revisions"}],"wp:featuredmedia":[{"embeddable":true,"href":"https:\/\/www.racsa.go.cr\/blog\/wp-json\/wp\/v2\/media\/2249"}],"wp:attachment":[{"href":"https:\/\/www.racsa.go.cr\/blog\/wp-json\/wp\/v2\/media?parent=2244"}],"wp:term":[{"taxonomy":"category","embeddable":true,"href":"https:\/\/www.racsa.go.cr\/blog\/wp-json\/wp\/v2\/categories?post=2244"},{"taxonomy":"post_tag","embeddable":true,"href":"https:\/\/www.racsa.go.cr\/blog\/wp-json\/wp\/v2\/tags?post=2244"}],"curies":[{"name":"wp","href":"https:\/\/api.w.org\/{rel}","templated":true}]}}