{"id":1689,"date":"2020-09-08T10:09:07","date_gmt":"2020-09-08T16:09:07","guid":{"rendered":"https:\/\/www.racsa.go.cr\/blog\/?p=1689"},"modified":"2020-11-05T16:54:54","modified_gmt":"2020-11-05T22:54:54","slug":"minae-otorga-nuevamente-a-racsa-certificacion-por-excelencia-ambiental","status":"publish","type":"post","link":"https:\/\/www.racsa.go.cr\/blog\/minae-otorga-nuevamente-a-racsa-certificacion-por-excelencia-ambiental\/","title":{"rendered":"MINAE otorga nuevamente a RACSA certificaci\u00f3n por excelencia ambiental"},"content":{"rendered":"\n<p>En un evento v\u00eda Zoom con m\u00e1s de 130 instituciones representadas, la Direcci\u00f3n de Gesti\u00f3n de la Calidad Ambiental (DIGECA) del Ministerio del Ambiente y Energ\u00eda (MINAE) ubic\u00f3 a RACSA en la <strong>categor\u00eda verde (+) <\/strong>por medio del sem\u00e1foro del Programa de Gesti\u00f3n Ambiental Institucional (PGAI). Esto por cuanto se obtuvo un puntaje <strong>superior al 100<\/strong>% de cumplimiento.<\/p>\n\n\n\n<p>La evaluaci\u00f3n anual realizada toma en consideraci\u00f3n aspectos como la gesti\u00f3n del aire, agua, suelos y residuos s\u00f3lidos. Tambi\u00e9n considera aspectos administrativos como las compras sustentables, el uso racional de los recursos y las pol\u00edticas de control y contenci\u00f3n del gasto.<\/p>\n\n\n\n<p><strong>En palabras de H\u00e9ctor Arce, gestor ambiental de RACSA,<\/strong> el principal factor de \u00e9xito de la Empresa en materia ambiental es el s\u00f3lido apoyo de la Gerencia General y los colaboradores a todas las iniciativas ambientales. Este compromiso, que se ha hecho visible a diario durante todo el 2019, nos permite alcanzar este importante galard\u00f3n.<\/p>\n\n\n\n<p>El camino a la sostenibilidad es una tarea continua, por este motivo RACSA trabaja arduamente hacia dos nuevas metas:<\/p>\n\n\n\n<ul class=\"wp-block-list\"><li>La <strong>mejora de los procesos de compras sustentables<\/strong> para identificar t\u00e9rminos de referencia ambientales y sociales evaluables en los carteles de contrataci\u00f3n y que eventualmente puedan convertirse en requisitos de admisibilidad.<\/li><\/ul>\n\n\n\n<ul class=\"wp-block-list\"><li>Alcanzar la Certificaci\u00f3n de la <strong>C-Neutralidad<\/strong>, como un aporte sustancial al Programa de Descarbonizaci\u00f3n de la Econom\u00eda y la C-Neutralidad del pa\u00eds, impulsadas por el Gobierno de la Rep\u00fablica.<\/li><\/ul>\n\n\n\n<figure class=\"wp-block-gallery columns-1 is-cropped wp-block-gallery-1 is-layout-flex wp-block-gallery-is-layout-flex\"><ul class=\"blocks-gallery-grid\"><li class=\"blocks-gallery-item\"><figure><img loading=\"lazy\" decoding=\"async\" width=\"962\" height=\"745\" src=\"https:\/\/www.racsa.go.cr\/blog\/wp-content\/uploads\/2020\/09\/Captura-de-pantalla-2020-09-08-a-las-18.19.15.png\" alt=\"\" data-id=\"1695\" data-full-url=\"https:\/\/www.racsa.go.cr\/blog\/wp-content\/uploads\/2020\/09\/Captura-de-pantalla-2020-09-08-a-las-18.19.15.png\" data-link=\"https:\/\/www.racsa.go.cr\/blog\/?attachment_id=1695\" class=\"wp-image-1695\" srcset=\"https:\/\/www.racsa.go.cr\/blog\/wp-content\/uploads\/2020\/09\/Captura-de-pantalla-2020-09-08-a-las-18.19.15.png 962w, https:\/\/www.racsa.go.cr\/blog\/wp-content\/uploads\/2020\/09\/Captura-de-pantalla-2020-09-08-a-las-18.19.15-300x232.png 300w, https:\/\/www.racsa.go.cr\/blog\/wp-content\/uploads\/2020\/09\/Captura-de-pantalla-2020-09-08-a-las-18.19.15-768x595.png 768w\" sizes=\"auto, (max-width: 962px) 100vw, 962px\" \/><\/figure><\/li><\/ul><\/figure>\n\n\n\n<p>Avanzamos para llevar a otro nivel lo que mejor sabemos hacer: Darle al pa\u00eds tecnolog\u00eda que genera progreso y bienestar. \u00a1Eso hace RACSA!<\/p>\n\n\n\n<p>Conozca nuestras soluciones especializadas para su empresa en: <a href=\"http:\/\/www.racsa.go.cr\/\">www.racsa.go.cr<\/a><\/p>\n","protected":false},"excerpt":{"rendered":"<p>En un evento v\u00eda Zoom con m\u00e1s de 130 instituciones representadas, la Direcci\u00f3n de Gesti\u00f3n&#8230;<\/p>\n","protected":false},"author":2,"featured_media":1694,"comment_status":"closed","ping_status":"closed","sticky":false,"template":"","format":"standard","meta":{"footnotes":""},"categories":[1],"tags":[195],"class_list":["post-1689","post","type-post","status-publish","format-standard","has-post-thumbnail","hentry","category-internet-para-empresas-costa-rica","tag-gestion-ambiental"],"yoast_head":"<!-- This site is optimized with the Yoast SEO plugin v27.5 - https:\/\/yoast.com\/product\/yoast-seo-wordpress\/ -->\n<title>MINAE otorga nuevamente a RACSA certificaci\u00f3n por excelencia ambiental - Blog de RACSA<\/title>\n<meta name=\"robots\" content=\"index, follow, max-snippet:-1, max-image-preview:large, max-video-preview:-1\" \/>\n<link rel=\"canonical\" href=\"https:\/\/www.racsa.go.cr\/blog\/minae-otorga-nuevamente-a-racsa-certificacion-por-excelencia-ambiental\/\" \/>\n<meta property=\"og:locale\" content=\"es_ES\" \/>\n<meta property=\"og:type\" content=\"article\" \/>\n<meta property=\"og:title\" content=\"MINAE otorga nuevamente a RACSA certificaci\u00f3n por excelencia ambiental - Blog de RACSA\" \/>\n<meta property=\"og:description\" content=\"En un evento v\u00eda Zoom con m\u00e1s de 130 instituciones representadas, la Direcci\u00f3n de Gesti\u00f3n...\" \/>\n<meta property=\"og:url\" content=\"https:\/\/www.racsa.go.cr\/blog\/minae-otorga-nuevamente-a-racsa-certificacion-por-excelencia-ambiental\/\" \/>\n<meta property=\"og:site_name\" content=\"Blog de RACSA\" \/>\n<meta property=\"article:publisher\" content=\"https:\/\/m.facebook.com\/RACSACR\/\" \/>\n<meta property=\"article:published_time\" content=\"2020-09-08T16:09:07+00:00\" \/>\n<meta property=\"article:modified_time\" content=\"2020-11-05T22:54:54+00:00\" \/>\n<meta property=\"og:image\" content=\"https:\/\/www.racsa.go.cr\/blog\/wp-content\/uploads\/2020\/09\/Gestio\u0301n-ambiental-RACSA_Mesa-de-trabajo-1-scaled.jpg\" \/>\n\t<meta property=\"og:image:width\" content=\"2560\" \/>\n\t<meta property=\"og:image:height\" content=\"2560\" \/>\n\t<meta property=\"og:image:type\" content=\"image\/jpeg\" \/>\n<meta name=\"author\" content=\"Mercadeo RACSA\" \/>\n<meta name=\"twitter:card\" content=\"summary_large_image\" \/>\n<meta name=\"twitter:creator\" content=\"@RACSA_CR\" \/>\n<meta name=\"twitter:site\" content=\"@RACSA_CR\" \/>\n<meta name=\"twitter:label1\" content=\"Written by\" \/>\n\t<meta name=\"twitter:data1\" content=\"Mercadeo RACSA\" \/>\n\t<meta name=\"twitter:label2\" content=\"Est. reading time\" \/>\n\t<meta name=\"twitter:data2\" content=\"1 minuto\" \/>\n<script type=\"application\/ld+json\" class=\"yoast-schema-graph\">{\"@context\":\"https:\\\/\\\/schema.org\",\"@graph\":[{\"@type\":\"Article\",\"@id\":\"https:\\\/\\\/www.racsa.go.cr\\\/blog\\\/minae-otorga-nuevamente-a-racsa-certificacion-por-excelencia-ambiental\\\/#article\",\"isPartOf\":{\"@id\":\"https:\\\/\\\/www.racsa.go.cr\\\/blog\\\/minae-otorga-nuevamente-a-racsa-certificacion-por-excelencia-ambiental\\\/\"},\"author\":{\"name\":\"Mercadeo RACSA\",\"@id\":\"https:\\\/\\\/www.racsa.go.cr\\\/blog\\\/#\\\/schema\\\/person\\\/ec79d31370d6dc9aaa4365492bc04f4e\"},\"headline\":\"MINAE otorga nuevamente a RACSA certificaci\u00f3n por excelencia ambiental\",\"datePublished\":\"2020-09-08T16:09:07+00:00\",\"dateModified\":\"2020-11-05T22:54:54+00:00\",\"mainEntityOfPage\":{\"@id\":\"https:\\\/\\\/www.racsa.go.cr\\\/blog\\\/minae-otorga-nuevamente-a-racsa-certificacion-por-excelencia-ambiental\\\/\"},\"wordCount\":301,\"publisher\":{\"@id\":\"https:\\\/\\\/www.racsa.go.cr\\\/blog\\\/#organization\"},\"image\":{\"@id\":\"https:\\\/\\\/www.racsa.go.cr\\\/blog\\\/minae-otorga-nuevamente-a-racsa-certificacion-por-excelencia-ambiental\\\/#primaryimage\"},\"thumbnailUrl\":\"https:\\\/\\\/www.racsa.go.cr\\\/blog\\\/wp-content\\\/uploads\\\/2020\\\/09\\\/Gestio\u0301n-ambiental-RACSA_Mesa-de-trabajo-1-scaled.jpg\",\"keywords\":[\"Gesti\u00f3n ambiental\"],\"articleSection\":[\"INTERNET PARA EMPRESAS COSTA RICA\"],\"inLanguage\":\"es-CR\"},{\"@type\":\"WebPage\",\"@id\":\"https:\\\/\\\/www.racsa.go.cr\\\/blog\\\/minae-otorga-nuevamente-a-racsa-certificacion-por-excelencia-ambiental\\\/\",\"url\":\"https:\\\/\\\/www.racsa.go.cr\\\/blog\\\/minae-otorga-nuevamente-a-racsa-certificacion-por-excelencia-ambiental\\\/\",\"name\":\"MINAE otorga nuevamente a RACSA certificaci\u00f3n por excelencia ambiental - Blog de RACSA\",\"isPartOf\":{\"@id\":\"https:\\\/\\\/www.racsa.go.cr\\\/blog\\\/#website\"},\"primaryImageOfPage\":{\"@id\":\"https:\\\/\\\/www.racsa.go.cr\\\/blog\\\/minae-otorga-nuevamente-a-racsa-certificacion-por-excelencia-ambiental\\\/#primaryimage\"},\"image\":{\"@id\":\"https:\\\/\\\/www.racsa.go.cr\\\/blog\\\/minae-otorga-nuevamente-a-racsa-certificacion-por-excelencia-ambiental\\\/#primaryimage\"},\"thumbnailUrl\":\"https:\\\/\\\/www.racsa.go.cr\\\/blog\\\/wp-content\\\/uploads\\\/2020\\\/09\\\/Gestio\u0301n-ambiental-RACSA_Mesa-de-trabajo-1-scaled.jpg\",\"datePublished\":\"2020-09-08T16:09:07+00:00\",\"dateModified\":\"2020-11-05T22:54:54+00:00\",\"breadcrumb\":{\"@id\":\"https:\\\/\\\/www.racsa.go.cr\\\/blog\\\/minae-otorga-nuevamente-a-racsa-certificacion-por-excelencia-ambiental\\\/#breadcrumb\"},\"inLanguage\":\"es-CR\",\"potentialAction\":[{\"@type\":\"ReadAction\",\"target\":[\"https:\\\/\\\/www.racsa.go.cr\\\/blog\\\/minae-otorga-nuevamente-a-racsa-certificacion-por-excelencia-ambiental\\\/\"]}]},{\"@type\":\"ImageObject\",\"inLanguage\":\"es-CR\",\"@id\":\"https:\\\/\\\/www.racsa.go.cr\\\/blog\\\/minae-otorga-nuevamente-a-racsa-certificacion-por-excelencia-ambiental\\\/#primaryimage\",\"url\":\"https:\\\/\\\/www.racsa.go.cr\\\/blog\\\/wp-content\\\/uploads\\\/2020\\\/09\\\/Gestio\u0301n-ambiental-RACSA_Mesa-de-trabajo-1-scaled.jpg\",\"contentUrl\":\"https:\\\/\\\/www.racsa.go.cr\\\/blog\\\/wp-content\\\/uploads\\\/2020\\\/09\\\/Gestio\u0301n-ambiental-RACSA_Mesa-de-trabajo-1-scaled.jpg\",\"width\":2560,\"height\":2560},{\"@type\":\"BreadcrumbList\",\"@id\":\"https:\\\/\\\/www.racsa.go.cr\\\/blog\\\/minae-otorga-nuevamente-a-racsa-certificacion-por-excelencia-ambiental\\\/#breadcrumb\",\"itemListElement\":[{\"@type\":\"ListItem\",\"position\":1,\"name\":\"Portada\",\"item\":\"https:\\\/\\\/www.racsa.go.cr\\\/blog\\\/\"},{\"@type\":\"ListItem\",\"position\":2,\"name\":\"MINAE otorga nuevamente a RACSA certificaci\u00f3n por excelencia ambiental\"}]},{\"@type\":\"WebSite\",\"@id\":\"https:\\\/\\\/www.racsa.go.cr\\\/blog\\\/#website\",\"url\":\"https:\\\/\\\/www.racsa.go.cr\\\/blog\\\/\",\"name\":\"Blog de RACSA\",\"description\":\"Noticias y comunicados de inter\u00e9s\",\"publisher\":{\"@id\":\"https:\\\/\\\/www.racsa.go.cr\\\/blog\\\/#organization\"},\"potentialAction\":[{\"@type\":\"SearchAction\",\"target\":{\"@type\":\"EntryPoint\",\"urlTemplate\":\"https:\\\/\\\/www.racsa.go.cr\\\/blog\\\/?s={search_term_string}\"},\"query-input\":{\"@type\":\"PropertyValueSpecification\",\"valueRequired\":true,\"valueName\":\"search_term_string\"}}],\"inLanguage\":\"es-CR\"},{\"@type\":\"Organization\",\"@id\":\"https:\\\/\\\/www.racsa.go.cr\\\/blog\\\/#organization\",\"name\":\"RACSA\",\"url\":\"https:\\\/\\\/www.racsa.go.cr\\\/blog\\\/\",\"logo\":{\"@type\":\"ImageObject\",\"inLanguage\":\"es-CR\",\"@id\":\"https:\\\/\\\/www.racsa.go.cr\\\/blog\\\/#\\\/schema\\\/logo\\\/image\\\/\",\"url\":\"https:\\\/\\\/www.racsa.go.cr\\\/blog\\\/wp-content\\\/uploads\\\/2020\\\/06\\\/logo-racsa-blog_Mesa-de-trabajo-1.png\",\"contentUrl\":\"https:\\\/\\\/www.racsa.go.cr\\\/blog\\\/wp-content\\\/uploads\\\/2020\\\/06\\\/logo-racsa-blog_Mesa-de-trabajo-1.png\",\"width\":77,\"height\":50,\"caption\":\"RACSA\"},\"image\":{\"@id\":\"https:\\\/\\\/www.racsa.go.cr\\\/blog\\\/#\\\/schema\\\/logo\\\/image\\\/\"},\"sameAs\":[\"https:\\\/\\\/m.facebook.com\\\/RACSACR\\\/\",\"https:\\\/\\\/x.com\\\/RACSA_CR\",\"https:\\\/\\\/instagram.com\\\/racsa_cr?igshid=1xty3rwhqjj6p\",\"https:\\\/\\\/www.linkedin.com\\\/authwall?trk=gf&amp;amp;amp;amp;amp;amp;amp;trkInfo=AQGkHPl9RaoQ9AAAAXXizZAgZzcQwi0sdfDTg7AF4I5Q6B_NrjW5R7wFovOzBkS8ur94lJpFmlv2bomYKC3GZOFcSqkgLKm5wKGh61DyjTqr6c_1E_AFOwxMWF5kjSLpCvbYX9o=&amp;amp;amp;amp;amp;amp;amp;originalReferer&amp;amp;amp;amp;amp;amp;amp;sessionRedirect=https:\\\/\\\/es.linkedin.com\\\/company\\\/racsa_cr\",\"https:\\\/\\\/www.youtube.com\\\/user\\\/RACSACOSTARICA\"]},{\"@type\":\"Person\",\"@id\":\"https:\\\/\\\/www.racsa.go.cr\\\/blog\\\/#\\\/schema\\\/person\\\/ec79d31370d6dc9aaa4365492bc04f4e\",\"name\":\"Mercadeo RACSA\",\"image\":{\"@type\":\"ImageObject\",\"inLanguage\":\"es-CR\",\"@id\":\"https:\\\/\\\/secure.gravatar.com\\\/avatar\\\/7b464a0e344d5a5f82f8b9ceb49dae1d41b1141998fb14d2046814a158d02734?s=96&d=mm&r=g\",\"url\":\"https:\\\/\\\/secure.gravatar.com\\\/avatar\\\/7b464a0e344d5a5f82f8b9ceb49dae1d41b1141998fb14d2046814a158d02734?s=96&d=mm&r=g\",\"contentUrl\":\"https:\\\/\\\/secure.gravatar.com\\\/avatar\\\/7b464a0e344d5a5f82f8b9ceb49dae1d41b1141998fb14d2046814a158d02734?s=96&d=mm&r=g\",\"caption\":\"Mercadeo RACSA\"}}]}<\/script>\n<!-- \/ Yoast SEO plugin. -->","yoast_head_json":{"title":"MINAE otorga nuevamente a RACSA certificaci\u00f3n por excelencia ambiental - Blog de RACSA","robots":{"index":"index","follow":"follow","max-snippet":"max-snippet:-1","max-image-preview":"max-image-preview:large","max-video-preview":"max-video-preview:-1"},"canonical":"https:\/\/www.racsa.go.cr\/blog\/minae-otorga-nuevamente-a-racsa-certificacion-por-excelencia-ambiental\/","og_locale":"es_ES","og_type":"article","og_title":"MINAE otorga nuevamente a RACSA certificaci\u00f3n por excelencia ambiental - Blog de RACSA","og_description":"En un evento v\u00eda Zoom con m\u00e1s de 130 instituciones representadas, la Direcci\u00f3n de Gesti\u00f3n...","og_url":"https:\/\/www.racsa.go.cr\/blog\/minae-otorga-nuevamente-a-racsa-certificacion-por-excelencia-ambiental\/","og_site_name":"Blog de RACSA","article_publisher":"https:\/\/m.facebook.com\/RACSACR\/","article_published_time":"2020-09-08T16:09:07+00:00","article_modified_time":"2020-11-05T22:54:54+00:00","og_image":[{"width":2560,"height":2560,"url":"https:\/\/www.racsa.go.cr\/blog\/wp-content\/uploads\/2020\/09\/Gestio\u0301n-ambiental-RACSA_Mesa-de-trabajo-1-scaled.jpg","type":"image\/jpeg"}],"author":"Mercadeo RACSA","twitter_card":"summary_large_image","twitter_creator":"@RACSA_CR","twitter_site":"@RACSA_CR","twitter_misc":{"Written by":"Mercadeo RACSA","Est. reading time":"1 minuto"},"schema":{"@context":"https:\/\/schema.org","@graph":[{"@type":"Article","@id":"https:\/\/www.racsa.go.cr\/blog\/minae-otorga-nuevamente-a-racsa-certificacion-por-excelencia-ambiental\/#article","isPartOf":{"@id":"https:\/\/www.racsa.go.cr\/blog\/minae-otorga-nuevamente-a-racsa-certificacion-por-excelencia-ambiental\/"},"author":{"name":"Mercadeo RACSA","@id":"https:\/\/www.racsa.go.cr\/blog\/#\/schema\/person\/ec79d31370d6dc9aaa4365492bc04f4e"},"headline":"MINAE otorga nuevamente a RACSA certificaci\u00f3n por excelencia ambiental","datePublished":"2020-09-08T16:09:07+00:00","dateModified":"2020-11-05T22:54:54+00:00","mainEntityOfPage":{"@id":"https:\/\/www.racsa.go.cr\/blog\/minae-otorga-nuevamente-a-racsa-certificacion-por-excelencia-ambiental\/"},"wordCount":301,"publisher":{"@id":"https:\/\/www.racsa.go.cr\/blog\/#organization"},"image":{"@id":"https:\/\/www.racsa.go.cr\/blog\/minae-otorga-nuevamente-a-racsa-certificacion-por-excelencia-ambiental\/#primaryimage"},"thumbnailUrl":"https:\/\/www.racsa.go.cr\/blog\/wp-content\/uploads\/2020\/09\/Gestio\u0301n-ambiental-RACSA_Mesa-de-trabajo-1-scaled.jpg","keywords":["Gesti\u00f3n ambiental"],"articleSection":["INTERNET PARA EMPRESAS COSTA RICA"],"inLanguage":"es-CR"},{"@type":"WebPage","@id":"https:\/\/www.racsa.go.cr\/blog\/minae-otorga-nuevamente-a-racsa-certificacion-por-excelencia-ambiental\/","url":"https:\/\/www.racsa.go.cr\/blog\/minae-otorga-nuevamente-a-racsa-certificacion-por-excelencia-ambiental\/","name":"MINAE otorga nuevamente a RACSA certificaci\u00f3n por excelencia ambiental - Blog de RACSA","isPartOf":{"@id":"https:\/\/www.racsa.go.cr\/blog\/#website"},"primaryImageOfPage":{"@id":"https:\/\/www.racsa.go.cr\/blog\/minae-otorga-nuevamente-a-racsa-certificacion-por-excelencia-ambiental\/#primaryimage"},"image":{"@id":"https:\/\/www.racsa.go.cr\/blog\/minae-otorga-nuevamente-a-racsa-certificacion-por-excelencia-ambiental\/#primaryimage"},"thumbnailUrl":"https:\/\/www.racsa.go.cr\/blog\/wp-content\/uploads\/2020\/09\/Gestio\u0301n-ambiental-RACSA_Mesa-de-trabajo-1-scaled.jpg","datePublished":"2020-09-08T16:09:07+00:00","dateModified":"2020-11-05T22:54:54+00:00","breadcrumb":{"@id":"https:\/\/www.racsa.go.cr\/blog\/minae-otorga-nuevamente-a-racsa-certificacion-por-excelencia-ambiental\/#breadcrumb"},"inLanguage":"es-CR","potentialAction":[{"@type":"ReadAction","target":["https:\/\/www.racsa.go.cr\/blog\/minae-otorga-nuevamente-a-racsa-certificacion-por-excelencia-ambiental\/"]}]},{"@type":"ImageObject","inLanguage":"es-CR","@id":"https:\/\/www.racsa.go.cr\/blog\/minae-otorga-nuevamente-a-racsa-certificacion-por-excelencia-ambiental\/#primaryimage","url":"https:\/\/www.racsa.go.cr\/blog\/wp-content\/uploads\/2020\/09\/Gestio\u0301n-ambiental-RACSA_Mesa-de-trabajo-1-scaled.jpg","contentUrl":"https:\/\/www.racsa.go.cr\/blog\/wp-content\/uploads\/2020\/09\/Gestio\u0301n-ambiental-RACSA_Mesa-de-trabajo-1-scaled.jpg","width":2560,"height":2560},{"@type":"BreadcrumbList","@id":"https:\/\/www.racsa.go.cr\/blog\/minae-otorga-nuevamente-a-racsa-certificacion-por-excelencia-ambiental\/#breadcrumb","itemListElement":[{"@type":"ListItem","position":1,"name":"Portada","item":"https:\/\/www.racsa.go.cr\/blog\/"},{"@type":"ListItem","position":2,"name":"MINAE otorga nuevamente a RACSA certificaci\u00f3n por excelencia ambiental"}]},{"@type":"WebSite","@id":"https:\/\/www.racsa.go.cr\/blog\/#website","url":"https:\/\/www.racsa.go.cr\/blog\/","name":"Blog de RACSA","description":"Noticias y comunicados de inter\u00e9s","publisher":{"@id":"https:\/\/www.racsa.go.cr\/blog\/#organization"},"potentialAction":[{"@type":"SearchAction","target":{"@type":"EntryPoint","urlTemplate":"https:\/\/www.racsa.go.cr\/blog\/?s={search_term_string}"},"query-input":{"@type":"PropertyValueSpecification","valueRequired":true,"valueName":"search_term_string"}}],"inLanguage":"es-CR"},{"@type":"Organization","@id":"https:\/\/www.racsa.go.cr\/blog\/#organization","name":"RACSA","url":"https:\/\/www.racsa.go.cr\/blog\/","logo":{"@type":"ImageObject","inLanguage":"es-CR","@id":"https:\/\/www.racsa.go.cr\/blog\/#\/schema\/logo\/image\/","url":"https:\/\/www.racsa.go.cr\/blog\/wp-content\/uploads\/2020\/06\/logo-racsa-blog_Mesa-de-trabajo-1.png","contentUrl":"https:\/\/www.racsa.go.cr\/blog\/wp-content\/uploads\/2020\/06\/logo-racsa-blog_Mesa-de-trabajo-1.png","width":77,"height":50,"caption":"RACSA"},"image":{"@id":"https:\/\/www.racsa.go.cr\/blog\/#\/schema\/logo\/image\/"},"sameAs":["https:\/\/m.facebook.com\/RACSACR\/","https:\/\/x.com\/RACSA_CR","https:\/\/instagram.com\/racsa_cr?igshid=1xty3rwhqjj6p","https:\/\/www.linkedin.com\/authwall?trk=gf&amp;amp;amp;amp;amp;amp;amp;trkInfo=AQGkHPl9RaoQ9AAAAXXizZAgZzcQwi0sdfDTg7AF4I5Q6B_NrjW5R7wFovOzBkS8ur94lJpFmlv2bomYKC3GZOFcSqkgLKm5wKGh61DyjTqr6c_1E_AFOwxMWF5kjSLpCvbYX9o=&amp;amp;amp;amp;amp;amp;amp;originalReferer&amp;amp;amp;amp;amp;amp;amp;sessionRedirect=https:\/\/es.linkedin.com\/company\/racsa_cr","https:\/\/www.youtube.com\/user\/RACSACOSTARICA"]},{"@type":"Person","@id":"https:\/\/www.racsa.go.cr\/blog\/#\/schema\/person\/ec79d31370d6dc9aaa4365492bc04f4e","name":"Mercadeo RACSA","image":{"@type":"ImageObject","inLanguage":"es-CR","@id":"https:\/\/secure.gravatar.com\/avatar\/7b464a0e344d5a5f82f8b9ceb49dae1d41b1141998fb14d2046814a158d02734?s=96&d=mm&r=g","url":"https:\/\/secure.gravatar.com\/avatar\/7b464a0e344d5a5f82f8b9ceb49dae1d41b1141998fb14d2046814a158d02734?s=96&d=mm&r=g","contentUrl":"https:\/\/secure.gravatar.com\/avatar\/7b464a0e344d5a5f82f8b9ceb49dae1d41b1141998fb14d2046814a158d02734?s=96&d=mm&r=g","caption":"Mercadeo RACSA"}}]}},"_links":{"self":[{"href":"https:\/\/www.racsa.go.cr\/blog\/wp-json\/wp\/v2\/posts\/1689","targetHints":{"allow":["GET"]}}],"collection":[{"href":"https:\/\/www.racsa.go.cr\/blog\/wp-json\/wp\/v2\/posts"}],"about":[{"href":"https:\/\/www.racsa.go.cr\/blog\/wp-json\/wp\/v2\/types\/post"}],"author":[{"embeddable":true,"href":"https:\/\/www.racsa.go.cr\/blog\/wp-json\/wp\/v2\/users\/2"}],"replies":[{"embeddable":true,"href":"https:\/\/www.racsa.go.cr\/blog\/wp-json\/wp\/v2\/comments?post=1689"}],"version-history":[{"count":0,"href":"https:\/\/www.racsa.go.cr\/blog\/wp-json\/wp\/v2\/posts\/1689\/revisions"}],"wp:featuredmedia":[{"embeddable":true,"href":"https:\/\/www.racsa.go.cr\/blog\/wp-json\/wp\/v2\/media\/1694"}],"wp:attachment":[{"href":"https:\/\/www.racsa.go.cr\/blog\/wp-json\/wp\/v2\/media?parent=1689"}],"wp:term":[{"taxonomy":"category","embeddable":true,"href":"https:\/\/www.racsa.go.cr\/blog\/wp-json\/wp\/v2\/categories?post=1689"},{"taxonomy":"post_tag","embeddable":true,"href":"https:\/\/www.racsa.go.cr\/blog\/wp-json\/wp\/v2\/tags?post=1689"}],"curies":[{"name":"wp","href":"https:\/\/api.w.org\/{rel}","templated":true}]}}