{"id":1662,"date":"2020-08-26T17:48:34","date_gmt":"2020-08-26T23:48:34","guid":{"rendered":"https:\/\/www.racsa.go.cr\/blog\/?p=1662"},"modified":"2022-04-20T07:32:20","modified_gmt":"2022-04-20T13:32:20","slug":"suben-denuncias-por-uso-de-documentos-falsos-robados-o-alterados-por-que-usar-vid","status":"publish","type":"post","link":"https:\/\/www.racsa.go.cr\/blog\/suben-denuncias-por-uso-de-documentos-falsos-robados-o-alterados-por-que-usar-vid\/","title":{"rendered":"Suben denuncias por uso de documentos falsos, robados o alterados. \u00bfPor qu\u00e9 usar VID?"},"content":{"rendered":"\n<p> El Tribunal Supremo de Elecciones y RACSA, dispusieron una herramienta digital que permite la verificaci\u00f3n de identidad de los ciudadanos costarricenses mediante huella dactilar, el cual limita el fraude y la suplantaci\u00f3n de identidad de los ciudadanos mediante la presentaci\u00f3n de documentos falsos, robados o alterados.<\/p>\n\n\n\n<p>Seg\u00fan datos recopilados por la unidad de Fraudes del Organismo de Investigaci\u00f3n Judicial, el tema de suplantaci\u00f3n sigue en aumento, seg\u00fan se muestra a continuaci\u00f3n:&nbsp;&nbsp;<\/p>\n\n\n\n<figure class=\"wp-block-table\"><table><tbody><tr><td>Periodo<\/td><td>Casos de fraude<\/td><\/tr><tr><td>2015<\/td><td>121<\/td><\/tr><tr><td>2016<\/td><td>100<\/td><\/tr><tr><td>2017<\/td><td>101<\/td><\/tr><tr><td>2018<\/td><td>373<\/td><\/tr><tr><td>2019<\/td><td>547<\/td><\/tr><\/tbody><\/table><\/figure>\n\n\n\n<p>Fuente de informaci\u00f3n :&nbsp;<a href=\"https:\/\/delfino.cr\/2020\/03\/denuncias-por-fraude-aumentaron-21-8-en-2019\">https:\/\/delfino.cr\/2020\/03\/denuncias-por-fraude-aumentaron-21-8-en-2019<\/a><\/p>\n\n\n\n<p>Como se puede apreciar, existe un aumento en los casos de suplantaci\u00f3n de identidad durante el a\u00f1o 2019 y por la situaci\u00f3n que se est\u00e1 viviendo con la pandemia, el n\u00famero puede seguir en aumento, poniendo en riesgo su tranquilidad y el de toda su familia.<\/p>\n\n\n\n<p>La responsabilidad es compartida en dos \u00e1mbitos, en el ciudadano quien debe cuidar su documento f\u00edsico y en el de las empresas que deben de contar con herramientas de verificaci\u00f3n reales que emiten una respuesta inmediata, para ver si la persona es quien dice ser.&nbsp;<\/p>\n\n\n\n<p>Los delincuentes obtienen cr\u00e9ditos en l\u00ednea blanca, planes postpago, tarjetas de cr\u00e9dito, entre otros tipos de servicios, con afectaci\u00f3n inmediata para su negocio.<\/p>\n\n\n\n<p>En caso de sustracci\u00f3n o extrav\u00edo de la c\u00e9dula de identidad, el ciudadano debe de presentar una denuncia ante el Organismo de Investigaci\u00f3n Judicial, para minimizar el uso del mismo en un fraude.<\/p>\n\n\n\n<p>La pregunta que surge al mercado por dicho aumento, es por qu\u00e9 las empresas del sector p\u00fablico y privado, ceden la responsabilidad a los ciudadanos sobre la presentaci\u00f3n de un documento que puede venir alterado, cuando estamos en plena digitalizaci\u00f3n y la tecnolog\u00eda est\u00e1 presente para utilizarse.<\/p>\n\n\n\n<p>La soluci\u00f3n de Verificaci\u00f3n de Identidad (VID) por medio de consulta biom\u00e9trica, cuenta con cuatro a\u00f1os de operar en el pa\u00eds y es sumamente confiable, ya que no existen dos personas con la misma huella dactilar en el mundo.&nbsp;<\/p>\n\n\n\n<p>La soluci\u00f3n es ideal para empresas que brindan cr\u00e9ditos a los ciudadanos o realizan gestiones diarias con ellos, donde la obsolescencia en los procesos de verificaci\u00f3n por medio de documento de identidad.<\/p>\n\n\n\n<p>Las nuevas tendencias mundiales apuntan a soluciones biom\u00e9tricas que permiten consultar y verificar la identidad de los ciudadanos, que pueden ser validados o autenticadas mediante la toma de la huella dactilar en tiempo real. Por su parte, en el campo de la verificaci\u00f3n biom\u00e9trica facial, ya se est\u00e1n realizando esfuerzos para pronto lograr contar con dicha soluci\u00f3n en el mercado.&nbsp;<\/p>\n\n\n\n<p>Verificaci\u00f3n de Identidad (VID) es una soluci\u00f3n digital \u00fanica en Costa Rica, ya que utiliza una validaci\u00f3n real de los datos emitidos por el Tribunal Supremo de Elecciones (TSE), y a la vez presenta arraigo jur\u00eddico, ya que cuenta con la resoluci\u00f3n n\u00famero 2357, en los art\u00edculos 93 y 95 de la ley org\u00e1nica del Tribunal Supremo de Elecciones y Registro Civil. Adicionalmente, el decreto presidencial n\u00famero 52 establece que las instituciones p\u00fablicas, eviten solicitar la c\u00e9dula de identidad para los diferentes tr\u00e1mites administrativos, por lo cual, sugieren un m\u00e9todo moderno para realizar dicha acci\u00f3n.<\/p>\n\n\n\n<p>El pa\u00eds actualmente presenta cambios en relaci\u00f3n con el tema de g\u00e9nero, donde el decreto N.\u00b0 7-2018, indica:&nbsp;<em>REFORMA AL REGLAMENTO DEL REGISTRO DEL ESTADO CIVIL Y AL REGLAMENTO DE LA C\u00c9DULA DE IDENTIDAD CON NUEVAS CARACTER\u00cdSTICAS,<\/em>&nbsp;adicionar los art\u00edculos 1,2,3,4 de la Ley Org\u00e1nica del Tribunal Supremo de Elecciones y del Registro Civil. En los documentos de identificaci\u00f3n personal para donde se est\u00e1n solicitando cambios de nombre de los ciudadanos,&nbsp;modif\u00edquese el art\u00edculo 2 del &#8220;<em>Reglamento de la c\u00e9dula de identidad con nuevas caracter\u00edsticas&#8221; (decreto n.\u00b0 9-2016 del 16 de agosto de 2016), en el sentido de eliminar del dorso (o reverso) de la c\u00e9dula de identidad la indicaci\u00f3n del sexo de la persona<\/em>\u201d,&nbsp;&nbsp;en raz\u00f3n , las herramientas digitales cobran relevancia, ya que los registros de las huellas de los ciudadanos no pueden ser modificados o alterados.&nbsp;&nbsp;<\/p>\n\n\n\n<p>Las empresas al contar con la soluci\u00f3n de acceso a la plataforma VID, permiten eliminar los intentos de fraude a los clientes desde su origen, porque valida la identidad del interesado en el cr\u00e9dito, disminuyendo los montos de incobrables.<\/p>\n\n\n\n<p>M\u00e1s informaci\u00f3n, comun\u00edquese a la l\u00ednea gratuita: 800-NEGOCIO&nbsp;<a rel=\"noreferrer noopener\" href=\"http:\/\/www.racsa.go.cr\/?fbclid=IwAR36tpaNgBNEXku9psl1bGFDmakBnlMTJrQSeEcuzC_NdV8dckxNzs6sGmw\" target=\"_blank\">www.racsa.go.cr<\/a><\/p>\n\n\n\n<div class=\"wp-block-image\"><figure class=\"aligncenter size-large\"><img loading=\"lazy\" decoding=\"async\" width=\"1024\" height=\"1024\" src=\"https:\/\/www.racsa.go.cr\/blog\/wp-content\/uploads\/2020\/08\/VID_Mesa-de-trabajo-1-3-1024x1024.jpg\" alt=\"\" class=\"wp-image-1667\" srcset=\"https:\/\/www.racsa.go.cr\/blog\/wp-content\/uploads\/2020\/08\/VID_Mesa-de-trabajo-1-3-1024x1024.jpg 1024w, https:\/\/www.racsa.go.cr\/blog\/wp-content\/uploads\/2020\/08\/VID_Mesa-de-trabajo-1-3-300x300.jpg 300w, https:\/\/www.racsa.go.cr\/blog\/wp-content\/uploads\/2020\/08\/VID_Mesa-de-trabajo-1-3-150x150.jpg 150w, https:\/\/www.racsa.go.cr\/blog\/wp-content\/uploads\/2020\/08\/VID_Mesa-de-trabajo-1-3-768x768.jpg 768w, https:\/\/www.racsa.go.cr\/blog\/wp-content\/uploads\/2020\/08\/VID_Mesa-de-trabajo-1-3.jpg 1080w\" sizes=\"auto, (max-width: 1024px) 100vw, 1024px\" \/><\/figure><\/div>\n","protected":false},"excerpt":{"rendered":"<p>El Tribunal Supremo de Elecciones y RACSA, dispusieron una herramienta digital que permite la verificaci\u00f3n&#8230;<\/p>\n","protected":false},"author":2,"featured_media":1661,"comment_status":"closed","ping_status":"closed","sticky":false,"template":"","format":"standard","meta":{"footnotes":""},"categories":[1],"tags":[193],"class_list":["post-1662","post","type-post","status-publish","format-standard","has-post-thumbnail","hentry","category-internet-para-empresas-costa-rica","tag-verificacion-de-identidad"],"yoast_head":"<!-- This site is optimized with the Yoast SEO plugin v27.5 - https:\/\/yoast.com\/product\/yoast-seo-wordpress\/ -->\n<title>Suben denuncias por uso de documentos falsos, robados o alterados. \u00bfPor qu\u00e9 usar VID? - Blog de RACSA<\/title>\n<meta name=\"robots\" content=\"index, follow, max-snippet:-1, max-image-preview:large, max-video-preview:-1\" \/>\n<link rel=\"canonical\" href=\"https:\/\/www.racsa.go.cr\/blog\/suben-denuncias-por-uso-de-documentos-falsos-robados-o-alterados-por-que-usar-vid\/\" \/>\n<meta property=\"og:locale\" content=\"es_ES\" \/>\n<meta property=\"og:type\" content=\"article\" \/>\n<meta property=\"og:title\" content=\"Suben denuncias por uso de documentos falsos, robados o alterados. \u00bfPor qu\u00e9 usar VID? - Blog de RACSA\" \/>\n<meta property=\"og:description\" content=\"El Tribunal Supremo de Elecciones y RACSA, dispusieron una herramienta digital que permite la verificaci\u00f3n...\" \/>\n<meta property=\"og:url\" content=\"https:\/\/www.racsa.go.cr\/blog\/suben-denuncias-por-uso-de-documentos-falsos-robados-o-alterados-por-que-usar-vid\/\" \/>\n<meta property=\"og:site_name\" content=\"Blog de RACSA\" \/>\n<meta property=\"article:publisher\" content=\"https:\/\/m.facebook.com\/RACSACR\/\" \/>\n<meta property=\"article:published_time\" content=\"2020-08-26T23:48:34+00:00\" \/>\n<meta property=\"article:modified_time\" content=\"2022-04-20T13:32:20+00:00\" \/>\n<meta property=\"og:image\" content=\"https:\/\/www.racsa.go.cr\/blog\/wp-content\/uploads\/2020\/08\/VID_Mesa-de-trabajo-1-scaled.jpg\" \/>\n\t<meta property=\"og:image:width\" content=\"2560\" \/>\n\t<meta property=\"og:image:height\" content=\"2560\" \/>\n\t<meta property=\"og:image:type\" content=\"image\/jpeg\" \/>\n<meta name=\"author\" content=\"Mercadeo RACSA\" \/>\n<meta name=\"twitter:card\" content=\"summary_large_image\" \/>\n<meta name=\"twitter:creator\" content=\"@RACSA_CR\" \/>\n<meta name=\"twitter:site\" content=\"@RACSA_CR\" \/>\n<meta name=\"twitter:label1\" content=\"Written by\" \/>\n\t<meta name=\"twitter:data1\" content=\"Mercadeo RACSA\" \/>\n\t<meta name=\"twitter:label2\" content=\"Est. reading time\" \/>\n\t<meta name=\"twitter:data2\" content=\"4 minutos\" \/>\n<script type=\"application\/ld+json\" class=\"yoast-schema-graph\">{\"@context\":\"https:\\\/\\\/schema.org\",\"@graph\":[{\"@type\":\"Article\",\"@id\":\"https:\\\/\\\/www.racsa.go.cr\\\/blog\\\/suben-denuncias-por-uso-de-documentos-falsos-robados-o-alterados-por-que-usar-vid\\\/#article\",\"isPartOf\":{\"@id\":\"https:\\\/\\\/www.racsa.go.cr\\\/blog\\\/suben-denuncias-por-uso-de-documentos-falsos-robados-o-alterados-por-que-usar-vid\\\/\"},\"author\":{\"name\":\"Mercadeo RACSA\",\"@id\":\"https:\\\/\\\/www.racsa.go.cr\\\/blog\\\/#\\\/schema\\\/person\\\/ec79d31370d6dc9aaa4365492bc04f4e\"},\"headline\":\"Suben denuncias por uso de documentos falsos, robados o alterados. \u00bfPor qu\u00e9 usar VID?\",\"datePublished\":\"2020-08-26T23:48:34+00:00\",\"dateModified\":\"2022-04-20T13:32:20+00:00\",\"mainEntityOfPage\":{\"@id\":\"https:\\\/\\\/www.racsa.go.cr\\\/blog\\\/suben-denuncias-por-uso-de-documentos-falsos-robados-o-alterados-por-que-usar-vid\\\/\"},\"wordCount\":788,\"publisher\":{\"@id\":\"https:\\\/\\\/www.racsa.go.cr\\\/blog\\\/#organization\"},\"image\":{\"@id\":\"https:\\\/\\\/www.racsa.go.cr\\\/blog\\\/suben-denuncias-por-uso-de-documentos-falsos-robados-o-alterados-por-que-usar-vid\\\/#primaryimage\"},\"thumbnailUrl\":\"https:\\\/\\\/www.racsa.go.cr\\\/blog\\\/wp-content\\\/uploads\\\/2020\\\/08\\\/VID_Mesa-de-trabajo-1-scaled.jpg\",\"keywords\":[\"Verificaci\u00f3n de Identidad\"],\"articleSection\":[\"INTERNET PARA EMPRESAS COSTA RICA\"],\"inLanguage\":\"es-CR\"},{\"@type\":\"WebPage\",\"@id\":\"https:\\\/\\\/www.racsa.go.cr\\\/blog\\\/suben-denuncias-por-uso-de-documentos-falsos-robados-o-alterados-por-que-usar-vid\\\/\",\"url\":\"https:\\\/\\\/www.racsa.go.cr\\\/blog\\\/suben-denuncias-por-uso-de-documentos-falsos-robados-o-alterados-por-que-usar-vid\\\/\",\"name\":\"Suben denuncias por uso de documentos falsos, robados o alterados. \u00bfPor qu\u00e9 usar VID? - Blog de RACSA\",\"isPartOf\":{\"@id\":\"https:\\\/\\\/www.racsa.go.cr\\\/blog\\\/#website\"},\"primaryImageOfPage\":{\"@id\":\"https:\\\/\\\/www.racsa.go.cr\\\/blog\\\/suben-denuncias-por-uso-de-documentos-falsos-robados-o-alterados-por-que-usar-vid\\\/#primaryimage\"},\"image\":{\"@id\":\"https:\\\/\\\/www.racsa.go.cr\\\/blog\\\/suben-denuncias-por-uso-de-documentos-falsos-robados-o-alterados-por-que-usar-vid\\\/#primaryimage\"},\"thumbnailUrl\":\"https:\\\/\\\/www.racsa.go.cr\\\/blog\\\/wp-content\\\/uploads\\\/2020\\\/08\\\/VID_Mesa-de-trabajo-1-scaled.jpg\",\"datePublished\":\"2020-08-26T23:48:34+00:00\",\"dateModified\":\"2022-04-20T13:32:20+00:00\",\"breadcrumb\":{\"@id\":\"https:\\\/\\\/www.racsa.go.cr\\\/blog\\\/suben-denuncias-por-uso-de-documentos-falsos-robados-o-alterados-por-que-usar-vid\\\/#breadcrumb\"},\"inLanguage\":\"es-CR\",\"potentialAction\":[{\"@type\":\"ReadAction\",\"target\":[\"https:\\\/\\\/www.racsa.go.cr\\\/blog\\\/suben-denuncias-por-uso-de-documentos-falsos-robados-o-alterados-por-que-usar-vid\\\/\"]}]},{\"@type\":\"ImageObject\",\"inLanguage\":\"es-CR\",\"@id\":\"https:\\\/\\\/www.racsa.go.cr\\\/blog\\\/suben-denuncias-por-uso-de-documentos-falsos-robados-o-alterados-por-que-usar-vid\\\/#primaryimage\",\"url\":\"https:\\\/\\\/www.racsa.go.cr\\\/blog\\\/wp-content\\\/uploads\\\/2020\\\/08\\\/VID_Mesa-de-trabajo-1-scaled.jpg\",\"contentUrl\":\"https:\\\/\\\/www.racsa.go.cr\\\/blog\\\/wp-content\\\/uploads\\\/2020\\\/08\\\/VID_Mesa-de-trabajo-1-scaled.jpg\",\"width\":2560,\"height\":2560},{\"@type\":\"BreadcrumbList\",\"@id\":\"https:\\\/\\\/www.racsa.go.cr\\\/blog\\\/suben-denuncias-por-uso-de-documentos-falsos-robados-o-alterados-por-que-usar-vid\\\/#breadcrumb\",\"itemListElement\":[{\"@type\":\"ListItem\",\"position\":1,\"name\":\"Portada\",\"item\":\"https:\\\/\\\/www.racsa.go.cr\\\/blog\\\/\"},{\"@type\":\"ListItem\",\"position\":2,\"name\":\"Suben denuncias por uso de documentos falsos, robados o alterados. \u00bfPor qu\u00e9 usar VID?\"}]},{\"@type\":\"WebSite\",\"@id\":\"https:\\\/\\\/www.racsa.go.cr\\\/blog\\\/#website\",\"url\":\"https:\\\/\\\/www.racsa.go.cr\\\/blog\\\/\",\"name\":\"Blog de RACSA\",\"description\":\"Noticias y comunicados de inter\u00e9s\",\"publisher\":{\"@id\":\"https:\\\/\\\/www.racsa.go.cr\\\/blog\\\/#organization\"},\"potentialAction\":[{\"@type\":\"SearchAction\",\"target\":{\"@type\":\"EntryPoint\",\"urlTemplate\":\"https:\\\/\\\/www.racsa.go.cr\\\/blog\\\/?s={search_term_string}\"},\"query-input\":{\"@type\":\"PropertyValueSpecification\",\"valueRequired\":true,\"valueName\":\"search_term_string\"}}],\"inLanguage\":\"es-CR\"},{\"@type\":\"Organization\",\"@id\":\"https:\\\/\\\/www.racsa.go.cr\\\/blog\\\/#organization\",\"name\":\"RACSA\",\"url\":\"https:\\\/\\\/www.racsa.go.cr\\\/blog\\\/\",\"logo\":{\"@type\":\"ImageObject\",\"inLanguage\":\"es-CR\",\"@id\":\"https:\\\/\\\/www.racsa.go.cr\\\/blog\\\/#\\\/schema\\\/logo\\\/image\\\/\",\"url\":\"https:\\\/\\\/www.racsa.go.cr\\\/blog\\\/wp-content\\\/uploads\\\/2020\\\/06\\\/logo-racsa-blog_Mesa-de-trabajo-1.png\",\"contentUrl\":\"https:\\\/\\\/www.racsa.go.cr\\\/blog\\\/wp-content\\\/uploads\\\/2020\\\/06\\\/logo-racsa-blog_Mesa-de-trabajo-1.png\",\"width\":77,\"height\":50,\"caption\":\"RACSA\"},\"image\":{\"@id\":\"https:\\\/\\\/www.racsa.go.cr\\\/blog\\\/#\\\/schema\\\/logo\\\/image\\\/\"},\"sameAs\":[\"https:\\\/\\\/m.facebook.com\\\/RACSACR\\\/\",\"https:\\\/\\\/x.com\\\/RACSA_CR\",\"https:\\\/\\\/instagram.com\\\/racsa_cr?igshid=1xty3rwhqjj6p\",\"https:\\\/\\\/www.linkedin.com\\\/authwall?trk=gf&amp;amp;amp;amp;amp;amp;amp;trkInfo=AQGkHPl9RaoQ9AAAAXXizZAgZzcQwi0sdfDTg7AF4I5Q6B_NrjW5R7wFovOzBkS8ur94lJpFmlv2bomYKC3GZOFcSqkgLKm5wKGh61DyjTqr6c_1E_AFOwxMWF5kjSLpCvbYX9o=&amp;amp;amp;amp;amp;amp;amp;originalReferer&amp;amp;amp;amp;amp;amp;amp;sessionRedirect=https:\\\/\\\/es.linkedin.com\\\/company\\\/racsa_cr\",\"https:\\\/\\\/www.youtube.com\\\/user\\\/RACSACOSTARICA\"]},{\"@type\":\"Person\",\"@id\":\"https:\\\/\\\/www.racsa.go.cr\\\/blog\\\/#\\\/schema\\\/person\\\/ec79d31370d6dc9aaa4365492bc04f4e\",\"name\":\"Mercadeo RACSA\",\"image\":{\"@type\":\"ImageObject\",\"inLanguage\":\"es-CR\",\"@id\":\"https:\\\/\\\/secure.gravatar.com\\\/avatar\\\/7b464a0e344d5a5f82f8b9ceb49dae1d41b1141998fb14d2046814a158d02734?s=96&d=mm&r=g\",\"url\":\"https:\\\/\\\/secure.gravatar.com\\\/avatar\\\/7b464a0e344d5a5f82f8b9ceb49dae1d41b1141998fb14d2046814a158d02734?s=96&d=mm&r=g\",\"contentUrl\":\"https:\\\/\\\/secure.gravatar.com\\\/avatar\\\/7b464a0e344d5a5f82f8b9ceb49dae1d41b1141998fb14d2046814a158d02734?s=96&d=mm&r=g\",\"caption\":\"Mercadeo RACSA\"}}]}<\/script>\n<!-- \/ Yoast SEO plugin. -->","yoast_head_json":{"title":"Suben denuncias por uso de documentos falsos, robados o alterados. \u00bfPor qu\u00e9 usar VID? - Blog de RACSA","robots":{"index":"index","follow":"follow","max-snippet":"max-snippet:-1","max-image-preview":"max-image-preview:large","max-video-preview":"max-video-preview:-1"},"canonical":"https:\/\/www.racsa.go.cr\/blog\/suben-denuncias-por-uso-de-documentos-falsos-robados-o-alterados-por-que-usar-vid\/","og_locale":"es_ES","og_type":"article","og_title":"Suben denuncias por uso de documentos falsos, robados o alterados. \u00bfPor qu\u00e9 usar VID? - Blog de RACSA","og_description":"El Tribunal Supremo de Elecciones y RACSA, dispusieron una herramienta digital que permite la verificaci\u00f3n...","og_url":"https:\/\/www.racsa.go.cr\/blog\/suben-denuncias-por-uso-de-documentos-falsos-robados-o-alterados-por-que-usar-vid\/","og_site_name":"Blog de RACSA","article_publisher":"https:\/\/m.facebook.com\/RACSACR\/","article_published_time":"2020-08-26T23:48:34+00:00","article_modified_time":"2022-04-20T13:32:20+00:00","og_image":[{"width":2560,"height":2560,"url":"https:\/\/www.racsa.go.cr\/blog\/wp-content\/uploads\/2020\/08\/VID_Mesa-de-trabajo-1-scaled.jpg","type":"image\/jpeg"}],"author":"Mercadeo RACSA","twitter_card":"summary_large_image","twitter_creator":"@RACSA_CR","twitter_site":"@RACSA_CR","twitter_misc":{"Written by":"Mercadeo RACSA","Est. reading time":"4 minutos"},"schema":{"@context":"https:\/\/schema.org","@graph":[{"@type":"Article","@id":"https:\/\/www.racsa.go.cr\/blog\/suben-denuncias-por-uso-de-documentos-falsos-robados-o-alterados-por-que-usar-vid\/#article","isPartOf":{"@id":"https:\/\/www.racsa.go.cr\/blog\/suben-denuncias-por-uso-de-documentos-falsos-robados-o-alterados-por-que-usar-vid\/"},"author":{"name":"Mercadeo RACSA","@id":"https:\/\/www.racsa.go.cr\/blog\/#\/schema\/person\/ec79d31370d6dc9aaa4365492bc04f4e"},"headline":"Suben denuncias por uso de documentos falsos, robados o alterados. \u00bfPor qu\u00e9 usar VID?","datePublished":"2020-08-26T23:48:34+00:00","dateModified":"2022-04-20T13:32:20+00:00","mainEntityOfPage":{"@id":"https:\/\/www.racsa.go.cr\/blog\/suben-denuncias-por-uso-de-documentos-falsos-robados-o-alterados-por-que-usar-vid\/"},"wordCount":788,"publisher":{"@id":"https:\/\/www.racsa.go.cr\/blog\/#organization"},"image":{"@id":"https:\/\/www.racsa.go.cr\/blog\/suben-denuncias-por-uso-de-documentos-falsos-robados-o-alterados-por-que-usar-vid\/#primaryimage"},"thumbnailUrl":"https:\/\/www.racsa.go.cr\/blog\/wp-content\/uploads\/2020\/08\/VID_Mesa-de-trabajo-1-scaled.jpg","keywords":["Verificaci\u00f3n de Identidad"],"articleSection":["INTERNET PARA EMPRESAS COSTA RICA"],"inLanguage":"es-CR"},{"@type":"WebPage","@id":"https:\/\/www.racsa.go.cr\/blog\/suben-denuncias-por-uso-de-documentos-falsos-robados-o-alterados-por-que-usar-vid\/","url":"https:\/\/www.racsa.go.cr\/blog\/suben-denuncias-por-uso-de-documentos-falsos-robados-o-alterados-por-que-usar-vid\/","name":"Suben denuncias por uso de documentos falsos, robados o alterados. \u00bfPor qu\u00e9 usar VID? - Blog de RACSA","isPartOf":{"@id":"https:\/\/www.racsa.go.cr\/blog\/#website"},"primaryImageOfPage":{"@id":"https:\/\/www.racsa.go.cr\/blog\/suben-denuncias-por-uso-de-documentos-falsos-robados-o-alterados-por-que-usar-vid\/#primaryimage"},"image":{"@id":"https:\/\/www.racsa.go.cr\/blog\/suben-denuncias-por-uso-de-documentos-falsos-robados-o-alterados-por-que-usar-vid\/#primaryimage"},"thumbnailUrl":"https:\/\/www.racsa.go.cr\/blog\/wp-content\/uploads\/2020\/08\/VID_Mesa-de-trabajo-1-scaled.jpg","datePublished":"2020-08-26T23:48:34+00:00","dateModified":"2022-04-20T13:32:20+00:00","breadcrumb":{"@id":"https:\/\/www.racsa.go.cr\/blog\/suben-denuncias-por-uso-de-documentos-falsos-robados-o-alterados-por-que-usar-vid\/#breadcrumb"},"inLanguage":"es-CR","potentialAction":[{"@type":"ReadAction","target":["https:\/\/www.racsa.go.cr\/blog\/suben-denuncias-por-uso-de-documentos-falsos-robados-o-alterados-por-que-usar-vid\/"]}]},{"@type":"ImageObject","inLanguage":"es-CR","@id":"https:\/\/www.racsa.go.cr\/blog\/suben-denuncias-por-uso-de-documentos-falsos-robados-o-alterados-por-que-usar-vid\/#primaryimage","url":"https:\/\/www.racsa.go.cr\/blog\/wp-content\/uploads\/2020\/08\/VID_Mesa-de-trabajo-1-scaled.jpg","contentUrl":"https:\/\/www.racsa.go.cr\/blog\/wp-content\/uploads\/2020\/08\/VID_Mesa-de-trabajo-1-scaled.jpg","width":2560,"height":2560},{"@type":"BreadcrumbList","@id":"https:\/\/www.racsa.go.cr\/blog\/suben-denuncias-por-uso-de-documentos-falsos-robados-o-alterados-por-que-usar-vid\/#breadcrumb","itemListElement":[{"@type":"ListItem","position":1,"name":"Portada","item":"https:\/\/www.racsa.go.cr\/blog\/"},{"@type":"ListItem","position":2,"name":"Suben denuncias por uso de documentos falsos, robados o alterados. \u00bfPor qu\u00e9 usar VID?"}]},{"@type":"WebSite","@id":"https:\/\/www.racsa.go.cr\/blog\/#website","url":"https:\/\/www.racsa.go.cr\/blog\/","name":"Blog de RACSA","description":"Noticias y comunicados de inter\u00e9s","publisher":{"@id":"https:\/\/www.racsa.go.cr\/blog\/#organization"},"potentialAction":[{"@type":"SearchAction","target":{"@type":"EntryPoint","urlTemplate":"https:\/\/www.racsa.go.cr\/blog\/?s={search_term_string}"},"query-input":{"@type":"PropertyValueSpecification","valueRequired":true,"valueName":"search_term_string"}}],"inLanguage":"es-CR"},{"@type":"Organization","@id":"https:\/\/www.racsa.go.cr\/blog\/#organization","name":"RACSA","url":"https:\/\/www.racsa.go.cr\/blog\/","logo":{"@type":"ImageObject","inLanguage":"es-CR","@id":"https:\/\/www.racsa.go.cr\/blog\/#\/schema\/logo\/image\/","url":"https:\/\/www.racsa.go.cr\/blog\/wp-content\/uploads\/2020\/06\/logo-racsa-blog_Mesa-de-trabajo-1.png","contentUrl":"https:\/\/www.racsa.go.cr\/blog\/wp-content\/uploads\/2020\/06\/logo-racsa-blog_Mesa-de-trabajo-1.png","width":77,"height":50,"caption":"RACSA"},"image":{"@id":"https:\/\/www.racsa.go.cr\/blog\/#\/schema\/logo\/image\/"},"sameAs":["https:\/\/m.facebook.com\/RACSACR\/","https:\/\/x.com\/RACSA_CR","https:\/\/instagram.com\/racsa_cr?igshid=1xty3rwhqjj6p","https:\/\/www.linkedin.com\/authwall?trk=gf&amp;amp;amp;amp;amp;amp;amp;trkInfo=AQGkHPl9RaoQ9AAAAXXizZAgZzcQwi0sdfDTg7AF4I5Q6B_NrjW5R7wFovOzBkS8ur94lJpFmlv2bomYKC3GZOFcSqkgLKm5wKGh61DyjTqr6c_1E_AFOwxMWF5kjSLpCvbYX9o=&amp;amp;amp;amp;amp;amp;amp;originalReferer&amp;amp;amp;amp;amp;amp;amp;sessionRedirect=https:\/\/es.linkedin.com\/company\/racsa_cr","https:\/\/www.youtube.com\/user\/RACSACOSTARICA"]},{"@type":"Person","@id":"https:\/\/www.racsa.go.cr\/blog\/#\/schema\/person\/ec79d31370d6dc9aaa4365492bc04f4e","name":"Mercadeo RACSA","image":{"@type":"ImageObject","inLanguage":"es-CR","@id":"https:\/\/secure.gravatar.com\/avatar\/7b464a0e344d5a5f82f8b9ceb49dae1d41b1141998fb14d2046814a158d02734?s=96&d=mm&r=g","url":"https:\/\/secure.gravatar.com\/avatar\/7b464a0e344d5a5f82f8b9ceb49dae1d41b1141998fb14d2046814a158d02734?s=96&d=mm&r=g","contentUrl":"https:\/\/secure.gravatar.com\/avatar\/7b464a0e344d5a5f82f8b9ceb49dae1d41b1141998fb14d2046814a158d02734?s=96&d=mm&r=g","caption":"Mercadeo RACSA"}}]}},"_links":{"self":[{"href":"https:\/\/www.racsa.go.cr\/blog\/wp-json\/wp\/v2\/posts\/1662","targetHints":{"allow":["GET"]}}],"collection":[{"href":"https:\/\/www.racsa.go.cr\/blog\/wp-json\/wp\/v2\/posts"}],"about":[{"href":"https:\/\/www.racsa.go.cr\/blog\/wp-json\/wp\/v2\/types\/post"}],"author":[{"embeddable":true,"href":"https:\/\/www.racsa.go.cr\/blog\/wp-json\/wp\/v2\/users\/2"}],"replies":[{"embeddable":true,"href":"https:\/\/www.racsa.go.cr\/blog\/wp-json\/wp\/v2\/comments?post=1662"}],"version-history":[{"count":0,"href":"https:\/\/www.racsa.go.cr\/blog\/wp-json\/wp\/v2\/posts\/1662\/revisions"}],"wp:featuredmedia":[{"embeddable":true,"href":"https:\/\/www.racsa.go.cr\/blog\/wp-json\/wp\/v2\/media\/1661"}],"wp:attachment":[{"href":"https:\/\/www.racsa.go.cr\/blog\/wp-json\/wp\/v2\/media?parent=1662"}],"wp:term":[{"taxonomy":"category","embeddable":true,"href":"https:\/\/www.racsa.go.cr\/blog\/wp-json\/wp\/v2\/categories?post=1662"},{"taxonomy":"post_tag","embeddable":true,"href":"https:\/\/www.racsa.go.cr\/blog\/wp-json\/wp\/v2\/tags?post=1662"}],"curies":[{"name":"wp","href":"https:\/\/api.w.org\/{rel}","templated":true}]}}