{"id":1336,"date":"2019-05-03T19:49:42","date_gmt":"2019-05-04T01:49:42","guid":{"rendered":"https:\/\/racsa.wordpress.com\/?p=1336"},"modified":"2022-04-20T07:43:09","modified_gmt":"2022-04-20T13:43:09","slug":"naranjo-refuerza-seguridad-con-sistema-de-video-vigilancia-de-racsa","status":"publish","type":"post","link":"https:\/\/www.racsa.go.cr\/blog\/naranjo-refuerza-seguridad-con-sistema-de-video-vigilancia-de-racsa\/","title":{"rendered":"Naranjo refuerza seguridad con sistema de Video Vigilancia de RACSA"},"content":{"rendered":"<ul>\n<li>Tecnolog\u00eda permitir\u00e1 contrarrestar modalidades delictivas emergentes en la zona.<\/li>\n<li>Naranjo inicia proceso para convertirse en Ciudad Inteligente.<\/li>\n<\/ul>\n<p><img loading=\"lazy\" decoding=\"async\" class=\"alignnone size-full wp-image-1337\" src=\"https:\/\/www.racsa.go.cr\/blog\/wp-content\/uploads\/2019\/05\/plantilla-redes-sociales-03.jpg\" alt=\"Plantilla redes sociales-03.jpg\" width=\"5001\" height=\"1855\" \/><\/p>\n<p style=\"text-align:justify;\">La Municipalidad de Naranjo (Alajuela) y RACSA presentaron a la comunidad el servicio de Video Vigilancia, con 35 c\u00e1maras de seguridad distribuidas en el casco central del cant\u00f3n y un centro de monitoreo administrado por la Fuerza P\u00fablica.<\/p>\n<p style=\"text-align:justify;\">El sistema utiliza tecnolog\u00eda de alta definici\u00f3n, con la posibilidad de agregar reconocimiento facial para la identificaci\u00f3n inmediata de personas, detecci\u00f3n de movimientos y un sistema moderno de almacenamiento, con capacidad para grabar material durante 30 d\u00edas, las 24 horas.<\/p>\n<p style=\"text-align:justify;\">Juan Luis Chaves, alcalde de Naranjo coment\u00f3 su preocupaci\u00f3n ante la evoluci\u00f3n en los m\u00e9todos utilizados por los grupos delictivos <em>\u201ces importante reconocer que la delincuencia ahora es muy sofisticada, pero al existir un sistema de vigilancia como este, ya se sienten m\u00e1s intimidados porque saben que en alguna parte los est\u00e1n mirando y podr\u00edamos evitar muchos delitos\u201d<\/em><\/p>\n<p style=\"text-align:justify;\"><em>\u201cTener a la Fuerza P\u00fablica a cargo del centro de monitoreo es como tener polic\u00edas en todas partes, previniendo delitos y en caso de que sucedan, poder llegar muy pronto a la escena. La idea es tener muchos ojos en todas partes de la ciudad\u201d<\/em> agreg\u00f3 el acalde.<\/p>\n<p style=\"text-align:justify;\">Gabriela Murillo, vicealcaldesa de Naranjo afirm\u00f3 que <em>\u201cla Municipalidad busca establecer alianzas con diferentes instituciones para garantizar un cant\u00f3n m\u00e1s seguro\u201d<\/em>, en este caso gracias a los convenios con RACSA y la Fuerza P\u00fablica, concluy\u00f3.<\/p>\n<p style=\"text-align:justify;\">Estas alianzas son parte de un esquema colaborativo entre instituciones del Estado que contribuyen a mejorar la convivencia y permiten a los ciudadanos y visitantes, recuperar sus espacios p\u00fablicos.<\/p>\n<p style=\"text-align:justify;\"><em>\u201cRACSA recibe con mucha ilusi\u00f3n y compromiso este proyecto tan importante para los vecinos del cant\u00f3n. Es un orgullo que un municipio como Naranjo, deposite en nuestra empresa la confianza y responsabilidad de liderar este proyecto para fortalecer la seguridad ciudadana y avanzar en la construcci\u00f3n del concepto de \u201cterritorios seguros\u201d, que a futuro permitan conectar este servicio con proyectos similares en cantones vecinos\u201d<\/em>, destac\u00f3 Francisco Calvo Bonilla, gerente general de RACSA.<\/p>\n<p>Naranjo se suma a los cantones de occidente que dan sus primeros pasos en la construcci\u00f3n de comunidades m\u00e1s inteligentes y seguras.<br \/>\nMejoramos su calidad de vida, construyendo su <a class=\"twitter-hashtag pretty-link js-nav\" href=\"https:\/\/twitter.com\/hashtag\/CiudadInteligente?src=hash\"><s>#<\/s><b>CiudadInteligente<\/b><\/a><br \/>\n\u00a1Eso hace RACSA!<br \/>\nwww.racsa.go.cr<\/p>\n","protected":false},"excerpt":{"rendered":"<p>Tecnolog\u00eda permitir\u00e1 contrarrestar modalidades delictivas emergentes en la zona. Naranjo inicia proceso para convertirse en&#8230;<\/p>\n","protected":false},"author":1,"featured_media":0,"comment_status":"closed","ping_status":"closed","sticky":false,"template":"","format":"standard","meta":{"footnotes":""},"categories":[26],"tags":[],"class_list":["post-1336","post","type-post","status-publish","format-standard","hentry","category-uncategorized"],"yoast_head":"<!-- This site is optimized with the Yoast SEO plugin v27.5 - https:\/\/yoast.com\/product\/yoast-seo-wordpress\/ -->\n<title>Naranjo refuerza seguridad con sistema de Video Vigilancia de RACSA - Blog de RACSA<\/title>\n<meta name=\"robots\" content=\"index, follow, max-snippet:-1, max-image-preview:large, max-video-preview:-1\" \/>\n<link rel=\"canonical\" href=\"https:\/\/www.racsa.go.cr\/blog\/naranjo-refuerza-seguridad-con-sistema-de-video-vigilancia-de-racsa\/\" \/>\n<meta property=\"og:locale\" content=\"es_ES\" \/>\n<meta property=\"og:type\" content=\"article\" \/>\n<meta property=\"og:title\" content=\"Naranjo refuerza seguridad con sistema de Video Vigilancia de RACSA - Blog de RACSA\" \/>\n<meta property=\"og:description\" content=\"Tecnolog\u00eda permitir\u00e1 contrarrestar modalidades delictivas emergentes en la zona. Naranjo inicia proceso para convertirse en...\" \/>\n<meta property=\"og:url\" content=\"https:\/\/www.racsa.go.cr\/blog\/naranjo-refuerza-seguridad-con-sistema-de-video-vigilancia-de-racsa\/\" \/>\n<meta property=\"og:site_name\" content=\"Blog de RACSA\" \/>\n<meta property=\"article:publisher\" content=\"https:\/\/m.facebook.com\/RACSACR\/\" \/>\n<meta property=\"article:published_time\" content=\"2019-05-04T01:49:42+00:00\" \/>\n<meta property=\"article:modified_time\" content=\"2022-04-20T13:43:09+00:00\" \/>\n<meta property=\"og:image\" content=\"https:\/\/www.racsa.go.cr\/blog\/wp-content\/uploads\/2019\/05\/plantilla-redes-sociales-03.jpg\" \/>\n<meta name=\"author\" content=\"MERCADEO RACSA\" \/>\n<meta name=\"twitter:card\" content=\"summary_large_image\" \/>\n<meta name=\"twitter:creator\" content=\"@RACSA_CR\" \/>\n<meta name=\"twitter:site\" content=\"@RACSA_CR\" \/>\n<meta name=\"twitter:label1\" content=\"Written by\" \/>\n\t<meta name=\"twitter:data1\" content=\"MERCADEO RACSA\" \/>\n\t<meta name=\"twitter:label2\" content=\"Est. reading time\" \/>\n\t<meta name=\"twitter:data2\" content=\"2 minutos\" \/>\n<script type=\"application\/ld+json\" class=\"yoast-schema-graph\">{\"@context\":\"https:\\\/\\\/schema.org\",\"@graph\":[{\"@type\":\"Article\",\"@id\":\"https:\\\/\\\/www.racsa.go.cr\\\/blog\\\/naranjo-refuerza-seguridad-con-sistema-de-video-vigilancia-de-racsa\\\/#article\",\"isPartOf\":{\"@id\":\"https:\\\/\\\/www.racsa.go.cr\\\/blog\\\/naranjo-refuerza-seguridad-con-sistema-de-video-vigilancia-de-racsa\\\/\"},\"author\":{\"name\":\"MERCADEO RACSA\",\"@id\":\"https:\\\/\\\/www.racsa.go.cr\\\/blog\\\/#\\\/schema\\\/person\\\/a35c6c3089664ec6a7641fa9127e2d6c\"},\"headline\":\"Naranjo refuerza seguridad con sistema de Video Vigilancia de RACSA\",\"datePublished\":\"2019-05-04T01:49:42+00:00\",\"dateModified\":\"2022-04-20T13:43:09+00:00\",\"mainEntityOfPage\":{\"@id\":\"https:\\\/\\\/www.racsa.go.cr\\\/blog\\\/naranjo-refuerza-seguridad-con-sistema-de-video-vigilancia-de-racsa\\\/\"},\"wordCount\":407,\"publisher\":{\"@id\":\"https:\\\/\\\/www.racsa.go.cr\\\/blog\\\/#organization\"},\"image\":{\"@id\":\"https:\\\/\\\/www.racsa.go.cr\\\/blog\\\/naranjo-refuerza-seguridad-con-sistema-de-video-vigilancia-de-racsa\\\/#primaryimage\"},\"thumbnailUrl\":\"https:\\\/\\\/www.racsa.go.cr\\\/blog\\\/wp-content\\\/uploads\\\/2019\\\/05\\\/plantilla-redes-sociales-03.jpg\",\"articleSection\":[\"Uncategorized\"],\"inLanguage\":\"es-CR\"},{\"@type\":\"WebPage\",\"@id\":\"https:\\\/\\\/www.racsa.go.cr\\\/blog\\\/naranjo-refuerza-seguridad-con-sistema-de-video-vigilancia-de-racsa\\\/\",\"url\":\"https:\\\/\\\/www.racsa.go.cr\\\/blog\\\/naranjo-refuerza-seguridad-con-sistema-de-video-vigilancia-de-racsa\\\/\",\"name\":\"Naranjo refuerza seguridad con sistema de Video Vigilancia de RACSA - Blog de RACSA\",\"isPartOf\":{\"@id\":\"https:\\\/\\\/www.racsa.go.cr\\\/blog\\\/#website\"},\"primaryImageOfPage\":{\"@id\":\"https:\\\/\\\/www.racsa.go.cr\\\/blog\\\/naranjo-refuerza-seguridad-con-sistema-de-video-vigilancia-de-racsa\\\/#primaryimage\"},\"image\":{\"@id\":\"https:\\\/\\\/www.racsa.go.cr\\\/blog\\\/naranjo-refuerza-seguridad-con-sistema-de-video-vigilancia-de-racsa\\\/#primaryimage\"},\"thumbnailUrl\":\"https:\\\/\\\/www.racsa.go.cr\\\/blog\\\/wp-content\\\/uploads\\\/2019\\\/05\\\/plantilla-redes-sociales-03.jpg\",\"datePublished\":\"2019-05-04T01:49:42+00:00\",\"dateModified\":\"2022-04-20T13:43:09+00:00\",\"breadcrumb\":{\"@id\":\"https:\\\/\\\/www.racsa.go.cr\\\/blog\\\/naranjo-refuerza-seguridad-con-sistema-de-video-vigilancia-de-racsa\\\/#breadcrumb\"},\"inLanguage\":\"es-CR\",\"potentialAction\":[{\"@type\":\"ReadAction\",\"target\":[\"https:\\\/\\\/www.racsa.go.cr\\\/blog\\\/naranjo-refuerza-seguridad-con-sistema-de-video-vigilancia-de-racsa\\\/\"]}]},{\"@type\":\"ImageObject\",\"inLanguage\":\"es-CR\",\"@id\":\"https:\\\/\\\/www.racsa.go.cr\\\/blog\\\/naranjo-refuerza-seguridad-con-sistema-de-video-vigilancia-de-racsa\\\/#primaryimage\",\"url\":\"https:\\\/\\\/www.racsa.go.cr\\\/blog\\\/wp-content\\\/uploads\\\/2019\\\/05\\\/plantilla-redes-sociales-03.jpg\",\"contentUrl\":\"https:\\\/\\\/www.racsa.go.cr\\\/blog\\\/wp-content\\\/uploads\\\/2019\\\/05\\\/plantilla-redes-sociales-03.jpg\"},{\"@type\":\"BreadcrumbList\",\"@id\":\"https:\\\/\\\/www.racsa.go.cr\\\/blog\\\/naranjo-refuerza-seguridad-con-sistema-de-video-vigilancia-de-racsa\\\/#breadcrumb\",\"itemListElement\":[{\"@type\":\"ListItem\",\"position\":1,\"name\":\"Portada\",\"item\":\"https:\\\/\\\/www.racsa.go.cr\\\/blog\\\/\"},{\"@type\":\"ListItem\",\"position\":2,\"name\":\"Naranjo refuerza seguridad con sistema de Video Vigilancia de RACSA\"}]},{\"@type\":\"WebSite\",\"@id\":\"https:\\\/\\\/www.racsa.go.cr\\\/blog\\\/#website\",\"url\":\"https:\\\/\\\/www.racsa.go.cr\\\/blog\\\/\",\"name\":\"Blog de RACSA\",\"description\":\"Noticias y comunicados de inter\u00e9s\",\"publisher\":{\"@id\":\"https:\\\/\\\/www.racsa.go.cr\\\/blog\\\/#organization\"},\"potentialAction\":[{\"@type\":\"SearchAction\",\"target\":{\"@type\":\"EntryPoint\",\"urlTemplate\":\"https:\\\/\\\/www.racsa.go.cr\\\/blog\\\/?s={search_term_string}\"},\"query-input\":{\"@type\":\"PropertyValueSpecification\",\"valueRequired\":true,\"valueName\":\"search_term_string\"}}],\"inLanguage\":\"es-CR\"},{\"@type\":\"Organization\",\"@id\":\"https:\\\/\\\/www.racsa.go.cr\\\/blog\\\/#organization\",\"name\":\"RACSA\",\"url\":\"https:\\\/\\\/www.racsa.go.cr\\\/blog\\\/\",\"logo\":{\"@type\":\"ImageObject\",\"inLanguage\":\"es-CR\",\"@id\":\"https:\\\/\\\/www.racsa.go.cr\\\/blog\\\/#\\\/schema\\\/logo\\\/image\\\/\",\"url\":\"https:\\\/\\\/www.racsa.go.cr\\\/blog\\\/wp-content\\\/uploads\\\/2020\\\/06\\\/logo-racsa-blog_Mesa-de-trabajo-1.png\",\"contentUrl\":\"https:\\\/\\\/www.racsa.go.cr\\\/blog\\\/wp-content\\\/uploads\\\/2020\\\/06\\\/logo-racsa-blog_Mesa-de-trabajo-1.png\",\"width\":77,\"height\":50,\"caption\":\"RACSA\"},\"image\":{\"@id\":\"https:\\\/\\\/www.racsa.go.cr\\\/blog\\\/#\\\/schema\\\/logo\\\/image\\\/\"},\"sameAs\":[\"https:\\\/\\\/m.facebook.com\\\/RACSACR\\\/\",\"https:\\\/\\\/x.com\\\/RACSA_CR\",\"https:\\\/\\\/instagram.com\\\/racsa_cr?igshid=1xty3rwhqjj6p\",\"https:\\\/\\\/www.linkedin.com\\\/authwall?trk=gf&amp;amp;amp;amp;amp;amp;amp;trkInfo=AQGkHPl9RaoQ9AAAAXXizZAgZzcQwi0sdfDTg7AF4I5Q6B_NrjW5R7wFovOzBkS8ur94lJpFmlv2bomYKC3GZOFcSqkgLKm5wKGh61DyjTqr6c_1E_AFOwxMWF5kjSLpCvbYX9o=&amp;amp;amp;amp;amp;amp;amp;originalReferer&amp;amp;amp;amp;amp;amp;amp;sessionRedirect=https:\\\/\\\/es.linkedin.com\\\/company\\\/racsa_cr\",\"https:\\\/\\\/www.youtube.com\\\/user\\\/RACSACOSTARICA\"]},{\"@type\":\"Person\",\"@id\":\"https:\\\/\\\/www.racsa.go.cr\\\/blog\\\/#\\\/schema\\\/person\\\/a35c6c3089664ec6a7641fa9127e2d6c\",\"name\":\"MERCADEO RACSA\",\"image\":{\"@type\":\"ImageObject\",\"inLanguage\":\"es-CR\",\"@id\":\"https:\\\/\\\/secure.gravatar.com\\\/avatar\\\/665094004b506980d1406911413ba148aae5e87b04a6e666590112ec7103fbae?s=96&d=mm&r=g\",\"url\":\"https:\\\/\\\/secure.gravatar.com\\\/avatar\\\/665094004b506980d1406911413ba148aae5e87b04a6e666590112ec7103fbae?s=96&d=mm&r=g\",\"contentUrl\":\"https:\\\/\\\/secure.gravatar.com\\\/avatar\\\/665094004b506980d1406911413ba148aae5e87b04a6e666590112ec7103fbae?s=96&d=mm&r=g\",\"caption\":\"MERCADEO RACSA\"}}]}<\/script>\n<!-- \/ Yoast SEO plugin. -->","yoast_head_json":{"title":"Naranjo refuerza seguridad con sistema de Video Vigilancia de RACSA - Blog de RACSA","robots":{"index":"index","follow":"follow","max-snippet":"max-snippet:-1","max-image-preview":"max-image-preview:large","max-video-preview":"max-video-preview:-1"},"canonical":"https:\/\/www.racsa.go.cr\/blog\/naranjo-refuerza-seguridad-con-sistema-de-video-vigilancia-de-racsa\/","og_locale":"es_ES","og_type":"article","og_title":"Naranjo refuerza seguridad con sistema de Video Vigilancia de RACSA - Blog de RACSA","og_description":"Tecnolog\u00eda permitir\u00e1 contrarrestar modalidades delictivas emergentes en la zona. Naranjo inicia proceso para convertirse en...","og_url":"https:\/\/www.racsa.go.cr\/blog\/naranjo-refuerza-seguridad-con-sistema-de-video-vigilancia-de-racsa\/","og_site_name":"Blog de RACSA","article_publisher":"https:\/\/m.facebook.com\/RACSACR\/","article_published_time":"2019-05-04T01:49:42+00:00","article_modified_time":"2022-04-20T13:43:09+00:00","og_image":[{"url":"https:\/\/www.racsa.go.cr\/blog\/wp-content\/uploads\/2019\/05\/plantilla-redes-sociales-03.jpg","type":"","width":"","height":""}],"author":"MERCADEO RACSA","twitter_card":"summary_large_image","twitter_creator":"@RACSA_CR","twitter_site":"@RACSA_CR","twitter_misc":{"Written by":"MERCADEO RACSA","Est. reading time":"2 minutos"},"schema":{"@context":"https:\/\/schema.org","@graph":[{"@type":"Article","@id":"https:\/\/www.racsa.go.cr\/blog\/naranjo-refuerza-seguridad-con-sistema-de-video-vigilancia-de-racsa\/#article","isPartOf":{"@id":"https:\/\/www.racsa.go.cr\/blog\/naranjo-refuerza-seguridad-con-sistema-de-video-vigilancia-de-racsa\/"},"author":{"name":"MERCADEO RACSA","@id":"https:\/\/www.racsa.go.cr\/blog\/#\/schema\/person\/a35c6c3089664ec6a7641fa9127e2d6c"},"headline":"Naranjo refuerza seguridad con sistema de Video Vigilancia de RACSA","datePublished":"2019-05-04T01:49:42+00:00","dateModified":"2022-04-20T13:43:09+00:00","mainEntityOfPage":{"@id":"https:\/\/www.racsa.go.cr\/blog\/naranjo-refuerza-seguridad-con-sistema-de-video-vigilancia-de-racsa\/"},"wordCount":407,"publisher":{"@id":"https:\/\/www.racsa.go.cr\/blog\/#organization"},"image":{"@id":"https:\/\/www.racsa.go.cr\/blog\/naranjo-refuerza-seguridad-con-sistema-de-video-vigilancia-de-racsa\/#primaryimage"},"thumbnailUrl":"https:\/\/www.racsa.go.cr\/blog\/wp-content\/uploads\/2019\/05\/plantilla-redes-sociales-03.jpg","articleSection":["Uncategorized"],"inLanguage":"es-CR"},{"@type":"WebPage","@id":"https:\/\/www.racsa.go.cr\/blog\/naranjo-refuerza-seguridad-con-sistema-de-video-vigilancia-de-racsa\/","url":"https:\/\/www.racsa.go.cr\/blog\/naranjo-refuerza-seguridad-con-sistema-de-video-vigilancia-de-racsa\/","name":"Naranjo refuerza seguridad con sistema de Video Vigilancia de RACSA - Blog de RACSA","isPartOf":{"@id":"https:\/\/www.racsa.go.cr\/blog\/#website"},"primaryImageOfPage":{"@id":"https:\/\/www.racsa.go.cr\/blog\/naranjo-refuerza-seguridad-con-sistema-de-video-vigilancia-de-racsa\/#primaryimage"},"image":{"@id":"https:\/\/www.racsa.go.cr\/blog\/naranjo-refuerza-seguridad-con-sistema-de-video-vigilancia-de-racsa\/#primaryimage"},"thumbnailUrl":"https:\/\/www.racsa.go.cr\/blog\/wp-content\/uploads\/2019\/05\/plantilla-redes-sociales-03.jpg","datePublished":"2019-05-04T01:49:42+00:00","dateModified":"2022-04-20T13:43:09+00:00","breadcrumb":{"@id":"https:\/\/www.racsa.go.cr\/blog\/naranjo-refuerza-seguridad-con-sistema-de-video-vigilancia-de-racsa\/#breadcrumb"},"inLanguage":"es-CR","potentialAction":[{"@type":"ReadAction","target":["https:\/\/www.racsa.go.cr\/blog\/naranjo-refuerza-seguridad-con-sistema-de-video-vigilancia-de-racsa\/"]}]},{"@type":"ImageObject","inLanguage":"es-CR","@id":"https:\/\/www.racsa.go.cr\/blog\/naranjo-refuerza-seguridad-con-sistema-de-video-vigilancia-de-racsa\/#primaryimage","url":"https:\/\/www.racsa.go.cr\/blog\/wp-content\/uploads\/2019\/05\/plantilla-redes-sociales-03.jpg","contentUrl":"https:\/\/www.racsa.go.cr\/blog\/wp-content\/uploads\/2019\/05\/plantilla-redes-sociales-03.jpg"},{"@type":"BreadcrumbList","@id":"https:\/\/www.racsa.go.cr\/blog\/naranjo-refuerza-seguridad-con-sistema-de-video-vigilancia-de-racsa\/#breadcrumb","itemListElement":[{"@type":"ListItem","position":1,"name":"Portada","item":"https:\/\/www.racsa.go.cr\/blog\/"},{"@type":"ListItem","position":2,"name":"Naranjo refuerza seguridad con sistema de Video Vigilancia de RACSA"}]},{"@type":"WebSite","@id":"https:\/\/www.racsa.go.cr\/blog\/#website","url":"https:\/\/www.racsa.go.cr\/blog\/","name":"Blog de RACSA","description":"Noticias y comunicados de inter\u00e9s","publisher":{"@id":"https:\/\/www.racsa.go.cr\/blog\/#organization"},"potentialAction":[{"@type":"SearchAction","target":{"@type":"EntryPoint","urlTemplate":"https:\/\/www.racsa.go.cr\/blog\/?s={search_term_string}"},"query-input":{"@type":"PropertyValueSpecification","valueRequired":true,"valueName":"search_term_string"}}],"inLanguage":"es-CR"},{"@type":"Organization","@id":"https:\/\/www.racsa.go.cr\/blog\/#organization","name":"RACSA","url":"https:\/\/www.racsa.go.cr\/blog\/","logo":{"@type":"ImageObject","inLanguage":"es-CR","@id":"https:\/\/www.racsa.go.cr\/blog\/#\/schema\/logo\/image\/","url":"https:\/\/www.racsa.go.cr\/blog\/wp-content\/uploads\/2020\/06\/logo-racsa-blog_Mesa-de-trabajo-1.png","contentUrl":"https:\/\/www.racsa.go.cr\/blog\/wp-content\/uploads\/2020\/06\/logo-racsa-blog_Mesa-de-trabajo-1.png","width":77,"height":50,"caption":"RACSA"},"image":{"@id":"https:\/\/www.racsa.go.cr\/blog\/#\/schema\/logo\/image\/"},"sameAs":["https:\/\/m.facebook.com\/RACSACR\/","https:\/\/x.com\/RACSA_CR","https:\/\/instagram.com\/racsa_cr?igshid=1xty3rwhqjj6p","https:\/\/www.linkedin.com\/authwall?trk=gf&amp;amp;amp;amp;amp;amp;amp;trkInfo=AQGkHPl9RaoQ9AAAAXXizZAgZzcQwi0sdfDTg7AF4I5Q6B_NrjW5R7wFovOzBkS8ur94lJpFmlv2bomYKC3GZOFcSqkgLKm5wKGh61DyjTqr6c_1E_AFOwxMWF5kjSLpCvbYX9o=&amp;amp;amp;amp;amp;amp;amp;originalReferer&amp;amp;amp;amp;amp;amp;amp;sessionRedirect=https:\/\/es.linkedin.com\/company\/racsa_cr","https:\/\/www.youtube.com\/user\/RACSACOSTARICA"]},{"@type":"Person","@id":"https:\/\/www.racsa.go.cr\/blog\/#\/schema\/person\/a35c6c3089664ec6a7641fa9127e2d6c","name":"MERCADEO RACSA","image":{"@type":"ImageObject","inLanguage":"es-CR","@id":"https:\/\/secure.gravatar.com\/avatar\/665094004b506980d1406911413ba148aae5e87b04a6e666590112ec7103fbae?s=96&d=mm&r=g","url":"https:\/\/secure.gravatar.com\/avatar\/665094004b506980d1406911413ba148aae5e87b04a6e666590112ec7103fbae?s=96&d=mm&r=g","contentUrl":"https:\/\/secure.gravatar.com\/avatar\/665094004b506980d1406911413ba148aae5e87b04a6e666590112ec7103fbae?s=96&d=mm&r=g","caption":"MERCADEO RACSA"}}]}},"_links":{"self":[{"href":"https:\/\/www.racsa.go.cr\/blog\/wp-json\/wp\/v2\/posts\/1336","targetHints":{"allow":["GET"]}}],"collection":[{"href":"https:\/\/www.racsa.go.cr\/blog\/wp-json\/wp\/v2\/posts"}],"about":[{"href":"https:\/\/www.racsa.go.cr\/blog\/wp-json\/wp\/v2\/types\/post"}],"author":[{"embeddable":true,"href":"https:\/\/www.racsa.go.cr\/blog\/wp-json\/wp\/v2\/users\/1"}],"replies":[{"embeddable":true,"href":"https:\/\/www.racsa.go.cr\/blog\/wp-json\/wp\/v2\/comments?post=1336"}],"version-history":[{"count":0,"href":"https:\/\/www.racsa.go.cr\/blog\/wp-json\/wp\/v2\/posts\/1336\/revisions"}],"wp:attachment":[{"href":"https:\/\/www.racsa.go.cr\/blog\/wp-json\/wp\/v2\/media?parent=1336"}],"wp:term":[{"taxonomy":"category","embeddable":true,"href":"https:\/\/www.racsa.go.cr\/blog\/wp-json\/wp\/v2\/categories?post=1336"},{"taxonomy":"post_tag","embeddable":true,"href":"https:\/\/www.racsa.go.cr\/blog\/wp-json\/wp\/v2\/tags?post=1336"}],"curies":[{"name":"wp","href":"https:\/\/api.w.org\/{rel}","templated":true}]}}