{"id":1218,"date":"2018-06-08T17:12:21","date_gmt":"2018-06-08T17:12:21","guid":{"rendered":"https:\/\/racsa.wordpress.com\/?p=1218"},"modified":"2018-06-08T17:12:21","modified_gmt":"2018-06-08T17:12:21","slug":"minae-otorga-a-racsa-reconocimiento-a-la-excelencia-por-su-gestion-ambiental","status":"publish","type":"post","link":"https:\/\/www.racsa.go.cr\/blog\/minae-otorga-a-racsa-reconocimiento-a-la-excelencia-por-su-gestion-ambiental\/","title":{"rendered":"MINAE otorga a RACSA reconocimiento a la excelencia por su gesti\u00f3n ambiental"},"content":{"rendered":"<div><\/div>\n<div>\n<img loading=\"lazy\" decoding=\"async\" class=\"size-full wp-image-1220\" src=\"https:\/\/www.racsa.go.cr\/blog\/wp-content\/uploads\/2018\/06\/gestion-ambiente-01.jpg\" alt=\"\" width=\"723\" height=\"268\" \/>\n<\/div>\n<div><\/div>\n<div class=\"_2cuy _3dgx _2vxa\">En el marco del <span class=\"_4yxo\">D\u00eda Mundial de Ambiente,<\/span> RACSA fue reconocida por el Ministerio de Ambiente y Energ\u00eda (Minae) por su excelente desempe\u00f1o en la implementaci\u00f3n del Programa de Gesti\u00f3n Ambiental Institucional (PGAI) al alcanzar la nota de 99,33 por los siguientes esfuerzos realizados durante el 2017 en materia de optimizaci\u00f3n de recursos con impacto ambiental y financiero, por sus implicaciones en el control del gasto:<\/div>\n<div><\/div>\n<div><img loading=\"lazy\" decoding=\"async\" class=\"aligncenter size-full wp-image-1219\" src=\"https:\/\/www.racsa.go.cr\/blog\/wp-content\/uploads\/2018\/06\/captura-de-pantalla-2018-06-08-a-las-09-28-44.png\" alt=\"\" width=\"723\" height=\"133\" srcset=\"https:\/\/www.racsa.go.cr\/blog\/wp-content\/uploads\/2018\/06\/captura-de-pantalla-2018-06-08-a-las-09-28-44.png 2396w, https:\/\/www.racsa.go.cr\/blog\/wp-content\/uploads\/2018\/06\/captura-de-pantalla-2018-06-08-a-las-09-28-44-300x55.png 300w, https:\/\/www.racsa.go.cr\/blog\/wp-content\/uploads\/2018\/06\/captura-de-pantalla-2018-06-08-a-las-09-28-44-1024x189.png 1024w, https:\/\/www.racsa.go.cr\/blog\/wp-content\/uploads\/2018\/06\/captura-de-pantalla-2018-06-08-a-las-09-28-44-768x142.png 768w, https:\/\/www.racsa.go.cr\/blog\/wp-content\/uploads\/2018\/06\/captura-de-pantalla-2018-06-08-a-las-09-28-44-1536x283.png 1536w, https:\/\/www.racsa.go.cr\/blog\/wp-content\/uploads\/2018\/06\/captura-de-pantalla-2018-06-08-a-las-09-28-44-2048x378.png 2048w, https:\/\/www.racsa.go.cr\/blog\/wp-content\/uploads\/2018\/06\/captura-de-pantalla-2018-06-08-a-las-09-28-44-1200x221.png 1200w, https:\/\/www.racsa.go.cr\/blog\/wp-content\/uploads\/2018\/06\/captura-de-pantalla-2018-06-08-a-las-09-28-44-1980x365.png 1980w\" sizes=\"auto, (max-width: 723px) 100vw, 723px\" \/><\/div>\n<div><\/div>\n<div class=\"_2cuy _3dgx _2vxa\">El Ing. H\u00e9ctor Arce, Gestor Ambiental de RACSA indic\u00f3 que <em><span class=\"_4yxp\">\u201ceste reconocimiento demuestra no s\u00f3lo el apoyo de la gerencia, sino tambi\u00e9n la entrega y las acciones diarias de los colaboradores para responder a los compromisos individuales y empresariales en favor del ambiente. Esto nos permite ser visualizados como una instituci\u00f3n socialmente responsable y enrumbada hacia la sostenibilidad\u201d<\/span>.<\/em><\/div>\n<div><\/div>\n<div class=\"_2cuy _3dgx _2vxa\"><span class=\"_4yxo\">RACSA <\/span>destac\u00f3 entre las 28 instituciones p\u00fablicas que alcanzaron la <strong><span class=\"_4yxo\">\u201cCategor\u00eda verde<\/span>\u201d<\/strong> en el sistema sem\u00e1foro del Programa de Gesti\u00f3n Ambiental Institucional (PGAI), gracias al aporte ambiental logrado y cuyo reconocimiento se dio en el marco de la <span class=\"_4yxo\">Feria Internacional del Ambiente 2018.<\/span><\/div>\n<div><\/div>\n<div><\/div>\n<div class=\"_2cuy _3dgx _2vxa\">Para el Gerente General de RACSA, Francisco Calvo Bonilla <em><span class=\"_4yxp\">\u201cEsta distinci\u00f3n premia el esfuerzo integral de los colaboradores por mitigar, hasta donde nos sea posible, el impacto en el planeta. Un a\u00f1o m\u00e1s se demuestra que el compromiso de RACSA en materia ambiental es serio y consistente, no solo por las soluciones tecnol\u00f3gicas que ofrecemos a la ciudadan\u00eda, sino tambi\u00e9n en nuestra propia casa\u201d<\/span>.<\/em><\/div>\n<div><\/div>\n<div><\/div>\n<div class=\"_2cuy _3dgx _2vxa\">Otra acci\u00f3n empresarial en favor del ambiente es la decisi\u00f3n de eliminar la compra de productos desechables en el servicio de soda, lo anterior como resultado del Plan para el Manejo de Residuos 2017-2021, que regula el manejo de pl\u00e1sticos de un solo uso.<\/div>\n<div><\/div>\n<div><\/div>\n<div><\/div>\n","protected":false},"excerpt":{"rendered":"<p>En el marco del D\u00eda Mundial de Ambiente, RACSA fue reconocida por el Ministerio de&#8230;<\/p>\n","protected":false},"author":1,"featured_media":0,"comment_status":"closed","ping_status":"closed","sticky":false,"template":"","format":"standard","meta":{"footnotes":""},"categories":[26],"tags":[],"class_list":["post-1218","post","type-post","status-publish","format-standard","hentry","category-uncategorized"],"yoast_head":"<!-- This site is optimized with the Yoast SEO plugin v27.5 - https:\/\/yoast.com\/product\/yoast-seo-wordpress\/ -->\n<title>MINAE otorga a RACSA reconocimiento a la excelencia por su gesti\u00f3n ambiental - Blog de RACSA<\/title>\n<meta name=\"robots\" content=\"index, follow, max-snippet:-1, max-image-preview:large, max-video-preview:-1\" \/>\n<link rel=\"canonical\" href=\"https:\/\/www.racsa.go.cr\/blog\/minae-otorga-a-racsa-reconocimiento-a-la-excelencia-por-su-gestion-ambiental\/\" \/>\n<meta property=\"og:locale\" content=\"es_ES\" \/>\n<meta property=\"og:type\" content=\"article\" \/>\n<meta property=\"og:title\" content=\"MINAE otorga a RACSA reconocimiento a la excelencia por su gesti\u00f3n ambiental - Blog de RACSA\" \/>\n<meta property=\"og:description\" content=\"En el marco del D\u00eda Mundial de Ambiente, RACSA fue reconocida por el Ministerio de...\" \/>\n<meta property=\"og:url\" content=\"https:\/\/www.racsa.go.cr\/blog\/minae-otorga-a-racsa-reconocimiento-a-la-excelencia-por-su-gestion-ambiental\/\" \/>\n<meta property=\"og:site_name\" content=\"Blog de RACSA\" \/>\n<meta property=\"article:publisher\" content=\"https:\/\/m.facebook.com\/RACSACR\/\" \/>\n<meta property=\"article:published_time\" content=\"2018-06-08T17:12:21+00:00\" \/>\n<meta property=\"og:image\" content=\"https:\/\/www.racsa.go.cr\/blog\/wp-content\/uploads\/2018\/06\/gestion-ambiente-01.jpg\" \/>\n<meta name=\"author\" content=\"MERCADEO RACSA\" \/>\n<meta name=\"twitter:card\" content=\"summary_large_image\" \/>\n<meta name=\"twitter:creator\" content=\"@RACSA_CR\" \/>\n<meta name=\"twitter:site\" content=\"@RACSA_CR\" \/>\n<meta name=\"twitter:label1\" content=\"Written by\" \/>\n\t<meta name=\"twitter:data1\" content=\"MERCADEO RACSA\" \/>\n\t<meta name=\"twitter:label2\" content=\"Est. reading time\" \/>\n\t<meta name=\"twitter:data2\" content=\"1 minuto\" \/>\n<script type=\"application\/ld+json\" class=\"yoast-schema-graph\">{\"@context\":\"https:\\\/\\\/schema.org\",\"@graph\":[{\"@type\":\"Article\",\"@id\":\"https:\\\/\\\/www.racsa.go.cr\\\/blog\\\/minae-otorga-a-racsa-reconocimiento-a-la-excelencia-por-su-gestion-ambiental\\\/#article\",\"isPartOf\":{\"@id\":\"https:\\\/\\\/www.racsa.go.cr\\\/blog\\\/minae-otorga-a-racsa-reconocimiento-a-la-excelencia-por-su-gestion-ambiental\\\/\"},\"author\":{\"name\":\"MERCADEO RACSA\",\"@id\":\"https:\\\/\\\/www.racsa.go.cr\\\/blog\\\/#\\\/schema\\\/person\\\/a35c6c3089664ec6a7641fa9127e2d6c\"},\"headline\":\"MINAE otorga a RACSA reconocimiento a la excelencia por su gesti\u00f3n ambiental\",\"datePublished\":\"2018-06-08T17:12:21+00:00\",\"mainEntityOfPage\":{\"@id\":\"https:\\\/\\\/www.racsa.go.cr\\\/blog\\\/minae-otorga-a-racsa-reconocimiento-a-la-excelencia-por-su-gestion-ambiental\\\/\"},\"wordCount\":307,\"publisher\":{\"@id\":\"https:\\\/\\\/www.racsa.go.cr\\\/blog\\\/#organization\"},\"image\":{\"@id\":\"https:\\\/\\\/www.racsa.go.cr\\\/blog\\\/minae-otorga-a-racsa-reconocimiento-a-la-excelencia-por-su-gestion-ambiental\\\/#primaryimage\"},\"thumbnailUrl\":\"https:\\\/\\\/www.racsa.go.cr\\\/blog\\\/wp-content\\\/uploads\\\/2018\\\/06\\\/gestion-ambiente-01.jpg\",\"articleSection\":[\"Uncategorized\"],\"inLanguage\":\"es-CR\"},{\"@type\":\"WebPage\",\"@id\":\"https:\\\/\\\/www.racsa.go.cr\\\/blog\\\/minae-otorga-a-racsa-reconocimiento-a-la-excelencia-por-su-gestion-ambiental\\\/\",\"url\":\"https:\\\/\\\/www.racsa.go.cr\\\/blog\\\/minae-otorga-a-racsa-reconocimiento-a-la-excelencia-por-su-gestion-ambiental\\\/\",\"name\":\"MINAE otorga a RACSA reconocimiento a la excelencia por su gesti\u00f3n ambiental - Blog de RACSA\",\"isPartOf\":{\"@id\":\"https:\\\/\\\/www.racsa.go.cr\\\/blog\\\/#website\"},\"primaryImageOfPage\":{\"@id\":\"https:\\\/\\\/www.racsa.go.cr\\\/blog\\\/minae-otorga-a-racsa-reconocimiento-a-la-excelencia-por-su-gestion-ambiental\\\/#primaryimage\"},\"image\":{\"@id\":\"https:\\\/\\\/www.racsa.go.cr\\\/blog\\\/minae-otorga-a-racsa-reconocimiento-a-la-excelencia-por-su-gestion-ambiental\\\/#primaryimage\"},\"thumbnailUrl\":\"https:\\\/\\\/www.racsa.go.cr\\\/blog\\\/wp-content\\\/uploads\\\/2018\\\/06\\\/gestion-ambiente-01.jpg\",\"datePublished\":\"2018-06-08T17:12:21+00:00\",\"breadcrumb\":{\"@id\":\"https:\\\/\\\/www.racsa.go.cr\\\/blog\\\/minae-otorga-a-racsa-reconocimiento-a-la-excelencia-por-su-gestion-ambiental\\\/#breadcrumb\"},\"inLanguage\":\"es-CR\",\"potentialAction\":[{\"@type\":\"ReadAction\",\"target\":[\"https:\\\/\\\/www.racsa.go.cr\\\/blog\\\/minae-otorga-a-racsa-reconocimiento-a-la-excelencia-por-su-gestion-ambiental\\\/\"]}]},{\"@type\":\"ImageObject\",\"inLanguage\":\"es-CR\",\"@id\":\"https:\\\/\\\/www.racsa.go.cr\\\/blog\\\/minae-otorga-a-racsa-reconocimiento-a-la-excelencia-por-su-gestion-ambiental\\\/#primaryimage\",\"url\":\"https:\\\/\\\/www.racsa.go.cr\\\/blog\\\/wp-content\\\/uploads\\\/2018\\\/06\\\/gestion-ambiente-01.jpg\",\"contentUrl\":\"https:\\\/\\\/www.racsa.go.cr\\\/blog\\\/wp-content\\\/uploads\\\/2018\\\/06\\\/gestion-ambiente-01.jpg\"},{\"@type\":\"BreadcrumbList\",\"@id\":\"https:\\\/\\\/www.racsa.go.cr\\\/blog\\\/minae-otorga-a-racsa-reconocimiento-a-la-excelencia-por-su-gestion-ambiental\\\/#breadcrumb\",\"itemListElement\":[{\"@type\":\"ListItem\",\"position\":1,\"name\":\"Portada\",\"item\":\"https:\\\/\\\/www.racsa.go.cr\\\/blog\\\/\"},{\"@type\":\"ListItem\",\"position\":2,\"name\":\"MINAE otorga a RACSA reconocimiento a la excelencia por su gesti\u00f3n ambiental\"}]},{\"@type\":\"WebSite\",\"@id\":\"https:\\\/\\\/www.racsa.go.cr\\\/blog\\\/#website\",\"url\":\"https:\\\/\\\/www.racsa.go.cr\\\/blog\\\/\",\"name\":\"Blog de RACSA\",\"description\":\"Noticias y comunicados de inter\u00e9s\",\"publisher\":{\"@id\":\"https:\\\/\\\/www.racsa.go.cr\\\/blog\\\/#organization\"},\"potentialAction\":[{\"@type\":\"SearchAction\",\"target\":{\"@type\":\"EntryPoint\",\"urlTemplate\":\"https:\\\/\\\/www.racsa.go.cr\\\/blog\\\/?s={search_term_string}\"},\"query-input\":{\"@type\":\"PropertyValueSpecification\",\"valueRequired\":true,\"valueName\":\"search_term_string\"}}],\"inLanguage\":\"es-CR\"},{\"@type\":\"Organization\",\"@id\":\"https:\\\/\\\/www.racsa.go.cr\\\/blog\\\/#organization\",\"name\":\"RACSA\",\"url\":\"https:\\\/\\\/www.racsa.go.cr\\\/blog\\\/\",\"logo\":{\"@type\":\"ImageObject\",\"inLanguage\":\"es-CR\",\"@id\":\"https:\\\/\\\/www.racsa.go.cr\\\/blog\\\/#\\\/schema\\\/logo\\\/image\\\/\",\"url\":\"https:\\\/\\\/www.racsa.go.cr\\\/blog\\\/wp-content\\\/uploads\\\/2020\\\/06\\\/logo-racsa-blog_Mesa-de-trabajo-1.png\",\"contentUrl\":\"https:\\\/\\\/www.racsa.go.cr\\\/blog\\\/wp-content\\\/uploads\\\/2020\\\/06\\\/logo-racsa-blog_Mesa-de-trabajo-1.png\",\"width\":77,\"height\":50,\"caption\":\"RACSA\"},\"image\":{\"@id\":\"https:\\\/\\\/www.racsa.go.cr\\\/blog\\\/#\\\/schema\\\/logo\\\/image\\\/\"},\"sameAs\":[\"https:\\\/\\\/m.facebook.com\\\/RACSACR\\\/\",\"https:\\\/\\\/x.com\\\/RACSA_CR\",\"https:\\\/\\\/instagram.com\\\/racsa_cr?igshid=1xty3rwhqjj6p\",\"https:\\\/\\\/www.linkedin.com\\\/authwall?trk=gf&amp;amp;amp;amp;amp;amp;amp;trkInfo=AQGkHPl9RaoQ9AAAAXXizZAgZzcQwi0sdfDTg7AF4I5Q6B_NrjW5R7wFovOzBkS8ur94lJpFmlv2bomYKC3GZOFcSqkgLKm5wKGh61DyjTqr6c_1E_AFOwxMWF5kjSLpCvbYX9o=&amp;amp;amp;amp;amp;amp;amp;originalReferer&amp;amp;amp;amp;amp;amp;amp;sessionRedirect=https:\\\/\\\/es.linkedin.com\\\/company\\\/racsa_cr\",\"https:\\\/\\\/www.youtube.com\\\/user\\\/RACSACOSTARICA\"]},{\"@type\":\"Person\",\"@id\":\"https:\\\/\\\/www.racsa.go.cr\\\/blog\\\/#\\\/schema\\\/person\\\/a35c6c3089664ec6a7641fa9127e2d6c\",\"name\":\"MERCADEO RACSA\",\"image\":{\"@type\":\"ImageObject\",\"inLanguage\":\"es-CR\",\"@id\":\"https:\\\/\\\/secure.gravatar.com\\\/avatar\\\/665094004b506980d1406911413ba148aae5e87b04a6e666590112ec7103fbae?s=96&d=mm&r=g\",\"url\":\"https:\\\/\\\/secure.gravatar.com\\\/avatar\\\/665094004b506980d1406911413ba148aae5e87b04a6e666590112ec7103fbae?s=96&d=mm&r=g\",\"contentUrl\":\"https:\\\/\\\/secure.gravatar.com\\\/avatar\\\/665094004b506980d1406911413ba148aae5e87b04a6e666590112ec7103fbae?s=96&d=mm&r=g\",\"caption\":\"MERCADEO RACSA\"}}]}<\/script>\n<!-- \/ Yoast SEO plugin. -->","yoast_head_json":{"title":"MINAE otorga a RACSA reconocimiento a la excelencia por su gesti\u00f3n ambiental - Blog de RACSA","robots":{"index":"index","follow":"follow","max-snippet":"max-snippet:-1","max-image-preview":"max-image-preview:large","max-video-preview":"max-video-preview:-1"},"canonical":"https:\/\/www.racsa.go.cr\/blog\/minae-otorga-a-racsa-reconocimiento-a-la-excelencia-por-su-gestion-ambiental\/","og_locale":"es_ES","og_type":"article","og_title":"MINAE otorga a RACSA reconocimiento a la excelencia por su gesti\u00f3n ambiental - Blog de RACSA","og_description":"En el marco del D\u00eda Mundial de Ambiente, RACSA fue reconocida por el Ministerio de...","og_url":"https:\/\/www.racsa.go.cr\/blog\/minae-otorga-a-racsa-reconocimiento-a-la-excelencia-por-su-gestion-ambiental\/","og_site_name":"Blog de RACSA","article_publisher":"https:\/\/m.facebook.com\/RACSACR\/","article_published_time":"2018-06-08T17:12:21+00:00","og_image":[{"url":"https:\/\/www.racsa.go.cr\/blog\/wp-content\/uploads\/2018\/06\/gestion-ambiente-01.jpg","type":"","width":"","height":""}],"author":"MERCADEO RACSA","twitter_card":"summary_large_image","twitter_creator":"@RACSA_CR","twitter_site":"@RACSA_CR","twitter_misc":{"Written by":"MERCADEO RACSA","Est. reading time":"1 minuto"},"schema":{"@context":"https:\/\/schema.org","@graph":[{"@type":"Article","@id":"https:\/\/www.racsa.go.cr\/blog\/minae-otorga-a-racsa-reconocimiento-a-la-excelencia-por-su-gestion-ambiental\/#article","isPartOf":{"@id":"https:\/\/www.racsa.go.cr\/blog\/minae-otorga-a-racsa-reconocimiento-a-la-excelencia-por-su-gestion-ambiental\/"},"author":{"name":"MERCADEO RACSA","@id":"https:\/\/www.racsa.go.cr\/blog\/#\/schema\/person\/a35c6c3089664ec6a7641fa9127e2d6c"},"headline":"MINAE otorga a RACSA reconocimiento a la excelencia por su gesti\u00f3n ambiental","datePublished":"2018-06-08T17:12:21+00:00","mainEntityOfPage":{"@id":"https:\/\/www.racsa.go.cr\/blog\/minae-otorga-a-racsa-reconocimiento-a-la-excelencia-por-su-gestion-ambiental\/"},"wordCount":307,"publisher":{"@id":"https:\/\/www.racsa.go.cr\/blog\/#organization"},"image":{"@id":"https:\/\/www.racsa.go.cr\/blog\/minae-otorga-a-racsa-reconocimiento-a-la-excelencia-por-su-gestion-ambiental\/#primaryimage"},"thumbnailUrl":"https:\/\/www.racsa.go.cr\/blog\/wp-content\/uploads\/2018\/06\/gestion-ambiente-01.jpg","articleSection":["Uncategorized"],"inLanguage":"es-CR"},{"@type":"WebPage","@id":"https:\/\/www.racsa.go.cr\/blog\/minae-otorga-a-racsa-reconocimiento-a-la-excelencia-por-su-gestion-ambiental\/","url":"https:\/\/www.racsa.go.cr\/blog\/minae-otorga-a-racsa-reconocimiento-a-la-excelencia-por-su-gestion-ambiental\/","name":"MINAE otorga a RACSA reconocimiento a la excelencia por su gesti\u00f3n ambiental - Blog de RACSA","isPartOf":{"@id":"https:\/\/www.racsa.go.cr\/blog\/#website"},"primaryImageOfPage":{"@id":"https:\/\/www.racsa.go.cr\/blog\/minae-otorga-a-racsa-reconocimiento-a-la-excelencia-por-su-gestion-ambiental\/#primaryimage"},"image":{"@id":"https:\/\/www.racsa.go.cr\/blog\/minae-otorga-a-racsa-reconocimiento-a-la-excelencia-por-su-gestion-ambiental\/#primaryimage"},"thumbnailUrl":"https:\/\/www.racsa.go.cr\/blog\/wp-content\/uploads\/2018\/06\/gestion-ambiente-01.jpg","datePublished":"2018-06-08T17:12:21+00:00","breadcrumb":{"@id":"https:\/\/www.racsa.go.cr\/blog\/minae-otorga-a-racsa-reconocimiento-a-la-excelencia-por-su-gestion-ambiental\/#breadcrumb"},"inLanguage":"es-CR","potentialAction":[{"@type":"ReadAction","target":["https:\/\/www.racsa.go.cr\/blog\/minae-otorga-a-racsa-reconocimiento-a-la-excelencia-por-su-gestion-ambiental\/"]}]},{"@type":"ImageObject","inLanguage":"es-CR","@id":"https:\/\/www.racsa.go.cr\/blog\/minae-otorga-a-racsa-reconocimiento-a-la-excelencia-por-su-gestion-ambiental\/#primaryimage","url":"https:\/\/www.racsa.go.cr\/blog\/wp-content\/uploads\/2018\/06\/gestion-ambiente-01.jpg","contentUrl":"https:\/\/www.racsa.go.cr\/blog\/wp-content\/uploads\/2018\/06\/gestion-ambiente-01.jpg"},{"@type":"BreadcrumbList","@id":"https:\/\/www.racsa.go.cr\/blog\/minae-otorga-a-racsa-reconocimiento-a-la-excelencia-por-su-gestion-ambiental\/#breadcrumb","itemListElement":[{"@type":"ListItem","position":1,"name":"Portada","item":"https:\/\/www.racsa.go.cr\/blog\/"},{"@type":"ListItem","position":2,"name":"MINAE otorga a RACSA reconocimiento a la excelencia por su gesti\u00f3n ambiental"}]},{"@type":"WebSite","@id":"https:\/\/www.racsa.go.cr\/blog\/#website","url":"https:\/\/www.racsa.go.cr\/blog\/","name":"Blog de RACSA","description":"Noticias y comunicados de inter\u00e9s","publisher":{"@id":"https:\/\/www.racsa.go.cr\/blog\/#organization"},"potentialAction":[{"@type":"SearchAction","target":{"@type":"EntryPoint","urlTemplate":"https:\/\/www.racsa.go.cr\/blog\/?s={search_term_string}"},"query-input":{"@type":"PropertyValueSpecification","valueRequired":true,"valueName":"search_term_string"}}],"inLanguage":"es-CR"},{"@type":"Organization","@id":"https:\/\/www.racsa.go.cr\/blog\/#organization","name":"RACSA","url":"https:\/\/www.racsa.go.cr\/blog\/","logo":{"@type":"ImageObject","inLanguage":"es-CR","@id":"https:\/\/www.racsa.go.cr\/blog\/#\/schema\/logo\/image\/","url":"https:\/\/www.racsa.go.cr\/blog\/wp-content\/uploads\/2020\/06\/logo-racsa-blog_Mesa-de-trabajo-1.png","contentUrl":"https:\/\/www.racsa.go.cr\/blog\/wp-content\/uploads\/2020\/06\/logo-racsa-blog_Mesa-de-trabajo-1.png","width":77,"height":50,"caption":"RACSA"},"image":{"@id":"https:\/\/www.racsa.go.cr\/blog\/#\/schema\/logo\/image\/"},"sameAs":["https:\/\/m.facebook.com\/RACSACR\/","https:\/\/x.com\/RACSA_CR","https:\/\/instagram.com\/racsa_cr?igshid=1xty3rwhqjj6p","https:\/\/www.linkedin.com\/authwall?trk=gf&amp;amp;amp;amp;amp;amp;amp;trkInfo=AQGkHPl9RaoQ9AAAAXXizZAgZzcQwi0sdfDTg7AF4I5Q6B_NrjW5R7wFovOzBkS8ur94lJpFmlv2bomYKC3GZOFcSqkgLKm5wKGh61DyjTqr6c_1E_AFOwxMWF5kjSLpCvbYX9o=&amp;amp;amp;amp;amp;amp;amp;originalReferer&amp;amp;amp;amp;amp;amp;amp;sessionRedirect=https:\/\/es.linkedin.com\/company\/racsa_cr","https:\/\/www.youtube.com\/user\/RACSACOSTARICA"]},{"@type":"Person","@id":"https:\/\/www.racsa.go.cr\/blog\/#\/schema\/person\/a35c6c3089664ec6a7641fa9127e2d6c","name":"MERCADEO RACSA","image":{"@type":"ImageObject","inLanguage":"es-CR","@id":"https:\/\/secure.gravatar.com\/avatar\/665094004b506980d1406911413ba148aae5e87b04a6e666590112ec7103fbae?s=96&d=mm&r=g","url":"https:\/\/secure.gravatar.com\/avatar\/665094004b506980d1406911413ba148aae5e87b04a6e666590112ec7103fbae?s=96&d=mm&r=g","contentUrl":"https:\/\/secure.gravatar.com\/avatar\/665094004b506980d1406911413ba148aae5e87b04a6e666590112ec7103fbae?s=96&d=mm&r=g","caption":"MERCADEO RACSA"}}]}},"_links":{"self":[{"href":"https:\/\/www.racsa.go.cr\/blog\/wp-json\/wp\/v2\/posts\/1218","targetHints":{"allow":["GET"]}}],"collection":[{"href":"https:\/\/www.racsa.go.cr\/blog\/wp-json\/wp\/v2\/posts"}],"about":[{"href":"https:\/\/www.racsa.go.cr\/blog\/wp-json\/wp\/v2\/types\/post"}],"author":[{"embeddable":true,"href":"https:\/\/www.racsa.go.cr\/blog\/wp-json\/wp\/v2\/users\/1"}],"replies":[{"embeddable":true,"href":"https:\/\/www.racsa.go.cr\/blog\/wp-json\/wp\/v2\/comments?post=1218"}],"version-history":[{"count":0,"href":"https:\/\/www.racsa.go.cr\/blog\/wp-json\/wp\/v2\/posts\/1218\/revisions"}],"wp:attachment":[{"href":"https:\/\/www.racsa.go.cr\/blog\/wp-json\/wp\/v2\/media?parent=1218"}],"wp:term":[{"taxonomy":"category","embeddable":true,"href":"https:\/\/www.racsa.go.cr\/blog\/wp-json\/wp\/v2\/categories?post=1218"},{"taxonomy":"post_tag","embeddable":true,"href":"https:\/\/www.racsa.go.cr\/blog\/wp-json\/wp\/v2\/tags?post=1218"}],"curies":[{"name":"wp","href":"https:\/\/api.w.org\/{rel}","templated":true}]}}