{"id":1170,"date":"2018-03-21T21:36:26","date_gmt":"2018-03-22T03:36:26","guid":{"rendered":"https:\/\/racsa.wordpress.com\/?p=1170"},"modified":"2022-04-20T07:47:53","modified_gmt":"2022-04-20T13:47:53","slug":"ciudades-inteligentes-utopia-o-realidad-para-costa-rica","status":"publish","type":"post","link":"https:\/\/www.racsa.go.cr\/blog\/ciudades-inteligentes-utopia-o-realidad-para-costa-rica\/","title":{"rendered":"Ciudades Inteligentes \u00bfutop\u00eda o realidad para Costa Rica?"},"content":{"rendered":"<p><span style=\"font-weight:400;\">Cuando hablamos de Ciudades Inteligentes probablemente pensemos en \u00c1msterdam, Berl\u00edn o San Francisco y nunca imaginemos San Jos\u00e9 o Tib\u00e1s en la lista, sin embargo, esto podr\u00eda estar muy cerca de cambiar. <\/span><br \/>\n&nbsp;<br \/>\n<span style=\"font-weight:400;\">El 54% de la poblaci\u00f3n mundial actual reside en \u00e1reas urbanas y se prev\u00e9 que para 2050 llegaremos al 66%, seg\u00fan dato de Naciones Unidas. En nuestro pa\u00eds, la Gran \u00c1rea Metropolitana (GAM) alberga a poco m\u00e1s de la mitad de la poblaci\u00f3n total de Costa Rica. Que la vida en la ciudad est\u00e9 en el foco de la atenci\u00f3n mundial y nacional no es casualidad. De hecho, uno de los objetivos de Desarrollo Sostenible para 2030 \u00a0es lograr que las ciudades sean m\u00e1s inclusivas, seguras, resilientes y sostenibles, entendiendo que, mejores ciudades representan mejores vidas para sus habitantes.<\/span><br \/>\n&nbsp;<br \/>\n<span style=\"font-weight:400;\">En este contexto se ha venido construyendo el t\u00e9rmino de \u201cCiudades Inteligentes\u201d, como aquellas que colocan al ciudadano como elemento medular de su evoluci\u00f3n. Y que de la mano de la tecnolog\u00eda buscan un cambio en la adaptaci\u00f3n e integraci\u00f3n de procesos e infraestructuras hacia un enfoque inteligente y altamente conectado. Beneficiando la econom\u00eda de los pa\u00edses y consolid\u00e1ndose como fuente de bienes y servicios para la mejora palpable en la calidad de vida de sus habitantes.<\/span><br \/>\n<span style=\"font-weight:400;\">Es decir, una Ciudad Inteligente es aquella ciudad que hace un uso intensivo de las tecnolog\u00edas de la informaci\u00f3n y comunicaciones, como facilitador en \u00a0la creaci\u00f3n y mejoramiento de los sistemas que componen la ciudad. Permitiendo beneficiar integral y directamente a las personas. Por ejemplo, sistemas de videovigilancia, la utilizaci\u00f3n de paneles fotovoltaicos en las comunidades, m\u00e1s medios de transporte y veh\u00edculos el\u00e9ctricos con el consecuente mecanismo de control vehicular, paneles solares para sem\u00e1foros o se\u00f1ales, promoci\u00f3n y desarrollo del uso de bicicletas, soluciones para medir y controlar las emisiones que afectan el aire, entre muchas otras aplicaciones pr\u00e1cticas e integrables entre s\u00ed.<\/span><br \/>\n&nbsp;<\/p>\n<h2><span style=\"font-weight:400;\">Ejes para guiar las \u201cCiudades Inteligentes\u201d<\/span><\/h2>\n<p><img loading=\"lazy\" decoding=\"async\" class=\"alignnone size-full wp-image-1171\" src=\"https:\/\/www.racsa.go.cr\/blog\/wp-content\/uploads\/2018\/03\/gifracsa.gif\" alt=\"GIFRACSA.gif\" width=\"1200\" height=\"1200\" \/><br \/>\n<span style=\"font-weight:400;\">Es necesario contar con soluciones inteligentes que integren m\u00faltiples sectores por medio de \u00a0plataformas digitales que resuelvan retos diversos y cotidianos. Para guiar y evaluar a las ciudades se toman en cuenta de forma general los siguientes ejes:<\/span><br \/>\n&nbsp;<\/p>\n<ul>\n<li style=\"font-weight:400;\"><span style=\"font-weight:400;\">Seguridad<\/span><\/li>\n<li style=\"font-weight:400;\"><span style=\"font-weight:400;\">Educaci\u00f3n<\/span><\/li>\n<li style=\"font-weight:400;\"><span style=\"font-weight:400;\">Energ\u00eda<\/span><\/li>\n<li style=\"font-weight:400;\"><span style=\"font-weight:400;\">Medio Ambiente <\/span><\/li>\n<li style=\"font-weight:400;\"><span style=\"font-weight:400;\">Gobierno<\/span><\/li>\n<li style=\"font-weight:400;\"><span style=\"font-weight:400;\">Movilidad<\/span><\/li>\n<li style=\"font-weight:400;\"><span style=\"font-weight:400;\">Ciudadan\u00eda Participativa<\/span><\/li>\n<\/ul>\n<p><span style=\"font-weight:400;\">La meta de RACSA de cara a esta evoluci\u00f3n, se fundamenta en proveer respuestas \u00a0integrales centradas en el ciudadano por medio de la creaci\u00f3n de una plataforma transversal con tecnolog\u00eda de punta, donde se puedan a\u00f1adir y unificar soluciones que brinden respuestas din\u00e1micas y efectivas a las necesidades y expectativas de los ciudadanos y los gobiernos locales costarricenses. Centralizando los procesos, por medio de la unificaci\u00f3n de datos, con acceso en tiempo real y por medio de interfaces para la toma de decisiones. <\/span><br \/>\n&nbsp;<br \/>\n<span style=\"font-weight:400;\">No se pierda la siguiente entrada donde profundizamos sobre la conceptualizaci\u00f3n de ciudades inteligentes y sobre los servicios, RACSA del Grupo ICE, que proveen soluciones alineadas a la visi\u00f3n estrat\u00e9gica de cada cant\u00f3n y que est\u00e1n en capacidad de acompa\u00f1ar a las municipalidades en la construcci\u00f3n de su estrategia para la consolidaci\u00f3n de una ciudad inteligente.<\/span><\/p>\n","protected":false},"excerpt":{"rendered":"<p>Cuando hablamos de Ciudades Inteligentes probablemente pensemos en \u00c1msterdam, Berl\u00edn o San Francisco y nunca&#8230;<\/p>\n","protected":false},"author":1,"featured_media":0,"comment_status":"closed","ping_status":"closed","sticky":false,"template":"","format":"standard","meta":{"footnotes":""},"categories":[178,26],"tags":[177,179,180,14],"class_list":["post-1170","post","type-post","status-publish","format-standard","hentry","category-ciudades-inteligentes","category-uncategorized","tag-ciudades","tag-ciudadesinteligentes","tag-costarica","tag-racsa"],"yoast_head":"<!-- This site is optimized with the Yoast SEO plugin v27.5 - https:\/\/yoast.com\/product\/yoast-seo-wordpress\/ -->\n<title>Ciudades Inteligentes \u00bfutop\u00eda o realidad para Costa Rica? - Blog de RACSA<\/title>\n<meta name=\"robots\" content=\"index, follow, max-snippet:-1, max-image-preview:large, max-video-preview:-1\" \/>\n<link rel=\"canonical\" href=\"https:\/\/www.racsa.go.cr\/blog\/ciudades-inteligentes-utopia-o-realidad-para-costa-rica\/\" \/>\n<meta property=\"og:locale\" content=\"es_ES\" \/>\n<meta property=\"og:type\" content=\"article\" \/>\n<meta property=\"og:title\" content=\"Ciudades Inteligentes \u00bfutop\u00eda o realidad para Costa Rica? - Blog de RACSA\" \/>\n<meta property=\"og:description\" content=\"Cuando hablamos de Ciudades Inteligentes probablemente pensemos en \u00c1msterdam, Berl\u00edn o San Francisco y nunca...\" \/>\n<meta property=\"og:url\" content=\"https:\/\/www.racsa.go.cr\/blog\/ciudades-inteligentes-utopia-o-realidad-para-costa-rica\/\" \/>\n<meta property=\"og:site_name\" content=\"Blog de RACSA\" \/>\n<meta property=\"article:publisher\" content=\"https:\/\/m.facebook.com\/RACSACR\/\" \/>\n<meta property=\"article:published_time\" content=\"2018-03-22T03:36:26+00:00\" \/>\n<meta property=\"article:modified_time\" content=\"2022-04-20T13:47:53+00:00\" \/>\n<meta property=\"og:image\" content=\"https:\/\/www.racsa.go.cr\/blog\/wp-content\/uploads\/2018\/03\/gifracsa.gif\" \/>\n<meta name=\"author\" content=\"MERCADEO RACSA\" \/>\n<meta name=\"twitter:card\" content=\"summary_large_image\" \/>\n<meta name=\"twitter:creator\" content=\"@RACSA_CR\" \/>\n<meta name=\"twitter:site\" content=\"@RACSA_CR\" \/>\n<meta name=\"twitter:label1\" content=\"Written by\" \/>\n\t<meta name=\"twitter:data1\" content=\"MERCADEO RACSA\" \/>\n\t<meta name=\"twitter:label2\" content=\"Est. reading time\" \/>\n\t<meta name=\"twitter:data2\" content=\"3 minutos\" \/>\n<script type=\"application\/ld+json\" class=\"yoast-schema-graph\">{\"@context\":\"https:\\\/\\\/schema.org\",\"@graph\":[{\"@type\":\"Article\",\"@id\":\"https:\\\/\\\/www.racsa.go.cr\\\/blog\\\/ciudades-inteligentes-utopia-o-realidad-para-costa-rica\\\/#article\",\"isPartOf\":{\"@id\":\"https:\\\/\\\/www.racsa.go.cr\\\/blog\\\/ciudades-inteligentes-utopia-o-realidad-para-costa-rica\\\/\"},\"author\":{\"name\":\"MERCADEO RACSA\",\"@id\":\"https:\\\/\\\/www.racsa.go.cr\\\/blog\\\/#\\\/schema\\\/person\\\/a35c6c3089664ec6a7641fa9127e2d6c\"},\"headline\":\"Ciudades Inteligentes \u00bfutop\u00eda o realidad para Costa Rica?\",\"datePublished\":\"2018-03-22T03:36:26+00:00\",\"dateModified\":\"2022-04-20T13:47:53+00:00\",\"mainEntityOfPage\":{\"@id\":\"https:\\\/\\\/www.racsa.go.cr\\\/blog\\\/ciudades-inteligentes-utopia-o-realidad-para-costa-rica\\\/\"},\"wordCount\":560,\"publisher\":{\"@id\":\"https:\\\/\\\/www.racsa.go.cr\\\/blog\\\/#organization\"},\"image\":{\"@id\":\"https:\\\/\\\/www.racsa.go.cr\\\/blog\\\/ciudades-inteligentes-utopia-o-realidad-para-costa-rica\\\/#primaryimage\"},\"thumbnailUrl\":\"https:\\\/\\\/www.racsa.go.cr\\\/blog\\\/wp-content\\\/uploads\\\/2018\\\/03\\\/gifracsa.gif\",\"keywords\":[\"ciudades\",\"ciudadesinteligentes\",\"Costarica\",\"RACSA\"],\"articleSection\":[\"Ciudades Inteligentes\",\"Uncategorized\"],\"inLanguage\":\"es-CR\"},{\"@type\":\"WebPage\",\"@id\":\"https:\\\/\\\/www.racsa.go.cr\\\/blog\\\/ciudades-inteligentes-utopia-o-realidad-para-costa-rica\\\/\",\"url\":\"https:\\\/\\\/www.racsa.go.cr\\\/blog\\\/ciudades-inteligentes-utopia-o-realidad-para-costa-rica\\\/\",\"name\":\"Ciudades Inteligentes \u00bfutop\u00eda o realidad para Costa Rica? - Blog de RACSA\",\"isPartOf\":{\"@id\":\"https:\\\/\\\/www.racsa.go.cr\\\/blog\\\/#website\"},\"primaryImageOfPage\":{\"@id\":\"https:\\\/\\\/www.racsa.go.cr\\\/blog\\\/ciudades-inteligentes-utopia-o-realidad-para-costa-rica\\\/#primaryimage\"},\"image\":{\"@id\":\"https:\\\/\\\/www.racsa.go.cr\\\/blog\\\/ciudades-inteligentes-utopia-o-realidad-para-costa-rica\\\/#primaryimage\"},\"thumbnailUrl\":\"https:\\\/\\\/www.racsa.go.cr\\\/blog\\\/wp-content\\\/uploads\\\/2018\\\/03\\\/gifracsa.gif\",\"datePublished\":\"2018-03-22T03:36:26+00:00\",\"dateModified\":\"2022-04-20T13:47:53+00:00\",\"breadcrumb\":{\"@id\":\"https:\\\/\\\/www.racsa.go.cr\\\/blog\\\/ciudades-inteligentes-utopia-o-realidad-para-costa-rica\\\/#breadcrumb\"},\"inLanguage\":\"es-CR\",\"potentialAction\":[{\"@type\":\"ReadAction\",\"target\":[\"https:\\\/\\\/www.racsa.go.cr\\\/blog\\\/ciudades-inteligentes-utopia-o-realidad-para-costa-rica\\\/\"]}]},{\"@type\":\"ImageObject\",\"inLanguage\":\"es-CR\",\"@id\":\"https:\\\/\\\/www.racsa.go.cr\\\/blog\\\/ciudades-inteligentes-utopia-o-realidad-para-costa-rica\\\/#primaryimage\",\"url\":\"https:\\\/\\\/www.racsa.go.cr\\\/blog\\\/wp-content\\\/uploads\\\/2018\\\/03\\\/gifracsa.gif\",\"contentUrl\":\"https:\\\/\\\/www.racsa.go.cr\\\/blog\\\/wp-content\\\/uploads\\\/2018\\\/03\\\/gifracsa.gif\",\"width\":1200,\"height\":1200},{\"@type\":\"BreadcrumbList\",\"@id\":\"https:\\\/\\\/www.racsa.go.cr\\\/blog\\\/ciudades-inteligentes-utopia-o-realidad-para-costa-rica\\\/#breadcrumb\",\"itemListElement\":[{\"@type\":\"ListItem\",\"position\":1,\"name\":\"Portada\",\"item\":\"https:\\\/\\\/www.racsa.go.cr\\\/blog\\\/\"},{\"@type\":\"ListItem\",\"position\":2,\"name\":\"Ciudades Inteligentes \u00bfutop\u00eda o realidad para Costa Rica?\"}]},{\"@type\":\"WebSite\",\"@id\":\"https:\\\/\\\/www.racsa.go.cr\\\/blog\\\/#website\",\"url\":\"https:\\\/\\\/www.racsa.go.cr\\\/blog\\\/\",\"name\":\"Blog de RACSA\",\"description\":\"Noticias y comunicados de inter\u00e9s\",\"publisher\":{\"@id\":\"https:\\\/\\\/www.racsa.go.cr\\\/blog\\\/#organization\"},\"potentialAction\":[{\"@type\":\"SearchAction\",\"target\":{\"@type\":\"EntryPoint\",\"urlTemplate\":\"https:\\\/\\\/www.racsa.go.cr\\\/blog\\\/?s={search_term_string}\"},\"query-input\":{\"@type\":\"PropertyValueSpecification\",\"valueRequired\":true,\"valueName\":\"search_term_string\"}}],\"inLanguage\":\"es-CR\"},{\"@type\":\"Organization\",\"@id\":\"https:\\\/\\\/www.racsa.go.cr\\\/blog\\\/#organization\",\"name\":\"RACSA\",\"url\":\"https:\\\/\\\/www.racsa.go.cr\\\/blog\\\/\",\"logo\":{\"@type\":\"ImageObject\",\"inLanguage\":\"es-CR\",\"@id\":\"https:\\\/\\\/www.racsa.go.cr\\\/blog\\\/#\\\/schema\\\/logo\\\/image\\\/\",\"url\":\"https:\\\/\\\/www.racsa.go.cr\\\/blog\\\/wp-content\\\/uploads\\\/2020\\\/06\\\/logo-racsa-blog_Mesa-de-trabajo-1.png\",\"contentUrl\":\"https:\\\/\\\/www.racsa.go.cr\\\/blog\\\/wp-content\\\/uploads\\\/2020\\\/06\\\/logo-racsa-blog_Mesa-de-trabajo-1.png\",\"width\":77,\"height\":50,\"caption\":\"RACSA\"},\"image\":{\"@id\":\"https:\\\/\\\/www.racsa.go.cr\\\/blog\\\/#\\\/schema\\\/logo\\\/image\\\/\"},\"sameAs\":[\"https:\\\/\\\/m.facebook.com\\\/RACSACR\\\/\",\"https:\\\/\\\/x.com\\\/RACSA_CR\",\"https:\\\/\\\/instagram.com\\\/racsa_cr?igshid=1xty3rwhqjj6p\",\"https:\\\/\\\/www.linkedin.com\\\/authwall?trk=gf&amp;amp;amp;amp;amp;amp;amp;trkInfo=AQGkHPl9RaoQ9AAAAXXizZAgZzcQwi0sdfDTg7AF4I5Q6B_NrjW5R7wFovOzBkS8ur94lJpFmlv2bomYKC3GZOFcSqkgLKm5wKGh61DyjTqr6c_1E_AFOwxMWF5kjSLpCvbYX9o=&amp;amp;amp;amp;amp;amp;amp;originalReferer&amp;amp;amp;amp;amp;amp;amp;sessionRedirect=https:\\\/\\\/es.linkedin.com\\\/company\\\/racsa_cr\",\"https:\\\/\\\/www.youtube.com\\\/user\\\/RACSACOSTARICA\"]},{\"@type\":\"Person\",\"@id\":\"https:\\\/\\\/www.racsa.go.cr\\\/blog\\\/#\\\/schema\\\/person\\\/a35c6c3089664ec6a7641fa9127e2d6c\",\"name\":\"MERCADEO RACSA\",\"image\":{\"@type\":\"ImageObject\",\"inLanguage\":\"es-CR\",\"@id\":\"https:\\\/\\\/secure.gravatar.com\\\/avatar\\\/665094004b506980d1406911413ba148aae5e87b04a6e666590112ec7103fbae?s=96&d=mm&r=g\",\"url\":\"https:\\\/\\\/secure.gravatar.com\\\/avatar\\\/665094004b506980d1406911413ba148aae5e87b04a6e666590112ec7103fbae?s=96&d=mm&r=g\",\"contentUrl\":\"https:\\\/\\\/secure.gravatar.com\\\/avatar\\\/665094004b506980d1406911413ba148aae5e87b04a6e666590112ec7103fbae?s=96&d=mm&r=g\",\"caption\":\"MERCADEO RACSA\"}}]}<\/script>\n<!-- \/ Yoast SEO plugin. -->","yoast_head_json":{"title":"Ciudades Inteligentes \u00bfutop\u00eda o realidad para Costa Rica? - Blog de RACSA","robots":{"index":"index","follow":"follow","max-snippet":"max-snippet:-1","max-image-preview":"max-image-preview:large","max-video-preview":"max-video-preview:-1"},"canonical":"https:\/\/www.racsa.go.cr\/blog\/ciudades-inteligentes-utopia-o-realidad-para-costa-rica\/","og_locale":"es_ES","og_type":"article","og_title":"Ciudades Inteligentes \u00bfutop\u00eda o realidad para Costa Rica? - Blog de RACSA","og_description":"Cuando hablamos de Ciudades Inteligentes probablemente pensemos en \u00c1msterdam, Berl\u00edn o San Francisco y nunca...","og_url":"https:\/\/www.racsa.go.cr\/blog\/ciudades-inteligentes-utopia-o-realidad-para-costa-rica\/","og_site_name":"Blog de RACSA","article_publisher":"https:\/\/m.facebook.com\/RACSACR\/","article_published_time":"2018-03-22T03:36:26+00:00","article_modified_time":"2022-04-20T13:47:53+00:00","og_image":[{"url":"https:\/\/www.racsa.go.cr\/blog\/wp-content\/uploads\/2018\/03\/gifracsa.gif","type":"","width":"","height":""}],"author":"MERCADEO RACSA","twitter_card":"summary_large_image","twitter_creator":"@RACSA_CR","twitter_site":"@RACSA_CR","twitter_misc":{"Written by":"MERCADEO RACSA","Est. reading time":"3 minutos"},"schema":{"@context":"https:\/\/schema.org","@graph":[{"@type":"Article","@id":"https:\/\/www.racsa.go.cr\/blog\/ciudades-inteligentes-utopia-o-realidad-para-costa-rica\/#article","isPartOf":{"@id":"https:\/\/www.racsa.go.cr\/blog\/ciudades-inteligentes-utopia-o-realidad-para-costa-rica\/"},"author":{"name":"MERCADEO RACSA","@id":"https:\/\/www.racsa.go.cr\/blog\/#\/schema\/person\/a35c6c3089664ec6a7641fa9127e2d6c"},"headline":"Ciudades Inteligentes \u00bfutop\u00eda o realidad para Costa Rica?","datePublished":"2018-03-22T03:36:26+00:00","dateModified":"2022-04-20T13:47:53+00:00","mainEntityOfPage":{"@id":"https:\/\/www.racsa.go.cr\/blog\/ciudades-inteligentes-utopia-o-realidad-para-costa-rica\/"},"wordCount":560,"publisher":{"@id":"https:\/\/www.racsa.go.cr\/blog\/#organization"},"image":{"@id":"https:\/\/www.racsa.go.cr\/blog\/ciudades-inteligentes-utopia-o-realidad-para-costa-rica\/#primaryimage"},"thumbnailUrl":"https:\/\/www.racsa.go.cr\/blog\/wp-content\/uploads\/2018\/03\/gifracsa.gif","keywords":["ciudades","ciudadesinteligentes","Costarica","RACSA"],"articleSection":["Ciudades Inteligentes","Uncategorized"],"inLanguage":"es-CR"},{"@type":"WebPage","@id":"https:\/\/www.racsa.go.cr\/blog\/ciudades-inteligentes-utopia-o-realidad-para-costa-rica\/","url":"https:\/\/www.racsa.go.cr\/blog\/ciudades-inteligentes-utopia-o-realidad-para-costa-rica\/","name":"Ciudades Inteligentes \u00bfutop\u00eda o realidad para Costa Rica? - Blog de RACSA","isPartOf":{"@id":"https:\/\/www.racsa.go.cr\/blog\/#website"},"primaryImageOfPage":{"@id":"https:\/\/www.racsa.go.cr\/blog\/ciudades-inteligentes-utopia-o-realidad-para-costa-rica\/#primaryimage"},"image":{"@id":"https:\/\/www.racsa.go.cr\/blog\/ciudades-inteligentes-utopia-o-realidad-para-costa-rica\/#primaryimage"},"thumbnailUrl":"https:\/\/www.racsa.go.cr\/blog\/wp-content\/uploads\/2018\/03\/gifracsa.gif","datePublished":"2018-03-22T03:36:26+00:00","dateModified":"2022-04-20T13:47:53+00:00","breadcrumb":{"@id":"https:\/\/www.racsa.go.cr\/blog\/ciudades-inteligentes-utopia-o-realidad-para-costa-rica\/#breadcrumb"},"inLanguage":"es-CR","potentialAction":[{"@type":"ReadAction","target":["https:\/\/www.racsa.go.cr\/blog\/ciudades-inteligentes-utopia-o-realidad-para-costa-rica\/"]}]},{"@type":"ImageObject","inLanguage":"es-CR","@id":"https:\/\/www.racsa.go.cr\/blog\/ciudades-inteligentes-utopia-o-realidad-para-costa-rica\/#primaryimage","url":"https:\/\/www.racsa.go.cr\/blog\/wp-content\/uploads\/2018\/03\/gifracsa.gif","contentUrl":"https:\/\/www.racsa.go.cr\/blog\/wp-content\/uploads\/2018\/03\/gifracsa.gif","width":1200,"height":1200},{"@type":"BreadcrumbList","@id":"https:\/\/www.racsa.go.cr\/blog\/ciudades-inteligentes-utopia-o-realidad-para-costa-rica\/#breadcrumb","itemListElement":[{"@type":"ListItem","position":1,"name":"Portada","item":"https:\/\/www.racsa.go.cr\/blog\/"},{"@type":"ListItem","position":2,"name":"Ciudades Inteligentes \u00bfutop\u00eda o realidad para Costa Rica?"}]},{"@type":"WebSite","@id":"https:\/\/www.racsa.go.cr\/blog\/#website","url":"https:\/\/www.racsa.go.cr\/blog\/","name":"Blog de RACSA","description":"Noticias y comunicados de inter\u00e9s","publisher":{"@id":"https:\/\/www.racsa.go.cr\/blog\/#organization"},"potentialAction":[{"@type":"SearchAction","target":{"@type":"EntryPoint","urlTemplate":"https:\/\/www.racsa.go.cr\/blog\/?s={search_term_string}"},"query-input":{"@type":"PropertyValueSpecification","valueRequired":true,"valueName":"search_term_string"}}],"inLanguage":"es-CR"},{"@type":"Organization","@id":"https:\/\/www.racsa.go.cr\/blog\/#organization","name":"RACSA","url":"https:\/\/www.racsa.go.cr\/blog\/","logo":{"@type":"ImageObject","inLanguage":"es-CR","@id":"https:\/\/www.racsa.go.cr\/blog\/#\/schema\/logo\/image\/","url":"https:\/\/www.racsa.go.cr\/blog\/wp-content\/uploads\/2020\/06\/logo-racsa-blog_Mesa-de-trabajo-1.png","contentUrl":"https:\/\/www.racsa.go.cr\/blog\/wp-content\/uploads\/2020\/06\/logo-racsa-blog_Mesa-de-trabajo-1.png","width":77,"height":50,"caption":"RACSA"},"image":{"@id":"https:\/\/www.racsa.go.cr\/blog\/#\/schema\/logo\/image\/"},"sameAs":["https:\/\/m.facebook.com\/RACSACR\/","https:\/\/x.com\/RACSA_CR","https:\/\/instagram.com\/racsa_cr?igshid=1xty3rwhqjj6p","https:\/\/www.linkedin.com\/authwall?trk=gf&amp;amp;amp;amp;amp;amp;amp;trkInfo=AQGkHPl9RaoQ9AAAAXXizZAgZzcQwi0sdfDTg7AF4I5Q6B_NrjW5R7wFovOzBkS8ur94lJpFmlv2bomYKC3GZOFcSqkgLKm5wKGh61DyjTqr6c_1E_AFOwxMWF5kjSLpCvbYX9o=&amp;amp;amp;amp;amp;amp;amp;originalReferer&amp;amp;amp;amp;amp;amp;amp;sessionRedirect=https:\/\/es.linkedin.com\/company\/racsa_cr","https:\/\/www.youtube.com\/user\/RACSACOSTARICA"]},{"@type":"Person","@id":"https:\/\/www.racsa.go.cr\/blog\/#\/schema\/person\/a35c6c3089664ec6a7641fa9127e2d6c","name":"MERCADEO RACSA","image":{"@type":"ImageObject","inLanguage":"es-CR","@id":"https:\/\/secure.gravatar.com\/avatar\/665094004b506980d1406911413ba148aae5e87b04a6e666590112ec7103fbae?s=96&d=mm&r=g","url":"https:\/\/secure.gravatar.com\/avatar\/665094004b506980d1406911413ba148aae5e87b04a6e666590112ec7103fbae?s=96&d=mm&r=g","contentUrl":"https:\/\/secure.gravatar.com\/avatar\/665094004b506980d1406911413ba148aae5e87b04a6e666590112ec7103fbae?s=96&d=mm&r=g","caption":"MERCADEO RACSA"}}]}},"_links":{"self":[{"href":"https:\/\/www.racsa.go.cr\/blog\/wp-json\/wp\/v2\/posts\/1170","targetHints":{"allow":["GET"]}}],"collection":[{"href":"https:\/\/www.racsa.go.cr\/blog\/wp-json\/wp\/v2\/posts"}],"about":[{"href":"https:\/\/www.racsa.go.cr\/blog\/wp-json\/wp\/v2\/types\/post"}],"author":[{"embeddable":true,"href":"https:\/\/www.racsa.go.cr\/blog\/wp-json\/wp\/v2\/users\/1"}],"replies":[{"embeddable":true,"href":"https:\/\/www.racsa.go.cr\/blog\/wp-json\/wp\/v2\/comments?post=1170"}],"version-history":[{"count":0,"href":"https:\/\/www.racsa.go.cr\/blog\/wp-json\/wp\/v2\/posts\/1170\/revisions"}],"wp:attachment":[{"href":"https:\/\/www.racsa.go.cr\/blog\/wp-json\/wp\/v2\/media?parent=1170"}],"wp:term":[{"taxonomy":"category","embeddable":true,"href":"https:\/\/www.racsa.go.cr\/blog\/wp-json\/wp\/v2\/categories?post=1170"},{"taxonomy":"post_tag","embeddable":true,"href":"https:\/\/www.racsa.go.cr\/blog\/wp-json\/wp\/v2\/tags?post=1170"}],"curies":[{"name":"wp","href":"https:\/\/api.w.org\/{rel}","templated":true}]}}